{"id":20078,"date":"2016-08-11T16:17:01","date_gmt":"2016-08-11T13:17:01","guid":{"rendered":"http:\/\/www.bghaber.org\/bghaber\/?p=20078"},"modified":"2016-08-11T16:17:01","modified_gmt":"2016-08-11T13:17:01","slug":"orta-egitimini-yarida-birakanlarin-issizlik-problemleri","status":"publish","type":"post","link":"https:\/\/www.bghaber.org\/bghaber\/orta-egitimini-yarida-birakanlarin-issizlik-problemleri\/","title":{"rendered":"Orta e\u011fitimini yar\u0131da b\u0131rakanlar\u0131n i\u015fsizlik problemleri"},"content":{"rendered":"<p>Eurostat\u2019\u0131n bir analizine g\u00f6re 2015 y\u0131l\u0131nda gen\u00e7 Bulgaristanl\u0131lar\u0131n yakla\u015f\u0131k y\u00fczde 13\u2019\u00fc, orta e\u011fitimini yar\u0131da b\u0131rakm\u0131\u015ft\u0131r ve e\u011fitimine devam etmemi\u015ftir.<\/p>\n<p>Onlar\u0131n ancak y\u00fczde 3\u2019\u00fc i\u015f bulmu\u015ftur, onlar\u0131n yar\u0131s\u0131n\u0131n ise i\u015f arama niyeti bile olmam\u0131\u015ft\u0131r.<\/p>\n<p>Ayn\u0131 analize g\u00f6re ge\u00e7en sene AB\u2019deki e\u011fitim sistemi gen\u00e7 Avrupal\u0131lar\u0131n y\u00fczde 11\u2019i taraf\u0131ndan daha erken bir a\u015famada terk edilmi\u015ftir.<\/p>\n<p>Bunu yapan gen\u00e7lerin oran\u0131 \u0130spanya ve Malta\u2019da y\u00fczde 20 olup en y\u00fcksektir, H\u0131rvatistan\u2019da ise y\u00fcze 2.8 olup en d\u00fc\u015f\u00fckt\u00fcr.<\/p>\n<div id=\"bghab-870427452\" class=\"bghab-yazi-altinda bghab-entity-placement\"><div class=\"bghab-adlabel\">Reklamlar<\/div><script async src=\"https:\/\/pagead2.googlesyndication.com\/pagead\/js\/adsbygoogle.js\"><\/script>\r\n<!-- bghaber-yaz\u0131-sonu -->\r\n<ins class=\"adsbygoogle\"\r\n     style=\"display:block\"\r\n     data-ad-client=\"ca-pub-6203283170189293\"\r\n     data-ad-slot=\"4222328180\"\r\n     data-ad-format=\"auto\"\r\n     data-full-width-responsive=\"true\"><\/ins>\r\n<script>\r\n     (adsbygoogle = window.adsbygoogle || []).push({});\r\n<\/script><\/div><br style=\"clear: both; display: block; float: none;\"\/>","protected":false},"excerpt":{"rendered":"<p>Eurostat\u2019\u0131n bir analizine g\u00f6re 2015 y\u0131l\u0131nda gen\u00e7 Bulgaristanl\u0131lar\u0131n yakla\u015f\u0131k y\u00fczde 13\u2019\u00fc, orta e\u011fitimini yar\u0131da b\u0131rakm\u0131\u015ft\u0131r ve e\u011fitimine devam etmemi\u015ftir. Onlar\u0131n ancak y\u00fczde 3\u2019\u00fc i\u015f bulmu\u015ftur,<\/p>\n","protected":false},"author":13,"featured_media":3573,"comment_status":"closed","ping_status":"closed","sticky":false,"template":"","format":"standard","meta":{"advanced_seo_description":"","jetpack_seo_html_title":"","jetpack_seo_noindex":false,"_jetpack_memberships_contains_paid_content":false,"footnotes":""},"categories":[8],"tags":[],"class_list":["post-20078","post","type-post","status-publish","format-standard","has-post-thumbnail","hentry","category-egitim"],"jetpack_featured_media_url":"https:\/\/i0.wp.com\/www.bghaber.org\/bghaber\/wp-content\/uploads\/2013\/07\/bg-protestolar-ab.jpg?fit=640%2C360&ssl=1","jetpack_sharing_enabled":true,"jetpack_likes_enabled":true,"jetpack-related-posts":[],"jetpack_shortlink":"https:\/\/wp.me\/pc2PfJ-5dQ","_links":{"self":[{"href":"https:\/\/www.bghaber.org\/bghaber\/wp-json\/wp\/v2\/posts\/20078","targetHints":{"allow":["GET"]}}],"collection":[{"href":"https:\/\/www.bghaber.org\/bghaber\/wp-json\/wp\/v2\/posts"}],"about":[{"href":"https:\/\/www.bghaber.org\/bghaber\/wp-json\/wp\/v2\/types\/post"}],"author":[{"embeddable":true,"href":"https:\/\/www.bghaber.org\/bghaber\/wp-json\/wp\/v2\/users\/13"}],"replies":[{"embeddable":true,"href":"https:\/\/www.bghaber.org\/bghaber\/wp-json\/wp\/v2\/comments?post=20078"}],"version-history":[{"count":0,"href":"https:\/\/www.bghaber.org\/bghaber\/wp-json\/wp\/v2\/posts\/20078\/revisions"}],"wp:featuredmedia":[{"embeddable":true,"href":"https:\/\/www.bghaber.org\/bghaber\/wp-json\/wp\/v2\/media\/3573"}],"wp:attachment":[{"href":"https:\/\/www.bghaber.org\/bghaber\/wp-json\/wp\/v2\/media?parent=20078"}],"wp:term":[{"taxonomy":"category","embeddable":true,"href":"https:\/\/www.bghaber.org\/bghaber\/wp-json\/wp\/v2\/categories?post=20078"},{"taxonomy":"post_tag","embeddable":true,"href":"https:\/\/www.bghaber.org\/bghaber\/wp-json\/wp\/v2\/tags?post=20078"}],"curies":[{"name":"wp","href":"https:\/\/api.w.org\/{rel}","templated":true}]}}