{"id":20075,"date":"2016-08-11T16:14:12","date_gmt":"2016-08-11T13:14:12","guid":{"rendered":"http:\/\/www.bghaber.org\/bghaber\/?p=20075"},"modified":"2016-08-11T16:14:12","modified_gmt":"2016-08-11T13:14:12","slug":"bulgaristan-feto-usagini-turkiyeye-teslim-etti","status":"publish","type":"post","link":"https:\/\/www.bghaber.org\/bghaber\/bulgaristan-feto-usagini-turkiyeye-teslim-etti\/","title":{"rendered":"Bulgaristan Feto U\u015fa\u011f\u0131n\u0131 T\u00fcrkiye\u2019ye teslim etti"},"content":{"rendered":"<p>Bulgaristan, T\u00fcrkiye\u2019ye Ankara\u2019n\u0131n arad\u0131\u011f\u0131 i\u015f adam\u0131 Abdullah B\u00fcy\u00fck\u2019\u00fc teslim etmi\u015ftir.<\/p>\n<p>Bu, Yabanc\u0131lar Yasas\u0131 gere\u011fince olmu\u015ftur, \u00e7\u00fcnk\u00fc B\u00fcy\u00fck, Bulgaristan\u2019da ikamet etme s\u00fcresini ihlal etmi\u015ftir.<\/p>\n<p>T\u00fcrk makamlar\u0131na g\u00f6re Abdullah B\u00fcy\u00fck, ABD\u2019de ya\u015fayan ve T\u00fcrkiye taraf\u0131ndan 15 Temmuz\u2019daki askeri darbe te\u015febb\u00fcs\u00fcn\u00fc organize etmekle su\u00e7lanan Fetullah G\u00fclen ile yak\u0131ndan ba\u011flant\u0131l\u0131d\u0131r.<\/p>\n<p>Yakla\u015f\u0131k 10 g\u00fcn \u00f6nce Antalya\u2019da bir mitingde T\u00fcrkiye D\u0131\u015fi\u015fleri Bakan\u0131 Mevl\u00fct \u00c7avu\u015fo\u011flu, Bulgaristan\u2019a Fetullah G\u00fclen\u2019in ter\u00f6r \u00f6rg\u00fct\u00fc ile ilgili oldu\u011fu san\u0131lan bir ki\u015finin s\u0131n\u0131r d\u0131\u015f\u0131 edilmesini isteyecek bir heyet g\u00f6nderece\u011fini bildirmi\u015ftir.<\/p>\n<div id=\"bghab-1366077395\" class=\"bghab-yazi-altinda bghab-entity-placement\"><div class=\"bghab-adlabel\">Reklamlar<\/div><script async src=\"https:\/\/pagead2.googlesyndication.com\/pagead\/js\/adsbygoogle.js\"><\/script>\r\n<!-- bghaber-yaz\u0131-sonu -->\r\n<ins class=\"adsbygoogle\"\r\n     style=\"display:block\"\r\n     data-ad-client=\"ca-pub-6203283170189293\"\r\n     data-ad-slot=\"4222328180\"\r\n     data-ad-format=\"auto\"\r\n     data-full-width-responsive=\"true\"><\/ins>\r\n<script>\r\n     (adsbygoogle = window.adsbygoogle || []).push({});\r\n<\/script><\/div><br style=\"clear: both; display: block; float: none;\"\/>","protected":false},"excerpt":{"rendered":"<p>Bulgaristan, T\u00fcrkiye\u2019ye Ankara\u2019n\u0131n arad\u0131\u011f\u0131 i\u015f adam\u0131 Abdullah B\u00fcy\u00fck\u2019\u00fc teslim etmi\u015ftir. Bu, Yabanc\u0131lar Yasas\u0131 gere\u011fince olmu\u015ftur, \u00e7\u00fcnk\u00fc B\u00fcy\u00fck, Bulgaristan\u2019da ikamet etme s\u00fcresini ihlal etmi\u015ftir. T\u00fcrk makamlar\u0131na<\/p>\n","protected":false},"author":13,"featured_media":20076,"comment_status":"closed","ping_status":"closed","sticky":false,"template":"","format":"standard","meta":{"advanced_seo_description":"","jetpack_seo_html_title":"","jetpack_seo_noindex":false,"_jetpack_memberships_contains_paid_content":false,"footnotes":""},"categories":[5],"tags":[],"class_list":["post-20075","post","type-post","status-publish","format-standard","has-post-thumbnail","hentry","category-yasam"],"jetpack_featured_media_url":"https:\/\/i0.wp.com\/www.bghaber.org\/bghaber\/wp-content\/uploads\/2016\/08\/bg-bayrak-tr-1.jpg?fit=310%2C167&ssl=1","jetpack_sharing_enabled":true,"jetpack_likes_enabled":true,"jetpack-related-posts":[],"jetpack_shortlink":"https:\/\/wp.me\/pc2PfJ-5dN","_links":{"self":[{"href":"https:\/\/www.bghaber.org\/bghaber\/wp-json\/wp\/v2\/posts\/20075","targetHints":{"allow":["GET"]}}],"collection":[{"href":"https:\/\/www.bghaber.org\/bghaber\/wp-json\/wp\/v2\/posts"}],"about":[{"href":"https:\/\/www.bghaber.org\/bghaber\/wp-json\/wp\/v2\/types\/post"}],"author":[{"embeddable":true,"href":"https:\/\/www.bghaber.org\/bghaber\/wp-json\/wp\/v2\/users\/13"}],"replies":[{"embeddable":true,"href":"https:\/\/www.bghaber.org\/bghaber\/wp-json\/wp\/v2\/comments?post=20075"}],"version-history":[{"count":0,"href":"https:\/\/www.bghaber.org\/bghaber\/wp-json\/wp\/v2\/posts\/20075\/revisions"}],"wp:featuredmedia":[{"embeddable":true,"href":"https:\/\/www.bghaber.org\/bghaber\/wp-json\/wp\/v2\/media\/20076"}],"wp:attachment":[{"href":"https:\/\/www.bghaber.org\/bghaber\/wp-json\/wp\/v2\/media?parent=20075"}],"wp:term":[{"taxonomy":"category","embeddable":true,"href":"https:\/\/www.bghaber.org\/bghaber\/wp-json\/wp\/v2\/categories?post=20075"},{"taxonomy":"post_tag","embeddable":true,"href":"https:\/\/www.bghaber.org\/bghaber\/wp-json\/wp\/v2\/tags?post=20075"}],"curies":[{"name":"wp","href":"https:\/\/api.w.org\/{rel}","templated":true}]}}