{"id":20069,"date":"2016-08-11T12:18:50","date_gmt":"2016-08-11T09:18:50","guid":{"rendered":"http:\/\/www.bghaber.org\/bghaber\/?p=20069"},"modified":"2016-08-11T12:18:50","modified_gmt":"2016-08-11T09:18:50","slug":"bu-defa-cok-battik","status":"publish","type":"post","link":"https:\/\/www.bghaber.org\/bghaber\/bu-defa-cok-battik\/","title":{"rendered":"Bu Defa \u00c7ok Batt\u0131k"},"content":{"rendered":"<p><img data-recalc-dims=\"1\" decoding=\"async\" src=\"https:\/\/i0.wp.com\/www.bghaber.org\/bghaber\/wp-content\/uploads\/2016\/07\/OSMAN-BULBUL.jpg?w=640\" alt=\"OSMAN BULBUL\" \/>\u00a0Osman B\u00dcLB\u00dcL<\/p>\n<p>Konu:\u00a0 <strong>Yani tip toplum belirtileri beliriyor.<\/strong><\/p>\n<p>Topra\u011f\u0131m Nikolay o\u011flanla tan\u0131\u015ft\u0131\u011f\u0131mdan beri Cumalar\u0131 iple \u00e7ekmeye ba\u015flad\u0131m. Bu defa biraz gecikti. A\u011fustos g\u00fcne\u015fi ya\u015fl\u0131 kemiklerime i\u015flerken, Viyana\u2019dan almak istedi\u011fini almakta \u00e7ok \u0131srarl\u0131! G\u00f6kte dam\u0131zl\u0131k i\u00e7in bulut yok. Dikenli kabuklar\u0131 a\u00e7maya zorlayan atkestaneleri yere d\u00f6k\u00fclmek i\u00e7in at\u0131yor. Parktaki en b\u00fcy\u00fck alaca g\u00f6lgeyi se\u00e7tim. Bu park\u0131n her peykesine tekerlekli masayla servis yap\u0131l\u0131yor. \u201c<strong>Caffee<\/strong>\u201d \u00e7ad\u0131rlar\u0131n\u0131n yak\u0131n\u0131nda oturdum.<\/p>\n<p>Onun s\u0131k ad\u0131mlarla geldi\u011fini g\u00f6rd\u00fcm. Kestane g\u00f6lgesini o da be\u011fenmi\u015f olacak, hemen oturdu.<\/p>\n<ul>\n<li>\u00c7ok mu beklettim? 2 g\u00fcn soka\u011fa \u00e7\u0131kmam\u0131\u015ft\u0131m, biraz y\u00fcr\u00fcd\u00fcm. Bekletti\u011fim i\u00e7in \u00f6z\u00fcr dilerim, ilk s\u00f6zlerini s\u00f6ylerken, biraz nefes nefeseydi.<\/li>\n<\/ul>\n<ul>\n<li>Yok yok! Ho\u015f geldin? Nas\u0131ls\u0131n? Ne var ne yok? Dedim, y\u00fcz\u00fcnde yorgunluk okunuyordu.<\/li>\n<\/ul>\n<ul>\n<li>Yeni bir teze ba\u015flad\u0131m. <strong>Avrupa\u2019daki yeni n\u00fcfus yap\u0131lanmas\u0131n\u0131<\/strong> Zor bir i\u015f! Fakat konu canl\u0131! N\u00fcfus hareketli. Gen\u00e7ler merkez \u00fclkelere toplan\u0131rken, ya\u015fl\u0131lar eski k\u0131tan\u0131n kenar \u00fclkelerinde huzur ar\u0131yor. Ortam kar\u0131\u015f\u0131k. Sen ne dersin?<\/li>\n<\/ul>\n<ul>\n<li>T\u00fcrk\u00e7e bilsen, sana \u201c<strong>Kimisi Hanya\u2019ya, kimisi Konya\u2019ya<\/strong>\u201d derdim. Baksana ben A\u011fustos\u2019ta Avrupa merkezinden demir kald\u0131ramad\u0131m. Tuna Feribotlar\u0131ndan birine atlay\u0131p, Vidin\u2019e kadar su be\u015fi\u011finde sallanmay\u0131 kim istemez? Yaz\u0131 burada ge\u00e7irmek istemezdim, ama \u015furadaki iki k\u00f6\u015fk\u00fcn meyve bah\u00e7esinden sorumluyum, yaz ve k\u0131\u015f armutlar\u0131n\u0131 daldan kopar\u0131p mahzenlerdeki \u00e7ekmeceli sand\u0131klara yumurta gibi dizmek, ila\u00e7lamak, ard\u0131ndan elmalar\u0131 da ayn\u0131 \u015fekilde k\u0131\u015fa haz\u0131rlamak benim i\u015fim.<\/li>\n<\/ul>\n<ul>\n<li>Beni yanl\u0131\u015f anlama, tezimde bu i\u015fi somut \u00f6rneklerle de\u011fil sosyolojik bir olay olarak inceleyece\u011fim. \u00d6rneklerim Bulgaristan ger\u00e7ekli\u011finden olaca\u011f\u0131 i\u00e7in, siz bu i\u015fte bana yararl\u0131 olabilirsiniz, \u00e7ok deneyimlisiniz\u2026 Halen i\u015fin ba\u015f\u0131nda, teori b\u00f6l\u00fcm\u00fcndeyim. Kitaplar toplad\u0131m. \u0130nternete girip \u00e7\u0131k\u0131yorum. Okuyorum. Kafamda hen\u00fcz bir sentez s\u00fcz\u00fclmedi. Toplad\u0131\u011f\u0131m bilgiler 10 y\u0131l \u00f6ncesine ait, yani en az 30\u201340 y\u0131l \u00f6nce ba\u015flayan s\u00fcre\u00e7leri yans\u0131t\u0131yor. Biz Avrupa Birli\u011fi\u2019ne 2007\u2019de girdik. B\u00fcy\u00fck ara\u015ft\u0131rmalara hen\u00fcz girmemi\u015fiz. Fakat ger\u00e7ek \u015fu ki, 2 milyon Bulgar bug\u00fcn Bat\u0131 Avrupa \u00fclkelerinde ya\u015fay\u0131p \u00e7al\u0131\u015f\u0131yor. Bu rakkam\u2019a T\u00fcrkiye\u2019deki 700 bin Bulgaristan vatanda\u015f\u0131 dahil de\u011fil. Tablonun yar\u0131s\u0131 siyah ikinci yar\u0131s\u0131 ise ba\u015fka bir renk! Demek istedi\u011fim, her 2 Bulgaristan vatanda\u015f\u0131ndan biri d\u0131\u015f \u00fclkede. Sen bir istisnas\u0131n. \u00c7\u00fcnk\u00fc \u00fclkeden \u00e7\u0131kanlar gen\u00e7ler, yerinde kalanlar ise, ya\u015fl\u0131lar ve \u00e7ocuklar. Olay\u0131 genelle\u015ftirirken neden netice mant\u0131yla sonu\u00e7 \u00e7\u0131karmak kolay olmayacak. Bizim \u00fcniversitede d\u00fc\u015f\u00fcnme usul\u00fc, kullanaca\u011f\u0131m y\u00f6ntem \u00e7\u0131k \u00f6nemli, s\u00f6z\u00fcn\u00fc kesmesen ald\u0131 kendini gidiyordu\u2026<\/li>\n<\/ul>\n<ul>\n<li>Can\u0131n\u0131 s\u0131kan nedir be o\u011flum? Su yata\u011f\u0131n\u0131 bulur. G\u00f6r\u00fcyorsun benim \u015fu k\u00fc\u00e7\u00fck \u201c<strong>Neueburg<\/strong>\u201d (Yeni Kale) semtinde can cin kalmad\u0131. Kimse kovalanmad\u0131 ya, ama daha serin ya da daha g\u00fcne\u015fli yerlere ka\u00e7t\u0131lar. Mevsimlik ka\u00e7\u0131\u015f. Tez konuna girmeyebilir, ama bu hareketlenmenin ucunda da geli\u015fen bir kal\u0131c\u0131 s\u00fcre\u00e7 var. Veliko T\u0131rnovo iline yerle\u015fmi\u015f 12 bin \u0130ngiliz, Rodoplarda ev al\u0131p ke\u00e7i bakan \u0130sve\u00e7li ya\u015fl\u0131lar var. Balkan k\u00f6ylerinde dar \u00e7at\u0131, \u00e7ardakl\u0131 terk edilmi\u015f eski ah\u015fap evleri be\u011fenenler do\u011fan\u0131n keyfini \u00e7\u0131karmaya kararl\u0131, ya\u015fl\u0131 olmalar\u0131 buna engel de\u011fil, AB merkez \u00fclkelerinden ald\u0131klar\u0131 emeklilikler bizim ko\u015fullarda bey gibi ya\u015famalar\u0131na yetip art\u0131yor. Dikkatle dinlerken onu ilgilendiren ya\u015fl\u0131 g\u00f6\u00e7\u00fc gerek\u00e7esinin ne oldu\u011funu \u00f6\u011frenmekti.<\/li>\n<\/ul>\n<ul>\n<li>\u0130ngilizlerin yaln\u0131z bir k\u0131sm\u0131 bizi se\u00e7iyor, dedi ve devam etti: Yunanistan\u2019a dolmu\u015flar, Almanya\u2019da emekli maa\u015flar\u0131n\u0131n y\u00fckselme temposu hayat pahal\u0131l\u0131\u011f\u0131n\u0131 kovalayamad\u0131\u011f\u0131ndan 268 bin emekli Alman Akneniz sular\u0131na bakan k\u0131y\u0131larda yama\u00e7lara konmu\u015f ev ar\u0131yor. Yunanistan, \u0130talya, \u0130spanya tercih ediliyor. D\u00fczenli ya\u015fam\u0131 seven ya\u015fl\u0131 Almanlar do\u011fal ya\u015fam alan\u0131 ar\u0131yor. Bu insanlar vatan duygusunu yitirmi\u015f. \u201c<strong>Kendimi nerede iyi hissedersem, vatan\u0131m oras\u0131d\u0131r<\/strong>!\u201d diyorlar. Kredi kartlar\u0131 kabul eden AVM ve ma\u011fazalar, hizmet sunan merkezler olmas\u0131 ve sipari\u015flerin kap\u0131da teslimi yeterli. Kahveyi kendileri yap\u0131yor, k\u00fclt\u00fcr\u00fc de TV\u2019de al\u0131yorlar..<\/li>\n<\/ul>\n<ul>\n<li>Sen \u015fimdi, Avrupal\u0131 ya\u015fl\u0131lar\u0131n zorunlu ya\u015fam harcamalar\u0131 daha ucuz k\u0131y\u0131 ve koylara, da\u011f k\u00f6ylerine kay\u0131\u015f\u0131n\u0131 do\u011fru mu buluyorsun? Dedim. \u201c<strong>Ya\u015fl\u0131lar\u0131n topland\u0131\u011f\u0131 yerde hayat biter<\/strong>!\u201d ge\u00e7ti akl\u0131mdan, sustum. Senin tezde, \u00f6nemli olan gruplar yani i\u015fsizlikten ka\u00e7anlar ile ekmek teknesini Avrupa \u00fclkelerine ta\u015f\u0131yanlar m\u0131? Demek istedi\u011fim an, sipari\u015f almaya gelen garson bayana o \u201c<strong>brauze<\/strong>\u201d dedi. Bu meyve kokulu so\u011fuk gazoz tipi bir i\u00e7ecek. T\u00fcrkiye\u2019nin \u201c<strong>Uluda\u011f<\/strong>\u201d ya da \u201c<strong>Ni\u011fde<\/strong>\u201d nefis i\u00e7eceklerini and\u0131r\u0131yor, \u015fi\u015fesi 0,33 ml\u2019lik \u201c<strong>Efes<\/strong>\u201d tipi ve bizdeki gibi, kadehten i\u00e7iliyor. Ben susam\u0131\u015ft\u0131m ve \u201c<strong>bir \u015fi\u015fe su<\/strong>\u201d diyecektim, fakat burada su i\u00e7mek pek makbul olmad\u0131\u011f\u0131ndan, yak\u0131nda okudu\u011fum ve Napolyon \u2013 Osmanl\u0131 Sultanlar\u0131 ili\u015fkilerini anlatan bir kitaptan \u201c<strong>su<\/strong>\u201d konusunda bir de f\u0131kra \u00e7a\u011fr\u0131\u015ft\u0131rd\u0131. Hemen ona da anlatt\u0131m:<\/li>\n<\/ul>\n<p>M\u0131s\u0131r Sava\u015f\u0131\u2019ndan sonra Bar\u0131\u015f Anla\u015fmas\u0131\u2019n\u0131 imzalamak \u00fczere bir araya gelen Osmanl\u0131 Padi\u015fah\u0131 ile Frans\u0131z \u0130mparatoru aras\u0131nda ge\u00e7mi\u015ftir. Napolyon:<\/p><div id=\"bghab-928774065\" class=\"bghab-icerik-icine bghab-entity-placement\"><script async src=\"\/\/pagead2.googlesyndication.com\/pagead\/js\/adsbygoogle.js?client=ca-pub-6203283170189293\" crossorigin=\"anonymous\"><\/script><ins class=\"adsbygoogle\" style=\"display:block; text-align:center;\" data-ad-client=\"ca-pub-6203283170189293\" \ndata-ad-slot=\"7303146466\" \ndata-ad-layout=\"in-article\"\ndata-ad-format=\"fluid\" data-full-width-responsive=\"true\"><\/ins>\n<script> \n(adsbygoogle = window.adsbygoogle || []).push({}); \n<\/script>\n<\/div>\n<ul>\n<li>\u00d6nce bir \u015feyler i\u00e7sek, demi\u015f.<\/li>\n<li>Ne i\u00e7elim? Se\u00e7tiniz mi, diye sormu\u015f Osmanl\u0131 h\u00fck\u00fcmdar\u0131.<\/li>\n<li>Kanyak olabilir, mesela \u201c<strong>Martel<\/strong>\u201d demi\u015f gen\u00e7 \u0130mparator.<\/li>\n<li>Nas\u0131l i\u00e7elim, diye hemen eklemi\u015f ha\u015fmetli.<\/li>\n<li>Nas\u0131l olacak, insan gibi, diye cevap vermi\u015f ve \u015fi\u015feye uzanm\u0131\u015f \u0130mparator.<\/li>\n<li>Yoook demi\u015f Sultan, Hayvan gibi i\u00e7eceksek, i\u00e7elim.<\/li>\n<li>Olur mu, sen bir Cihan Sultan\u0131, ben de bir \u0130mparatorum, yak\u0131\u015f\u0131r m\u0131? demi\u015f Fransa\u2019n\u0131n yeni do\u011fan b\u00fcy\u00fck y\u0131ld\u0131z\u0131.<\/li>\n<li>\u015e\u00f6yle kar\u015f\u0131l\u0131k vermi\u015f Sultan: \u0130nsanlar i\u00e7ince sarho\u015f olur. Hayvanlarsa kan\u0131nca \u00e7ekilir.<\/li>\n<\/ul>\n<p>Onun i\u00e7in hayvanca i\u00e7elim, buyurun, demi\u015f.<\/p>\n<ul>\n<li>\u00c7ok mu susad\u0131n, diye sordu Nikolay ve bir \u201c<strong>Algida<\/strong>\u201d dondurmas\u0131 senin susuzlu\u011funu keser kan\u0131s\u0131nday\u0131m derken, Almanca sipari\u015f verdi ve Bulgarca ikram\u0131m olsun, dedi. \u015e\u00f6yle devam etti. \u201cD\u0131\u015f \u00fclkelere i\u015fe \u00e7\u0131km\u0131\u015f 2 milyon Bulgaristan vatanda\u015f\u0131 Bat\u0131 Avrupa \u00fclkelerine \u015f\u00f6yle da\u011f\u0131lm\u0131\u015ft\u0131r. \u0130spanya\u2019da 190 bin; Almanya 160 bin; \u0130talya 120 bin, Yunanistan 80 bin, \u0130ngiltere 46 bin ve Birle\u015fim Amerika ile Kanada\u2019da 108 bin vs. Bunlar d\u0131\u015far\u0131daki \u00fclkelerde \u00e7al\u0131\u015fanlar da var. En b\u00fcy\u00fck kitle T\u00fcrkiye\u2019de ku\u015fkusuz! Fakat Bulgar devleti onlar\u0131 vatanlar\u0131ndan koparma siyaseti izledi\u011finden hesaba bile katm\u0131yor. G\u00f6\u00e7men i\u015f\u00e7iler memleketteki yak\u0131nlar\u0131na, hele de \u00e7ocuklar\u0131n\u0131n bak\u0131m\u0131 i\u00e7in devaml\u0131 para g\u00f6ndermeseler, Bulgaristan s\u00f6z\u00fcn tam anlam\u0131yla ruhen ve madden \u00e7\u00f6ker.<\/li>\n<\/ul>\n<p>Her y\u0131lda bankalar arac\u0131l\u0131\u011f\u0131 ve \u201c<strong>Western Union<\/strong>\u201d ve \u201c<strong>M\u0131nigramm<\/strong>e\u201d yoluyla \u00a0970<\/p>\n<p>Milyon ile 1 milyar 100 milyon Euro aras\u0131nda havale geliyor. Bu paralar yat\u0131r\u0131m<\/p>\n<p>ama\u00e7l\u0131 g\u00f6nderilmiyor, fakat \u00fclkeye giren en b\u00fcy\u00fck kalemdir. Elektrik, su, yak\u0131t, \u00e7\u00f6p,<\/p>\n<p>kira veya ev, mal, m\u00fclk vb ta\u015f\u0131nmazlarla ila\u00e7, hastane, ara\u00e7 ergisi, Anaokulu ve \u00f6zel<\/p><div id=\"bghab-3038271756\" class=\"bghab-icerik-icine-10-paragraf bghab-entity-placement\"><script async src=\"\/\/pagead2.googlesyndication.com\/pagead\/js\/adsbygoogle.js?client=ca-pub-6203283170189293\" crossorigin=\"anonymous\"><\/script><ins class=\"adsbygoogle\" style=\"display:block; text-align:center;\" data-ad-client=\"ca-pub-6203283170189293\" \ndata-ad-slot=\"7303146466\" \ndata-ad-layout=\"in-article\"\ndata-ad-format=\"fluid\" data-full-width-responsive=\"true\"><\/ins>\n<script> \n(adsbygoogle = window.adsbygoogle || []).push({}); \n<\/script>\n<\/div>\n<p>okul harc\u0131, kantin, kitap, defter, kalem i\u00e7in harcan\u0131yor. Bulgaristan de\u011firmeni ta\u015f\u0131ma<\/p>\n<p>su ile d\u00f6n\u00fcyor.<\/p>\n<ul>\n<li>T\u00fcrkiye\u2019deki soyda\u015flar\u0131n havale ettikleri paralar bu miktara dahil mi? diye sordum ve \u201c<strong>bilmiyorum<\/strong>\u201d konuyu ara\u015ft\u0131raca\u011f\u0131m dedi ve \u015f\u00f6yle devam etti: D\u0131\u015far\u0131da \u00e7al\u0131\u015fanlar\u0131n, yar\u0131s\u0131 orada yar\u0131s\u0131 burada yeni tip toplum belirtileri belirmeye ba\u015flad\u0131, gurbetteki masraflar git gide art\u0131yor. Bat\u0131 gurbet\u00e7ileri yuvalar\u0131na d\u00f6nd\u00fcrmek i\u00e7in elini cebine sokmak istemiyor. Kurulan alt yap\u0131 bizden fazla onlar i\u00e7in gerekli gibi. Bulgaristan gibi \u00fclkelerden gelen yabanc\u0131 i\u015f\u00e7ileri 2 gruba ay\u0131r\u0131yorum: Birisinde ihtisas\u0131 olmayan, tar\u0131m i\u015flerinde \u00e7al\u0131\u015fmaya yatk\u0131n, hatta i\u00e7 se\u00e7meyenler yer alacak, ikinci grup ise sonradan yani 5 y\u0131l \u00f6nce gelenler. Son grup y\u00fcksek \u00f6\u011frenimli, yabanc\u0131 dil biliyor. Y\u00fcksek ruhlu, biraz kendini be\u011fenmi\u015f, ba\u015fka \u00fclkelerden gelen yabanc\u0131 i\u015f\u00e7ilerden hele de s\u0131\u011f\u0131nmac\u0131lardan daya \u00fcst\u00fcn ve \u00fcretken, ihtisasl\u0131 gruplar var. Onlar bula\u015f\u0131k y\u0131kayanlara ya da \u00e7ilek toplayanlara kat\u0131lmak istemiyorlar. Do\u011frudan orta katmana kat\u0131lmaya hevesliler ve sigortal\u0131 i\u015f ar\u0131yorlar.<\/li>\n<\/ul>\n<ul>\n<li><strong>Ben hangi gruptan\u0131m Nikolay<\/strong>? Diye sordum.<\/li>\n<\/ul>\n<ul>\n<li>Bir defa, emekli oldu\u011fundan dolay\u0131, benim gruplar\u0131m\u0131n ikisine de girmiyorsun. \u0130ki, sigorta kurumuna kay\u0131tl\u0131 oldu\u011funa inanm\u0131yorum ve y\u00fczde y\u00fcz sen de g\u00f6rd\u00fc\u011f\u00fcn i\u015f i\u00e7in paran\u0131 elden al\u0131yorsundur. Siz \u00e7ok b\u00fcy\u00fck bir grupsunuz. Evlerde hademe, bah\u00e7\u0131van, hastabak\u0131c\u0131, \u00e7ocuk bak\u0131c\u0131 olarak g\u00f6revliler olarak tan\u0131mlamak istiyorum senin dahil oldu\u011fun grubu. Sezon i\u015f\u00e7ilerinin bir k\u0131sm\u0131 da sizin durumunuzda, hele Yunanistan\u2019da t\u00fct\u00fcn ve sebze \u00fcretiminde, sebze ve meyve bah\u00e7elerinde \u00e7al\u0131\u015fan \u00e7ok kalabal\u0131k Bulgar gruplar var. Onlar genelde Avrupa Birli\u011fi tar\u0131m yard\u0131m fonlar\u0131ndan al\u0131nan paralarla \u00e7al\u0131\u015ft\u0131r\u0131l\u0131yorlar. Bat\u0131 Rodoplar\u2019dan. Rila, Pirin k\u00f6ylerinden koloni olu\u015fturuyor.<\/li>\n<\/ul>\n<p>&nbsp;<\/p>\n<ul>\n<li>\u00d6yle de, bo\u011faz toklu\u011funa bu \u00e7al\u0131\u015fmalar nereye kadar? Gen\u00e7 ailelerin \u00e7ocuklar\u0131, daha fazla \u00e7ocuk paras\u0131 almak i\u00e7in gurbette do\u011fuyor, gurbette kre\u015fe, anaokuluna veriyor, yabanc\u0131 bir \u00fclkenin dili, \u00e7ocu\u011fun anadili gibi bir \u015fey oluyor, aileler kimliklerini yitiriyor, geleneklerinden kopuyorlar, yeni ortama i\u015fse al\u0131\u015famad\u0131klar\u0131ndan, iki arada kal\u0131yorlar. Avrupa\u2019da soydan kopma s\u00fcre\u00e7leri ya\u015fan\u0131yor, gibi eklemelerde bulunsan da, onun kafas\u0131ndaki fikirler art\u0131k yap\u0131lanmaya ba\u015flanm\u0131\u015f ve yeni d\u00fczenleme kabul etmiyordu. Ben dondurmam\u0131 yedim, o da \u201c<strong>brauze<\/strong>\u201d sini bitirdi.<\/li>\n<\/ul>\n<p>&nbsp;<\/p>\n<p>&#8211;\u00a0\u00a0\u00a0\u00a0 Bunlar ba\u015fka konular tabii de, \u015fimdiye kadar Sofya\u2019da yarat\u0131lan kamuoyunda T\u00fcrklere \u201c<strong>gastarbayter<\/strong>\u201d (konuk i\u015f\u00e7i) de\u011fil \u201c<strong>ikinci dereceli ki\u015filer<\/strong>\u201d g\u00f6z\u00fcyle bak\u0131lmas\u0131nda direnenler, \u015fimdi kendileri daha da k\u00f6t\u00fc bir duruma d\u00fc\u015ft\u00fc\u011f\u00fcm\u00fcz\u00fc alg\u0131lamak istemiyorlar. Bir defa kopup gidenin bir de d\u00f6nmemesi var. O zaman Bulgaristan\u2019\u0131n \u201c<strong>biz 7 milyonuz istatisti\u011finde d\u00fczeltme yap\u0131p, kala kala 3.5 milyon kalm\u0131\u015f\u0131z<\/strong>\u201d demesi ve ger\u00e7ekli\u011fi kabul etmesi gerek. Yani yepyeni ger\u00e7ek\u00e7i bir havaya girmesi gerekir. Memleketteki s\u0131k\u0131nt\u0131 da buradan kaynaklan\u0131yor zaten. T\u00fcm resmi veriler uydurmad\u0131r. \u00a0Son geli\u015fmeler yaln\u0131z T\u00fcrkleri de\u011fil, art\u0131k Bulgarlar\u0131 da ilgilendiriyor. Bulgar devleti d\u0131\u015f \u00fclkelerdeki Bulgar vatanda\u015flar\u0131 i\u00e7in kesenin a\u011fz\u0131n\u0131 a\u00e7mak zorunda. \u00d6rne\u011fin, \u0130talya\u2019da, \u0130ngiltere\u2019de Bulgar okullar\u0131 a\u00e7\u0131l\u0131yor. Yerli okullara giden Bulgar <strong>\u00f6\u011frencilere birinci anadil olarak Bulgar dili dersiyle birlikte tarih ve co\u011frafya dersleri de veriliyor<\/strong>. Bir\u00e7ok \u015fehirde <strong>kul\u00fcp ve okuma yurtlar\u0131 a\u00e7\u0131l\u0131yor ve bunlar\u0131 destek mali olarak destekliyor,<\/strong> ne yaz\u0131k ki, bunlar\u0131n <strong>hi\u00e7 birine kayd\u0131n\u0131 yapt\u0131rm\u0131\u015f tek bir T\u00fcrk M\u00fcsl\u00fcman \u00e7ocu\u011fu yokken, Bulgaristan\u2019da okuldan ka\u00e7an \u00c7ingeneler d\u0131\u015f \u00fclkelerdeki Bulgarca derslerine giriyor, kul\u00fcplerdeki etkinliklere kat\u0131l\u0131yorlar<\/strong>.<\/p><div id=\"bghab-1359828647\" class=\"bghab-icerik-icine-15-paragraf bghab-entity-placement\"><script async src=\"\/\/pagead2.googlesyndication.com\/pagead\/js\/adsbygoogle.js?client=ca-pub-6203283170189293\" crossorigin=\"anonymous\"><\/script><ins class=\"adsbygoogle\" style=\"display:block; text-align:center;\" data-ad-client=\"ca-pub-6203283170189293\" \ndata-ad-slot=\"7303146466\" \ndata-ad-layout=\"in-article\"\ndata-ad-format=\"fluid\" data-full-width-responsive=\"true\"><\/ins>\n<script> \n(adsbygoogle = window.adsbygoogle || []).push({}); \n<\/script>\n<\/div>\n<ul>\n<li>Nikolay sen bu ara\u015ft\u0131rma tezini, Viyana \u00dcniversitesi\u2019nden ba\u015fka bir yere de sunacaks\u0131s\u0131n, diye sordum.<\/li>\n<li>Bu defa g\u00fczel i\u015fleyebilirsem Sofya\u2019da da yay\u0131nlamak istiyorm, diye cevap verdi ve \u015funlar\u0131 ilave etti. Senin yard\u0131mlar\u0131nda, T\u00fcrkiyedeki soyda\u015flar\u0131m\u0131z\u0131n duru \u00fcst\u00fcne de benzer ara\u015ft\u0131rmalar yapabiliriz, hele Bulgaristan\u2019daki az\u0131nl\u0131klar\u0131n durumu \u00e7ok \u00e7\u00f6t\u00fc, \u00f6zel ara\u015ft\u0131rmalar gerekiyor. Ger\u00e7ekler gizlenerek devlet politikas\u0131 yap\u0131lamaz, dedi ve kalkt\u0131.<\/li>\n<li>Nereye, acelen mi var? dedim<\/li>\n<li>\u00dcniversite k\u00fct\u00fcphanesine dergiler sipari\u015f ettim, gidip alay\u0131m, diye cevap verdi. Bu konular seni de ilgilendirmeli, gelecek Cumaya bir beyin f\u0131rt\u0131nas\u0131na haz\u0131rlan, derken tebess\u00fcmle y\u00fcz\u00fcme bakt\u0131. Kalkt\u0131, ilk ad\u0131m\u0131n\u0131 atarken kar\u015f\u0131s\u0131nda buldu\u011fu garson k\u0131za hesab\u0131 \u00f6dedi. \u201c\u00dcst\u00fc kals\u0131n\u201d dedi. Elimi s\u0131kt\u0131. Beni b\u00fcy\u00fck kestanenin alaca g\u00f6lgesinde s\u0131rt\u0131m\u0131 peykeye dayam\u0131\u015f halde b\u0131rakt\u0131 ve uzakla\u015ft\u0131.<\/li>\n<\/ul>\n<div id=\"bghab-2513547379\" class=\"bghab-yazi-altinda bghab-entity-placement\"><div class=\"bghab-adlabel\">Reklamlar<\/div><script async src=\"https:\/\/pagead2.googlesyndication.com\/pagead\/js\/adsbygoogle.js\"><\/script>\r\n<!-- bghaber-yaz\u0131-sonu -->\r\n<ins class=\"adsbygoogle\"\r\n     style=\"display:block\"\r\n     data-ad-client=\"ca-pub-6203283170189293\"\r\n     data-ad-slot=\"4222328180\"\r\n     data-ad-format=\"auto\"\r\n     data-full-width-responsive=\"true\"><\/ins>\r\n<script>\r\n     (adsbygoogle = window.adsbygoogle || []).push({});\r\n<\/script><\/div><br style=\"clear: both; display: block; float: none;\"\/>","protected":false},"excerpt":{"rendered":"<p>\u00a0Osman B\u00dcLB\u00dcL Konu:\u00a0 Yani tip toplum belirtileri beliriyor. Topra\u011f\u0131m Nikolay o\u011flanla tan\u0131\u015ft\u0131\u011f\u0131mdan beri Cumalar\u0131 iple \u00e7ekmeye ba\u015flad\u0131m. Bu defa biraz gecikti. A\u011fustos g\u00fcne\u015fi ya\u015fl\u0131 kemiklerime<\/p>\n","protected":false},"author":13,"featured_media":19647,"comment_status":"closed","ping_status":"closed","sticky":false,"template":"","format":"standard","meta":{"advanced_seo_description":"","jetpack_seo_html_title":"","jetpack_seo_noindex":false,"_jetpack_memberships_contains_paid_content":false,"footnotes":""},"categories":[6],"tags":[],"class_list":["post-20069","post","type-post","status-publish","format-standard","has-post-thumbnail","hentry","category-yorum"],"jetpack_featured_media_url":"https:\/\/i0.wp.com\/www.bghaber.org\/bghaber\/wp-content\/uploads\/2016\/07\/OSMAN-BULBUL.jpg?fit=97%2C108&ssl=1","jetpack_sharing_enabled":true,"jetpack_likes_enabled":true,"jetpack-related-posts":[],"jetpack_shortlink":"https:\/\/wp.me\/pc2PfJ-5dH","_links":{"self":[{"href":"https:\/\/www.bghaber.org\/bghaber\/wp-json\/wp\/v2\/posts\/20069","targetHints":{"allow":["GET"]}}],"collection":[{"href":"https:\/\/www.bghaber.org\/bghaber\/wp-json\/wp\/v2\/posts"}],"about":[{"href":"https:\/\/www.bghaber.org\/bghaber\/wp-json\/wp\/v2\/types\/post"}],"author":[{"embeddable":true,"href":"https:\/\/www.bghaber.org\/bghaber\/wp-json\/wp\/v2\/users\/13"}],"replies":[{"embeddable":true,"href":"https:\/\/www.bghaber.org\/bghaber\/wp-json\/wp\/v2\/comments?post=20069"}],"version-history":[{"count":0,"href":"https:\/\/www.bghaber.org\/bghaber\/wp-json\/wp\/v2\/posts\/20069\/revisions"}],"wp:featuredmedia":[{"embeddable":true,"href":"https:\/\/www.bghaber.org\/bghaber\/wp-json\/wp\/v2\/media\/19647"}],"wp:attachment":[{"href":"https:\/\/www.bghaber.org\/bghaber\/wp-json\/wp\/v2\/media?parent=20069"}],"wp:term":[{"taxonomy":"category","embeddable":true,"href":"https:\/\/www.bghaber.org\/bghaber\/wp-json\/wp\/v2\/categories?post=20069"},{"taxonomy":"post_tag","embeddable":true,"href":"https:\/\/www.bghaber.org\/bghaber\/wp-json\/wp\/v2\/tags?post=20069"}],"curies":[{"name":"wp","href":"https:\/\/api.w.org\/{rel}","templated":true}]}}