{"id":20059,"date":"2016-08-10T01:49:03","date_gmt":"2016-08-09T22:49:03","guid":{"rendered":"http:\/\/www.bghaber.org\/bghaber\/?p=20059"},"modified":"2018-01-24T16:12:20","modified_gmt":"2018-01-24T13:12:20","slug":"ice-donuk-milliyetcilik","status":"publish","type":"post","link":"https:\/\/www.bghaber.org\/bghaber\/ice-donuk-milliyetcilik\/","title":{"rendered":"\u00a0\u00a0 \u0130\u00e7e D\u00f6n\u00fck Milliyet\u00e7ilik"},"content":{"rendered":"<p><img data-recalc-dims=\"1\" loading=\"lazy\" decoding=\"async\" class=\"\" src=\"https:\/\/i0.wp.com\/www.bghaber.org\/bghaber\/wp-content\/uploads\/2015\/06\/Rafet0010-287x300.jpg?resize=166%2C174\" alt=\"Rafet0010\" width=\"166\" height=\"174\" \/>\u00a0Rafet ULUT\u00dcRK<\/p>\n<p>Konu: <strong>15 Temmuzdan sonra d\u00fcnya g\u00f6r\u00fc\u015f\u00fcm\u00fcz de\u011fi\u015fmi\u015ftir!\u00a0<\/strong><\/p>\n<p>\u201c<strong>Ne Mutlu T\u00fcrk\u00fcm\u00a0<\/strong><b>Diyene<\/b>!\u201d<\/p>\n<p>Biz Bulgaristanl\u0131 soyda\u015flar, bu d\u00fc\u015f\u00fcncelerim y\u00fczde y\u00fcz di\u011fer Balkan \u00fclkelerinden muhtelif zamanlardaki g\u00f6\u00e7lerle gelen karde\u015flerimiz i\u00e7in de ge\u00e7erlidir, T\u00fcrkiye i\u00e7inde i\u00e7 milliyet\u00e7ilik yapmam\u0131z gerekti\u011fini akl\u0131m\u0131z\u0131n ucundan bile ge\u00e7irmemi\u015ftik. T\u00fcrk milliyet\u00e7ili\u011finin ruhumuzu ok\u015fayan, ayn\u0131 hedefler u\u011frunda hepimizi birle\u015ftiren ve y\u00fcreklendiren, pozitif bir olgu oldu\u011funu bilsem de fazla \u00fczerinde durmam\u0131\u015ft\u0131m. Mehmet Akif\u2019ten, Necip Faz\u0131l ve Naz\u0131m Hikmet\u2019e Milli T\u00fcrk Edebiyat\u0131\u2019n\u0131n en se\u00e7kin eserlerinden al\u0131nt\u0131lar\u0131n 7 A\u011fustos \u201c<strong>Yeni Kap\u0131<\/strong>\u201d devasa <strong>\u015eEH\u0130TLER\u0130M\u0130Z\u0130 ANMA VE DEMOKRAS\u0130Y\u0130 SAVUNMA<\/strong> mitinginde hemen hemen her konu\u015fmac\u0131 taraf\u0131ndan seslendirilmesi, benim T\u00fcrk gururumu ok\u015fad\u0131.<\/p>\n<p>K\u00fcrs\u00fcden y\u00fckselen, milyonlarca bayrakla birlikte dalgalanan ve 80 milyonumuzun g\u00f6nl\u00fcn\u00fc etkileyen T\u00fcrk vatan\u0131na, T\u00fcrk milletine ve T\u00fcrk\u2019\u00fcn gelece\u011fine ili\u015fkin s\u00f6zleri biz soyda\u015flar da tamamen payla\u015f\u0131yor ve ayn\u0131 ruhla birle\u015fmi\u015f oldu\u011fumuzu bir daha duyuruyoruz.<\/p><div id=\"bghab-3812253887\" class=\"bghab-icerik-icine bghab-entity-placement\"><script async src=\"\/\/pagead2.googlesyndication.com\/pagead\/js\/adsbygoogle.js?client=ca-pub-6203283170189293\" crossorigin=\"anonymous\"><\/script><ins class=\"adsbygoogle\" style=\"display:block; text-align:center;\" data-ad-client=\"ca-pub-6203283170189293\" \ndata-ad-slot=\"7303146466\" \ndata-ad-layout=\"in-article\"\ndata-ad-format=\"fluid\" data-full-width-responsive=\"true\"><\/ins>\n<script> \n(adsbygoogle = window.adsbygoogle || []).push({}); \n<\/script>\n<\/div>\n<p><strong>Hi\u00e7 bir \u015fey kendili\u011finden bitmez.<\/strong><\/p>\n<p>T\u00fcrk milliyet\u00e7ili\u011fi de k\u00f6kleri derin tarihimizden gelen \u00e7ok g\u00fc\u00e7l\u00fc bir duygusal olgudur ve hepimizi ayn\u0131 hislerle co\u015fturmas\u0131 paha bi\u00e7ilmez bir edinimdir. Bulgaristan\u2019da ve Bat\u0131 Avrupa \u00fclkelerinde i\u015fte olan karde\u015flerimizin hepsi \u201c<strong>Yeni Kap\u0131<\/strong>\u201dda ve b\u00fct\u00fcn T\u00fcrk halk\u0131yla beraberdi. B\u00f6yle bir kenetlenme, ortak alg\u0131da bulu\u015fma ve ayn\u0131 mutlu ufka birlikte bakma daha \u00f6nce bu denli g\u00fc\u00e7l\u00fc elde edilememi\u015fti.<\/p>\n<p><strong>\u201cYeni Kap\u0131\u201d ad\u0131 \u00fcst\u00fcnde, T\u00fcrk milletinin gelece\u011finin yeni kap\u0131s\u0131 oldu<\/strong><\/p>\n<p>T\u00fcrkiye Devlet Ba\u015fkan\u0131 Say\u0131n R. Tayip ERDO\u011eAN ba\u015fta olmak \u00fczere, T\u00fcrkiye Ba\u015fbakan\u0131 ve AK Parti Genel Ba\u015fkan\u0131 Say\u0131n B. Y\u0131ld\u0131r\u0131m; siyasi muhalefetinin ana temsilcileri CHP Genel Ba\u015fkan\u0131 Say\u0131n Kemal K\u0131l\u0131\u00e7taro\u011flu ile MHP Genel Ba\u015fkan\u0131 Say\u0131n Devlet Bah\u00e7eli\u2019nin ortak ruhumuzun kararl\u0131l\u0131\u011f\u0131m\u0131z\u0131n ve gelece\u011fimizin temsil edildi\u011fi yerde birlikte haz\u0131r bulunmalar\u0131 kalpten co\u015fkuyla ve ay y\u0131ld\u0131zl\u0131 deniz gibi dalgalanan bayraklar\u0131m\u0131zla selamland\u0131.<\/p>\n<p>S\u00f6z\u00fcn tam anlam\u0131yla d\u00fcnyay\u0131 \u015fa\u015f\u0131rtt\u0131. Hele TBMM Ba\u015fkan\u0131 Say\u0131n Korkmaz ve TSK Genel Kurmay Ba\u015fkan\u0131 Say\u0131n Akar\u2019\u0131n k\u00fcrs\u00fcye \u00e7\u0131kmas\u0131, daha \u00f6nce ya\u015fanmam\u0131\u015f bir birlik ve beraberlik ruhu dalgaland\u0131rd\u0131. Yeniden kenetleni\u015fimizde en y\u00fcksek simgesi oldu.<\/p><div id=\"bghab-4078996212\" class=\"bghab-icerik-icine-10-paragraf bghab-entity-placement\"><script async src=\"\/\/pagead2.googlesyndication.com\/pagead\/js\/adsbygoogle.js?client=ca-pub-6203283170189293\" crossorigin=\"anonymous\"><\/script><ins class=\"adsbygoogle\" style=\"display:block; text-align:center;\" data-ad-client=\"ca-pub-6203283170189293\" \ndata-ad-slot=\"7303146466\" \ndata-ad-layout=\"in-article\"\ndata-ad-format=\"fluid\" data-full-width-responsive=\"true\"><\/ins>\n<script> \n(adsbygoogle = window.adsbygoogle || []).push({}); \n<\/script>\n<\/div>\n<p>7 A\u011fustos 2016\u2019dan sonra\u00a0 T\u00fcrkiye\u2019yi izleyen siyasi g\u00f6zlemciler, T\u00fcrkiye\u2019yi ve T\u00fcrk halk\u0131n\u0131 tan\u0131mayan fakat T\u00fcrkiye uzman\u0131 ge\u00e7inen Prof., do\u00e7ent ve doktorlar \u00fcslup de\u011fi\u015ftirmek, olaylar\u0131 yans\u0131t\u0131rken yeni de\u011fimler ve terimler aramak zorunda kald\u0131lar.<\/p>\n<p>Fakat her \u015fey gibi baz\u0131lar\u0131n\u0131n \u00e7ekemezli\u011fi, i\u011fren\u00e7 egoizmi, ebedi k\u00f6rl\u00fc\u011f\u00fc de bir daha dile geldi. Hele Bulgaristan\u2019da \u201c<strong>Yeni Kap\u0131<\/strong>\u201d ulusal bulu\u015fmam\u0131za \u0130stanbullu soyda\u015flar\u0131n <strong>BULT\u00dcRK \u2013 Bulgaristan T\u00fcrkleri K\u00fclt\u00fcr ve Hizmet Derne\u011fi ve BGSAM \u2013Bulgaristan Stratejik Ara\u015ft\u0131rma Merkezinin de<\/strong> \u00f6nc\u00fcl\u00fc\u011f\u00fcnde \u00e7ok kalabal\u0131k bir heyetin kat\u0131lmas\u0131 takdir edildi.<\/p>\n<p>Bu emsalsiz demokrasi \u015f\u00f6leni i\u00e7in \u00f6zel olarak Bulgaristan\u2019dan gelen gruplar onlara meydanda kat\u0131ld\u0131. Bir as\u0131r \u00f6nce \u00c7anakkale\u2019de, Gelibolu\u2019da, Sakarya\u2019da ayn\u0131 cephede oldu\u011fumuz gibi, bug\u00fcn de i\u00e7 ve d\u0131\u015f d\u00fc\u015fmana kar\u015f\u0131 ayn\u0131 saftayd\u0131k. B\u00fcy\u00fck alana T\u00fcrkiye\u2019mizin, T\u00fcrk halk\u0131n\u0131n ve T\u00fcrk istikbalinin i\u00e7 ve d\u0131\u015f d\u00fc\u015fmanlar\u0131n\u0131 g\u00f6r\u00fcp tan\u0131mak ve sonuna kadar kovalamak i\u00e7in geldik. \u00c7\u00fcnk\u00fc Bulgaristan\u2019da, Balkanlarda ayn\u0131 d\u00fc\u015fman bizim de g\u0131rtla\u011f\u0131m\u0131za yap\u0131\u015fm\u0131\u015f ve hepimizi bitirmek istiyordu. Miting alan\u0131ndan bu heyecan bu ate\u015f asla s\u00f6nmez inanc\u0131yla ayr\u0131ld\u0131k.<\/p>\n<p>Bu duygular \u015fairlerimizce her zaman daha s\u0131cak saran ve g\u00f6n\u00fcl a\u00e7an bir dille dizelenmi\u015ftir. Se\u00e7kin yarat\u0131c\u0131lar\u0131m\u0131zdan Ahmet Emin ATASOY daha 2005\u2019te \u201c<strong>Y\u0131llard\u0131r benimle lokmas\u0131n\u0131 c\u00f6mert\u00e7e b\u00f6l\u00fc\u015fen y\u00fcce g\u00f6n\u00fcll\u00fc T\u00fcrk halk\u0131na en derin sevgilerle<\/strong> sesleni\u015finde \u015f\u00f6yle demi\u015fti:<\/p>\n<p>Kim demi\u015f ki salt sende do\u011fan, senden olan sevmeliymi\u015f seni?<\/p><div id=\"bghab-1410705388\" class=\"bghab-icerik-icine-15-paragraf bghab-entity-placement\"><script async src=\"\/\/pagead2.googlesyndication.com\/pagead\/js\/adsbygoogle.js?client=ca-pub-6203283170189293\" crossorigin=\"anonymous\"><\/script><ins class=\"adsbygoogle\" style=\"display:block; text-align:center;\" data-ad-client=\"ca-pub-6203283170189293\" \ndata-ad-slot=\"7303146466\" \ndata-ad-layout=\"in-article\"\ndata-ad-format=\"fluid\" data-full-width-responsive=\"true\"><\/ins>\n<script> \n(adsbygoogle = window.adsbygoogle || []).push({}); \n<\/script>\n<\/div>\n<p>Kim demi\u015f ki yabanc\u0131ym\u0131\u015f, yalanc\u0131ym\u0131\u015f t\u00fcm d\u0131\u015far\u0131dan gelenler?<\/p>\n<p>Kimmi\u015f o sahiplenmek isteyenler bencilce senin y\u00fcce ge\u00e7mi\u015fini,<\/p>\n<p>Kimmi\u015f o gelenlerin senin olduklar\u0131n\u0131 ger\u00e7ekten bilmeyenler?<\/p>\n<p>Onlar nereden bilsin o Meri\u00e7\u2019leri, Vardar\u2019lar\u0131, Tuna\u2019lar\u0131 ge\u00e7enleri,<\/p>\n<p>Ni\u011fbolu\u2019da do\u011fan bey\u2019i, Vardar\u2019daki heng\u00e2meyi bilmez ki onlar,<\/p><div id=\"bghab-3172686010\" class=\"bghab-icerik-icine-20-paragraf bghab-entity-placement\"><script async src=\"\/\/pagead2.googlesyndication.com\/pagead\/js\/adsbygoogle.js?client=ca-pub-6203283170189293\" crossorigin=\"anonymous\"><\/script><ins class=\"adsbygoogle\" style=\"display:block; text-align:center;\" data-ad-client=\"ca-pub-6203283170189293\" \ndata-ad-slot=\"7303146466\" \ndata-ad-layout=\"in-article\"\ndata-ad-format=\"fluid\" data-full-width-responsive=\"true\"><\/ins>\n<script> \n(adsbygoogle = window.adsbygoogle || []).push({}); \n<\/script>\n<\/div>\n<p>Can evimin ta i\u00e7inde, utanc\u0131n bilincinde, yas tuttu hep koca da\u011flar \u015eipka\u2019lar.<\/p>\n<p>Hesap benden soruldu, T\u00fcrkiye ve T\u00fcrkl\u00fck ad\u0131na, hem ne hesap!<\/p>\n<p>Hem ne nefret! Hem ne \u00f6\u00e7! Kim s\u00f6yleyemem vars\u0131n tarih s\u00f6ylesin.<\/p>\n<p>Zor g\u00fcnlerimde sendin hep: tek s\u0131\u011f\u0131nak, tek tap\u0131nak, tek mihrap.<\/p>\n<p>Evet, zul\u00fcmler sevdirdi seni bana, onlar \u00f6\u011fretti kimsin ve nesin.<\/p><div id=\"bghab-3004134874\" class=\"bghab-icerik-icine-25-paragraf bghab-entity-placement\"><script async src=\"\/\/pagead2.googlesyndication.com\/pagead\/js\/adsbygoogle.js?client=ca-pub-6203283170189293\" crossorigin=\"anonymous\"><\/script><ins class=\"adsbygoogle\" style=\"display:block; text-align:center;\" data-ad-client=\"ca-pub-6203283170189293\" \ndata-ad-slot=\"7303146466\" \ndata-ad-layout=\"in-article\"\ndata-ad-format=\"fluid\" data-full-width-responsive=\"true\"><\/ins>\n<script> \n(adsbygoogle = window.adsbygoogle || []).push({}); \n<\/script>\n<\/div>\n<p>T\u00fcm bunlar\u0131 sen bilirsin,<\/p>\n<p>Bileceksin, bilmelisin,<\/p>\n<p><strong>\u00c7\u00fcnk\u00fc sen bir T\u00fcrkiye\u2019sin!<\/strong><\/p>\n<p>Nas\u0131l unuturum unutturulmak istendi\u011fin o unutulmaz y\u0131llar\u0131.<\/p>\n<p>Nas\u0131l unuturum yi\u011fitli\u011fini atalar topra\u011f\u0131n\u0131n ayaklar\u0131m alt\u0131ndan?<\/p><div id=\"bghab-3760422006\" class=\"bghab-icerik-icine-30-paragraf bghab-entity-placement\"><script async src=\"\/\/pagead2.googlesyndication.com\/pagead\/js\/adsbygoogle.js?client=ca-pub-6203283170189293\" crossorigin=\"anonymous\"><\/script><ins class=\"adsbygoogle\" style=\"display:block; text-align:center;\" data-ad-client=\"ca-pub-6203283170189293\" \ndata-ad-slot=\"7303146466\" \ndata-ad-layout=\"in-article\"\ndata-ad-format=\"fluid\" data-full-width-responsive=\"true\"><\/ins>\n<script> \n(adsbygoogle = window.adsbygoogle || []).push({}); \n<\/script>\n<\/div>\n<p>U\u00e7u\u015furken \u00fczerinde \u00e7\u0131\u011fl\u0131k \u00e7\u0131\u011fl\u0131\u011fa kap karanl\u0131k le\u015f kargalar\u0131<\/p>\n<p>\u0130\u00e7in da\u011fland\u0131\u011f\u0131n\u0131, cehennemde yand\u0131\u011f\u0131n\u0131 nas\u0131l unutur insan?<\/p>\n<p>Nas\u0131l unuturum o korkun\u00e7 k\u00fc\u00e7\u00fcl\u00fc\u015f\u00fcm\u00fc b\u00fcy\u00fcrken yaln\u0131zl\u0131\u011f\u0131m.<\/p>\n<p>\u0130lgisizli\u011fini Washington\u2019un ve susmas\u0131n\u0131 Moskova\u2019n\u0131n \u0131srarla?<\/p>\n<p>Kara kangren kararl\u0131l\u0131\u011f\u0131yla kaplarken kararm\u0131\u015f kalpleri y\u0131k\u0131m<\/p><div id=\"bghab-927164865\" class=\"bghab-icerik-icine-35-paragraf bghab-entity-placement\"><script async src=\"\/\/pagead2.googlesyndication.com\/pagead\/js\/adsbygoogle.js?client=ca-pub-6203283170189293\" crossorigin=\"anonymous\"><\/script><ins class=\"adsbygoogle\" style=\"display:block; text-align:center;\" data-ad-client=\"ca-pub-6203283170189293\" \ndata-ad-slot=\"7303146466\" \ndata-ad-layout=\"in-article\"\ndata-ad-format=\"fluid\" data-full-width-responsive=\"true\"><\/ins>\n<script> \n(adsbygoogle = window.adsbygoogle || []).push({}); \n<\/script>\n<\/div>\n<p>\u201cBuras\u0131 T\u00fcrkiye\u2019nin Sesi\u201d yay\u0131l\u0131rd\u0131 g\u00fcm g\u00fcm k\u0131\u015f sonras\u0131 baharla,<\/p>\n<p>\u00c7at\u0131rdard\u0131 ve \u00e7atlard\u0131 sanki yava\u015f yava\u015f korkunun buzda\u011flar\u0131<\/p>\n<p>\u0130nan\u0131lmaz ve dayan\u0131lmaz balyozlar\u0131 alt\u0131nda ezip ge\u00e7en bu sesin.<\/p>\n<p>Bakt\u0131m ki deprem olmu\u015f ve son bulmu\u015f zulm\u00fcn son duraklar\u0131,<\/p>\n<p>Bakt\u0131m ki, \u2018gel\u2019 diyerek kucak a\u00e7m\u0131\u015f, orda Kap\u0131 Kule \u00f6n\u00fcndesin.<\/p><div id=\"bghab-2684620138\" class=\"bghab-icerik-icine-40-paragraf bghab-entity-placement\"><script async src=\"\/\/pagead2.googlesyndication.com\/pagead\/js\/adsbygoogle.js?client=ca-pub-6203283170189293\" crossorigin=\"anonymous\"><\/script><ins class=\"adsbygoogle\" style=\"display:block; text-align:center;\" data-ad-client=\"ca-pub-6203283170189293\" \ndata-ad-slot=\"7303146466\" \ndata-ad-layout=\"in-article\"\ndata-ad-format=\"fluid\" data-full-width-responsive=\"true\"><\/ins>\n<script> \n(adsbygoogle = window.adsbygoogle || []).push({}); \n<\/script>\n<\/div>\n<p>Sen ki s\u00f6z\u00fcn\u00fcn erisin,<\/p>\n<p>Yumru\u011fundur senin sesin<\/p>\n<p>Zor g\u00fcn dostu T\u00fcrkiye\u2019sin!<\/p>\n<p>T\u0131rnaks\u0131z parmaklarla (zalimlerin \u00e7ekti\u011fi) fidan diktim k\u0131rlar\u0131na,<\/p>\n<p>Dudaks\u0131z a\u011fz\u0131mla (zebanilerin yakt\u0131\u011f\u0131) \u015f\u00fckrettim g\u00fcnde be\u015f kez.<\/p><div id=\"bghab-4227831942\" class=\"bghab-icerik-icine-45-paragraf bghab-entity-placement\"><script async src=\"\/\/pagead2.googlesyndication.com\/pagead\/js\/adsbygoogle.js?client=ca-pub-6203283170189293\" crossorigin=\"anonymous\"><\/script><ins class=\"adsbygoogle\" style=\"display:block; text-align:center;\" data-ad-client=\"ca-pub-6203283170189293\" \ndata-ad-slot=\"7303146466\" \ndata-ad-layout=\"in-article\"\ndata-ad-format=\"fluid\" data-full-width-responsive=\"true\"><\/ins>\n<script> \n(adsbygoogle = window.adsbygoogle || []).push({}); \n<\/script>\n<\/div>\n<p>G\u00f6zs\u00fczd\u00fcm g\u00f6z\u00fcm oldun, dilsizdim dilim oldun, \u015fark\u0131lar\u0131na<\/p>\n<p>Karabildimse sesimi, ne mutlu bana, ba\u015fkaca insan gerekmez.<\/p>\n<p>Ne mutlu bana ki, her yapra\u011f\u0131nda terim, topra\u011f\u0131nda erim var.<\/p>\n<p>Denizlerinde tutum, kar\u015f\u0131 da\u011flar\u0131nda izim var, ne mutlu bana!<\/p>\n<p>So\u011fuk bir konuk gibi durup haz\u0131rc\u0131l\u0131k yapmad\u0131m bug\u00fcne kadar,<\/p><div id=\"bghab-2326983328\" class=\"bghab-icerik-icine-50-paragraf bghab-entity-placement\"><script async src=\"\/\/pagead2.googlesyndication.com\/pagead\/js\/adsbygoogle.js?client=ca-pub-6203283170189293\" crossorigin=\"anonymous\"><\/script><ins class=\"adsbygoogle\" style=\"display:block; text-align:center;\" data-ad-client=\"ca-pub-6203283170189293\" \ndata-ad-slot=\"7303146466\" \ndata-ad-layout=\"in-article\"\ndata-ad-format=\"fluid\" data-full-width-responsive=\"true\"><\/ins>\n<script> \n(adsbygoogle = window.adsbygoogle || []).push({}); \n<\/script>\n<\/div>\n<p>\u0130lk \u00f6nce bir \u015feyler sundum ve y\u00fcz ak\u0131yla oturdum hep sofrana<\/p>\n<p>\u015eerefimi \u015ferefim bildim \u00f6teden beri, hem en y\u00fcce ve en derin,<\/p>\n<p>Ve istedim ki, hep minnet nak\u0131\u015f\u0131yla bezensin g\u00f6n\u00fcl gergefim.<\/p>\n<p>Bir g\u00fcn d\u00f6nsem de geriye (ki yurdumdur), ya\u015farmas\u0131n g\u00f6zlerin,<\/p>\n<p>Bil ki ay\u2019\u0131n\u0131n ve y\u0131ld\u0131zlar\u0131n ayd\u0131nl\u0131\u011f\u0131yla dopdolu olacak i\u00e7im,<\/p><div id=\"bghab-3770908371\" class=\"bghab-icerik-icine-55-paragraf bghab-entity-placement\"><script async src=\"\/\/pagead2.googlesyndication.com\/pagead\/js\/adsbygoogle.js?client=ca-pub-6203283170189293\" crossorigin=\"anonymous\"><\/script><ins class=\"adsbygoogle\" style=\"display:block; text-align:center;\" data-ad-client=\"ca-pub-6203283170189293\" \ndata-ad-slot=\"7303146466\" \ndata-ad-layout=\"in-article\"\ndata-ad-format=\"fluid\" data-full-width-responsive=\"true\"><\/ins>\n<script> \n(adsbygoogle = window.adsbygoogle || []).push({}); \n<\/script>\n<\/div>\n<p>\u00c7\u00fcnk\u00fc karde\u015f evim sensin,<\/p>\n<p>S\u0131\u011f\u0131nak, siper ve kalemsin,<\/p>\n<p>Dert orta\u011f\u0131m T\u00fcrkiye\u2019msin!<\/p>\n<p>Bize Bulgaristan\u2019da Bulgarlar \u00a0taraf\u0131ndan bir as\u0131r T\u00fcrkiye\u2019ye d\u00fc\u015fmanl\u0131k a\u015f\u0131land\u0131<strong>. Tutmad\u0131.<\/strong><\/p>\n<p>Bizim T\u00fcrkiye d\u00fc\u015fman\u0131 Bulgar milliyet\u00e7isi olmam\u0131z i\u00e7in \u00e7ok u\u011fra\u015f\u0131ld\u0131<strong>. Tutmad\u0131.<\/strong><\/p><div id=\"bghab-2423076920\" class=\"bghab-icerik-icine-60-paragraf bghab-entity-placement\"><script async src=\"\/\/pagead2.googlesyndication.com\/pagead\/js\/adsbygoogle.js?client=ca-pub-6203283170189293\" crossorigin=\"anonymous\"><\/script><ins class=\"adsbygoogle\" style=\"display:block; text-align:center;\" data-ad-client=\"ca-pub-6203283170189293\" \ndata-ad-slot=\"7303146466\" \ndata-ad-layout=\"in-article\"\ndata-ad-format=\"fluid\" data-full-width-responsive=\"true\"><\/ins>\n<script> \n(adsbygoogle = window.adsbygoogle || []).push({}); \n<\/script>\n<\/div>\n<p>Bulgar 100 y\u0131l gece g\u00fcnd\u00fcz demen u\u011fra\u015fsa da<strong>, \u201cbizi o limana \u00e7\u0131karamad\u0131!\u201d<\/strong><\/p>\n<p>Biz hep orac\u0131kta dedelerimizin dizi \u00fczerinde, cami g\u00f6lgesinde, okullar\u0131m\u0131z\u0131n avlusunda, masallar\u0131m\u0131z\u0131n d\u00fcnyas\u0131nda ve hayallerimizle T\u00fcrk d\u00fcnyas\u0131nda kald\u0131k! Demek!<\/p>\n<p><strong>7 A\u011fustos 2016 \u201cYani Kap\u0131\u201dy\u0131 beklemi\u015fiz!<\/strong><\/p>\n<p><strong>Ve inan\u0131n \u00e7ok \u015fa\u015f\u0131rm\u0131\u015ft\u0131k geldi\u011fimizde! <\/strong>% 99\u2019u T\u00fcrk ve M\u00fcsl\u00fcman kabul edilen soyda\u015flar\u0131m\u0131n kime kar\u015f\u0131 milliyet\u00e7ilik ya da \u0130slamc\u0131l\u0131k yapmas\u0131 gerekti\u011fini bir t\u00fcrl\u00fc bilemedim. Laikli\u011fin T\u00fcrkiye anlam\u0131 \u00fczerinde beyin f\u0131rt\u0131nas\u0131 yapmak zorunda kald\u0131\u011f\u0131m\u0131 itiraf ediyorum. \u00c7\u0131rp\u0131n\u0131\u015f\u0131m bir yol aray\u0131\u015f\u0131yd\u0131! Uzun s\u00fcrd\u00fck\u00e7e i\u00e7imi kemirdi, beni bitirdi\u2026<\/p>\n<p>Anayasam\u0131zda e\u015fit hakl\u0131 vatanda\u015f, tarihimizde karde\u015f olan K\u00fcrtlere \u201c<strong>Nedir bu yapt\u0131klar\u0131n\u0131z? Tarlalar\u0131n\u0131zda ha\u015fha\u015f ye\u015fermi\u015f, evleriniz silah deposu, kafalar\u0131n\u0131z d\u00fc\u015fmanl\u0131k dolu<\/strong>!\u201d desen, olmazd\u0131. Hepimiz ayn\u0131 Peygambere inan\u0131r ve ayn\u0131 dindendik. Anayasam\u0131zda oldu\u011fu gibi dinimizde de insan ayr\u0131m\u0131 ve hor g\u00f6rme yoktu.<\/p><div id=\"bghab-2480148843\" class=\"bghab-icerik-icine-65-paragraf bghab-entity-placement\"><script async src=\"\/\/pagead2.googlesyndication.com\/pagead\/js\/adsbygoogle.js?client=ca-pub-6203283170189293\" crossorigin=\"anonymous\"><\/script><ins class=\"adsbygoogle\" style=\"display:block; text-align:center;\" data-ad-client=\"ca-pub-6203283170189293\" \ndata-ad-slot=\"7303146466\" \ndata-ad-layout=\"in-article\"\ndata-ad-format=\"fluid\" data-full-width-responsive=\"true\"><\/ins>\n<script> \n(adsbygoogle = window.adsbygoogle || []).push({}); \n<\/script>\n<\/div>\n<p><strong>Din bir ideoloji de\u011fildi. Fakat dindeki umudu ideoloji a\u015f\u0131layarak b\u00fcy\u00fctmek m\u00fcmk\u00fcnd\u00fc.<\/strong><\/p>\n<p>Kutsal dinimiz mensuplar\u0131na \u201c<strong>karde\u015f can\u0131na k\u0131yma, TBMM\u2019ni, bakanl\u0131klar\u0131, halk\u0131 bombalama, hamile kad\u0131nlar\u0131 z\u0131rhl\u0131 ara\u00e7la ezme bile a\u015f\u0131lanabildi\u011fini\u201d <\/strong>15 Temmuz gecesi hepimiz g\u00f6rd\u00fck.<\/p>\n<p>FET\u00d6-c\u00fc hainler \u00e7etesi, paralelci \u201cadalet da\u011f\u0131t\u0131c\u0131lar\u201d \u00e7ok \u00e7al\u0131\u015fm\u0131\u015ft\u0131. Yeti\u015ftirdikleri robot kafal\u0131 katiller aram\u0131za s\u0131zm\u0131\u015flar. Kendilerini bizden biri yapmay\u0131 ba\u015farm\u0131\u015flard\u0131. Okulda, camide, d\u00fc\u011f\u00fcnde, cenazemizde bizimle beraber, yan\u0131 ba\u015f\u0131m\u0131zda, paralelimizde ya\u015famaya al\u0131\u015fm\u0131\u015flard\u0131. Biz daha \u00f6nce Bulgaristan\u2019da Ahmet Do\u011fan haini ve H\u00d6H y\u00f6netimi k\u00f6ftecileri ki\u015fili\u011finde bunu g\u00f6rm\u00fc\u015ft\u00fck. Onlar camiye gitmeyen ama M\u00fcsl\u00fcman kesilen, aptes bile almayan, domuz yiyen, t\u00f6vbe etmeyen \u201c<strong>M\u00fcsl\u00fcmanlar<\/strong>\u201dd\u0131. Bizi birer iki\u015fer ele vermekle yetinmeyip toplu mezar kaz\u0131c\u0131 durumuna y\u00fckselmi\u015flerdi. Bizim Bulgaristan\u2019daki i\u00e7 m\u00fccadelemiz onlarlad\u0131r. Onlar\u0131 \u201c<strong>adam yerine koyup arkalayan<\/strong>\u201d T\u00fcrkiyelilerdedir.<\/p>\n<p>Ve biz tam i\u015fler yoluna giriyor dedi\u011fimizde, bu ger\u00e7e\u011fi anlay\u0131nca \u00e7ok ac\u0131 \u00e7ektik.<\/p>\n<p>A\u011fustos 1989\u2019da s\u0131n\u0131r ge\u00e7ip ana-vatan topra\u011f\u0131n\u0131 \u00f6penlerimizin say\u0131s\u0131 350 bin iken, A\u011fustos 2016\u2019da \u201c<strong>Yeni Kap\u0131<\/strong>\u201d mitinginde biz art\u0131k 710 bin olduk dediysek, karde\u015flerimizi 26 y\u0131ldan beri <strong>ata-vatandan s\u00f6ken ve ana-vatana iten i\u015fte bu ihanet ac\u0131s\u0131 oldu.<\/strong><\/p>\n<p><strong>Ve vurguluyorum: \u0130HANET ACISI G\u0130B\u0130 \u00c7EK\u0130 YOKTUR\u2026<\/strong><\/p>\n<p>\u015eimdi art\u0131k FET\u00d6 yamas\u0131 dedi\u011fimiz ayn\u0131 hain ki\u015filer, d\u00fcne gelince camide mihraptayd\u0131, f\u0131rsat bulup birden bire DOST partisine s\u0131\u00e7rad\u0131lar ve yine hep k\u00fcrs\u00fcde olmaya hevesleniyorlar. <strong>FET\u00d6 eleman\u0131 olmak s\u0131radan bir katil olmaktan \u00e7ok daha tehlikelidir<\/strong>.<\/p>\n<p>Bir katil bir ki\u015fi be\u015f ki\u015fi \u00f6ld\u00fcr\u00fcr. Ne var ki, bunlar\u0131n hedefinde devletimizi, T\u00fcrkl\u00fc\u011f\u00fcm\u00fcz\u00fc, milli ne varsa hepsini hatta toprak b\u00fct\u00fcnl\u00fc\u011f\u00fcm\u00fcz\u00fc, ruhumuzu yok edip bizi vatans\u0131z, devletsiz, cumhuriyetsiz ve demokrasisiz b\u0131rakmak vard\u0131.<\/p>\n<p>Onlar \u00f6zg\u00fcrl\u00fc\u011f\u00fc ve adaleti bizi \u00f6ld\u00fcrme hakk\u0131 olarak yaln\u0131z kendilerine helal g\u00f6ren katliam s\u00fcr\u00fcs\u00fcndendi. Eskiden okunmu\u015f olan t\u00fcm lanet dualar\u0131 bunlara azd\u0131r. Ba\u015fta Feto haini olmak \u00fczere her birinin boynuna vurup kellesini evlad\u0131n\u0131n eline vermek ve d\u00fcnya hainli\u011fine ders vermek en do\u011fal ve en yasal hakk\u0131m\u0131zd\u0131r.<\/p>\n<p>D\u00fcn ak\u015fam Bulgar TV programlar\u0131na bir g\u00f6z att\u0131m da, \u201c<strong>Yeni Kap\u0131<\/strong>\u201d mitinginin Bulgaristan\u2019daki T\u00fcrk d\u00fc\u015fmanlar\u0131n\u0131 korkutmu\u015f oldu\u011fu izlenimiyle kald\u0131m. Anla\u015f\u0131lan 5 milyonun tek a\u011f\u0131zdan \u201c<strong>Katillere \u00d6l\u00fcm<\/strong>!\u201d slogan\u0131 oralarda da i\u015fitilmi\u015f. Dalgalanan 5 milyon bayra\u011f\u0131n r\u00fczg\u00e2r\u0131 oralarda da esmi\u015f. Onlar\u0131 en fazla rahats\u0131z edense karde\u015flerimizin hepsinin ortak T\u00fcrk ruhunun y\u00fckseli\u015fini izlemi\u015f olmas\u0131, adalete olan inan\u00e7lar\u0131n\u0131n g\u00fc\u00e7lenmesi ve bizdeki FET\u00d6 \u015febekesiyle de hesapla\u015fma g\u00fcn\u00fcn\u00fcn yak\u0131nla\u015fm\u0131\u015f olmas\u0131d\u0131r. B\u00fcy\u00fck T\u00fcrk bulu\u015fmas\u0131ndan bayrakla d\u00f6nenlerin k\u00f6ylerinde ve \u015fehirlerinde s\u0131cak bir co\u015fkuyla kar\u015f\u0131lanm\u0131\u015f olmas\u0131d\u0131r.<\/p>\n<p>FET\u00d6-ajanlar\u0131 orada da burada da,\u00a0 arkalar\u0131na hep devleti almay\u0131 ba\u015fard\u0131lar. Bulgaristanda T\u00fcrk M\u00fcsl\u00fcmanlar\u0131n\u0131 devlet katlar\u0131nda temsil edecek kadar ileri gittiler. T\u00fcrkiye&#8217;nin Sofya B\u00fcy\u00fck El\u00e7ili\u011fi\u2019ni kom\u015fu kap\u0131s\u0131 yapm\u0131\u015flard\u0131. Her \u00e7orbaya baharat olmu\u015flard\u0131. Yerli n\u00fcfustan \u201c<strong>imamlar<\/strong>\u201d yeti\u015ftirdiler. \u015eimdi s\u00f6k\u00fcl\u00fcp \u00e7\u00f6p olma zamanlar\u0131n\u0131n geldi\u011fin anlad\u0131klar\u0131nda, \u201c<strong>biz yerliyiz, yerli t\u00fczel ki\u015fiyiz, T\u00fcrkiye ve Pensilvanya ile \u201cZaman\u201d gazetesiyle ba\u011flant\u0131m\u0131z yok\u201d<\/strong> havas\u0131 \u00e7almaya ba\u015flad\u0131lar.<\/p>\n<p>Onlar, T\u00fcrkiye \u2019de nas\u0131l \u00e7al\u0131\u015ft\u0131larsa Bulgaristan\u2019da da ayn\u0131 azimle \u00e7al\u0131\u015ft\u0131lar. Se\u00e7tiklerinin cebine parac\u0131k damlatt\u0131lar, \u00e7ocuklar\u0131n\u0131 T\u00fcrkiye \u2019de FET\u00d6 merkezlerine g\u00f6nderdiler. El at\u0131klar\u0131 ki\u015filerin T\u00fcrkiye \u2019de yap\u0131lan konferans ve panel masraflar\u0131n\u0131, har\u00e7l\u0131klar\u0131n\u0131, yolluklar\u0131n\u0131 ve \u00f6zel ihtiya\u00e7lar\u0131n\u0131 \u00f6dediler. Sonradan bu paralar\u0131 Diyanet\u2019ten \u00e7ektiklerini \u00f6\u011frendik.<\/p>\n<p>U\u011fra\u015f\u0131lar\u0131n\u0131 hi\u00e7bir yay\u0131n\u0131n basmak istemedi\u011fi heveslilerin yaz\u0131lar\u0131n\u0131 bast\u0131lar. Halk\u0131n \u00f6n\u00fcne yeni kimliksiz ki\u015filer diktiler. Bulgarlar\u0131n gizli polisleri ile birlikte s\u0131rt s\u0131rta verdiler. Hedefleri birdi: T\u00fcrk M\u00fcsl\u00fcmanlar\u0131 Bulgaristan\u2019da so\u011futmak koparmak, T\u00fcrkiye\u2019ye g\u00f6\u00e7e zorlamak ve mallar\u0131na m\u00fclklerine oturmak. Bulgar devletinin yard\u0131m\u0131yla ZAMAN gazetesi \u00e7\u0131kmaya ba\u015flad\u0131, bunu da ba\u015far\u0131 olarak g\u00f6renler oldu.\u00a0<strong>Bu ama\u00e7la gizlice Ahmet Do\u011fan\u2019\u0131n hain \u00e7etesiyle yard\u0131mla\u015ft\u0131lar.<\/strong> Programlar\u0131nda yerlilerimizi dede topra\u011f\u0131ndan k\u00f6k\u00fcnden s\u00f6kecek kadrolar yeti\u015ftirme, camiye gidenleri camiden cayd\u0131rma, <strong>T\u00fcrk\u00e7e bilenleri Bat\u0131ya i\u015fe g\u00f6nderip oradaki \u015febekelere kurban etme ve k\u00f6ylerimizi, topraklar\u0131m\u0131z\u0131 bo\u015faltma, k\u00fclt\u00fcr\u00fcm\u00fcz\u00fc, ya\u015fam tarz\u0131m\u0131z\u0131 ve kimli\u011fimizi \u00f6ld\u00fcrmekti.<\/strong> Bu i\u015fte toprak alt\u0131nda karay\u0131lan\u0131n karay\u0131lana doland\u0131\u011f\u0131 gibi sarma\u015f dola\u015f olmu\u015flard\u0131. FET\u00d6\u2019c\u00fc hainler Bulgaristan\u2019da en b\u00fcy\u00fck \u00f6d\u00fcl\u00fc H\u00d6H ba\u015f haini Ahmet Do\u011fan\u2019a vermi\u015ftir. Biz Bulgaristan T\u00fcrkleri ve soyda\u015flar olarak 15 Temmuz\u2019u ve \u201c<strong>Yeni Kap\u0131<\/strong>\u201d ruh ortakl\u0131\u011f\u0131nda milli \u015fahlan\u0131\u015f\u0131m\u0131z oldu. Burada yeni bir UMUT Do\u011fudu.<\/p>\n<p><strong>Durum \u00f6yle gerilmi\u015fti ki, biz bir\u00e7ok \u015feyi halk\u0131m\u0131za anlatam\u0131yorduk.<\/strong><\/p>\n<p>FET\u00d6 imamlar\u0131n\u0131n \u201c<strong>milli \u00e7\u0131karlar\u0131n \u00fcst\u00fcnl\u00fc\u011f\u00fcnden s\u00f6z etmesine<\/strong>\u201d ak\u0131l erdirmek g\u00fc\u00e7t\u00fc. T\u00fcrkiye\u2019de okullara, TSK\u2019ne ve yarg\u0131ya s\u0131zm\u0131\u015f olmalar\u0131n\u0131 kime anlatabilirdik. 700 bin ki\u015filik bir hain s\u00fcr\u00fcs\u00fc olu\u015fturduklar\u0131n\u0131 kime s\u00f6yleyebilirdik. Adalet da\u011f\u0131tan duruma gelmi\u015flerdi. T\u00fcrkiye\u2019de adalet da\u011f\u0131tanlar\u0131n Bulgaristan\u2019da da sanki s\u00f6z hakk\u0131 olmas\u0131 do\u011fald\u0131.<\/p>\n<p>G\u00fc\u00e7lenmi\u015flerdi. G\u00fc\u00e7l\u00fc olduklar\u0131n\u0131 hissettiriyorlard\u0131. Bursa\u2019ya k\u00fcmelenmi\u015flerdi. \u201c<strong>Zaman<\/strong>\u201d muhabirleri halk\u0131n aras\u0131nda gece g\u00fcnd\u00fcz dola\u015f\u0131yor kimseyi rahat b\u0131rakm\u0131yordu. BAL-G\u00d6\u00c7 gibi derneklerin kan\u0131n\u0131 gece g\u00fcnd\u00fcz ama \u00e7akt\u0131rmadan emiyorlard\u0131. Derneklerimiz duyars\u0131zla\u015ft\u0131r\u0131labilmi\u015fti. Soyda\u015f ortamlar\u0131nda \u00e7\u00f6ken maneviyat\u0131m\u0131z \u00e7areyi Atat\u00fcrk\u2019e sar\u0131lmakta buluyordu.<\/p>\n<p><strong>26 y\u0131ldan beri peki\u015fen soyda\u015f Atat\u00fcrk\u00e7\u00fcl\u00fcn\u00fcn derin k\u00f6klerine 15 Temmuz gecesi inebildik.<\/strong><\/p>\n<p><strong>Cumhuriyet elden gidiyor \u00e7\u0131\u011fl\u0131\u011f\u0131n\u0131 i\u015fiten soka\u011fa f\u0131rlad\u0131<\/strong>.<\/p>\n<p>Y\u0131llardan beri hain olduklar\u0131 kokular\u0131nda hissedilen \u201c<strong>imamlar\u0131n<\/strong>\u201d Cumhurba\u015fkan\u0131m\u0131z\u0131 \u00f6ld\u00fcrmek istedi\u011fini i\u015fitenler meydanlara topland\u0131. Soyda\u015flar\u0131m\u0131n ortak hissiyat\u0131n\u0131 uyand\u0131ran Cumhuriyetin ve Cumhurba\u015fkan\u0131m\u0131z\u0131n tehlikede olmas\u0131 oldu. Ge\u00e7en y\u00fczy\u0131l Bulgaristan\u2019da \u00e7ok \u00e7ekmi\u015fiz b\u00fcy\u00fck tehlikelere kar\u015f\u0131 derin ortak hissiyat sahibi olmu\u015fuz, ba\u015f\u0131n\u0131 inden \u00e7\u0131karan karay\u0131lan\u0131 ans\u0131z\u0131n ve hep birlikte hissedebildik kararl\u0131 ve mert duru\u015flar\u0131yla T\u00fcrkl\u00fc\u011f\u00fcm\u00fcz\u00fc kan\u0131tlad\u0131k.<\/p>\n<p>Ve 15 Temmuz gecesi karde\u015flerimin kendilerini tank paletleri alt\u0131na nas\u0131l att\u0131\u011f\u0131n\u0131, jetlerin meclisimize att\u0131\u011f\u0131 bombalar\u0131 havada tutmak ve patlamadan \u00e7\u00f6pe atmak i\u00e7in ko\u015ftu\u011funu, kur\u015funlara siper olanlar\u0131n asfalt \u00fczerinde demokrasiyi, cumhuriyetimizi ve istikbalimizi kurtarmak i\u00e7in ate\u015fli g\u00f6zler ve s\u0131k\u0131lm\u0131\u015f yumruklarla s\u00fcr\u00fcn\u00fc\u015f\u00fcn\u00fc g\u00f6rd\u00fc\u011f\u00fcm ana kadar kafamdaki karga\u015fa devam etti.<\/p>\n<p><strong>15 Temmuz gecesi yeniden do\u011fdum. T\u00fcm k\u00e2buslar\u0131mdan duruldum. \u0130\u00e7 d\u00fc\u015fman\u0131n bizim aram\u0131zda oldu\u011funu g\u00f6rd\u00fcm ve inand\u0131m.<\/strong><\/p>\n<p>Bug\u00fcnden sonra i\u00e7 milliyet\u00e7ilik benim i\u00e7in bir duyulmama, kuram ve pratik tutumdur. D\u00fc\u015fman\u0131n yaln\u0131z d\u0131\u015far\u0131da de\u011fil aram\u0131zda oldu\u011fu art\u0131k ortadad\u0131r. \u0130\u00e7 milliyet\u00e7ilik bir \u00f6tekile\u015ftirme, milli etnik az\u0131kl\u0131klara kar\u015f\u0131 bir tav\u0131r de\u011fil, T\u00fcrk\u00fcn ve T\u00fcrkiye\u2019mizi, vatan\u0131m\u0131z\u0131 sevenlerin birbirine kar\u015f\u0131 her bak\u0131ma uyan\u0131k ve bilin\u00e7li olmas\u0131d\u0131r.<\/p>\n<p>Camiye gitmekle vatansever olunmaz, \u00e7\u00fcnk\u00fc vatanseverlik bir de her konuda uyan\u0131k olmas\u0131 ve milli olan\u0131 her bak\u0131ma sahiplenmeyi gerektirir. Biz Bulgaristanl\u0131 soyda\u015flar T\u00fcrkiye\u2019de ortak i\u00e7 milliyet\u00e7ilik \u00fczerinde ideolojik, politik ve psikolojik \u00e7al\u0131\u015fmalar\u0131n ba\u015flat\u0131lmas\u0131n\u0131, seminerler, \u00f6\u011fretici geziler, kurslar d\u00fczenlenmesinden bu konunun ders kitaplar\u0131nda, bas\u0131nda ve di\u011fer medyalarda s\u00fcrekli i\u015flenmesini \u0131srarla istiyoruz FET\u00d6 bizim i\u00e7 milliyet\u00e7ili\u011fimizi bo\u015f buldu ve i\u00e7imizi oradan oydu. Uyan\u0131k olal\u0131m.<\/p>\n<p>\u201c<strong>Ne Mutlu T\u00fcrk\u00fcm Diyeme<\/strong>!\u201d<\/p>\n<p>&nbsp;<\/p>\n<p>&nbsp;<\/p>\n<div id=\"bghab-806861343\" class=\"bghab-yazi-altinda bghab-entity-placement\"><div class=\"bghab-adlabel\">Reklamlar<\/div><script async src=\"https:\/\/pagead2.googlesyndication.com\/pagead\/js\/adsbygoogle.js\"><\/script>\r\n<!-- bghaber-yaz\u0131-sonu -->\r\n<ins class=\"adsbygoogle\"\r\n     style=\"display:block\"\r\n     data-ad-client=\"ca-pub-6203283170189293\"\r\n     data-ad-slot=\"4222328180\"\r\n     data-ad-format=\"auto\"\r\n     data-full-width-responsive=\"true\"><\/ins>\r\n<script>\r\n     (adsbygoogle = window.adsbygoogle || []).push({});\r\n<\/script><\/div><br style=\"clear: both; display: block; float: none;\"\/>","protected":false},"excerpt":{"rendered":"<p>\u00a0Rafet ULUT\u00dcRK Konu: 15 Temmuzdan sonra d\u00fcnya g\u00f6r\u00fc\u015f\u00fcm\u00fcz de\u011fi\u015fmi\u015ftir!\u00a0 \u201cNe Mutlu T\u00fcrk\u00fcm\u00a0Diyene!\u201d Biz Bulgaristanl\u0131 soyda\u015flar, bu d\u00fc\u015f\u00fcncelerim y\u00fczde y\u00fcz di\u011fer Balkan \u00fclkelerinden muhtelif zamanlardaki g\u00f6\u00e7lerle<\/p>\n","protected":false},"author":13,"featured_media":15193,"comment_status":"closed","ping_status":"closed","sticky":false,"template":"","format":"standard","meta":{"advanced_seo_description":"","jetpack_seo_html_title":"","jetpack_seo_noindex":false,"_jetpack_memberships_contains_paid_content":false,"footnotes":""},"categories":[6],"tags":[],"class_list":["post-20059","post","type-post","status-publish","format-standard","has-post-thumbnail","hentry","category-yorum"],"jetpack_featured_media_url":"https:\/\/i0.wp.com\/www.bghaber.org\/bghaber\/wp-content\/uploads\/2015\/06\/Rafet0010.jpg?fit=777%2C813&ssl=1","jetpack_sharing_enabled":true,"jetpack_likes_enabled":true,"jetpack-related-posts":[],"jetpack_shortlink":"https:\/\/wp.me\/pc2PfJ-5dx","_links":{"self":[{"href":"https:\/\/www.bghaber.org\/bghaber\/wp-json\/wp\/v2\/posts\/20059","targetHints":{"allow":["GET"]}}],"collection":[{"href":"https:\/\/www.bghaber.org\/bghaber\/wp-json\/wp\/v2\/posts"}],"about":[{"href":"https:\/\/www.bghaber.org\/bghaber\/wp-json\/wp\/v2\/types\/post"}],"author":[{"embeddable":true,"href":"https:\/\/www.bghaber.org\/bghaber\/wp-json\/wp\/v2\/users\/13"}],"replies":[{"embeddable":true,"href":"https:\/\/www.bghaber.org\/bghaber\/wp-json\/wp\/v2\/comments?post=20059"}],"version-history":[{"count":0,"href":"https:\/\/www.bghaber.org\/bghaber\/wp-json\/wp\/v2\/posts\/20059\/revisions"}],"wp:featuredmedia":[{"embeddable":true,"href":"https:\/\/www.bghaber.org\/bghaber\/wp-json\/wp\/v2\/media\/15193"}],"wp:attachment":[{"href":"https:\/\/www.bghaber.org\/bghaber\/wp-json\/wp\/v2\/media?parent=20059"}],"wp:term":[{"taxonomy":"category","embeddable":true,"href":"https:\/\/www.bghaber.org\/bghaber\/wp-json\/wp\/v2\/categories?post=20059"},{"taxonomy":"post_tag","embeddable":true,"href":"https:\/\/www.bghaber.org\/bghaber\/wp-json\/wp\/v2\/tags?post=20059"}],"curies":[{"name":"wp","href":"https:\/\/api.w.org\/{rel}","templated":true}]}}