{"id":20047,"date":"2016-08-09T00:33:10","date_gmt":"2016-08-08T21:33:10","guid":{"rendered":"http:\/\/www.bghaber.org\/bghaber\/?p=20047"},"modified":"2022-06-14T10:49:22","modified_gmt":"2022-06-14T07:49:22","slug":"20047-2","status":"publish","type":"post","link":"https:\/\/www.bghaber.org\/bghaber\/20047-2\/","title":{"rendered":"Bulgaristan T\u00fcrklerinden Daha Ne \u0130stiyorsunuz?"},"content":{"rendered":"<p>Konu: <strong>138 y\u0131ldan beri gerilemeye zorlan\u0131yoruz.<\/strong><\/p>\n<p><strong>\u00a0\u00a0\u00a0\u00a0\u00a0\u00a0\u00a0\u00a0\u00a0\u00a0 En b\u00fcy\u00fck Bulgar yalan\u0131 \u2013 tolerans.<\/strong><\/p>\n<p><strong>\u00a0\u00a0\u00a0\u00a0\u00a0\u00a0\u00a0\u00a0\u00a0\u00a0 En b\u00fcy\u00fck H\u00d6H yalan\u0131 \u2013 \u201cBulgar Etnik Modeli.\u201d<\/strong><\/p>\n<p><strong>\u00a0 \u00a0 \u00a0 \u00a0 \u00a0 \u00a0<\/strong><strong>Bulgaristan T\u00fcrklerinden Daha Ne \u0130stiyorsunuz?<\/strong><\/p>\n<p>\u201c<strong><em>T\u00fcrkler yenilebilir, ama esir edilemezler<\/em><\/strong>\u201d s\u00f6z\u00fcn\u00fcn sahibi Napolyon, bir sava\u015f esnas\u0131nda, emrindeki subaylardan birinden bir mektup al\u0131r.<\/p><div id=\"bghab-2409018046\" class=\"bghab-icerik-icine bghab-entity-placement\"><script async src=\"\/\/pagead2.googlesyndication.com\/pagead\/js\/adsbygoogle.js?client=ca-pub-6203283170189293\" crossorigin=\"anonymous\"><\/script><ins class=\"adsbygoogle\" style=\"display:block; text-align:center;\" data-ad-client=\"ca-pub-6203283170189293\" \ndata-ad-slot=\"7303146466\" \ndata-ad-layout=\"in-article\"\ndata-ad-format=\"fluid\" data-full-width-responsive=\"true\"><\/ins>\n<script> \n(adsbygoogle = window.adsbygoogle || []).push({}); \n<\/script>\n<\/div>\n<p>Mektupta, \u201c<strong><em>Emir buyurdu\u011funuz yerin al\u0131nmas\u0131 imk\u00e2ns\u0131z<\/em><\/strong>\u201d diye yazmaktad\u0131r.<\/p>\n<p>Napolyon\u2019un cevab\u0131 \u015f\u00f6yledir: \u201c<strong><em>Siz mektubunuzda bunun bana \u2018imk\u00e2ns\u0131z\u2019 oldu\u011funu yaz\u0131yorsunuz. Bu s\u00f6zc\u00fck Frans\u0131zca de\u011fildir<\/em><\/strong>.\u201d<\/p>\n<p>***<\/p>\n<p>Napolyon T\u00fcrklerin b\u00f6yle insanlar oldu\u011funu daha 1805\u2019te anlam\u0131\u015ft\u0131. 200 sene sonra Bulgarlar h\u00e2l\u00e2 anlayamad\u0131lar. Ne yapal\u0131m ba\u015fa gelen \u00e7ekilir! Beyhan Mustafa \u201c<strong>Ekip 7<\/strong>\u201d gazetesinde Bulgarca \u00e7\u0131kan yaz\u0131s\u0131nda olaylar\u0131 \u015f\u00f6yle anlat\u0131yor. Terc\u00fcmesini size de sunuyoruz:<\/p>\n<p>Osmanl\u0131 idaresi 500 seneden uzun bir s\u00fcre (1362\u2019den 1913\u2019e) Bulgarlara Bulgarca konu\u015fmay\u0131 hi\u00e7bir yerde ve hi\u00e7bir zaman yasaklamam\u0131\u015ft\u0131. H\u0131ristiyanlar\u0131n da \u0130ncil\u2019den ayinleri ve dualar\u0131 Arap\u00e7a ya da Osmanl\u0131ca okumalar\u0131n\u0131 asla istemedi.<\/p><div id=\"bghab-3092261169\" class=\"bghab-icerik-icine-10-paragraf bghab-entity-placement\"><script async src=\"\/\/pagead2.googlesyndication.com\/pagead\/js\/adsbygoogle.js?client=ca-pub-6203283170189293\" crossorigin=\"anonymous\"><\/script><ins class=\"adsbygoogle\" style=\"display:block; text-align:center;\" data-ad-client=\"ca-pub-6203283170189293\" \ndata-ad-slot=\"7303146466\" \ndata-ad-layout=\"in-article\"\ndata-ad-format=\"fluid\" data-full-width-responsive=\"true\"><\/ins>\n<script> \n(adsbygoogle = window.adsbygoogle || []).push({}); \n<\/script>\n<\/div>\n<p>Ve siz, 1933 y\u0131l\u0131nda bug\u00fcnk\u00fc Razgrat \u015fehir k\u00fct\u00fcphanesinin bulundu\u011fu yerde (eski hastane ve \u201c<strong>Kas\u0131m Pa\u015fa<\/strong>\u201d cami b\u00f6lgesinde) \u00fclkenin de\u011fi\u015fik yerlerinden g\u00f6nderilen, intikam k\u00f6p\u00fcren, fa\u015fist Bulgar ordu mensuplar\u0131n\u0131n, \u015fu <strong>Srebnitsa<\/strong> \u00f6rne\u011finde oldu\u011fundan beter, toplu soyk\u0131r\u0131m yapmak ve bar\u0131\u015f\u00e7\u0131 sivil T\u00fcrk ahalisini topluca g\u00f6mmek amac\u0131yla mezar kazd\u0131\u011f\u0131n\u0131 biliyor muydunuz? Hem de Razgrat gibi bir \u015fehirde; \u00a01989 \u201c<strong>May\u0131s Olaylar\u0131<\/strong>\u201d esnas\u0131nda, \u015fehrin tam merkezinde \u201c<strong>\u0130brahim Pa\u015fa<\/strong>\u201d camii \u00f6n\u00fcnde Bulgar ordusu (BA), devlet g\u00fcvenlik g\u00fc\u00e7leri (DS), k\u0131z\u0131l bereliler ve itfaiye g\u00fc\u00e7lerinin bar\u0131\u015f\u00e7\u0131 sivil g\u00f6steri yapan T\u00fcrklerin \u00fczerine tanklarla, z\u0131rhl\u0131 ara\u00e7larla, makineli t\u00fcfeklerle ate\u015f a\u00e7\u0131larak ve i\u00e7i \u00e7ak\u0131l dolu g\u00fc\u00e7l\u00fc su p\u00fcsk\u00fcrterek da\u011f\u0131t\u0131\u011f\u0131, yaralad\u0131\u011f\u0131 ve tutuklad\u0131\u011f\u0131 bilinirken, bu yerde ne gibi toleranstan s\u00f6z edilebilir.<\/p>\n<p>Yukar\u0131da i\u015faret etti\u011fim o s\u00f6z\u00fcm ona birinci \u201c<strong>tolerans<\/strong>\u201d \u00f6rne\u011finin durdurulmas\u0131nda Mustafa Kemal Atat\u00fcrk\u2019\u00fcn y\u0131ld\u0131r\u0131m m\u00fcdahalesini an\u0131msayan ve hat\u0131rat anlatan yerliler hala tek t\u00fcm bulunabilirken, ikinci \u201c<strong>tolerans<\/strong>\u201d \u00f6rne\u011finde sivil vatanda\u015flar\u0131n daha fazlas\u0131 \u00f6m\u00fcr boyu sakat kald\u0131, \u00e7\u00fcnk\u00fc devlet g\u00fcvenlik g\u00fcc\u00fc (DS) \u00a0\u00f6zel bir emirle onlara ilk yard\u0131m g\u00f6sterilmesini yasaklam\u0131\u015ft\u0131.<\/p>\n<p>Yine o karanl\u0131k d\u00f6nemde (1985 \u2013 1989), \u00f6l\u00fclerimiz akla \u00e7\u0131lg\u0131nl\u0131k veren \u00e7arp\u0131k ve uyduruk ateist kom\u00fcnist matem usul\u00fcyle \u201c<strong>Karde\u015f mezarlar\u0131na<\/strong>\u201d defnediliyordu. \u00d6l\u00fclerimizin kemiklerinin bulunmas\u0131n\u0131 engellemek ve bug\u00fcn Bulgaristan ve T\u00fcrkiye\u2019den gelen yak\u0131nlar\u0131n\u0131n bir demet \u00e7i\u00e7ek koyup bir ibrik su d\u00f6kerek bir Fatiha okunmas\u0131na izin vermemek i\u00e7in hepsi yok ediliyordu. Bu, ne Hitler, ne Stalin ne de hatta Karaji\u00e7 taraf\u0131ndan yap\u0131lm\u0131\u015ft\u0131r. \u00d6l\u00fclerimizin mezarlar\u0131yla do\u011frudan do\u011fruya d\u00fcped\u00fcz alay edilmi\u015ftir.<\/p>\n<p>20.y\u00fczy\u0131l\u0131n 40\u2019l\u0131, 50\u2019li, 60\u2019l\u0131 y\u0131llar\u0131nda ayakta ve ibadete a\u00e7\u0131k olan <strong>Razgrad\u2019\u0131n \u201cBehram Bey\u201d, \u201c\u0130skender Bey\u201d, \u201cKas\u0131m Pa\u015fa\u201d, \u201cAk\u201d, \u201cHac\u0131 M\u00fcsl\u00fcm\u201d, \u201cMuz\u201d ve \u201cEski\u201d camileri<\/strong> nerede? G\u00fcya k\u00fclt\u00fcr an\u0131t\u0131 ilan edilen, <strong>\u201c\u0130bram Pa\u015fa\u201d<\/strong> camii 50 y\u0131ldan beri kaderine terk edilmi\u015f olup harap olmaya devam ediyor. Y\u0131llar \u00f6nce \u00e7evresinde 5 bin metre kare arazisi olan bu tarihi eserin dolay\u0131nda halen 525 metre kare arazi kald\u0131.<\/p>\n<p><strong>Razgrat T\u00fcrk Pedagoji Enstit\u00fcs\u00fc<\/strong> neden kapat\u0131ld\u0131: 20. y\u00fczy\u0131l\u0131n 60-l\u0131 y\u0131llar\u0131n\u0131n sonuna kadar Razgrat \u015fehrinde ve eyaletinde e\u011fitim ve \u00f6\u011fretim veren ilk ve orta laik medeni okullar nerede? Kur\u015funlu Han, \u015fadravan, T\u00fcrk Hamamlar\u0131, t\u00fcrbeler, M\u00fcsl\u00fcman Vak\u0131f konak ve tesisleri, \u00a0T\u00fcrk k\u00fct\u00fcphanesi ve ona ba\u011fl\u0131 olarak etkinlik y\u00fcr\u00fcten okuma evi nerede kald\u0131?<\/p><div id=\"bghab-1727178919\" class=\"bghab-icerik-icine-15-paragraf bghab-entity-placement\"><script async src=\"\/\/pagead2.googlesyndication.com\/pagead\/js\/adsbygoogle.js?client=ca-pub-6203283170189293\" crossorigin=\"anonymous\"><\/script><ins class=\"adsbygoogle\" style=\"display:block; text-align:center;\" data-ad-client=\"ca-pub-6203283170189293\" \ndata-ad-slot=\"7303146466\" \ndata-ad-layout=\"in-article\"\ndata-ad-format=\"fluid\" data-full-width-responsive=\"true\"><\/ins>\n<script> \n(adsbygoogle = window.adsbygoogle || []).push({}); \n<\/script>\n<\/div>\n<p><strong>Razgrat T\u00fcrk Dram ve M\u00fczikal Tiyatrosu<\/strong> neden kapat\u0131ld\u0131 ve \u201c<strong>Razvitie<\/strong>\u201d k\u00fclt\u00fcr merkezinde g\u00f6revli olanlar neden i\u015flerinden k\u00f6pek gibi kovuldular.<\/p>\n<p>Tolerans denen bize kar\u015f\u0131 uygulanan canl\u0131 fa\u015fizm ve kom\u00fcnizmdir!<\/p>\n<p>Bu anlatt\u0131klar\u0131m\u0131z yaln\u0131z Razgrat olup bitenlerdir, Bulgaristan\u2019\u0131n di\u011fer \u015fehir kasaba ve k\u00f6ylerine atlarsak, 1879\u2019dan ba\u015flayarak g\u00fcn\u00fcm\u00fcze kadar uzanan b\u00fct\u00fcn y\u0131llarda Bulgar toplumunun fa\u015fistle\u015ftirilmi\u015f ve kom\u00fcnizm art\u0131\u011f\u0131 vurup k\u0131r\u0131c\u0131 tak\u0131m\u0131n\u0131n uygulad\u0131\u011f\u0131 zul\u00fcm \u00fcst\u00fcne Bulgar <strong>\u201ctolerans\u0131\u201d<\/strong> konulu y\u00fczlerce kitap yaz\u0131labilir.<\/p>\n<p>Ad\u0131na g\u00fcya \u201c<strong>soya d\u00f6n\u00fc\u015f<\/strong>\u201d denen ve 1984 ile 1989 y\u0131llar\u0131 aras\u0131 d\u00f6nemde T\u00fcrk dili yasaklanm\u0131\u015f ve bizim anadilimizle alay edenler dilimize \u201c<strong>patagonca<\/strong>\u201d demi\u015fti. Bizim iyi niyetli dostlar\u0131m\u0131z olan Bulgarlar bile bizimle g\u00f6r\u00fc\u015f\u00fcrken ara s\u0131ra birka\u00e7 T\u00fcrk\u00e7e s\u00f6z ka\u00e7\u0131rd\u0131klar\u0131nda cezaland\u0131r\u0131lm\u0131\u015flard\u0131.<\/p>\n<p>20.y\u00fczy\u0131l\u0131n 50\u2019li ve 60\u2019l\u0131 y\u0131llar\u0131nda Razgrat ve b\u00f6lgesinde ya\u015fayan ekseri T\u00fcrk n\u00fcfus, yerli Bulgarlarla iyi kom\u015fuluk ve anla\u015fma i\u00e7indeydi. Bulgaristan Kom\u00fcnist Partisi Merkez Komitesi\u2019nin Nisan Geni\u015f Oturumundan sonra <strong>Razgrat \u015fehrinde ve belediye merkezlerinde Stranca Da\u011flar\u0131 ve Koca Balkan k\u00f6ylerinden toplanan, T\u00fcrk d\u00fc\u015fmanl\u0131\u011f\u0131yla e\u011fitilmi\u015f Bulgar n\u00fcfustan aileleri, T\u00fcrk, \u00c7ingene ve Pomak asker gen\u00e7lere bedava in\u015fa ettirilen panel apartmanlara \u00e7ok ucuza yerle\u015ftirildi. <\/strong>Getirilen Bulgarlara parasal destek g\u00f6stererek, b\u00f6lgede s\u0131k\u0131 kontrol uygulayabilmek i\u00e7in onlar\u0131 en \u00f6nemli i\u015flere atay\u0131p yerli T\u00fcrkler \u00fczerinde yo\u011fun bask\u0131 uygulamaya ve s\u0131k\u0131nt\u0131l\u0131 bir ya\u015fam t\u0131rmand\u0131rmaya ba\u015flad\u0131.<\/p><div id=\"bghab-3884317379\" class=\"bghab-icerik-icine-20-paragraf bghab-entity-placement\"><script async src=\"\/\/pagead2.googlesyndication.com\/pagead\/js\/adsbygoogle.js?client=ca-pub-6203283170189293\" crossorigin=\"anonymous\"><\/script><ins class=\"adsbygoogle\" style=\"display:block; text-align:center;\" data-ad-client=\"ca-pub-6203283170189293\" \ndata-ad-slot=\"7303146466\" \ndata-ad-layout=\"in-article\"\ndata-ad-format=\"fluid\" data-full-width-responsive=\"true\"><\/ins>\n<script> \n(adsbygoogle = window.adsbygoogle || []).push({}); \n<\/script>\n<\/div>\n<p>Ve ben \u015fimdi sizden 1984\u20131989 d\u00f6neminde T\u00fcrklere zul\u00fcm eden Bulgarlardan bir tanecik bile tutuklanm\u0131\u015f, sorgulanm\u0131\u015f ve i\u00e7eri at\u0131lm\u0131\u015f neden yok diye soruyorum? Daha da somut olarak, <strong>1989\u2019da Razgrat, Ezer\u00e7e k\u00f6y\u00fc, Dyankovo k\u00f6y\u00fc<\/strong> ve daha bir\u00e7ok k\u00f6yde \u201c<strong>May\u0131s Olaylar\u0131<\/strong>\u201d esnas\u0131nda bask\u0131 ve ter\u00f6r uygulayanlardan neden bir tanecik olsun yarg\u0131lanmad\u0131?\u00a0 Nas\u0131l olur da, ilk f\u0131rsat\u0131 ele ge\u00e7irdiklerinde b\u00f6lgede ya\u015fayan sivil T\u00fcrk ahalisinden m\u00fcmk\u00fcn oldu\u011fu kadar daha b\u00fcy\u00fck say\u0131da su\u00e7suz T\u00fcrk\u2019\u00fc han\u00e7erlemeye ya da kur\u015funlamaya haz\u0131r olan o eski katiller bug\u00fcn de hep serbest dola\u015fabiliyorlar? 2003\u20132006 y\u0131llar\u0131 aras\u0131nda Sofya\u2019da \u201c<strong>Malkovo T\u0131rnovo<\/strong>\u201d soka\u011f\u0131ndaki gizli polisin binas\u0131 e\u015fcinsellerin bulu\u015fma yerine d\u00f6n\u00fc\u015ft\u00fcr\u00fclm\u00fc\u015ft\u00fc. Yine Sofya\u2019da \u201c<strong>Slivnitsa<\/strong>\u201d bulvar\u0131nda Halka Ter\u00f6r Uygulama merkezi 20. y\u00fczy\u0131l\u0131n 70\u2019li y\u0131llar\u0131nda Bulgaristan Kom\u00fcnist Partisi ileri gelen kadrolar\u0131n\u0131n girip \u00e7\u0131kt\u0131\u011f\u0131 genel ev haline getirildikten sonra, hi\u00e7 d\u00fc\u015f\u00fcnd\u00fcn\u00fcz m\u00fc, Razgrat ceza evi ve \u201c<strong>DS<\/strong>\u201dnin sivillere i\u015fkence merkezleri bug\u00fcn ne haldedir?<\/p>\n<p>Bulgaristan\u2019da Pomak, T\u00fcrk ve \u00c7ingene n\u00fcfus \u00fczerinde uygulanan s\u00f6z\u00fcm ona \u201cSoya d\u00f6n\u00fc\u015f\u201d ter\u00f6r\u00fc i\u00e7in tutuklan\u0131p yarg\u0131lananlar olmayan bir hi\u00e7bir \u00f6z\u00fcr kabul etmeye haz\u0131r de\u011filiz.<\/p>\n<p>Biz adalet ve su\u00e7lular\u0131n cezaland\u0131r\u0131lmalar\u0131n\u0131 istiyoruz!<\/p>\n<p>Kuzey kom\u015fumuz Romanya\u2019da etnik az\u0131nl\u0131k olan n\u00fcfus genel n\u00fcfus i\u00e7inde % 20 ise, az\u0131nl\u0131\u011f\u0131n dili ikinci anadil say\u0131l\u0131yor.<\/p>\n<p>2001 y\u0131l\u0131nda Ohri G\u00f6l\u00fc sayfiye merkezinde imzalanan bire s\u00f6zle\u015fme gere\u011fi, Makedonya\u2019da Arnavut dili ikinci resmi dil olarak kabul edildi. Romanya ve Makedonya Modeli Bulgaristan Cumhuriyet\u2019inde uygulan\u0131rsa <strong>K\u0131rcaali, Haskovo (Hask\u00f6y) Razgrad (Hezargrat), T\u0131rgovi\u015fte (Eskicuma), Silistra (Silistre), \u015eumen (\u015eumnu), Dobri\u00e7 (Hac\u0131o\u011flu Pazarc\u0131k), Ruse (Rus\u00e7uk), Varna (Varna), Burgac (Burgas), Plovdiv (Filibe)<\/strong> ve di\u011fer bir\u00e7ok merkezde T\u00fcrk dili otomatik <strong>olarak 2. resmi dil oluyor.<\/strong><\/p><div id=\"bghab-4198793558\" class=\"bghab-icerik-icine-25-paragraf bghab-entity-placement\"><script async src=\"\/\/pagead2.googlesyndication.com\/pagead\/js\/adsbygoogle.js?client=ca-pub-6203283170189293\" crossorigin=\"anonymous\"><\/script><ins class=\"adsbygoogle\" style=\"display:block; text-align:center;\" data-ad-client=\"ca-pub-6203283170189293\" \ndata-ad-slot=\"7303146466\" \ndata-ad-layout=\"in-article\"\ndata-ad-format=\"fluid\" data-full-width-responsive=\"true\"><\/ins>\n<script> \n(adsbygoogle = window.adsbygoogle || []).push({}); \n<\/script>\n<\/div>\n<div id=\"bghab-361172882\" class=\"bghab-yazi-altinda bghab-entity-placement\"><div class=\"bghab-adlabel\">Reklamlar<\/div><script async src=\"https:\/\/pagead2.googlesyndication.com\/pagead\/js\/adsbygoogle.js\"><\/script>\r\n<!-- bghaber-yaz\u0131-sonu -->\r\n<ins class=\"adsbygoogle\"\r\n     style=\"display:block\"\r\n     data-ad-client=\"ca-pub-6203283170189293\"\r\n     data-ad-slot=\"4222328180\"\r\n     data-ad-format=\"auto\"\r\n     data-full-width-responsive=\"true\"><\/ins>\r\n<script>\r\n     (adsbygoogle = window.adsbygoogle || []).push({});\r\n<\/script><\/div><br style=\"clear: both; display: block; float: none;\"\/>","protected":false},"excerpt":{"rendered":"<p>Konu: 138 y\u0131ldan beri gerilemeye zorlan\u0131yoruz. \u00a0\u00a0\u00a0\u00a0\u00a0\u00a0\u00a0\u00a0\u00a0\u00a0 En b\u00fcy\u00fck Bulgar yalan\u0131 \u2013 tolerans. \u00a0\u00a0\u00a0\u00a0\u00a0\u00a0\u00a0\u00a0\u00a0\u00a0 En b\u00fcy\u00fck H\u00d6H yalan\u0131 \u2013 \u201cBulgar Etnik Modeli.\u201d \u00a0 \u00a0 \u00a0<\/p>\n","protected":false},"author":13,"featured_media":0,"comment_status":"closed","ping_status":"closed","sticky":false,"template":"","format":"standard","meta":{"advanced_seo_description":"","jetpack_seo_html_title":"","jetpack_seo_noindex":false,"_jetpack_memberships_contains_paid_content":false,"footnotes":""},"categories":[6],"tags":[],"class_list":["post-20047","post","type-post","status-publish","format-standard","hentry","category-yorum"],"jetpack_featured_media_url":"","jetpack_sharing_enabled":true,"jetpack_likes_enabled":true,"jetpack-related-posts":[],"jetpack_shortlink":"https:\/\/wp.me\/pc2PfJ-5dl","_links":{"self":[{"href":"https:\/\/www.bghaber.org\/bghaber\/wp-json\/wp\/v2\/posts\/20047","targetHints":{"allow":["GET"]}}],"collection":[{"href":"https:\/\/www.bghaber.org\/bghaber\/wp-json\/wp\/v2\/posts"}],"about":[{"href":"https:\/\/www.bghaber.org\/bghaber\/wp-json\/wp\/v2\/types\/post"}],"author":[{"embeddable":true,"href":"https:\/\/www.bghaber.org\/bghaber\/wp-json\/wp\/v2\/users\/13"}],"replies":[{"embeddable":true,"href":"https:\/\/www.bghaber.org\/bghaber\/wp-json\/wp\/v2\/comments?post=20047"}],"version-history":[{"count":0,"href":"https:\/\/www.bghaber.org\/bghaber\/wp-json\/wp\/v2\/posts\/20047\/revisions"}],"wp:attachment":[{"href":"https:\/\/www.bghaber.org\/bghaber\/wp-json\/wp\/v2\/media?parent=20047"}],"wp:term":[{"taxonomy":"category","embeddable":true,"href":"https:\/\/www.bghaber.org\/bghaber\/wp-json\/wp\/v2\/categories?post=20047"},{"taxonomy":"post_tag","embeddable":true,"href":"https:\/\/www.bghaber.org\/bghaber\/wp-json\/wp\/v2\/tags?post=20047"}],"curies":[{"name":"wp","href":"https:\/\/api.w.org\/{rel}","templated":true}]}}