{"id":20045,"date":"2016-08-09T00:29:40","date_gmt":"2016-08-08T21:29:40","guid":{"rendered":"http:\/\/www.bghaber.org\/bghaber\/?p=20045"},"modified":"2016-08-09T08:16:52","modified_gmt":"2016-08-09T05:16:52","slug":"tarih-bilmeyen-gelecek-kuramaz","status":"publish","type":"post","link":"https:\/\/www.bghaber.org\/bghaber\/tarih-bilmeyen-gelecek-kuramaz\/","title":{"rendered":"Tarih Bilmeyen Gelecek Kuramaz\u00a0\u00a0\u00a0\u00a0"},"content":{"rendered":"<p><img data-recalc-dims=\"1\" loading=\"lazy\" decoding=\"async\" class=\"\" src=\"https:\/\/i0.wp.com\/www.bghaber.org\/bghaber\/wp-content\/uploads\/2014\/05\/rafet-00.jpg?resize=91%2C110\" alt=\"rafet-uluturk\" width=\"91\" height=\"110\" \/> Rafet ULUT\u00dcRK<\/p>\n<p>Konu: 100 y\u0131l demokrasi dersleri T\u00fcrkiye\u2019den.<strong>\u00a0 \u00a0 \u00a0 \u00a0 \u00a0 \u00a0\u00a0<\/strong><strong>\u00a0 \u00a0 \u00a0 \u00a0 \u00a0 \u00a0 \u00a0 \u00a0<\/strong><\/p>\n<p>\u201c<strong>Ne Mutlu T\u00fcrk\u00fcm Diyeme<\/strong>!\u201d<\/p>\n<p>15 Temmuz gecesi Avrupa salonlar\u0131 p\u0131r\u0131l p\u0131r\u0131ld\u0131. Purolar\u0131 t\u00fct\u00fcr\u00fcyorlard\u0131. Kartlar da\u011f\u0131t\u0131l\u0131yor. Masalar \u00fczerinde dola\u015fan havada 100 y\u0131l \u00f6nce \u00c7anakkale\u2019den sava\u015f gemileri demir al\u0131rken s\u00f6ylenmi\u015f, \u201c<strong>Anadolu\u2019yu T\u00fcrklere b\u0131rakmayaca\u011f\u0131z<\/strong>\u201d yemini yuvarlan\u0131yordu. Pullar\u0131 dizen oyuncular\u0131n bekledi\u011fi bir haber vard\u0131. Olaylar hayal ettikleri gibi geli\u015fti\u011finde imparatorluklar\u0131n sonuncusu ve en b\u00fcy\u00fcn\u00fc Osmanl\u0131y\u0131 tarihe u\u011furlama \u015fenlikleri ba\u015flayacak, \u015fampanyalar kristal kadehlerde k\u00f6p\u00fcrecekti. Osmanl\u0131y\u0131 par\u00e7alad\u0131klar\u0131 gibi son kaleyi de bitirmeye karar alm\u0131\u015flard\u0131.<\/p>\n<p><strong>Hayal edilenin boyut neydi bilir misiniz? <\/strong><\/p><div id=\"bghab-1550036286\" class=\"bghab-icerik-icine bghab-entity-placement\"><script async src=\"\/\/pagead2.googlesyndication.com\/pagead\/js\/adsbygoogle.js?client=ca-pub-6203283170189293\" crossorigin=\"anonymous\"><\/script><ins class=\"adsbygoogle\" style=\"display:block; text-align:center;\" data-ad-client=\"ca-pub-6203283170189293\" \ndata-ad-slot=\"7303146466\" \ndata-ad-layout=\"in-article\"\ndata-ad-format=\"fluid\" data-full-width-responsive=\"true\"><\/ins>\n<script> \n(adsbygoogle = window.adsbygoogle || []).push({}); \n<\/script>\n<\/div>\n<p>Ad\u0131na emperyalizm denen ve kafalar\u0131ndan yaln\u0131z d\u00fcnya hakimiyeti kurmak ve t\u00fcm halklar\u0131 s\u00f6m\u00fcrmekle ge\u00e7enlerin kar\u015f\u0131s\u0131nda da\u011f\u0131t\u0131lan karde\u015f kavgas\u0131 ile bir birilerini yok edenler y\u00fczy\u0131l\u0131n hezimetinden kurtulmay\u0131 bekliyorlard\u0131. 100 y\u0131l \u00f6nce k\u00fct\u00fck-k\u00fct\u00fc\u011fe yat\u0131rd\u0131klar\u0131 Osmanl\u0131n\u0131n kellesini Anadolu ve Trakya T\u00fcrklerinin eline s\u0131k\u0131\u015ft\u0131ramam\u0131\u015f olmalar\u0131ndan rahats\u0131zd\u0131lar.<\/p>\n<p>15 Temmuz gecesi, kellesini o zaman alamad\u0131klar\u0131 Osmanl\u0131 ve varisi T\u00fcrkiye Cumhuriyeti Devleti ile kesin hesapla\u015farak sormak istedikleri bir soru vard\u0131: \u201c<strong>K\u00f6leli\u011fi kabul ediyor musunuz?<\/strong><\/p>\n<p>Biz Atat\u00fcrk askerleriyiz! Kabul etmiyoruz!<\/p>\n<p>Dedi\u011fimizde son s\u00f6zleri \u015fu olacakt\u0131: \u201c<strong>Hadi herkes geldi\u011fi yere!<\/strong>\u201d<\/p>\n<p>\u0130\u015fte bu g\u00fcn halk \u0130STANBUL YEN\u0130KAPIDAN HAYKIRDI<\/p><div id=\"bghab-3576749089\" class=\"bghab-icerik-icine-10-paragraf bghab-entity-placement\"><script async src=\"\/\/pagead2.googlesyndication.com\/pagead\/js\/adsbygoogle.js?client=ca-pub-6203283170189293\" crossorigin=\"anonymous\"><\/script><ins class=\"adsbygoogle\" style=\"display:block; text-align:center;\" data-ad-client=\"ca-pub-6203283170189293\" \ndata-ad-slot=\"7303146466\" \ndata-ad-layout=\"in-article\"\ndata-ad-format=\"fluid\" data-full-width-responsive=\"true\"><\/ins>\n<script> \n(adsbygoogle = window.adsbygoogle || []).push({}); \n<\/script>\n<\/div>\n<p>\u201c<strong>Korkma T\u00fcrkiye\u2019m! Hainlere kar\u015f\u0131 tek y\u00fcre\u011fiz<\/strong>!\u201d<\/p>\n<p>T\u00fcrkl\u00fck ruhunun 7 A\u011fustos\u2019ta \u201c<strong>Yeni Kap\u0131<\/strong>\u201d meydan\u0131ndan d\u00fcnyaya duyurdu\u011fu budur.<\/p>\n<p>5 milyon tek a\u011f\u0131zdan \u015funu dile getirdi: \u201c<strong>Sizden ve katil\u00a0u\u015faklar\u0131n\u0131z-dan\u00a0korkumuz yok!<\/strong>\u201d<\/p>\n<p>T\u00fcrkiye tarihindeki en g\u00fczel g\u00fcnlerden birini ya\u015fad\u0131. Art\u0131k kurumu\u015ftur dedikleri Milli Kurtulu\u015f ruhu, Cumhuriyet ve demokrasi ilham\u0131 bir daha k\u00fckredi. Bu, cennet vatan\u0131m\u0131za sahip \u00e7\u0131kan\u00a0ve onu ebediyen ya\u015fatmada birle\u015fen ortak ruhumuzdu.<\/p>\n<p>\u201c<strong>Bir ba\u015fkad\u0131r benim memleketim<\/strong>!\u201d \u015fark\u0131s\u0131n\u0131 beraberce s\u00f6yleyenler bir ba\u015fkad\u0131r benim cumhuriyetim ve uzanan eller birer birer k\u0131r\u0131l\u0131r dediler. Demokrasi halk irademizin ifade buldu\u011fu TBMM\u2019de kurumla\u015fm\u0131\u015f olan, olmazsa olmaz\u0131m\u0131zd\u0131r. Gece g\u00fcnd\u00fcz dalgalanan al bayra\u011f\u0131m\u0131zla solmayan ruhumuzdur. Her yerde tramvay duraklar\u0131nda, sokaklarda meydanlarda T\u00dcRK\u0130YEM \u015fark\u0131s\u0131 y\u00fcksek sesle t\u00fcm d\u00fcnyaya sesletiliyordu.<\/p><div id=\"bghab-551721307\" class=\"bghab-icerik-icine-15-paragraf bghab-entity-placement\"><script async src=\"\/\/pagead2.googlesyndication.com\/pagead\/js\/adsbygoogle.js?client=ca-pub-6203283170189293\" crossorigin=\"anonymous\"><\/script><ins class=\"adsbygoogle\" style=\"display:block; text-align:center;\" data-ad-client=\"ca-pub-6203283170189293\" \ndata-ad-slot=\"7303146466\" \ndata-ad-layout=\"in-article\"\ndata-ad-format=\"fluid\" data-full-width-responsive=\"true\"><\/ins>\n<script> \n(adsbygoogle = window.adsbygoogle || []).push({}); \n<\/script>\n<\/div>\n<p><strong>\u201cYeni Kap\u0131\u201d ruhu 15 Temmuz zaferini ta\u00e7land\u0131rd\u0131<\/strong><\/p>\n<p>Dostlar sevinirken d\u00fc\u015fmanlar ise \u00fcz\u00fcld\u00fc. D\u00fcnyan\u0131n iplerini \u00e7ektiklerini s\u00f6yleyenler yas tuttu. Halk isyan\u0131yla bo\u015fa \u00e7\u0131kar\u0131lan darbe giri\u015fiminden sonra 22 g\u00fcn devam eden zafer karnaval\u0131 ba\u015flad\u0131. T\u00fcrk halk\u0131n\u0131 anlamakta zorluk \u00e7ekenler oldu.<\/p>\n<p><strong>Halk\u0131n ortak irade g\u00fcc\u00fcyle hezimete u\u011frat\u0131lan bir darbe yok.<\/strong><\/p>\n<p>Birbirine d\u00fc\u015fmeleri, devleti ya\u011fma etmeleri, d\u00fckkanlar\u0131 ve bankalar\u0131n ya\u011fmalanmas\u0131, sokak ve meydanlar\u0131n kan g\u00f6l\u00fcne d\u00f6n\u00fc\u015fmesi, herkesin bir anda sindirilmesi planlanm\u0131\u015fken\u2026,\u00a0 \u015fiir ve \u015fark\u0131 s\u00f6yleyen kitlenin meydanlara ko\u015faca\u011f\u0131, dalgalanan bayraklar alt\u0131na toplanaca\u011f\u0131n\u0131, Cumhurba\u015fkan\u0131 Say\u0131n R. Tayyip Erdo\u011fan\u2019a, Ba\u015fbakan Say\u0131n Binali Y\u0131ld\u0131r\u0131m\u2019a, h\u00fckumete ve kurumlar\u0131na sahip \u00e7\u0131kaca\u011f\u0131, dimdik ve kesin kararl\u0131 bir tav\u0131rla cumhuriyet ve demokrasiye sahip \u00e7\u0131kaca\u011f\u0131 d\u00fc\u015f\u00fcn\u00fclememi\u015fti. T\u00fcrkiyeyi \u0130ran\u2019a \u00e7evirmek, D\u0131\u015f g\u00fc\u00e7lerin kuklas\u0131 FET\u00d6 katilini M\u00fcsl\u00fcmanlar\u0131n ba\u015f\u0131 yapmak isteyenlerin t\u00fcm haz\u0131rl\u0131klar\u0131 ve kanl\u0131 kalk\u0131\u015fmas\u0131 hezimete u\u011frat\u0131ld\u0131.<\/p>\n<p><strong>Kendisi i\u00e7in bir \u015fey istemeyenlerin istekleri hakl\u0131yd\u0131.<\/strong><\/p><div id=\"bghab-1475482944\" class=\"bghab-icerik-icine-20-paragraf bghab-entity-placement\"><script async src=\"\/\/pagead2.googlesyndication.com\/pagead\/js\/adsbygoogle.js?client=ca-pub-6203283170189293\" crossorigin=\"anonymous\"><\/script><ins class=\"adsbygoogle\" style=\"display:block; text-align:center;\" data-ad-client=\"ca-pub-6203283170189293\" \ndata-ad-slot=\"7303146466\" \ndata-ad-layout=\"in-article\"\ndata-ad-format=\"fluid\" data-full-width-responsive=\"true\"><\/ins>\n<script> \n(adsbygoogle = window.adsbygoogle || []).push({}); \n<\/script>\n<\/div>\n<p>B\u00fcy\u00fck mitinglerden, T\u00fcrk halk\u0131n\u0131n kenetlenmesinden, meydana gelen gelincik tarlas\u0131ndan y\u00fckselen bir tek ses vard\u0131: <strong>Dirili\u015f destan\u0131 yazan b\u00fcy\u00fck bir halk \u015fahlanm\u0131\u015ft\u0131.<\/strong> B\u00fct\u00fcn d\u00fcnyaya ben buraday\u0131m, vatan, bar\u0131\u015f ve demokrasi n\u00f6betindeyim,\u00a0 var\u0131m ve var olmaya kararl\u0131y\u0131m diyordu. Devlet, h\u00fck\u00fcmet ve muhalefet, ordu ve halk daha \u00f6nce hi\u00e7 b\u00f6yle el ele vermemi\u015fti. Tarih b\u00f6yle bir olay\u0131 ilk defa yaz\u0131yordu, bunu da yine T\u00fcrk halk\u0131 yazd\u0131.<\/p>\n<p>Darbecileri lanetleyenler, emperyalizmi k\u0131nad\u0131. Cell\u00e2t FET\u00d6\u2019yu yarg\u0131 \u00f6n\u00fcne istedi. Darbe kundak\u00e7\u0131lar\u0131na, katil FET\u00d6 hoca ve imam \u00e7etesine idam, dedi.<\/p>\n<p><strong>Bizim 21. y\u00fczy\u0131l vizyonumuz art\u0131k belli oldu. <\/strong><\/p>\n<p>\u00c7anakkale ve Sakarya T\u00fcrklere bak\u0131\u015f\u0131 de\u011fi\u015ftirmi\u015fti. 15 Temmuz gecesi ve Yeni Kap\u0131 k\u00fckremesi <strong>TEK M\u0130LLET<\/strong> iradesi yaratt\u0131. Ortak ruhta bulu\u015fanlar 21. y\u00fczy\u0131l <strong>T\u00dcRK K\u0130ML\u0130\u011e\u0130 S\u0130MGES\u0130N\u0130<\/strong> olu\u015fturdu. Bu g\u00f6r\u00fcnt\u00fc, etki alan\u0131 \u00e7ok geni\u015f <strong>B\u00dcY\u00dcK T\u00dcRK\u0130YE<\/strong> g\u00f6r\u00fcnt\u00fcs\u00fcyle bi\u00e7imlendi. Amerika, \u0130ngiliz, Frans\u0131z ve Almanlara T\u00fcrkiye\u2019ye kar\u015f\u0131 birle\u015fmi\u015f, soluk ald\u0131rmayacaklar sav\u0131nda bulunanlar\u0131n hayalleri de \u00e7etin bir duvara toslad\u0131. Emperyalizmin son 50 y\u0131lda yaratabildi\u011fi en b\u00fcy\u00fck imha g\u00fcc\u00fc FET\u00d6 ve PDY \u00f6l\u00fcm \u00e7eteleri k\u0131sk\u0131vrak halk\u0131n kar\u015f\u0131s\u0131nda \u00e7aresiz kald\u0131. Kollar\u0131 kelep\u00e7elendi. Yarg\u0131lanma s\u0131ras\u0131 bekliyorlar. D\u00fcnyada t\u00fcm halklar\u0131n bizden T\u00fcrklerden \u00f6\u011frenece\u011fi \u00e7ok \u015feyler var. D\u00fcnyaya demokrasiyi korumay\u0131 \u00f6\u011frettik. Art\u0131k d\u00fcnya 100 y\u0131l demokrasi dersleri T\u00fcrkiye&#8217;den verilecektir. D\u00fc\u015fman\u0131n amans\u0131zl\u0131\u011f\u0131n\u0131 ve kimsenin g\u00f6z\u00fcn\u00fcn ya\u015f\u0131na bakmad\u0131\u011f\u0131n\u0131 da g\u00f6rebildiler. TBMM\u2019ni bombalamak ne demek bir d\u00fc\u015f\u00fcn\u00fcn!!!<\/p>\n<p><strong>T\u00fcrkiye art\u0131k zaferi kutluyor.<\/strong><\/p><div id=\"bghab-900596914\" class=\"bghab-icerik-icine-25-paragraf bghab-entity-placement\"><script async src=\"\/\/pagead2.googlesyndication.com\/pagead\/js\/adsbygoogle.js?client=ca-pub-6203283170189293\" crossorigin=\"anonymous\"><\/script><ins class=\"adsbygoogle\" style=\"display:block; text-align:center;\" data-ad-client=\"ca-pub-6203283170189293\" \ndata-ad-slot=\"7303146466\" \ndata-ad-layout=\"in-article\"\ndata-ad-format=\"fluid\" data-full-width-responsive=\"true\"><\/ins>\n<script> \n(adsbygoogle = window.adsbygoogle || []).push({}); \n<\/script>\n<\/div>\n<p><strong>Bitmedi! Yetmedi! Zafer \u015f\u00f6lenimiz bu hafta da devam edecek. Meydanlar dolup ta\u015facak. Daha b\u00fcy\u00fck bayraklar dalgalanacak. T\u00fcrkiye&#8217;miz \u00fczerine d\u00fc\u015fen sis tamamen kalkmadan durmak yok. <\/strong><\/p>\n<p>Bu \u00f6yle bir co\u015fku ki halk\u0131m\u0131z\u0131 anlatmaya s\u00f6z bulam\u0131yoruz. Cumhuriyet tarihimizde, \u0130stanbul -\u201c<strong>Yeni Kap\u0131<\/strong>\u201d mitingi gibi g\u00fc\u00e7l\u00fc d\u00fcnyada b\u00f6yle bir topluluk, birlik ve beraberlik \u00e7a\u011fr\u0131s\u0131 y\u00fckseltmemi\u015fti. 5 milyon ki\u015fi b\u00fct\u00fcn T\u00fcrkiyeyi temsil etti. \u015eehitler ve demokrasi mitingi T\u00fcrkiye bulu\u015fmas\u0131 oldu. B\u00fct\u00fcn d\u00fcnya b\u00fcy\u00fck T\u00fcrk halk\u0131n\u0131n 21. y\u00fczy\u0131lla b\u00fcy\u00fck dirili\u015fine \u015fahit oldu. Art\u0131k her konuda savsaklayan eski k\u0131ta &#8211; Avrupa vatan anlam\u0131n\u0131 yitirmi\u015fken, T\u00fcrk halk\u0131 d\u00fcnyaya \u201c<strong>VATAN B\u00d6L\u00dcNMEZ<\/strong>!\u201d dedi. Bu topraklarda egemen olan\u0131n tek halk\u0131n T\u00fcrk halk\u0131 oldu\u011funu en g\u00fc\u00e7l\u00fc bir bi\u00e7imde bir daha duyurdu. K\u00f6t\u00fcl\u00fc\u011f\u00fcm\u00fcz\u00fc d\u00fc\u015f\u00fcnenler son bir daha uyar\u0131ld\u0131. 21. y\u00fczy\u0131lda d\u00fcnya ilk kez zafer kutlad\u0131.<\/p>\n<p><strong>T\u00fcrkiye halk\u0131n\u0131n zaferi bizim de FET\u00d6\u2019ya ve yanda\u015flar\u0131na (NATO) kar\u015f\u0131 zaferimizdir.<\/strong><\/p>\n<p>Son y\u0131llarda soyda\u015flar\u0131m\u0131 daha uyan\u0131k olmaya davet ederken, benim gibi yurtsever, milliyet\u00e7i dernek\u00e7i arkada\u015flar\u0131m\u0131n alay konusu oldu\u011fumuzu biliyorum. Bulgaristan&#8217;a gitsek orada da havan\u0131n de\u011fi\u015fti\u011fini, \u201c<strong>Bulgaristan Zaman<\/strong>\u201d ve \u201c<strong>\u00dcmit<\/strong>\u201d tayfas\u0131n\u0131n, her ilde g\u00f6revlendirdi\u011fi \u201cmuhabirleriyle\u201d &#8211; ajanlar\u0131yla insan\u0131m\u0131z\u0131 b\u00f6ld\u00fc\u011f\u00fcne, par\u00e7alad\u0131\u011f\u0131na, s\u00fcrekli yalan dolanla aldatt\u0131\u011f\u0131na \u015fahit oluyordum. Bu \u00e7al\u0131\u015fmalara daha 90\u2019l\u0131 y\u0131llarda Hak ve \u00d6zg\u00fcrl\u00fck Partisinden kovulan baz\u0131 ayd\u0131nlar\u0131m\u0131z, \u00f6\u011fretmen ve \u00fcniversitelilerimiz de kat\u0131l\u0131yorlard\u0131. K\u0131rcaali\u2019de \u00f6\u011fretmen Mehmet Hoca\u2019n\u0131n \u201c<strong>Zaman<\/strong>\u201d gazetesini okumay\u0131n dedi\u011fini, fakat kahvede arkas\u0131ndan alay edildi\u011fini hat\u0131rl\u0131yorum. Bug\u00fcn ayn\u0131 \u015fahs\u0131n \u201c<strong>Zaman<\/strong>\u201d gazetesine elini s\u00fcren T\u00fcrkiye d\u00fc\u015fman\u0131d\u0131r, dedi\u011fini ve s\u00f6z\u00fcn\u00fcn tutuldu\u011funu g\u00f6r\u00fcyorum. Halk\u0131n uyanmas\u0131 y\u0131llar al\u0131yor.<\/p>\n<p>FET\u00d6-cilerin yo\u011fun \u00e7al\u0131\u015ft\u0131\u011f\u0131 d\u00f6nemde yar\u0131m\u0131z T\u00fcrkiye\u2019de olsak da, memlekette \u201c<strong>T\u00fcrkiye\u2019den bize hay\u0131r gelmez<\/strong>!\u201d s\u00f6zleri dola\u015fmaya ba\u015flam\u0131\u015ft\u0131. Bizi ana-vatan\u0131m\u0131zdan koparmak isteyenler \u00fclke \u00e7ap\u0131nda il, il \u015febekele\u015fmi\u015fler ve i\u015fleri o derece ilerletmi\u015flerdi ki, i\u015fbirli\u011fi yapt\u0131klar\u0131 H\u00d6H \u00fc gelenleri ve belediye ba\u015fkanlar\u0131 ve muhtarlar\u0131n yard\u0131m\u0131yla yalanc\u0131 ve fitneci gazetelerinin paras\u0131n\u0131 ya\u015fl\u0131lar\u0131n emekli maa\u015flar\u0131ndan direk olarak kesebiliyorlard\u0131. Bir\u00e7ok yerde FET\u00d6-n\u00fcn halk\u0131 b\u00f6l\u00fcc\u00fc ve fitne eken kitaplar\u0131 da belediyelere sat\u0131l\u0131yor ve s\u00f6zde halka bedava da\u011f\u0131t\u0131l\u0131yor ve camilerde a\u00e7\u0131klamal\u0131 konu\u015fmalar yap\u0131l\u0131yordu. 1990\u2019l\u0131 y\u0131llar\u0131n ba\u015f\u0131nda bu y\u0131k\u0131c\u0131 etkinlikleri \u00f6rg\u00fctleyen FET\u00d6 \u2013 kadrolar\u0131 \u015fimdi ABD Pensilvanya\u2019da\u00a0 Feytullah G\u00fclen haininin dolay\u0131nda hizmette bulunuyorlar. Simalar\u0131n\u0131 TV programlar\u0131nda g\u00f6r\u00fcyoruz.<\/p><div id=\"bghab-810601122\" class=\"bghab-icerik-icine-30-paragraf bghab-entity-placement\"><script async src=\"\/\/pagead2.googlesyndication.com\/pagead\/js\/adsbygoogle.js?client=ca-pub-6203283170189293\" crossorigin=\"anonymous\"><\/script><ins class=\"adsbygoogle\" style=\"display:block; text-align:center;\" data-ad-client=\"ca-pub-6203283170189293\" \ndata-ad-slot=\"7303146466\" \ndata-ad-layout=\"in-article\"\ndata-ad-format=\"fluid\" data-full-width-responsive=\"true\"><\/ins>\n<script> \n(adsbygoogle = window.adsbygoogle || []).push({}); \n<\/script>\n<\/div>\n<p>Onlar Bulgaristan&#8217;daki \u00e7al\u0131\u015fmalar\u0131n\u0131 T\u00fcrkiye\u2019deki kafa y\u0131kama ve ta\u015f kafa yeti\u015ftirme merkezlerinde e\u011fittikleri gen\u00e7 hainlere devrettiler. \u015eimdi art\u0131k halk\u0131m\u0131z\u0131n tepkisiyle y\u00fczle\u015fince, gazeteyi zorla da\u011f\u0131tt\u0131klar\u0131 kadrolar\u00a0 \u201c<strong>istemiyorum biz bu gazeteyi, kim oldu\u011funuz ve niyetiniz d\u0131\u015fa vurdu<\/strong>\u201d deyince bask\u0131ya ba\u015flad\u0131lar.<\/p>\n<p>20 y\u0131ldan beri yaz\u0131lar\u0131n\u0131 bast\u0131klar\u0131, T\u00fcrkiye&#8217;de d\u00fczenlenen toplu \u00e7al\u0131\u015fmalara, bilimsel konferanslara g\u00f6nderirken ceplerine para s\u0131k\u0131\u015ft\u0131rd\u0131klar\u0131 kadrolardan yard\u0131m istiyor, halka a\u00e7\u0131k yaz\u0131 yazmalar\u0131n\u0131, \u201c<strong>Bulgaristan Zaman<\/strong>\u201d\u0131n T\u00fcrkiye\u2019de bir e\u015fek ar\u0131s\u0131 kovan\u0131 olan \u201c<strong>Zaman<\/strong>\u201d gazetesiyle ili\u015fkisi olmad\u0131\u011f\u0131n\u0131 iddia etmeye ba\u015flad\u0131lar. Onlar\u0131n aras\u0131ndaki ba\u011flar s\u00f6zle sazla kopacak ili\u015fkiler de\u011fildir. \u201c<strong>Zaman Bulgaristan<\/strong>\u201d b\u00fct\u00fcn Balkanlarda M\u00fcsl\u00fcmanlar\u0131n nabz\u0131n\u0131 tutmaya \u00e7al\u0131\u015fan bir casus \u00f6rg\u00fct\u00fc gibi hareket etmi\u015ftir. Bu hareketi FETO&#8217;yu da y\u00f6nlendiren y\u00f6n veren NATO&#8217;culard\u0131.<\/p>\n<p>T\u00fcrkiye\u2019den FET\u00d6 kadrolar\u0131n\u0131n, gazeteci, muhabir, yard\u0131mc\u0131, dan\u0131\u015fman, e\u011fitmen k\u0131l\u0131\u011f\u0131na girip insanlar\u0131m\u0131z\u0131, ailelerimizi ispiyonlad\u0131\u011f\u0131na, durumu iyice olan ailelerimize kanca at\u0131ld\u0131\u011f\u0131na, at\u0131lgan karde\u015flerimizin eline koluna, inisiyatif\u00e7ili\u011fine kelep\u00e7e tak\u0131ld\u0131\u011f\u0131na \u015fahit olduk.<\/p>\n<p>Dededen kalma tarlas\u0131, mal\u0131 m\u00fclk\u00fc olan, cami enc\u00fcmenliklerindeki n\u00fcfus sahibi\u00a0 karde\u015flerimizin hepsi ele ge\u00e7irilmeye \u00e7al\u0131\u015f\u0131ld\u0131. Camide namaz k\u0131larken ceplerine dolar koyulan bir\u00e7ok karde\u015fimiz var.<\/p>\n<p>Sonra onlardan \u015fu ya da bu hainlik istenmi\u015f, imam hatip liselerimize FET\u00d6 kadrolar\u0131n\u0131n atanmas\u0131nda \u0131srar edilmi\u015f, baz\u0131 gen\u00e7lerimizin meclise kadar itilmesi yolu se\u00e7ilmi\u015ftir. Son 26 y\u0131lda Bulgaristan\u2019da T\u00fcrk M\u00fcsl\u00fcman etnik halk toplulu\u011funun bezmesinde, k\u00f6relmesinde ve vurdum duymaz duruma gelmesinde H\u00d6H hainli\u011fi kadar, FET\u00d6 \u00e7etesinin Bulgaristan kollar\u0131n\u0131n da rol\u00fc son derece b\u00fcy\u00fck olmu\u015ftur.<\/p><div id=\"bghab-3310134058\" class=\"bghab-icerik-icine-35-paragraf bghab-entity-placement\"><script async src=\"\/\/pagead2.googlesyndication.com\/pagead\/js\/adsbygoogle.js?client=ca-pub-6203283170189293\" crossorigin=\"anonymous\"><\/script><ins class=\"adsbygoogle\" style=\"display:block; text-align:center;\" data-ad-client=\"ca-pub-6203283170189293\" \ndata-ad-slot=\"7303146466\" \ndata-ad-layout=\"in-article\"\ndata-ad-format=\"fluid\" data-full-width-responsive=\"true\"><\/ins>\n<script> \n(adsbygoogle = window.adsbygoogle || []).push({}); \n<\/script>\n<\/div>\n<p>FET\u00d6 hain \u00e7etesinin T\u00fcrkiye&#8217;nin Kap\u0131 Kule g\u00fcmr\u00fcklerini ele ge\u00e7irmesiyle Bulgaristanl\u0131 karde\u015flerimize yap\u0131lan bask\u0131lar artt\u0131k\u00e7a t\u0131rmand\u0131r\u0131lm\u0131\u015ft\u0131. Her hareketleriyle T\u00fcrk d\u00fc\u015fman\u0131 olan bu kadrolar, g\u00fcmr\u00fcklerde kurban etlerimizi, kurban etti dolu kavanozlar\u0131m\u0131z\u0131 k\u0131rd\u0131r\u0131p \u00e7\u00f6pe att\u0131rd\u0131lar, tere ya\u011f ve ka\u015farlar\u0131m\u0131z\u0131 \u00e7\u00f6p kutular\u0131na doldurup yakt\u0131lar, peynir kurular\u0131m\u0131z\u0131 ezdiler, bizi ana-vatan\u0131m\u0131zdan ve orada ya\u015fayan yak\u0131nlar\u0131m\u0131zdan koparmak i\u00e7in ellerinden geleni arkalar\u0131na koymad\u0131lar. Ayn\u0131 zamanda \u015febekele\u015fip bizim memleketimizden, Ukrayna ve Moldova\u2019dan gelen et dolusu kamyonlara \u201ctransit\u201d belgeleri haz\u0131rlat\u0131p T\u00fcrkiye&#8217;de satt\u0131lar.<\/p>\n<p>Buradan ge\u00e7mi\u015fte haks\u0131zl\u0131k ya\u015fayanlara sesleniyoruz bu g\u00fcn bu problemlerini tekrar g\u00fcndeme getirmeleri gerekir. B\u00f6ylece h\u0131rs\u0131zlar devaml\u0131 olarak g\u00f6zle g\u00f6r\u00fclmeyen FET\u00d6\u2013\u00e7etesini g\u00fc\u00e7l\u00fc kalkan etmi\u015f ve adaletten ka\u00e7may\u0131 ba\u015farm\u0131\u015ft\u0131r.<\/p>\n<p>Bu olaylar Bulgaristan T\u00fcrklerinden bir\u00e7oklar\u0131n\u0131n evinden ve ta\u015f\u0131nmaz miras\u0131ndan olmas\u0131na, \u00e7ocuklar\u0131n\u0131 arzu ettikleri okullarda okutamamas\u0131na, maddi zorluklar \u00e7ekmelerine neden olurken, baz\u0131 arkada\u015flar\u0131m\u0131z\u0131n aylarca sorgu evlerinde s\u00fcr\u00fcnd\u00fcr\u00fclmesine, T\u00fcrkiye\u2019ye para ka\u00e7\u0131rmak su\u00e7undan yarg\u0131lanmalar\u0131na ve i\u00e7eri at\u0131lmalar\u0131na neden olmu\u015ftur.<\/p>\n<p>FET\u00d6 kangrenin Bulgaristan\u2019dan da temizlenmesi i\u00e7in ulusal \u00e7apta ba\u015flanmal\u0131d\u0131r ve bunlar\u0131 ortaya \u00e7\u0131kartmal\u0131y\u0131z. Bunlar\u0131 temizlemek i\u00e7in ise herkes bildi\u011fini Sofya B\u00fcy\u00fckel\u00e7ili\u011fine ve ayn\u0131 zamanda\u00a0Ankara&#8217;ya da bilgi vermeleri gerekir. Bu Feto \u00e7etesini bir an \u00f6nce ortaya \u00e7\u0131kartmal\u0131y\u0131z bu da bizim Bulgaristan T\u00fcrklerinin davas\u0131 olmal\u0131d\u0131r. Bu FETO&#8217;yu Bulgaristan&#8217;dan biz temizlemeliyiz, son ki\u015fi yok olana kadar m\u00fccadeleye devam. Bunu yapamaz\u00a0isek yar\u0131n kendi o\u011fullar\u0131m\u0131z\u0131 yani arkam\u0131zdan gelen yeni neslimizi kaybederken hi\u00e7 kimsenin \u00fcz\u00fclme hakk\u0131 yoktur. Sayg\u0131lar\u0131m\u0131zla,<\/p>\n<p>&nbsp;<\/p><div id=\"bghab-3295708503\" class=\"bghab-icerik-icine-40-paragraf bghab-entity-placement\"><script async src=\"\/\/pagead2.googlesyndication.com\/pagead\/js\/adsbygoogle.js?client=ca-pub-6203283170189293\" crossorigin=\"anonymous\"><\/script><ins class=\"adsbygoogle\" style=\"display:block; text-align:center;\" data-ad-client=\"ca-pub-6203283170189293\" \ndata-ad-slot=\"7303146466\" \ndata-ad-layout=\"in-article\"\ndata-ad-format=\"fluid\" data-full-width-responsive=\"true\"><\/ins>\n<script> \n(adsbygoogle = window.adsbygoogle || []).push({}); \n<\/script>\n<\/div>\n<div id=\"bghab-2885135369\" class=\"bghab-yazi-altinda bghab-entity-placement\"><div class=\"bghab-adlabel\">Reklamlar<\/div><script async src=\"https:\/\/pagead2.googlesyndication.com\/pagead\/js\/adsbygoogle.js\"><\/script>\r\n<!-- bghaber-yaz\u0131-sonu -->\r\n<ins class=\"adsbygoogle\"\r\n     style=\"display:block\"\r\n     data-ad-client=\"ca-pub-6203283170189293\"\r\n     data-ad-slot=\"4222328180\"\r\n     data-ad-format=\"auto\"\r\n     data-full-width-responsive=\"true\"><\/ins>\r\n<script>\r\n     (adsbygoogle = window.adsbygoogle || []).push({});\r\n<\/script><\/div><br style=\"clear: both; display: block; float: none;\"\/>","protected":false},"excerpt":{"rendered":"<p>Rafet ULUT\u00dcRK Konu: 100 y\u0131l demokrasi dersleri T\u00fcrkiye\u2019den.\u00a0 \u00a0 \u00a0 \u00a0 \u00a0 \u00a0\u00a0\u00a0 \u00a0 \u00a0 \u00a0 \u00a0 \u00a0 \u00a0 \u00a0 \u201cNe Mutlu T\u00fcrk\u00fcm Diyeme!\u201d 15<\/p>\n","protected":false},"author":13,"featured_media":10078,"comment_status":"closed","ping_status":"closed","sticky":false,"template":"","format":"standard","meta":{"advanced_seo_description":"","jetpack_seo_html_title":"","jetpack_seo_noindex":false,"_jetpack_memberships_contains_paid_content":false,"footnotes":""},"categories":[6],"tags":[],"class_list":["post-20045","post","type-post","status-publish","format-standard","has-post-thumbnail","hentry","category-yorum"],"jetpack_featured_media_url":"https:\/\/i0.wp.com\/www.bghaber.org\/bghaber\/wp-content\/uploads\/2014\/05\/rafet-00.jpg?fit=336%2C406&ssl=1","jetpack_sharing_enabled":true,"jetpack_likes_enabled":true,"jetpack-related-posts":[],"jetpack_shortlink":"https:\/\/wp.me\/pc2PfJ-5dj","_links":{"self":[{"href":"https:\/\/www.bghaber.org\/bghaber\/wp-json\/wp\/v2\/posts\/20045","targetHints":{"allow":["GET"]}}],"collection":[{"href":"https:\/\/www.bghaber.org\/bghaber\/wp-json\/wp\/v2\/posts"}],"about":[{"href":"https:\/\/www.bghaber.org\/bghaber\/wp-json\/wp\/v2\/types\/post"}],"author":[{"embeddable":true,"href":"https:\/\/www.bghaber.org\/bghaber\/wp-json\/wp\/v2\/users\/13"}],"replies":[{"embeddable":true,"href":"https:\/\/www.bghaber.org\/bghaber\/wp-json\/wp\/v2\/comments?post=20045"}],"version-history":[{"count":0,"href":"https:\/\/www.bghaber.org\/bghaber\/wp-json\/wp\/v2\/posts\/20045\/revisions"}],"wp:featuredmedia":[{"embeddable":true,"href":"https:\/\/www.bghaber.org\/bghaber\/wp-json\/wp\/v2\/media\/10078"}],"wp:attachment":[{"href":"https:\/\/www.bghaber.org\/bghaber\/wp-json\/wp\/v2\/media?parent=20045"}],"wp:term":[{"taxonomy":"category","embeddable":true,"href":"https:\/\/www.bghaber.org\/bghaber\/wp-json\/wp\/v2\/categories?post=20045"},{"taxonomy":"post_tag","embeddable":true,"href":"https:\/\/www.bghaber.org\/bghaber\/wp-json\/wp\/v2\/tags?post=20045"}],"curies":[{"name":"wp","href":"https:\/\/api.w.org\/{rel}","templated":true}]}}