{"id":20041,"date":"2016-08-08T03:18:33","date_gmt":"2016-08-08T01:18:33","guid":{"rendered":"http:\/\/www.bghaber.org\/bghaber\/?p=20041"},"modified":"2019-07-21T12:15:57","modified_gmt":"2019-07-21T10:15:57","slug":"15-temmuz-gur-sesi","status":"publish","type":"post","link":"https:\/\/www.bghaber.org\/bghaber\/15-temmuz-gur-sesi\/","title":{"rendered":"15 Temmuz G\u00fcr Sesi"},"content":{"rendered":"<p>Murat ULUT\u00dcRK<\/p>\n<p>Konu:\u00a0 <strong>5 milyon ruhundan f\u0131\u015fk\u0131ran ortak irade. <\/strong><\/p>\n<p>T\u00fcrk halk\u0131 15 Temmuzdan beri destan yaz\u0131yor. Gece festivallerinde \u015fiirler okundu. \u00a0Bu kahramanl\u0131kta en b\u00fcy\u00fck ozan halk\u0131n kendisiydi. Silkindi, s\u00f6ylendi, k\u0131nad\u0131, lanetledi ve giderek duruldu.<\/p>\n<p>Demokrasi i\u00e7in tank\u0131n alt\u0131na yatan insanlar\u0131n kahramanl\u0131\u011f\u0131 \u00e7ok uzun zaman yaz\u0131lacak.<\/p>\n<p>Yaz\u0131lmadan yap\u0131lmas\u0131 gerekenler var, belki de 2. Cumhuriyetin ilan edilmesi ve devletin yeniden yap\u0131lanmas\u0131 ba\u015fta gelecek. Mah\u015feri kalabal\u0131k festivalleri anlat\u0131lacak. Kitaplar yaz\u0131lacak. Hep anlat\u0131lacak. Biz T\u00fcrk\u2019\u00fcz kafam\u0131z\u0131 koruruz. Can\u0131m\u0131z\u0131 da koruruz. Ama \u00f6l\u00fcmden korkmay\u0131z.<\/p><div id=\"bghab-2917533109\" class=\"bghab-icerik-icine bghab-entity-placement\"><script async src=\"\/\/pagead2.googlesyndication.com\/pagead\/js\/adsbygoogle.js?client=ca-pub-6203283170189293\" crossorigin=\"anonymous\"><\/script><ins class=\"adsbygoogle\" style=\"display:block; text-align:center;\" data-ad-client=\"ca-pub-6203283170189293\" \ndata-ad-slot=\"7303146466\" \ndata-ad-layout=\"in-article\"\ndata-ad-format=\"fluid\" data-full-width-responsive=\"true\"><\/ins>\n<script> \n(adsbygoogle = window.adsbygoogle || []).push({}); \n<\/script>\n<\/div>\n<p>\u0130nsanlar k\u00fct\u00fc\u011f\u00fc ve sat\u0131r\u0131 odun kesmek i\u00e7in icat etmemi\u015f, fakat ilk kesilen insan kelle olmu\u015ftur. Kellesi kesilmi\u015f h\u00fck\u00fcmdarlar\u0131n egemenlik \u00f6mr\u00fc uyu\u015fuk davrananlardan \u00e7ok daha uzun olmu\u015ftur. Topkap\u0131\u2019n\u0131n ana giri\u015f kap\u0131s\u0131n\u0131n sa\u011f yan\u0131ndaki \u00f6rs- k\u00fct\u00fck odun de\u011fil, \u00a0\u00e7eliktir.<\/p>\n<p>Tarihi bilen ve sa\u011f yandaki peykaya oturan bir daha kalkamaz, \u00e7\u00fcnk\u00fc kayan kellelerin her biri akl\u0131nda s\u0131ra olup g\u00f6zleri \u00f6n\u00fcnden ge\u00e7er. Sultanlar gelece\u011fe \u00f6rs \u00fczerinde su verilmesini uygun g\u00f6rm\u00fc\u015fler. Kim ne derse desin, hukuk hayat\u0131n \u00f6n\u00fcne ge\u00e7meden adalet sa\u011flanmas\u0131 zor olur.<\/p>\n<p>Bizim gibi \u00fclkelerde i\u015fi mahkeme heyetine de y\u00fckleyemeyiz, \u00e7\u00fcnk\u00fc ruhumuz yumu\u015fad\u0131 ve g\u00f6zya\u015f\u0131na dayanamay\u0131z.\u00a0 Biz merhametli bir milletiz.<\/p>\n<p>Soru: Adaleti sa\u011flayan lider midir yoksa millet mi?<\/p>\n<p>***<\/p><div id=\"bghab-2097355864\" class=\"bghab-icerik-icine-10-paragraf bghab-entity-placement\"><script async src=\"\/\/pagead2.googlesyndication.com\/pagead\/js\/adsbygoogle.js?client=ca-pub-6203283170189293\" crossorigin=\"anonymous\"><\/script><ins class=\"adsbygoogle\" style=\"display:block; text-align:center;\" data-ad-client=\"ca-pub-6203283170189293\" \ndata-ad-slot=\"7303146466\" \ndata-ad-layout=\"in-article\"\ndata-ad-format=\"fluid\" data-full-width-responsive=\"true\"><\/ins>\n<script> \n(adsbygoogle = window.adsbygoogle || []).push({}); \n<\/script>\n<\/div>\n<p>15 Temmuzdan sonra kaleme al\u0131nan 2 \u015fiir:<\/p>\n<p><strong>Dostluk eli uzataca\u011f\u0131z<\/strong><\/p>\n<p>Kad\u0131n ya da erkek,<\/p>\n<p>Ya\u015fl\u0131 ya da gen\u00e7,<\/p>\n<p>Laik veya dindar,<\/p><div id=\"bghab-2267060471\" class=\"bghab-icerik-icine-15-paragraf bghab-entity-placement\"><script async src=\"\/\/pagead2.googlesyndication.com\/pagead\/js\/adsbygoogle.js?client=ca-pub-6203283170189293\" crossorigin=\"anonymous\"><\/script><ins class=\"adsbygoogle\" style=\"display:block; text-align:center;\" data-ad-client=\"ca-pub-6203283170189293\" \ndata-ad-slot=\"7303146466\" \ndata-ad-layout=\"in-article\"\ndata-ad-format=\"fluid\" data-full-width-responsive=\"true\"><\/ins>\n<script> \n(adsbygoogle = window.adsbygoogle || []).push({}); \n<\/script>\n<\/div>\n<p>Ba\u015f\u0131 a\u00e7\u0131k ya da ba\u015f\u0131 kapal\u0131,<\/p>\n<p>Bat\u0131l\u0131 ya da do\u011fulu,<\/p>\n<p>Alevi ya da S\u00fcnni,<\/p>\n<p>T\u00fcrk veya K\u00fcrt,<\/p>\n<p>Dost olunacaksa,<\/p><div id=\"bghab-1349600740\" class=\"bghab-icerik-icine-20-paragraf bghab-entity-placement\"><script async src=\"\/\/pagead2.googlesyndication.com\/pagead\/js\/adsbygoogle.js?client=ca-pub-6203283170189293\" crossorigin=\"anonymous\"><\/script><ins class=\"adsbygoogle\" style=\"display:block; text-align:center;\" data-ad-client=\"ca-pub-6203283170189293\" \ndata-ad-slot=\"7303146466\" \ndata-ad-layout=\"in-article\"\ndata-ad-format=\"fluid\" data-full-width-responsive=\"true\"><\/ins>\n<script> \n(adsbygoogle = window.adsbygoogle || []).push({}); \n<\/script>\n<\/div>\n<p>Birbirimizi anlamaya \u00e7al\u0131\u015facak<\/p>\n<p>Birbirimize tekrar dostluk eli uzatacaksak,<\/p>\n<p>Bug\u00fcn burada el ele vereceksek nihayet,<\/p>\n<p>Gelece\u011fimizi mutlu ve bask\u0131 alt\u0131nda olmadan ya\u015fayacaksak,<\/p>\n<p>H\u00fcr olabileceksek,<\/p><div id=\"bghab-271513238\" class=\"bghab-icerik-icine-25-paragraf bghab-entity-placement\"><script async src=\"\/\/pagead2.googlesyndication.com\/pagead\/js\/adsbygoogle.js?client=ca-pub-6203283170189293\" crossorigin=\"anonymous\"><\/script><ins class=\"adsbygoogle\" style=\"display:block; text-align:center;\" data-ad-client=\"ca-pub-6203283170189293\" \ndata-ad-slot=\"7303146466\" \ndata-ad-layout=\"in-article\"\ndata-ad-format=\"fluid\" data-full-width-responsive=\"true\"><\/ins>\n<script> \n(adsbygoogle = window.adsbygoogle || []).push({}); \n<\/script>\n<\/div>\n<p>Cumhurba\u015fkan\u0131n\u0131n ve muhalefetin tutumu da bu y\u00f6ndeyse,<\/p>\n<p>Bu bizleri sadece derinden mutlu eder.<\/p>\n<p>Gelin insanlar, g\u00fcn dostluk g\u00fcn\u00fcd\u00fcr, demokrasi birbirine hak tan\u0131makt\u0131r,<\/p>\n<p>Ayd\u0131nl\u0131klara ula\u015fmak bizlerin elimizdedir,<\/p>\n<p>Gelin bu \u015fans\u0131 kullanal\u0131m<\/p><div id=\"bghab-3328015937\" class=\"bghab-icerik-icine-30-paragraf bghab-entity-placement\"><script async src=\"\/\/pagead2.googlesyndication.com\/pagead\/js\/adsbygoogle.js?client=ca-pub-6203283170189293\" crossorigin=\"anonymous\"><\/script><ins class=\"adsbygoogle\" style=\"display:block; text-align:center;\" data-ad-client=\"ca-pub-6203283170189293\" \ndata-ad-slot=\"7303146466\" \ndata-ad-layout=\"in-article\"\ndata-ad-format=\"fluid\" data-full-width-responsive=\"true\"><\/ins>\n<script> \n(adsbygoogle = window.adsbygoogle || []).push({}); \n<\/script>\n<\/div>\n<p>Bu bizim memleketimizin hayr\u0131nad\u0131r.<\/p>\n<p>Bu birlik bize moral verir. Esin kayna\u011f\u0131 olur&#8230;<\/p>\n<p>Yorulmu\u015ftuk bu tart\u0131\u015fmalardan Yorulduk her \u015feyden.<\/p>\n<p>Dost olal\u0131m.<\/p>\n<p>K\u00f6t\u00fc y\u0131llar ya\u015fad\u0131k.<\/p><div id=\"bghab-4057767837\" class=\"bghab-icerik-icine-35-paragraf bghab-entity-placement\"><script async src=\"\/\/pagead2.googlesyndication.com\/pagead\/js\/adsbygoogle.js?client=ca-pub-6203283170189293\" crossorigin=\"anonymous\"><\/script><ins class=\"adsbygoogle\" style=\"display:block; text-align:center;\" data-ad-client=\"ca-pub-6203283170189293\" \ndata-ad-slot=\"7303146466\" \ndata-ad-layout=\"in-article\"\ndata-ad-format=\"fluid\" data-full-width-responsive=\"true\"><\/ins>\n<script> \n(adsbygoogle = window.adsbygoogle || []).push({}); \n<\/script>\n<\/div>\n<p>Bak\u0131n nerelere vard\u0131 memleket<\/p>\n<p>Gelin ellerimizi uzatal\u0131m insanlara ve uzat\u0131lan elleri de tutabilelim.<\/p>\n<p>Gelece\u011fin ufkuna gururla bakabilelim..<\/p>\n<p><strong>Faz\u0131l Say<\/strong><\/p>\n<p>Sizinle bir yurtta\u015f olarak gurur duyuyorum.<\/p><div id=\"bghab-1094431369\" class=\"bghab-icerik-icine-40-paragraf bghab-entity-placement\"><script async src=\"\/\/pagead2.googlesyndication.com\/pagead\/js\/adsbygoogle.js?client=ca-pub-6203283170189293\" crossorigin=\"anonymous\"><\/script><ins class=\"adsbygoogle\" style=\"display:block; text-align:center;\" data-ad-client=\"ca-pub-6203283170189293\" \ndata-ad-slot=\"7303146466\" \ndata-ad-layout=\"in-article\"\ndata-ad-format=\"fluid\" data-full-width-responsive=\"true\"><\/ins>\n<script> \n(adsbygoogle = window.adsbygoogle || []).push({}); \n<\/script>\n<\/div>\n<p>***<\/p>\n<p>15 Temmuz \u015fiirle\u015fen bir tarih oldu.<\/p>\n<p><strong>Usta<\/strong>\u00a0sanat\u00e7\u0131\u00a0<strong>Ahmet Sel\u00e7uk<\/strong>\u00a0<strong>\u0130lkan<\/strong>\u00a0&#8216;darbeye hay\u0131r&#8217; deyip meydanlara \u00e7\u0131kmakla kalmad\u0131,\u00a0<strong>15 Temmuz<\/strong>\u00a0<strong>\u015fehitleri i\u00e7in<\/strong>\u00a0<strong>bir \u015fiir<\/strong>\u00a0yazd\u0131.<\/p>\n<p><strong>\u0130\u015eTE O S\u00d6ZLER<\/strong><br \/>\nSen vatan kahraman\u0131, demokrasi \u015fehidi<br \/>\nYine bir tarih yazd\u0131n d\u00fcnya bunun \u015fahidi<br \/>\nBir mucize yaratt\u0131n 15 Temmuz gecesi<br \/>\nCan verdin vatan i\u00e7in yoktu bunun \u00f6tesi<\/p>\n<p>O nas\u0131l bir y\u00fcrek ki, binlerce tanka bedel<br \/>\n\u00d6l\u00fcm bile v\u0131z geldi, utand\u0131 senden ecel<br \/>\nSeninle gurur duydu Bo\u011fazi\u00e7i K\u00f6pr\u00fcs\u00fc<br \/>\nYeniden dile geldi \u00c7anakkale t\u00fcrk\u00fcs\u00fc<\/p><div id=\"bghab-1411094628\" class=\"bghab-icerik-icine-45-paragraf bghab-entity-placement\"><script async src=\"\/\/pagead2.googlesyndication.com\/pagead\/js\/adsbygoogle.js?client=ca-pub-6203283170189293\" crossorigin=\"anonymous\"><\/script><ins class=\"adsbygoogle\" style=\"display:block; text-align:center;\" data-ad-client=\"ca-pub-6203283170189293\" \ndata-ad-slot=\"7303146466\" \ndata-ad-layout=\"in-article\"\ndata-ad-format=\"fluid\" data-full-width-responsive=\"true\"><\/ins>\n<script> \n(adsbygoogle = window.adsbygoogle || []).push({}); \n<\/script>\n<\/div>\n<p>Seninle n\u00f6bette bak bu \u00fclkenin tamam\u0131<br \/>\n\u0130\u015fte b\u00f6yle kutlan\u0131r demokrasi bayram\u0131<br \/>\n\u015eimdi daha \u015fanl\u0131 bak ay y\u0131ld\u0131zl\u0131 bayra\u011f\u0131n<br \/>\nEy \u015fehit o\u011flu \u015fehit \u00f6nderisin her \u00e7a\u011f\u0131n<\/p>\n<p>Y\u0131ld\u0131zlar\u0131 ya\u011fd\u0131rsak azd\u0131r senin \u00fcst\u00fcne<br \/>\nBak ad\u0131n\u0131 nak\u015fettik g\u00f6nl\u00fcm\u00fcz\u00fcn b\u00fcst\u00fcne<br \/>\n\u015eehitler asla \u00f6lmez \u00f6l\u00fcms\u00fcz her biriniz<br \/>\nBil ki mah\u015fere kadar kalbimizde yeriniz.<a href=\"http:\/\/www.ahaber.com.tr\/gundem\/2016\/07\/28\/15-temmuz-sehitleri-icin-siir-yazdi\">.<\/a><\/p>\n<div id=\"bghab-1365031294\" class=\"bghab-yazi-altinda bghab-entity-placement\"><div class=\"bghab-adlabel\">Reklamlar<\/div><script async src=\"https:\/\/pagead2.googlesyndication.com\/pagead\/js\/adsbygoogle.js\"><\/script>\r\n<!-- bghaber-yaz\u0131-sonu -->\r\n<ins class=\"adsbygoogle\"\r\n     style=\"display:block\"\r\n     data-ad-client=\"ca-pub-6203283170189293\"\r\n     data-ad-slot=\"4222328180\"\r\n     data-ad-format=\"auto\"\r\n     data-full-width-responsive=\"true\"><\/ins>\r\n<script>\r\n     (adsbygoogle = window.adsbygoogle || []).push({});\r\n<\/script><\/div><br style=\"clear: both; display: block; float: none;\"\/>","protected":false},"excerpt":{"rendered":"<p>Murat ULUT\u00dcRK Konu:\u00a0 5 milyon ruhundan f\u0131\u015fk\u0131ran ortak irade. T\u00fcrk halk\u0131 15 Temmuzdan beri destan yaz\u0131yor. Gece festivallerinde \u015fiirler okundu. \u00a0Bu kahramanl\u0131kta en b\u00fcy\u00fck ozan<\/p>\n","protected":false},"author":1,"featured_media":0,"comment_status":"closed","ping_status":"closed","sticky":false,"template":"","format":"standard","meta":{"advanced_seo_description":"","jetpack_seo_html_title":"","jetpack_seo_noindex":false,"_jetpack_memberships_contains_paid_content":false,"footnotes":""},"categories":[6],"tags":[995],"class_list":["post-20041","post","type-post","status-publish","format-standard","hentry","category-yorum","tag-15-temmuz"],"jetpack_featured_media_url":"","jetpack_sharing_enabled":true,"jetpack_likes_enabled":true,"jetpack-related-posts":[],"jetpack_shortlink":"https:\/\/wp.me\/pc2PfJ-5df","_links":{"self":[{"href":"https:\/\/www.bghaber.org\/bghaber\/wp-json\/wp\/v2\/posts\/20041","targetHints":{"allow":["GET"]}}],"collection":[{"href":"https:\/\/www.bghaber.org\/bghaber\/wp-json\/wp\/v2\/posts"}],"about":[{"href":"https:\/\/www.bghaber.org\/bghaber\/wp-json\/wp\/v2\/types\/post"}],"author":[{"embeddable":true,"href":"https:\/\/www.bghaber.org\/bghaber\/wp-json\/wp\/v2\/users\/1"}],"replies":[{"embeddable":true,"href":"https:\/\/www.bghaber.org\/bghaber\/wp-json\/wp\/v2\/comments?post=20041"}],"version-history":[{"count":0,"href":"https:\/\/www.bghaber.org\/bghaber\/wp-json\/wp\/v2\/posts\/20041\/revisions"}],"wp:attachment":[{"href":"https:\/\/www.bghaber.org\/bghaber\/wp-json\/wp\/v2\/media?parent=20041"}],"wp:term":[{"taxonomy":"category","embeddable":true,"href":"https:\/\/www.bghaber.org\/bghaber\/wp-json\/wp\/v2\/categories?post=20041"},{"taxonomy":"post_tag","embeddable":true,"href":"https:\/\/www.bghaber.org\/bghaber\/wp-json\/wp\/v2\/tags?post=20041"}],"curies":[{"name":"wp","href":"https:\/\/api.w.org\/{rel}","templated":true}]}}