{"id":20039,"date":"2016-08-08T03:16:05","date_gmt":"2016-08-08T00:16:05","guid":{"rendered":"http:\/\/www.bghaber.org\/bghaber\/?p=20039"},"modified":"2021-08-26T20:18:33","modified_gmt":"2021-08-26T17:18:33","slug":"ortak-ruh","status":"publish","type":"post","link":"https:\/\/www.bghaber.org\/bghaber\/ortak-ruh\/","title":{"rendered":"Ortak Ruh"},"content":{"rendered":"<p>Semra YUSUFLARO\u011eLU<\/p>\n<p>Konu: <strong>Mutlu gelecek ortak umudumuzdur.<\/strong><\/p>\n<p>\u201c<strong>Ne Mutlu T\u00fcrk\u00fcm Diyeme<\/strong>!\u201d<\/p>\n<p>Bu sentez, Atat\u00fcrk\u2019\u00fcn bize b\u00fcy\u00fck miras\u0131d\u0131r. Ortak ruhumuzun ifadesidir. Milli varl\u0131\u011f\u0131m\u0131z\u0131 ve T\u00fcrk millerine mensubiyetimizi dile getirir. Ortak ruhumuzu geli\u015ftirip zenginle\u015ftirmek, b\u00fcy\u00fcterek devle\u015ftirmek bir halk olarak en \u00f6nemli \u00f6devimizdir.<\/p>\n<p>Bir halk\u0131n <strong>ORTAK RUHA<\/strong> sahip olmas\u0131, en deh\u015fetli, en \u00f6l\u00fcmc\u00fcl silahlar\u0131n yenemeyece\u011fi bir g\u00fc\u00e7t\u00fcr. Ulusal Kurtulu\u015f Sava\u015f\u0131nda Mustafa Kemal \u00f6nderli\u011finde ortak ruhla zafer kazand\u0131k. Vietnam halk\u0131 Amerikan emperyalizmini ortak ruhla yenmi\u015ftir. \u0130ngilizler Avrupa Birli\u011fi\u2019nden ortak ruhla ayr\u0131lmay\u0131 se\u00e7ti. D\u00fcnyay\u0131 de\u011fi\u015ftiren en b\u00fcy\u00fck g\u00fc\u00e7 halklar\u0131n ortak ruhundan kaynaklan\u0131r.<\/p><div id=\"bghab-921245653\" class=\"bghab-icerik-icine bghab-entity-placement\"><script async src=\"\/\/pagead2.googlesyndication.com\/pagead\/js\/adsbygoogle.js?client=ca-pub-6203283170189293\" crossorigin=\"anonymous\"><\/script><ins class=\"adsbygoogle\" style=\"display:block; text-align:center;\" data-ad-client=\"ca-pub-6203283170189293\" \ndata-ad-slot=\"7303146466\" \ndata-ad-layout=\"in-article\"\ndata-ad-format=\"fluid\" data-full-width-responsive=\"true\"><\/ins>\n<script> \n(adsbygoogle = window.adsbygoogle || []).push({}); \n<\/script>\n<\/div>\n<p>15 Temmuz\u2019da T\u00fcrkiye\u2019yi istila planlar\u0131, askeri darbe giri\u015fimi <strong>ORTAK RUHLA<\/strong> bo\u015fa \u00e7\u0131kar\u0131ld\u0131. Ortak Ruhun ne oldu\u011funu, biz da\u011fdaki \u00e7obanla bilgisayar ba\u015f\u0131nda i\u015fine bakan bir ayd\u0131n\u0131m\u0131z\u0131n vatan ve millet konusunda ayn\u0131 noktaya bakmas\u0131nda g\u00f6rebiliyoruz. Bastonlu dedelerin, kuca\u011f\u0131nda bebeleri sokaklara d\u00f6k\u00fclen, tanklar \u00f6n\u00fcne yatan, kur\u015funlara siper olanlar karde\u015flerimizin meziyetlerini birle\u015ftiren ve ayn\u0131 y\u00f6nde harekete ge\u00e7iren ortak ruha sahip olmas\u0131d\u0131r. T\u00fcrk milleti i\u00e7in bu, Cumhurba\u015fkan\u0131m\u0131zdan ba\u011f bek\u00e7isinden, \u015fof\u00f6r\u00fcnden bal\u0131k\u00e7\u0131s\u0131na kadar kad\u0131n erkek, gen\u00e7 ya\u015fl\u0131, T\u00fcrk, K\u00fcrt, Laz, Tatar, Anadolulu Trakyal\u0131, yerli g\u00f6\u00e7men ayr\u0131m\u0131 yapmadan ge\u00e7erlidir. Buna en b\u00fcy\u00fck kan\u0131r, halk\u0131m\u0131z\u0131n 15 Temmuz mesaj\u0131n\u0131 do\u011fru okumas\u0131nda g\u00f6rebildik. \u00a03 haftadan beri devam eden bar\u0131\u015f\u0131, demokrasiyi, toprak b\u00fct\u00fcnl\u00fc\u011f\u00fcm\u00fcz\u00fc, <strong>anavatan\u0131m\u0131z\u0131 koruma mitinglerinin ba\u015fka anlam\u0131 yoktur<\/strong>.<\/p>\n<p>15 Temmuz, bizi koyun gibi korkak sananlara sert bir ders oldu. Bizi uyutmak i\u00e7in yar\u0131m as\u0131r harcad\u0131klar\u0131 \u00e7abalar bo\u015fa \u00e7\u0131kt\u0131. FET\u00d6 denen al\u00e7ak ve \u015farlatan\u0131n 40 y\u0131ldan beri yeti\u015ftirdi\u011fi ordu yenildi. Emperyalizmin T\u00fcrkiye\u2019yi i\u00e7inden dinamitleme planlar\u0131 suya d\u00fc\u015ft\u00fc. Buradan \u00e7\u0131kar\u0131lacak derslerin ba\u015f\u0131nda olan, B\u0130R HALKIN ORTAK RUHUNUN TANKLA TOPLA JETLERLE YOK ED\u0130LEM\u0130YECE\u011e\u0130 GER\u00c7E\u011e\u0130D\u0130R.<\/p>\n<p>T\u00fcrk halk\u0131n\u0131n sonsuz ruhsal ortakl\u0131\u011f\u0131 \u201c<strong>VATAN S\u0130ZE M\u0130NNETTARDIR<\/strong>\u201d mitinginde \u015fahland\u0131. <strong>Yenikap\u0131<\/strong>\u2019da halk\u0131m\u0131z devasa bir mitingde tarihsel bir mitingde bulu\u015ftu. Ne Avrupa, ne Asya, ne de Amerika b\u00f6yle bir halk \u015f\u00f6leni g\u00f6rmedi. Bu bulu\u015fma bir de demokrasiyi savunma bulu\u015fmas\u0131yd\u0131. Demokrasi devletin halk\u0131n se\u00e7ti\u011fi liderler taraf\u0131ndan y\u00f6netilmesi anlama gelir. Egemenli\u011fin demokratik bi\u00e7imi bizim topra\u011f\u0131m\u0131zda en iyi tuttu. \u201c<strong>Ben demokrasi kalesiyim<\/strong>\u201d diye hava atan eski k\u0131tada, se\u00e7me hakk\u0131 olanlar\u0131n oylar\u0131n\u0131n % 62\u2019sinin oyuyla devlet ba\u015fkan\u0131 olan tek bir lider yoktur. Demokraside halk\u0131n y\u00f6netime kat\u0131l\u0131m\u0131n\u0131 daha ileriye ta\u015f\u0131yan se\u00e7me ve se\u00e7ilme hakk\u0131n\u0131 kullanmakt\u0131r. Demokrasi bu anlamda halk\u0131n ortak iradesinin ve ruhunun birle\u015fmesinin \u00e7ok b\u00fcy\u00fck bir eseridir.<\/p>\n<p>Yeni Kap\u0131 devasa mitingiyle T\u00fcrkiye halk\u0131 21\u00e7 y\u00fczy\u0131lda t\u00fcm ezilen halklara \u00f6rnek ve emsal oldu. Emperyalizm sald\u0131r\u0131lar\u0131na 20. y\u00fczy\u0131lda al\u0131nmaz kalesi, y\u0131k\u0131lmaz kalkan olan T\u00fcrkiye 21. y\u00fczy\u0131lda ayn\u0131 sinsi ve katil g\u00fc\u00e7lerin ta\u015feron hain \u00e7eteleriyle &#8211; FET\u00d6-PDY-PKK &#8211; \u00a0kanl\u0131 darbe yap\u0131p \u00fclkeleri istila etmesinin m\u00fcmk\u00fcn olmad\u0131\u011f\u0131n\u0131 d\u00fcnyaya g\u00f6sterdi. Tunus, Libya, Irak ve Yemen \u00f6rneklerinden sonra, T\u00fcrkiye halk\u0131 ayn\u0131 d\u00fc\u015fman bombalar\u0131yla, ayn\u0131 d\u00fc\u015fman kur\u015funlar\u0131yla \u00e7\u0131plak ellerle, halk iradesiyle ve Ortak Ruhla ba\u015f edilebilece\u011fini \u00f6rnekledi ve kan\u0131tlad\u0131. Di\u011fer halklar dostla d\u00fc\u015fman\u0131 birbirinden ay\u0131ramazken T\u00fcrk halk\u0131 bunu \u00e7ok kararl\u0131 bir bi\u00e7imde yapt\u0131. \u0130\u015fte d\u00fc\u015fman \u201c<strong>\u00fcst ak\u0131l\u0131n<\/strong>\u201d, istihbarat merkezi C\u0130A haini, FET\u00d6-PDY katil \u00e7etesi diyebildi. \u015eimdi zaman hesapla\u015fma zaman\u0131d\u0131r. Hainlerin kalesini kopar\u0131p evlatlar\u0131n\u0131n eline vermek \u00e2detimizdendir. 20. y\u00fczy\u0131l\u0131n en kanl\u0131 askeri darbecisi Kenan Evren\u2019e \u00f6m\u00fcr boyu hapis cezas\u0131 kesen T\u00fcrk adaleti, FET\u00d6-c\u00fc generaller s\u00fcr\u00fcs\u00fcne hak etti\u011fi cezay\u0131 verecektir.<\/p>\n<p>\u201c<strong>Yenikap\u0131<\/strong>\u201dda demokrasi d\u00fc\u015fmanlar\u0131n\u0131n p\u00fcsk\u00fcrt\u00fclmesi festivali, asl\u0131nda 23. halk kutlamas\u0131 olarak bir araya geli\u015f oldu. Tarihinde ilk kez olmak \u00fczere T\u00fcrk bilincine, iradesine ve ruhuna sahip olan her vatandan buradayd\u0131. Sen bakan, ben i\u015f\u00e7i, o sanat\u00e7\u0131, onlar Anadolulu, bunlarsa Trakyal\u0131 g\u00f6\u00e7men olarak de\u011fil, her birimiz T\u00dcRK\u0130YE CUMHUR\u0130YET\u0130N\u0130N E\u015e\u0130T HAKLI VE \u015eEREFL\u0130 VATANDA\u015eI OLARAK \u015eEH\u0130TLER\u0130 ANMA VE DEMOKRAS\u0130M\u0130Z\u0130 SAVUNMA M\u0130T\u0130NG\u0130NDE BULU\u015eTUK.<\/p><div id=\"bghab-218431904\" class=\"bghab-icerik-icine-10-paragraf bghab-entity-placement\"><script async src=\"\/\/pagead2.googlesyndication.com\/pagead\/js\/adsbygoogle.js?client=ca-pub-6203283170189293\" crossorigin=\"anonymous\"><\/script><ins class=\"adsbygoogle\" style=\"display:block; text-align:center;\" data-ad-client=\"ca-pub-6203283170189293\" \ndata-ad-slot=\"7303146466\" \ndata-ad-layout=\"in-article\"\ndata-ad-format=\"fluid\" data-full-width-responsive=\"true\"><\/ins>\n<script> \n(adsbygoogle = window.adsbygoogle || []).push({}); \n<\/script>\n<\/div>\n<p>Yeni Kap\u0131 bulu\u015fmas\u0131 bir yandan da \u201c<strong>Allah korusun, b\u00fcy\u00fck bir badire atlatt\u0131k, \u015f\u00fck\u00fcr kurtulduk<\/strong>!\u201d anlam\u0131 ta\u015f\u0131sa da, \u00f6ncelikle se\u00e7ilmi\u015f lidere, sevilen vatan\u0131na ve anavatan\u0131m\u0131za sahip \u00e7\u0131kma ama\u00e7l\u0131 bir kitle g\u00f6sterisiydi. Onlar bizim ge\u00e7mi\u015fimizi y\u0131kmak ve gelece\u011fimizi karartmak, egemenli\u011fimizi rafa kald\u0131r\u0131p <strong>bizi k\u00f6lele\u015ftirmek istediler<\/strong>. Ortak Ruhumuz bizim ge\u00e7mi\u015fimizde olu\u015ftu, do\u011fu\u015ftan \u00f6zg\u00fcrd\u00fck, \u00f6zg\u00fcr olmadan var olamay\u0131z. Vurguluyorum: ge\u00e7mi\u015fimizi yok edip gelece\u011fimize sahip olmak isteyenler, <strong>\u00f6zg\u00fcr ruhumuza yenildiler<\/strong>.<\/p>\n<p>FET\u00d6- hain \u00e7etesi, eli silahl\u0131, tankl\u0131, u\u00e7akl\u0131 \u201c<strong>imam<\/strong>\u201d k\u0131l\u0131f\u0131yla \u00e7\u0131kt\u0131 kar\u015f\u0131m\u0131za. 50 yldan beri birinci niyeti \u0130slam\u2019\u0131, cumhuriyeti, demokrasiyi ve adalet d\u00fczenimizi de\u011fi\u015ftirmekti.<\/p>\n<p>Gidip Papan\u0131n elini \u00f6pt\u00fcler. Papazlara sarma\u015f\u0131p \u00f6d\u00fcller da\u011f\u0131tt\u0131lar. 1789\u2019da \u201c<strong>Bastilya<\/strong>\u201d kap\u0131lar\u0131n\u0131 a\u00e7\u0131p 7 sarho\u015fu sal\u0131verenler de \u201c<strong>istersek dini de\u011fi\u015ftiririz<\/strong>\u201d demi\u015flerdi. FET\u00d6-c\u00fcler de \u201c<strong>\u0131l\u0131ml\u0131 \u0130slam<\/strong>\u201d arkas\u0131na e\u015fitlik, \u00f6zg\u00fcrl\u00fck ve karde\u015flik gizlediler, ama s\u00f6kmedi. Gece karanl\u0131\u011f\u0131ndan \u00e7\u0131kan karay\u0131lan\u0131n hepimizi sokup \u00f6ld\u00fcrmek istedi\u011fi hemen g\u00f6r\u00fcnd\u00fc. Sizin bir \u015fey yapman\u0131za gerek yok, biz \u201c<strong>\u0131l\u0131ml\u0131 \u0130slam<\/strong>\u201d yalan\u0131yla sorunlar\u0131 hallederiz, deseler de, inanmad\u0131k, inanm\u0131yoruz. Hedeflerindeki \u201c<strong>\u0130slam ihaneti<\/strong>\u201d idi, katliamd\u0131.<\/p>\n<p>15 Temmuz trajedisin sonra yap\u0131lan a\u00e7\u0131klamalarda \u00e7ok b\u00fcy\u00fck ve \u00e7ok ac\u0131 ger\u00e7ek ortaya \u00e7\u0131kt\u0131 ve \u201c<strong>Yenikap\u0131<\/strong>\u201d mitinginde vurgulanmad\u0131. Bu 40 y\u0131ldan beri i\u015fkence g\u00f6ren, okuldan at\u0131lan, i\u015ften kovulan, d\u00f6v\u00fclen, sakat b\u0131rak\u0131lan, g\u00f6z\u00fc \u00e7\u0131kar\u0131lan, bacaks\u0131z kolsuz kalan, adalete ba\u015fvuran ve adalet bulamayan \u00e7ok b\u00fcy\u00fck bir kitlenin hak ve hukukudur. FET\u00d6 hain \u00e7etesi T.C. adalet sistemini tersy\u00fcz etmi\u015f, yarg\u0131 makamlar\u0131na s\u0131z\u0131p hukukun \u00fcst\u00fcnl\u00fc\u011f\u00fc ilkesini FET\u00d6 batakl\u0131\u011f\u0131na g\u00f6mmeyi ba\u015farm\u0131\u015ft\u0131r. \u201c<strong>Ergenekon<\/strong>\u201d davas\u0131 ve benzer yasa d\u0131\u015f\u0131 uygulamalar buna kan\u0131tt\u0131r. Her bir i\u015fkence olay\u0131 ele al\u0131nmal\u0131 ve hainler cezaland\u0131r\u0131lmal\u0131d\u0131r.<\/p>\n<p>15 Eyl\u00fcl Birle\u015fik Amerika\u2019da olsayd\u0131, Beyaz Saray jetlerle bombalansa, \u201c<strong>Manhattan<\/strong>\u201d k\u00f6pr\u00fcs\u00fc ayaklar\u0131nda deri gibi kan aksayd\u0131, Amerikal\u0131lar\u0131n \u00fczerine kur\u015fun ya\u011fsayd\u0131, bak sen amerikan adaleti \u201c<strong>ihanet<\/strong>\u201d su\u00e7undan ka\u00e7 t\u00fcmgenerale, tu\u011fgenerale, albay, binba\u015f\u0131 ve y\u00fczba\u015f\u0131ya elektrik sandalyesinde idam cezas\u0131 verirdi. Ter\u00f6ristlerin hakk\u0131 ba\u015fka hi\u00e7bir ceza ile bildirilemez. Bu cezalar T\u00fcrkiye adaleti taraf\u0131ndan verilmeden ortak ruhumuz \u015fahlanamaz, dirilemez, zaferden zafere ko\u015famaz.<\/p><div id=\"bghab-236171864\" class=\"bghab-icerik-icine-15-paragraf bghab-entity-placement\"><script async src=\"\/\/pagead2.googlesyndication.com\/pagead\/js\/adsbygoogle.js?client=ca-pub-6203283170189293\" crossorigin=\"anonymous\"><\/script><ins class=\"adsbygoogle\" style=\"display:block; text-align:center;\" data-ad-client=\"ca-pub-6203283170189293\" \ndata-ad-slot=\"7303146466\" \ndata-ad-layout=\"in-article\"\ndata-ad-format=\"fluid\" data-full-width-responsive=\"true\"><\/ins>\n<script> \n(adsbygoogle = window.adsbygoogle || []).push({}); \n<\/script>\n<\/div>\n<p>Yenikap\u0131 halk birlikteli\u011fi, T\u00fcrkiye Cumhuriyeti\u2019nin b\u00f6l\u00fcnmez b\u00fct\u00fcnl\u00fc\u011f\u00fcn\u00fcn, bu kadim halk\u0131n\u0131n topraklar\u0131 \u00fczerindeki egemenli\u011finin payla\u015f\u0131lmazl\u0131\u011f\u0131n\u0131, T\u00fcrkiye devleti istiklalinin sonsuzlu\u011funu d\u00fcnyaya g\u00f6sterdi. Emperyalizme, ihanet \u00f6rg\u00fctlerine, ter\u00f6r \u00e7etelerine, sahte imamlara a\u011f\u0131r bir tokat oldu ama tak\u0131p sona ermemelidir. \u00c7\u00fcnk\u00fc onlar \u00f6l\u00fcm yata\u011f\u0131nda da olsalar T\u00fcrk vatan\u0131na \u00e7\u00f6reklenme niyetlerinden asla vazge\u00e7mezler.<\/p>\n<p>Yenikap\u0131 co\u015fkusu, b\u00f6l\u00fcnmeden, par\u00e7alanmadan, vatanda\u015flar\u0131 aras\u0131nda hi\u00e7bir ayr\u0131l\u0131k g\u00f6zetmeden e\u015fit hakl\u0131 ve kar\u015f\u0131l\u0131kl\u0131 ho\u015fg\u00f6r\u00fc i\u00e7inde ya\u015famak isteyen b\u00fcy\u00fck bir halk\u0131n kucakla\u015fmas\u0131 oldu. Bu, vatan tehlikeye girdi\u011finde asla suskun kalmamaya haz\u0131r kitlelerin g\u00fc\u00e7l\u00fc ak\u0131n\u0131 oldu. Zafer, T\u00fcrk milletinin b\u00fcy\u00fck zaferidir. Bir kahramanl\u0131k destan\u0131 yaz\u0131lm\u0131\u015ft\u0131r. Bu davada hepimizin pay\u0131 vard\u0131r.<\/p>\n<p>Yenikap\u0131 bulu\u015fmas\u0131nda biz Bulgaristanl\u0131 sivil toplum \u00f6rg\u00fctleri, dernekler, soyda\u015f mahalle gruplar\u0131, BULT\u00dcRK \u2013 K\u00fclt\u00fcr ve Hizmet Derne\u011fi \u00f6nc\u00fcl\u00fc\u011f\u00fcnde ve BGSAM Ayd\u0131nlar grubuyla beraber, Bayrampa\u015fa, Avc\u0131lar, Beylik d\u00fcz\u00fc, Zeytinburnu halk alaylar\u0131yla yeralt\u0131 ve yer\u00fcst\u00fc trenleri, gemilerle, otob\u00fcslerle \u00f6zel ara\u00e7lar\u0131m\u0131zla b\u00fcy\u00fck alanda herkesle omuz omuza beraberdik. Davam\u0131z bir parti davas\u0131 de\u011fil, halk\u0131m\u0131z\u0131n ortak davas\u0131d\u0131r, vatan davas\u0131d\u0131r, bu yoldan asla d\u00f6n\u00fc\u015f yoktur ve olmayacakt\u0131r.<\/p>\n<p>\u015eehitlerimizi anma ve demokrasiyi savunma amac\u0131yla d\u00fczenlenen devlet ba\u015fkan\u0131, h\u00fck\u00fcmet erk\u00e2n\u0131, parti liderleri ve diplomatik temsilcileri, din adamlar\u0131 ve sanat\u00e7\u0131lar\u0131n kat\u0131ld\u0131\u011f\u0131 devasa bulu\u015fmada en \u00f6nemli olan vatan b\u00f6l\u00fcnmez slogan\u0131n\u0131 \u00e7ok y\u00fckseklere kald\u0131rmas\u0131 oldu. T\u00fcrko\u011flu T\u00fcrklerin, damar\u0131mda akan kan T\u00fcrk kan\u0131d\u0131r diyenlerin, nereden gelmi\u015f olurlarsa olsunlar &#8211; Kafkaslardan ya da Balkanlar\u2019dan, K\u0131r\u0131m\u2019dan ya da K\u0131br\u0131s\u2019tan hi\u00e7 fark etmez &#8211; ORTAK RUHTA bulu\u015fmas\u0131, b\u00fct\u00fcn d\u00fcnya halklar\u0131na \u00f6rnek oldu. Bu ortak davada Bulgaristanl\u0131 soyda\u015flar\u0131n, Bulgaristan\u2019da ya\u015fayan karde\u015flerimizin dayan\u0131\u015fmas\u0131 g\u00fcr sesle dile getirildi. Haz\u0131r bulunan 5 milyon ve 79 milyon T\u00fcrkiye halk\u0131 Bulgaristanl\u0131 T\u00fcrklerin siyaset arenas\u0131na \u00e7\u0131kt\u0131\u011f\u0131n\u0131 ve hem Bulgaristan\u2019da hem de T\u00fcrkiye\u2019de aktifle\u015ftiklerine \u015fahit oldu.<\/p>\n<p>\u00c7ok derin anlam\u0131 olan \u015f\u00f6lende, al bayra\u011f\u0131m\u0131 g\u00f6r\u00fcnce gururlanmayanlarla, milli mar\u015f\u0131m\u0131z s\u00f6ylenirken g\u00f6\u011fs\u00fc kabarmayanla payla\u015facak ekme\u011fimiz yoktur ve olamaz inanc\u0131 dile gelirken, Anadolu\u2019da 49 millet ya\u015f\u0131yor bunlar\u0131n aras\u0131n\u0131 a\u00e7al\u0131m, onlar\u0131 birbirine d\u00fc\u015f\u00fcrelim hesaplar\u0131 yapanlar a\u011fz\u0131n\u0131n pay\u0131n\u0131 ald\u0131. T\u00fcrkiye vatanda\u015f\u0131y\u0131m diyebilenlerin yery\u00fcz\u00fcnde en onurlu insanlar oldu\u011fu duyuruldu. T\u00fcrkler, mehter mar\u015flar\u0131nda, t\u00fcrk\u00fclerde, \u015fark\u0131larda ve \u015fiirlerde bulu\u015farak destanlar yazd\u0131.<\/p><div id=\"bghab-835797942\" class=\"bghab-icerik-icine-20-paragraf bghab-entity-placement\"><script async src=\"\/\/pagead2.googlesyndication.com\/pagead\/js\/adsbygoogle.js?client=ca-pub-6203283170189293\" crossorigin=\"anonymous\"><\/script><ins class=\"adsbygoogle\" style=\"display:block; text-align:center;\" data-ad-client=\"ca-pub-6203283170189293\" \ndata-ad-slot=\"7303146466\" \ndata-ad-layout=\"in-article\"\ndata-ad-format=\"fluid\" data-full-width-responsive=\"true\"><\/ins>\n<script> \n(adsbygoogle = window.adsbygoogle || []).push({}); \n<\/script>\n<\/div>\n<p><strong>40 y\u0131ldan beri K\u00fcrt-T\u00fcrk masal\u0131 anlatanlar\u0131n dili bu defa iyice \u015fi\u015fti ve defter d\u00fcr\u00fcld\u00fc.<\/strong><\/p>\n<p>Trakya\u2019y\u0131 Anadolu\u2019dan kopar\u0131p Avrupa Birli\u011fi\u2019ne \u00fcye alma ve b\u00f6ylece T\u00fcrkiye\u2019yi Avrupa ve Asya\u2019ya b\u00f6lerek par\u00e7alama hesaplar\u0131 da toslad\u0131. 15 Temmuz sorunu bir\u00e7ok sorunu birden \u00e7\u00f6zd\u00fc. En \u00f6nemlisi, Ortak Ruhlu olan B\u00fcy\u00fck Bir Halk\u0131n b\u00f6l\u00fcnemeyece\u011fi, asla par\u00e7alanamayaca\u011f\u0131 anla\u015f\u0131ld\u0131. Hainlikler \u00fczerinde ince hesaplar yapan d\u00fc\u015fmanlar atomu ve n\u00fcvesini par\u00e7alayabilirler, say\u0131s\u0131z bombalarla bir\u00e7ok \u00fclkeyi yakabilirler, halklar\u0131 kadim vatanlar\u0131ndan kovalayabilirler, evet her \u015feyi par\u00e7alayabilirler, fakat karde\u015fle\u015fmi\u015f T\u00fcrkiye halk\u0131n\u0131n ORTAK RUHUNU asla ve asla par\u00e7alayamazlar, yok edemezler. Bizi birbirimize d\u00fc\u015f\u00fcremezler. O zamanlar \u00e7oktan ge\u00e7ti.<\/p>\n<p>Yenikap\u0131 demokrasi tarihimizin \u00f6nemli bir g\u00fcn\u00fcd\u00fcr. Parlamenter sistemimize kar\u015f\u0131 yap\u0131lmak istenen bir darbeyi \u00f6nledik. Cumhuriyetimize k\u0131y\u0131lmak istendi. 240 \u015fehit verdik. Aziz hat\u0131ralar\u0131 asla unutulmayacakt\u0131r. 15 Temmuz gecesi T\u00fcrk halk\u0131n\u0131n gururu korunmu\u015ftur. Darbeye kar\u015f\u0131 demokrasi savunuldu. T\u00fcrk hakl\u0131 B\u00fcy\u00fck Mustafa Kemal\u2019in \u201c<strong>S\u00f6z konusu Vatansa, Gerisi Teferruatt\u0131r<\/strong>\u201d s\u00f6zlerini unutmam\u0131\u015ft\u0131r. Bu temel \u00fczerinde, yeni tarihimizde ilk kez, ulusal siyasi uzla\u015fma sa\u011flanm\u0131\u015ft\u0131r. Bu ula\u015fman\u0131n siyaseti camiye, okula ve k\u0131\u015flaya sokmama ilkeleridir. Anla\u015fmam\u0131z\u0131n temeli bu olmal\u0131d\u0131r. Can\u0131n\u0131 siper edenleri iste\u011fi budur.<\/p>\n<p>Tanklar\u0131 \u00e7\u0131plak elleriyle durduranlar, \u00f6l\u00fcm mermilerine siper olanlar, en b\u00fcy\u00fck onurun vatan ve demokrasi u\u011fruna birlikte \u00f6lmek oldu\u011funa inananlar topland\u0131 Yeni Kap\u0131 festivaline. T\u00fcrkiye halk\u0131 Atat\u00fcrk ruhunu, milli birlik ve beraberlik ruhunu, zaferden zafere yorulmadan ko\u015fma azmini, ebedi var olma at\u0131l\u0131m\u0131n\u0131 21. y\u00fczy\u0131la ba\u015far\u0131yla ta\u015f\u0131yarak topland\u0131. Ortak ruhunu can\u0131 pahas\u0131na koruyaca\u011f\u0131na yemin edenler demokrasinin halk\u0131n iradesi oldu\u011funa inan\u0131yor. Herkes g\u00f6rd\u00fc ki, T\u00fcrk milletinin sonsuz g\u00fc\u00e7 kayna\u011f\u0131 ORTAK RUHUDUR. Bu edinimin \u00f6z\u00fcnde cumhuriyetimiz var. Cumhuriyetimiz halk\u0131m\u0131z\u0131n en b\u00fcy\u00fck kazan\u0131m\u0131d\u0131r. Darbe hedefi olmas\u0131n\u0131n nedeni budur. Demokrasiye sahip \u00e7\u0131kanlar cumhuriyetimizi korumu\u015flard\u0131r.<\/p>\n<p>7 A\u011fustos\u2019a egemen olan Ortak bir Ruh hesapla\u015fma ruhu de\u011fildi.\u00a0 Fakat o her \u015feyden \u00f6nce FET\u00d6-c\u00fcleri, PDY \u2013 cileri, darbecilerin hepsini sorgulamal\u0131 ve yarg\u0131lamal\u0131d\u0131r. Adalet sa\u011flayamayan devlet b\u00fcy\u00fcmez. Tarihimizle, bug\u00fcn\u00fcm\u00fczle y\u00fczle\u015fmeliyiz. Siyasi ak\u0131mlar olarak birbirimizle, vatan sevgisiyle yan\u0131p tutulan herkesle ve vatan\u0131 yanmaktan kurtaran her karde\u015fimizle bulu\u015fma, selamla\u015fma, bayramla\u015fma f\u0131rsat\u0131 bulmal\u0131y\u0131z. Biz soyda\u015flar memlekete u\u011fray\u0131p olup biteni oradaki karde\u015flerimizle yak\u0131nlar\u0131m\u0131za, camilere gidip enc\u00fcmen \u00fcyelerine, t\u00fcm ilgilenenlere a\u00e7\u0131klamal\u0131 anlatmak ve onlar\u0131 bilgilendirmek zorunday\u0131z. Zaman uyanma ve dirilme zaman\u0131d\u0131r. T\u00fcrkl\u00fck tarihinde \u00e7ok \u00f6nemli bir d\u00f6nemde bulunuyor.<\/p><div id=\"bghab-3936537327\" class=\"bghab-icerik-icine-25-paragraf bghab-entity-placement\"><script async src=\"\/\/pagead2.googlesyndication.com\/pagead\/js\/adsbygoogle.js?client=ca-pub-6203283170189293\" crossorigin=\"anonymous\"><\/script><ins class=\"adsbygoogle\" style=\"display:block; text-align:center;\" data-ad-client=\"ca-pub-6203283170189293\" \ndata-ad-slot=\"7303146466\" \ndata-ad-layout=\"in-article\"\ndata-ad-format=\"fluid\" data-full-width-responsive=\"true\"><\/ins>\n<script> \n(adsbygoogle = window.adsbygoogle || []).push({}); \n<\/script>\n<\/div>\n<p>Tarih yazan \u0130stanbul\u2019un \u201c<strong>Yenikap\u0131 Mitingi<\/strong>\u201dnde s\u00f6z alan TSK Genel Kurmay Ba\u015fkan\u0131 Orgeneral Hulusi Akar\u2019\u0131n konu\u015fmas\u0131, illegal ter\u00f6r \u00f6rg\u00fct\u00fc, hain ve katil dedi\u011fi FET\u00d6 \u00e7etesini k\u0131namas\u0131 ve lanetlemesi milyonlar taraf\u0131ndan tam destek buldu. Orgeneral Akar, Mustafa Kemal Atat\u00fcrk\u2019\u00fcn \u201c<strong>h\u00e2kimiyet milletindir<\/strong>\u201d ilkesinin bug\u00fcn de cumhuriyet, demokrasi ve g\u00fcvenli\u011fimizin kalkan\u0131 olan TSK\u2019nde temel ilke oldu\u011funu vurgulad\u0131.<\/p>\n<p>T\u00fcrkiye Cumhuriyeti Ba\u015fbakan\u0131 Binali Y\u0131ld\u0131r\u0131m, miting k\u00fcrs\u00fcs\u00fcnden canlar\u0131 pahas\u0131na demokrasiyi koruyanlara te\u015fekk\u00fcr etti, 15 Temmuz demokrasi \u015fehitlerini b\u00fct\u00fcn T\u00fcrk halk\u0131 ad\u0131na kalpten selamlad\u0131. Ba\u015fbakan 5 milyonluk kitleyi milli \u015fairlerimizden Necip Faz\u0131l K\u0131sak\u00fcrek, Naz\u0131m Hikmet, Ahmet Arif ve Ahmet Cicat\u2019tan dizelerle hitap etti, bizi \u00f6ld\u00fcrmeyen darbe daha da g\u00fc\u00e7lendirir, dedi.\u00a0 Uzla\u015fma ve i\u015fbirli\u011fi \u00e7a\u011fr\u0131s\u0131 yapt\u0131. \u201c<strong>Ter\u00f6r \u00f6rg\u00fctlerini aradan \u00e7\u0131karaca\u011f\u0131z. 15 Temmuz T\u00fcrkiye\u2019nin mikroplar\u0131ndan temizlendi\u011fi g\u00fcnd\u00fcr. FET\u00d6 T\u00fcrkiye\u2019ye gelecek ve hesab\u0131n\u0131 verecektir.<\/strong>\u201d dedi.<\/p>\n<p>TBMM Ba\u015fkan\u0131 \u0130smail Karham ise konu\u015fmas\u0131nda, FET\u00d6 okullar\u0131nda yeti\u015ftirilenler\u00a0 hakk\u0131nda \u201c<strong>robot beyinli insan kopyas\u0131<\/strong>\u201d dedi<\/p>\n<p>T\u00fcrkiye Ba\u015fkan\u0131 Say\u0131n R.Tayyib Erdo\u011fan, \u201c<strong>T\u00fcrkiye halk\u0131 idam cezas\u0131 istiyorsa ve TBMM bu karar\u0131 onaylarsa, ben de imzalar\u0131m, umar\u0131m partiler de uyacakt\u0131r<\/strong>,\u201d dedi. Ve \u015f\u00f6yle devam etti: FET\u00d6 bu milletin cesaretini, inanc\u0131n\u0131, dirayetini hesap edemedi, diye belirtti. Ba\u015fkomutan s\u0131fat\u0131yla Erdo\u011fan 5 milyonluk kitleye \u201c<strong>\u00d6lmeye var m\u0131y\u0131z<\/strong>?\u201d diye sorudu ve \u201c<strong>Var\u0131z<\/strong>!\u201d cevab\u0131n\u0131 ald\u0131.<\/p>\n<p>Miting Ortak Ruhumuzu ta\u00e7land\u0131rd\u0131.<\/p><div id=\"bghab-3391826738\" class=\"bghab-icerik-icine-30-paragraf bghab-entity-placement\"><script async src=\"\/\/pagead2.googlesyndication.com\/pagead\/js\/adsbygoogle.js?client=ca-pub-6203283170189293\" crossorigin=\"anonymous\"><\/script><ins class=\"adsbygoogle\" style=\"display:block; text-align:center;\" data-ad-client=\"ca-pub-6203283170189293\" \ndata-ad-slot=\"7303146466\" \ndata-ad-layout=\"in-article\"\ndata-ad-format=\"fluid\" data-full-width-responsive=\"true\"><\/ins>\n<script> \n(adsbygoogle = window.adsbygoogle || []).push({}); \n<\/script>\n<\/div>\n<p><strong>Ne mutlu T\u00fcrk\u00fcm diyene!<\/strong><\/p>\n<div id=\"bghab-1933741039\" class=\"bghab-yazi-altinda bghab-entity-placement\"><div class=\"bghab-adlabel\">Reklamlar<\/div><script async src=\"https:\/\/pagead2.googlesyndication.com\/pagead\/js\/adsbygoogle.js\"><\/script>\r\n<!-- bghaber-yaz\u0131-sonu -->\r\n<ins class=\"adsbygoogle\"\r\n     style=\"display:block\"\r\n     data-ad-client=\"ca-pub-6203283170189293\"\r\n     data-ad-slot=\"4222328180\"\r\n     data-ad-format=\"auto\"\r\n     data-full-width-responsive=\"true\"><\/ins>\r\n<script>\r\n     (adsbygoogle = window.adsbygoogle || []).push({});\r\n<\/script><\/div><br style=\"clear: both; display: block; float: none;\"\/>","protected":false},"excerpt":{"rendered":"<p>Semra YUSUFLARO\u011eLU Konu: Mutlu gelecek ortak umudumuzdur. \u201cNe Mutlu T\u00fcrk\u00fcm Diyeme!\u201d Bu sentez, Atat\u00fcrk\u2019\u00fcn bize b\u00fcy\u00fck miras\u0131d\u0131r. Ortak ruhumuzun ifadesidir. Milli varl\u0131\u011f\u0131m\u0131z\u0131 ve T\u00fcrk millerine<\/p>\n","protected":false},"author":13,"featured_media":48710,"comment_status":"closed","ping_status":"closed","sticky":false,"template":"","format":"standard","meta":{"advanced_seo_description":"","jetpack_seo_html_title":"","jetpack_seo_noindex":false,"_jetpack_memberships_contains_paid_content":false,"footnotes":""},"categories":[6],"tags":[],"class_list":["post-20039","post","type-post","status-publish","format-standard","has-post-thumbnail","hentry","category-yorum"],"jetpack_featured_media_url":"https:\/\/i0.wp.com\/www.bghaber.org\/bghaber\/wp-content\/uploads\/2020\/08\/semra-bekir.jpg?fit=584%2C732&ssl=1","jetpack_sharing_enabled":true,"jetpack_likes_enabled":true,"jetpack-related-posts":[],"jetpack_shortlink":"https:\/\/wp.me\/pc2PfJ-5dd","_links":{"self":[{"href":"https:\/\/www.bghaber.org\/bghaber\/wp-json\/wp\/v2\/posts\/20039","targetHints":{"allow":["GET"]}}],"collection":[{"href":"https:\/\/www.bghaber.org\/bghaber\/wp-json\/wp\/v2\/posts"}],"about":[{"href":"https:\/\/www.bghaber.org\/bghaber\/wp-json\/wp\/v2\/types\/post"}],"author":[{"embeddable":true,"href":"https:\/\/www.bghaber.org\/bghaber\/wp-json\/wp\/v2\/users\/13"}],"replies":[{"embeddable":true,"href":"https:\/\/www.bghaber.org\/bghaber\/wp-json\/wp\/v2\/comments?post=20039"}],"version-history":[{"count":0,"href":"https:\/\/www.bghaber.org\/bghaber\/wp-json\/wp\/v2\/posts\/20039\/revisions"}],"wp:featuredmedia":[{"embeddable":true,"href":"https:\/\/www.bghaber.org\/bghaber\/wp-json\/wp\/v2\/media\/48710"}],"wp:attachment":[{"href":"https:\/\/www.bghaber.org\/bghaber\/wp-json\/wp\/v2\/media?parent=20039"}],"wp:term":[{"taxonomy":"category","embeddable":true,"href":"https:\/\/www.bghaber.org\/bghaber\/wp-json\/wp\/v2\/categories?post=20039"},{"taxonomy":"post_tag","embeddable":true,"href":"https:\/\/www.bghaber.org\/bghaber\/wp-json\/wp\/v2\/tags?post=20039"}],"curies":[{"name":"wp","href":"https:\/\/api.w.org\/{rel}","templated":true}]}}