{"id":20029,"date":"2016-08-06T23:33:30","date_gmt":"2016-08-06T20:33:30","guid":{"rendered":"http:\/\/www.bghaber.org\/bghaber\/?p=20029"},"modified":"2016-08-07T20:30:23","modified_gmt":"2016-08-07T17:30:23","slug":"baskasinin-dunyasinda-kaybolmayalim","status":"publish","type":"post","link":"https:\/\/www.bghaber.org\/bghaber\/baskasinin-dunyasinda-kaybolmayalim\/","title":{"rendered":"Ba\u015fkas\u0131n\u0131n D\u00fcnyas\u0131nda Kaybolmayal\u0131m"},"content":{"rendered":"<p><strong><img data-recalc-dims=\"1\" loading=\"lazy\" decoding=\"async\" class=\"\" src=\"https:\/\/i0.wp.com\/www.bghaber.org\/bghaber\/wp-content\/uploads\/2013\/11\/nedim-birinci.jpg?resize=146%2C187\" alt=\"nedim birinci\" width=\"146\" height=\"187\" \/>\u00a0Dr.Nedim B\u0130R\u0130NC\u0130<\/strong><\/p>\n<p>Konu: <strong>Daha y\u00fcksek medeniyet projelerimizle g\u00fcndeme gelmeliyiz.<\/strong><\/p>\n<p>Hayatta baz\u0131 \u015feyler vard\u0131r geri s\u00f6kemezsin. Mesela acem hal\u0131s\u0131, \u00e7orap s\u00f6k\u00fc\u011f\u00fc gibi asla s\u00f6k\u00fclemez, nice u\u011fra\u015f sonucu s\u00f6k\u00fclebilse bile, toplanan i\u00e7lik ya d\u00f6\u015fe\u011fe ya yast\u0131\u011fa dolar, ba\u015fka bir \u015fey yaramaz.<\/p>\n<p>Medeniyetlerde b\u00f6yledir. Atat\u00fcrk laik T\u00fcrkiye Cumhuriyeti&#8217;ni kurmasayd\u0131, 15 Temmuz 2016 gecesi biz hepimiz \u201c<strong>\u0131l\u0131ml\u0131 \u0130slam<\/strong>\u201d dalgas\u0131nda bo\u011fulacak, kellelerimizle top oynanacakt\u0131. Ba\u015f\u0131m\u0131za gelen rezilli\u011fi d\u00fcnya alem g\u00f6rs\u00fcn diye, m\u00fcbarek ya\u011fmur da ya\u011fm\u0131yor, kan lekeleri hala asfalt ve kald\u0131r\u0131mlar \u00fczerinde \u015fak\u0131yor olacakt\u0131.<\/p>\n<p>Bir taraftan da iyi oldu. Silkindik. Uyuyan bir millet uyand\u0131. \u00a0Son h\u00fccremize kadar bizi esir almak isteyen <strong>Feto Ter\u00f6r \u00c7etesi<\/strong> (FET\u00d6) illetinden kurtulur gibi olduk. D\u00fcnyada hayat \u00e7ok garip kurulmu\u015f. Sararan bir yapra\u011f\u0131n sararmay\u0131 durdurup yeniden ye\u015feremedi\u011fi gibi, canl\u0131 bir b\u00fcnye olan devlet ve toplum yap\u0131s\u0131 da zehre, k\u00f6relmeye, \u00e7\u00f6kmeye al\u0131\u015f\u0131yor ve sanki yok olmada mutluluk bekler gibi bir duruma girmi\u015f oluyor. Meyve vermez oluyor ve biz \u201c<strong>Olur \u0130\u015f Allah!<\/strong>\u201d ile durumu idare ettik. Bedbahtla\u015ft\u0131\u011f\u0131m\u0131z\u0131n, mutsuzlu\u011fumuzun fark\u0131nda varamamam\u0131z, hele biz Bulgaristanl\u0131 T\u00fcrkler i\u00e7in normal bir durum olarak alg\u0131lanabilir, \u00e7\u00fcnk\u00fc biz ge\u00e7en y\u00fczy\u0131l \u00e7ok ezildi\u011fimizden ve 1990\u2019da yeniden bir \u00e7uvala sokulmu\u015f ve \u00f6n\u00fcne gelenin tekmesine al\u0131\u015fm\u0131\u015f oldu\u011fumuzdan, yap\u0131lacak bir \u015fey yoktu.<\/p><div id=\"bghab-2826270163\" class=\"bghab-icerik-icine bghab-entity-placement\"><script async src=\"\/\/pagead2.googlesyndication.com\/pagead\/js\/adsbygoogle.js?client=ca-pub-6203283170189293\" crossorigin=\"anonymous\"><\/script><ins class=\"adsbygoogle\" style=\"display:block; text-align:center;\" data-ad-client=\"ca-pub-6203283170189293\" \ndata-ad-slot=\"7303146466\" \ndata-ad-layout=\"in-article\"\ndata-ad-format=\"fluid\" data-full-width-responsive=\"true\"><\/ins>\n<script> \n(adsbygoogle = window.adsbygoogle || []).push({}); \n<\/script>\n<\/div>\n<p>Ger\u00e7ekleri dobra dobra s\u00f6ylersek, \u015fairlerimizden <strong>Durhan Hatipo\u011flu<\/strong> daha 1972\u2019de kaleme ald\u0131\u011f\u0131 \u201c<strong>Derbeder<\/strong>\u201d \u015fiirinde \u015f\u00f6yle der:<\/p>\n<p>\u201c<strong>B\u00fct\u00fcn gece \u00f6l\u00fc yaprak h\u0131\u015f\u0131rt\u0131s\u0131<\/strong><\/p>\n<p><strong>\u2026Ve uluyan kurtlar<\/strong>\u2026\u201d<\/p>\n<p>Asl\u0131nda biz ge\u00e7en y\u00fczy\u0131l\u0131n \u00e7ekisini yeni y\u00fczy\u0131la girerken a\u015fabilseydik, \u015fimdiye kadar bir\u00e7ok yaram\u0131z\u0131 sarm\u0131\u015ft\u0131k. Ne yaz\u0131k ki bunu yapamad\u0131k. Yine oyuna getirildik ve s\u00fcr\u00fcnmeye devam ediyoruz. Ge\u00e7en hafta, tescil karar\u0131n\u0131n Sofya birinci dereceli mahkemeden \u00e7\u0131kmas\u0131 eli kula\u011f\u0131nda olan DOST partisi <strong>Genel Ba\u015fkan\u0131 L\u00fctfi Mestan<\/strong> ve arkada\u015flar\u0131, totaliter rejimin zindan ve s\u00fcrg\u00fcnlerinde 24 sene kalan, \u00a0Bursa\u2019da kendini be\u011fendiremeyen ve sonunda cebi tam tak\u0131r k\u00f6y\u00fcnde vefat eden \u015fairimiz <strong>Nuri Adal\u0131<\/strong> mezar\u0131 ba\u015f\u0131nda an\u0131ld\u0131. Bir \u015fair nas\u0131l an\u0131l\u0131r? \u00c7imento duvara \u00e7i\u00e7ek ve \u00e7elenk koymakla m\u0131? Yoksa 10\u201315 okul \u00f6\u011frencisinin se\u00e7kin \u015fiirlerini \u00f6l\u00fcms\u00fcze mezar\u0131 ba\u015f\u0131nda bir daha dinleterek mi? Anma t\u00f6renine gelenlere Nuri Adal\u0131 derlemesinden birer kitap verilse \u00e7ok mu olurdu acaba! <strong>Yoksa bir ulusal T\u00fcrk \u015fairin mezar\u0131 ba\u015f\u0131nda eserlerinin an\u0131s\u0131n\u0131 sayanlara hediye edilmesi de mi su\u00e7 bu memlekette<\/strong>! Tam b\u00f6yle bir metinle herhangi bir yasa \u00e7\u0131kmad\u0131. Duyurulur!<\/p>\n<p>Bize Bulgaristan\u2019da az\u0131nl\u0131k muamelesi yap\u0131lsayd\u0131, yok olmaya y\u00fcz tutan kimli\u011fimiz dimdik ayakta kal\u0131rd\u0131. Fakat <strong>FET\u00d6<\/strong>\u2019n\u00fcn Sofya ve Plovdiv\u2019teki \u201c<strong>Drujba<\/strong>\u201d okullar\u0131nda okuyan T\u00fcrk, Pomak ve \u00c7ingene kalbur\u00fcst\u00fc kesimin \u00e7ocuklar\u0131 etnik toplulu\u011fumuzun i\u00e7inde bir az\u0131nl\u0131k olu\u015fturmaya ba\u015flam\u0131\u015ft\u0131. Bu okullarda, erkek ve k\u0131z \u00e7ocuklar\u0131n ayr\u0131 okutulmas\u0131, farkl\u0131 yakla\u015f\u0131ma maruz kalmalar\u0131 vb. onlar\u0131n kafalar\u0131n\u0131 \u00e7elebildi. Onlar ya polis, ya i\u015fkenceci gardiyan, ya savc\u0131 ya da hakim olmay\u0131 hedef etmi\u015flerdi. Babalar\u0131n\u0131n paras\u0131yla toplumdan git gide kopmu\u015flar ve normal yurtta\u015flar\u0131n \u00fcst\u00fcnde, onlar\u0131 idare edecek, ayr\u0131 ayr\u0131 her birinin kaderini belirlerken karartacak, hepimize bask\u0131 uygulayacak, adaleti belirleyecek bir tabaka olu\u015fturmaya haz\u0131rlanm\u0131\u015flard\u0131. Bu iki okuldan \u00e7\u0131kanlar\u0131n aras\u0131ndan Ahmet Do\u011fan\u2019\u0131n \u201c<strong>Multi Grup<\/strong>\u201d ve Avrupa Birli\u011fi E\u011fitim Fonu Paralar\u0131yla Sofya\u2019da kurdurdu\u011fu ve Bulgar gizli polisinin \u201c<strong>Alt\u0131nc\u0131 \u015eube<\/strong>\u201d \u015fefi, \u201c<strong>gestapo<\/strong>\u201d lakab\u0131yla \u00fcnl\u00fc <strong>Albay Prof. Dimir\u0131r \u0130vanov<\/strong>\u2019un eline teslim edip halk\u0131m\u0131z\u0131, dilimizi, dinimizi, k\u00fclt\u00fcr\u00fcm\u00fcz\u00fc ve kimli\u011fimizi i\u00e7inden oyacak yeni daha keskin \u00e7elik bilyeler haz\u0131rland\u0131\u011f\u0131n\u0131 g\u00f6rmeyenlere veya g\u00f6rmek istemeyenlere, hey uyan\u0131n art\u0131k!, demek istiyoruz.<\/p><div id=\"bghab-1824546222\" class=\"bghab-icerik-icine-10-paragraf bghab-entity-placement\"><script async src=\"\/\/pagead2.googlesyndication.com\/pagead\/js\/adsbygoogle.js?client=ca-pub-6203283170189293\" crossorigin=\"anonymous\"><\/script><ins class=\"adsbygoogle\" style=\"display:block; text-align:center;\" data-ad-client=\"ca-pub-6203283170189293\" \ndata-ad-slot=\"7303146466\" \ndata-ad-layout=\"in-article\"\ndata-ad-format=\"fluid\" data-full-width-responsive=\"true\"><\/ins>\n<script> \n(adsbygoogle = window.adsbygoogle || []).push({}); \n<\/script>\n<\/div>\n<p>D\u00fcnk\u00fc g\u00fcn, haberleri g\u00f6zden ge\u00e7irirken, eski ba\u015fbakanlardan ve 1989\u2019da ba\u015f\u0131m\u0131za balyoz indi\u011finde T\u00fcrkiye Cumhuriyeti D\u0131\u015f \u0130\u015fleri Bakan\u0131 olan Mesut Y\u0131lmaz\u2019\u0131n FET\u00d6 sisteminin 150 \u00fclkeye yay\u0131l\u0131\u015f\u0131, 100 milyar US Dolar\u0131 bulan bir darbeci servete sahip olmas\u0131 konular\u0131nda cumhuriyet savc\u0131s\u0131na verdi\u011fi ifadeleri okudum. \u201c<strong>Ecevit\u2019e sordum, dokunma, dedi<\/strong>\u201d diyor. Feytullah\u00e7\u0131 asker ka\u00e7aklar\u0131, sermaye ka\u00e7ak\u00e7\u0131lar\u0131, \u0131l\u0131ml\u0131 \u0130slamc\u0131lar\u0131 Sofya\u2019ya toplan\u0131rken, \u201c<strong>Bulgaristan Zaman<\/strong>\u201d gazetesi ve \u201c<strong>\u00dcmit<\/strong>\u201d dergisi \u00e7\u0131kmaya ba\u015flarken, \u00f6zel u\u00e7akla gelip, bu bakan Sofya Kumarhanelerini her gece ziyaret eder, her gece kaybeder ve bor\u00e7lar birikmesin endi\u015fesinden sorumlu FET\u00d6\u2019c\u00fcler \u00f6demeleri yapar ve \u00e7oraplar\u0131n\u0131 \u00f6rmeye devam ederlerdi. Ne yaz\u0131k ki, 15 Temmuzdan sonra da de\u011fi\u015fen bir \u015fey yok gibi.<\/p>\n<p>T\u00fcrkiye Cumhuriyeti Ba\u015fkan\u0131&#8217;n\u0131n s\u00f6zlerini kullan\u0131yorum: Bu \u201c<strong>hainler<\/strong>\u201d\u00a0 T\u00fcrkiye&#8217;yi d\u0131\u015f \u00fclkelerde temsil etme i\u015fini o kadar ilerletmi\u015fler ki, lay\u0131k bir devlet olan T\u00fcrkiye Cumhuriyeti&#8217;nin \u015ferefli ad\u0131n\u0131 \u201c<strong>\u0131l\u0131ml\u0131 \u0130slamc\u0131 hainlik boyas\u0131yla\u201d <\/strong>o kadar \u00e7ok boyam\u0131\u015flar ki lay\u0131k \u00f6zden bir \u015fey kalmam\u0131\u015f<strong>. Y<\/strong>eti\u015ftirdikleri kadrolar tam kendileri gibi\u2026 Beden diliyle konu\u015fuyorlar. Bi\u00e7imlendirmi\u015fler.<\/p>\n<p>\u015eu misalime dikkat ediniz.: \u00a0K\u0131rcaali eski M\u00fcft\u00fcs\u00fc; Bulgaristan M\u00fcsl\u00fcmanlar\u0131 Ba\u015f M\u00fcft\u00fcl\u00fck Manevi Konsey Ba\u015fkan\u0131; H\u00d6H eski milletvekili; 6 aydan beri de DOST partisi Genel Ba\u015fkan Yard\u0131mc\u0131l\u0131\u011f\u0131na s\u0131\u00e7rayan <strong>\u015eabanali Ahmet<\/strong>, son Ramazan\u2019da iftar bulu\u015fmalar\u0131nda beden dilini devaml\u0131 konu\u015fturdu.<\/p>\n<p>Pensilvanya\u2019daki <strong>HA\u0130NLER BA\u015eI, KAT\u0130LLER KAT\u0130L\u0130<\/strong> gibi iki elini g\u00f6\u011fe kald\u0131ra kald\u0131ra cin peri kovalar gibi, \u00f6l\u00fcmle lanetler gibi konu\u015ftu. Besbelli ald\u0131\u011f\u0131 talimatlar bu y\u00f6nde\u2026<\/p>\n<p>Bu olaylar 15 Temmuzdan birka\u00e7 g\u00fcn \u00f6nce oldu\u011funa hi\u00e7 kimsenin sesi \u00e7\u0131kmad\u0131. Kimse kalk\u0131p da bizim aram\u0131zda bu gibi tiplerin yeri olamaz, yeter ezildi\u011fimiz, millet bize g\u00fcl\u00fcyor, diyen olmad\u0131.<\/p><div id=\"bghab-2134091759\" class=\"bghab-icerik-icine-15-paragraf bghab-entity-placement\"><script async src=\"\/\/pagead2.googlesyndication.com\/pagead\/js\/adsbygoogle.js?client=ca-pub-6203283170189293\" crossorigin=\"anonymous\"><\/script><ins class=\"adsbygoogle\" style=\"display:block; text-align:center;\" data-ad-client=\"ca-pub-6203283170189293\" \ndata-ad-slot=\"7303146466\" \ndata-ad-layout=\"in-article\"\ndata-ad-format=\"fluid\" data-full-width-responsive=\"true\"><\/ins>\n<script> \n(adsbygoogle = window.adsbygoogle || []).push({}); \n<\/script>\n<\/div>\n<p>\u00d6rneklerin g\u00f6sterdi\u011fi \u00fczere, Bulgaristan T\u00fcrkleri aras\u0131na s\u0131z\u0131p onlar\u0131 ruhsuzla\u015ft\u0131rma i\u015fine adam sokarken \u201c<strong>Cizvit<\/strong>\u201d usul\u00fc uygulanm\u0131\u015ft\u0131r. FET\u00d6 \u00f6rg\u00fct\u00fc ta\u015f kafa, moralsiz, i\u015fe yaramayan,\u00a0 halk\u0131m\u0131z\u0131n davas\u0131ndan ve \u00f6zlemlerinden tamamen uzak, adalet duygumuza yabanc\u0131, hi\u00e7bir i\u015fe yaramayan soy saptan \u00e7ocuklar\u0131 toplam\u0131\u015f, \u201cokutmu\u015f\u201d\u00a0 ve kurumlar\u0131m\u0131z\u0131n, sivil toplum \u00f6rg\u00fctlerimizin, partilerimiz i\u00e7ine s\u0131zd\u0131r\u0131lm\u0131\u015f, ad\u0131m\u0131za meclise ve parti y\u00f6netimlerine itelemi\u015flerdir.<\/p>\n<p>Bulgaristan M\u00fcsl\u00fcmanlar\u0131 aras\u0131nda \u201c<strong>Zaman<\/strong>\u201d lokantas\u0131nda ve Sofya meclisi kantininde \u201c<strong>k\u00f6fteci grup<\/strong>\u201d b\u00f6yle meydana gelmi\u015ftir. Bulgaristan\u2019a okumaya gelen T\u00fcrkiye \u00f6\u011frencilerinin idare i\u015fleri ve Bulgar makamlar\u0131yla ili\u015fkileri de bu soyguncu grubun eline ge\u00e7mi\u015ftir. Bu i\u015flerde, bir parag\u00f6z olan Ahmet Do\u011fan da kullan\u0131lm\u0131\u015ft\u0131r. Se\u00e7im listelerinde \u015eabanali Ahmet gibi tipler listede \u00f6n s\u0131ralara yazarak siyasi hayat\u0131m\u0131zda \u00f6n s\u0131ralara itilmi\u015f ve hareketimiz vicdani tutum olarak k\u00f6reltilmi\u015ftir.<\/p>\n<p>Son y\u0131llarda Bulgar siyaset arenas\u0131nda ba\u015f sima olan bu tiplerden yine \u015eabanali Ahmet\u2019in, DOST partisinin ideolojisini anlat\u0131rken \u201c<strong>neo-liberalizm<\/strong>\u201dden s\u00f6z etmesi de dikkati \u00e7ekti. \u0130\u00e7kili H\u00d6H bulu\u015fmalar\u0131nda \u00f6\u011frendi\u011fi aldatmacalar\u0131n \u00fcst\u00fcne hi\u00e7bir \u015fey koymam\u0131\u015f olan bu t.\u015f kafa lidercik, anlayabildi\u011fimiz kadar\u0131yla \u00dcrd\u00fcn\u2019de \u0130slam \u00f6\u011frenimi g\u00f6rm\u00fc\u015f. Zaman\u2019a zaman demedik, internet \u00fczerinden ve yaz\u0131\u015farak bu din enstit\u00fcs\u00fcnde \u201c<strong>yeni-liberalizm<\/strong>\u201d \u00fczerine ne gibi bilgiler verildi\u011fini \u00f6\u011frenmeye \u00e7al\u0131\u015ft\u0131k. Ald\u0131\u011f\u0131m\u0131z cevaplar\u0131n hepsi olumsuzdu.<\/p>\n<p>Biz bu yolu b\u00f6yle devam edemeyiz. Kim neyi nas\u0131l anlarsa anlas\u0131n, kim ne derse desin.<\/p>\n<p><strong>Delik kova ile su ta\u015f\u0131nmaz\u2026 Bulgaristan&#8217;da bu 25 y\u0131ld\u0131r denendi.<\/strong><\/p><div id=\"bghab-1455534932\" class=\"bghab-icerik-icine-20-paragraf bghab-entity-placement\"><script async src=\"\/\/pagead2.googlesyndication.com\/pagead\/js\/adsbygoogle.js?client=ca-pub-6203283170189293\" crossorigin=\"anonymous\"><\/script><ins class=\"adsbygoogle\" style=\"display:block; text-align:center;\" data-ad-client=\"ca-pub-6203283170189293\" \ndata-ad-slot=\"7303146466\" \ndata-ad-layout=\"in-article\"\ndata-ad-format=\"fluid\" data-full-width-responsive=\"true\"><\/ins>\n<script> \n(adsbygoogle = window.adsbygoogle || []).push({}); \n<\/script>\n<\/div>\n<p>Son g\u00fcnlerde \u00f6zellikle de \u0130stanbul \u201c<strong>Zaman<\/strong>\u201d sar\u0131ca ar\u0131 kovan\u0131ndan bir grubun tutuklanmas\u0131n\u0131 vesile bilerek \u201c<strong>Zaman Bulgaristan<\/strong>\u201d Ba\u015f Redakt\u00f6r\u00fc Hasan bey, \u00a0Bulgar TV programlar\u0131nda, \u201c<strong>bizim T\u00fcrkiye\u2019deki \u201cZaman\u201d gazetesiyle hi\u00e7bir ba\u011flant\u0131m\u0131z yok.<\/strong>\u201d \u201c<strong>T\u00fcrkiye\u2019de bas\u0131n \u00f6zg\u00fcrl\u00fc\u011f\u00fc yok.<\/strong>\u201d \u201c<strong>Biz Bulgar t\u00fczel ki\u015fisi olarak ba\u011f\u0131ms\u0131z bir gazeteyiz<\/strong>\u201d masallar\u0131 anlatmaya ba\u015flad\u0131.<\/p>\n<p>Onun s\u00f6ylemedi\u011fi \u00e7ok \u015fey var:\u00a0\u00a0 Maa\u015flar\u0131n Pensilvanya\u2019dan geldi\u011fini; Beyin y\u0131kayan yorumlar\u0131n hepsinin \u201c<strong>zehirli \u0130slamc\u0131<\/strong>\u201d \u201c<strong>Zaman<\/strong>\u201d kalemlerinden \u00e7ekti\u011fini vb.\u00a0 \u201c<strong>Zaman Sofya<\/strong>\u201d redaksiyonunda \u00f6nceleri \u00e7al\u0131\u015fan ekibin bug\u00fcn hepsinin Pensilvanya\u2019da oldu\u011fu iyi bilinir.<\/p>\n<p>Biz, Bulgaristan M\u00fcsl\u00fcman T\u00fcrkleri ve soyda\u015flar olarak sahte medeniyet projeleriyle hi\u00e7bir yere eri\u015femeyiz. Bulgarlar\u0131n veya Avrupa Birli\u011finin olmayan medeniyet projelerine dahil edilirsek, eriyip yok oluruz. Bizim yar\u0131n\u0131m\u0131z kendi i\u00e7imizdeki kimli\u011fimizdedir. \u201c<strong>Aman siz kendiniz bir \u015fey yapmay\u0131n!<\/strong>\u201d Biz sizi y\u00f6netiriz, masal\u0131yla yolumuzu kesenler, bizim ad\u0131m\u0131za konu\u015fan, papazlar\u0131 sofram\u0131za oturtan, \u00f6n\u00fcm\u00fcze dikilenler her \u015feyimizi ellerine almak istediler.<\/p>\n<p>\u015eu da var, kahraman halk kitlemizden kapmak istedikleri bayra\u011f\u0131 ne T\u00fcrkiye\u2019de soyda\u015flar\u0131m\u0131z aras\u0131nda ne de memleketimizde karde\u015flerimiz \u00f6n\u00fcnde dalgaland\u0131rabildiler. FET\u00d6 kopoylar\u0131 bizim hi\u00e7bir sorumuza doru d\u00fcr\u00fcst, d\u00f6rt elle sar\u0131lmad\u0131, bize faydalar\u0131 dokunmad\u0131 ve bundan sonra da dokunmaz.<\/p>\n<p>Son 26 y\u0131lda T\u00fcrkiye\u2019den gelip de Bulgaristan T\u00fcrklerinin anadili olan T\u00fcrk\u00e7e a\u011f\u0131zlar\u0131m\u0131z \u00fcst\u00fcne bir ara\u015ft\u0131rma yapan ve say\u0131sal \u00e7a\u011fda leh\u00e7eleri de\u011ferlendirip edebiyat dilimizi t\u00fcm yasaklara ra\u011fmen \u00f6\u011fretebilme yollar\u0131n\u0131 ara\u015ft\u0131ran bilimsel \u00e7\u00f6z\u00fcmler \u00f6neren bir tek gen\u00e7 \u00e7\u0131kmad\u0131.<\/p><div id=\"bghab-2569405074\" class=\"bghab-icerik-icine-25-paragraf bghab-entity-placement\"><script async src=\"\/\/pagead2.googlesyndication.com\/pagead\/js\/adsbygoogle.js?client=ca-pub-6203283170189293\" crossorigin=\"anonymous\"><\/script><ins class=\"adsbygoogle\" style=\"display:block; text-align:center;\" data-ad-client=\"ca-pub-6203283170189293\" \ndata-ad-slot=\"7303146466\" \ndata-ad-layout=\"in-article\"\ndata-ad-format=\"fluid\" data-full-width-responsive=\"true\"><\/ins>\n<script> \n(adsbygoogle = window.adsbygoogle || []).push({}); \n<\/script>\n<\/div>\n<p>\u00c7ok ac\u0131 de\u011fil mi? \u015eu da \u00e7ok ac\u0131d\u0131r. FET\u00d6 okullar\u0131nda okuyan k\u0131z ve o\u011flanlardan bir tek yazar ya da \u015fair, bilim adam\u0131, felsefeci, sosyoloji uzman\u0131, psikolog, tar\u0131mc\u0131, paytar, \u00f6\u011fretmen vb \u00e7\u0131kmam\u0131\u015ft\u0131r. Ne varsa ne yoksa hepsi general olacaklar. TBMM\u2019nin bombalanmas\u0131 emri verecekler.<\/p>\n<p>T\u00fcrkiye Cumhuriyeti Ba\u015fkan\u0131 Say\u0131n R.T. Erdo\u011fan\u2019\u0131 \u00f6ld\u00fcrmek amac\u0131yla \u0130stanbul\u2019un \u00dcsk\u00fcdar semtine binlerce otomatik silah depolayacaklar. Bulgaristanl\u0131 T\u00fcrkleri vatandan kovma davas\u0131nda \u00f6nc\u00fc olacaklar. Bir de adalet anlay\u0131\u015f\u0131 k\u00f6kten \u00e7arp\u0131t\u0131lmak istendi. \u00a0TSK komuta kademesini y\u0131llarca hapishanelerde, sorgu dairelerinde ezmek, \u00fczmek, bir\u00e7oklar\u0131n\u0131n \u00f6l\u00fcm\u00fcne neden olmak i\u00e7in en zavall\u0131 hukuk oyunlar\u0131na ba\u015fvurdular.<\/p>\n<p>15 Temmuz olaylar\u0131ndan sonra G\u00fcney Do\u011fu\u2019dan PKK tuzaklar\u0131ndan hi\u00e7bir \u201c<strong>\u015fehit<\/strong>\u201d, \u201c<strong>tuzak<\/strong>\u201d haberi gelmeyece\u011fine inan\u0131yordum. \u00c7\u00fcnk\u00fc bu tuzaklar\u0131n bilin\u00e7li olarak kuruldu\u011funa, PKK ile ortakl\u0131k yap\u0131ld\u0131\u011f\u0131na, askerimizin ve polisimizin bombalar\u0131n g\u00f6m\u00fcl\u00fc oldu\u011fu b\u00f6lgelere, yollara bile bile g\u00f6nderildi\u011fine inan\u0131yordum. Patlamalar devam ediyorsa TSK hen\u00fcz ar\u0131nmam\u0131\u015f, <strong>\u201cimam h\u00fccreleri<\/strong>\u201d nin hala \u00e7al\u0131\u015ft\u0131\u011f\u0131 ger\u00e7e\u011fi ya\u015f\u0131yor, demektir.<\/p>\n<p>Biz, Bulgaristanl\u0131 T\u00fcrkler i\u00e7in, baz\u0131 istisnalar d\u0131\u015f\u0131nda, \u201c<strong>K\u0131rk y\u0131l oldu, kaynat\u0131r\u0131m kaynamaz<\/strong>\u201d atas\u00f6z\u00fc iki y\u00f6nl\u00fc ge\u00e7erlidir. Bir taraftan Bulgar bizi kaynatamad\u0131 ve d\u00fcnyaya rezil oldu, ama biz de ruhen yaraland\u0131k ve art\u0131k ate\u015fin seviyesini ayarlayamaz olduk. Ayar d\u00fc\u011fmesi hep bu i\u015ften anlamayanlar\u0131n veya d\u00fc\u011fmeyi \u00e7evirseler ne olaca\u011f\u0131n\u0131n fark\u0131nda olmayanlar\u0131n elindedir.<\/p>\n<p>\u015eu iyi bilinmelidir ki, ideallerini kaybedenler, davas\u0131na ve milletine g\u00fcvenmeyenler ya teslim olur ya da kaybolurlar.<\/p><div id=\"bghab-400244458\" class=\"bghab-icerik-icine-30-paragraf bghab-entity-placement\"><script async src=\"\/\/pagead2.googlesyndication.com\/pagead\/js\/adsbygoogle.js?client=ca-pub-6203283170189293\" crossorigin=\"anonymous\"><\/script><ins class=\"adsbygoogle\" style=\"display:block; text-align:center;\" data-ad-client=\"ca-pub-6203283170189293\" \ndata-ad-slot=\"7303146466\" \ndata-ad-layout=\"in-article\"\ndata-ad-format=\"fluid\" data-full-width-responsive=\"true\"><\/ins>\n<script> \n(adsbygoogle = window.adsbygoogle || []).push({}); \n<\/script>\n<\/div>\n<p>Biz, 1989\u2019da T\u00fcrkiye Cumhuriyeti\u2019ne yerle\u015fenler, <strong>i\u00e7e d\u00f6n\u00fck m\u00fc, d\u0131\u015fa d\u00f6n\u00fck m\u00fc bir milliyet\u00e7ili\u011fe bel ba\u011flamam\u0131z gerekti\u011finin bilincine uzun zaman varamad\u0131k<\/strong>.<\/p>\n<p>FET\u00d6 yay\u0131nlar\u0131 hep i\u00e7e d\u00f6n\u00fck bir milliyet\u00e7ili\u011fe gerek olmad\u0131\u011f\u0131n\u0131 a\u015f\u0131lamaya \u00e7al\u0131\u015ft\u0131. Bunu neden yapt\u0131klar\u0131 15 Temmuz gecesi anla\u015f\u0131ld\u0131. T\u00fcrk milletinde \u00c7anakkale mayas\u0131, Atat\u00fcrk ilham\u0131 olmasayd\u0131 hepimiz yanm\u0131\u015ft\u0131k. Bizi kurtaran bu defa dedelerimizin yenilmez ruhu oldu.<\/p>\n<p><strong>1974 K\u0131br\u0131s \u00e7\u0131karmas\u0131nda da tek yumruk olmu\u015ftuk, fakat bu kudreti toplayamam\u0131\u015ft\u0131k.<\/strong><\/p>\n<p>15 g\u00fcn demokrasi kalesi olduk. Verilmi\u015f sadakam\u0131z varm\u0131\u015f, emperyalizmin son balyozu \u00f6yle bir inecekti ki ba\u015f\u0131m\u0131za, bir daha kendimizi toparlamay\u0131 d\u00fc\u015f\u00fcnemeyecektik. FET\u00d6 ta\u015feronlu\u011funda emperyalizmin \u00f6rnek yeni s\u00f6m\u00fcrgesi olacakt\u0131k. Ard\u0131m\u0131zdan T\u00fcrk Cumhuriyetleri ve 56 \u0130slam devleti de yerle bir edilecekti\u2026<\/p>\n<p>Biz, BULT\u00dcRK Bulgaristan T\u00fcrkleri K\u00fclt\u00fcr ve Hizmet Derne\u011fi olarak Ankara K\u0131z\u0131lay&#8217;da, Tekirda\u011f\u0131 ve \u0130stanbul\/Bayrampa\u015fa&#8217;da, Gaziosmanpa\u015fa&#8217;da, Avc\u0131lar&#8217;da, Ba\u011f\u0131c\u0131larda, Sara\u00e7hanede ve Taksim Meydan\u0131nda Cumhuriyet An\u0131t\u0131\u2019nda BULT\u00dcRK bayra\u011f\u0131n\u0131 dalgaland\u0131rd\u0131k. Bir ihtimal daha olmad\u0131\u011f\u0131na inanarak mar\u015flar s\u00f6yledik, ate\u015fli konu\u015fmalar dinledik.<\/p><div id=\"bghab-1766646297\" class=\"bghab-icerik-icine-35-paragraf bghab-entity-placement\"><script async src=\"\/\/pagead2.googlesyndication.com\/pagead\/js\/adsbygoogle.js?client=ca-pub-6203283170189293\" crossorigin=\"anonymous\"><\/script><ins class=\"adsbygoogle\" style=\"display:block; text-align:center;\" data-ad-client=\"ca-pub-6203283170189293\" \ndata-ad-slot=\"7303146466\" \ndata-ad-layout=\"in-article\"\ndata-ad-format=\"fluid\" data-full-width-responsive=\"true\"><\/ins>\n<script> \n(adsbygoogle = window.adsbygoogle || []).push({}); \n<\/script>\n<\/div>\n<p><strong>Yar\u0131n da 7 Temmuz\u2019da Yeni Kap\u0131da milyonlarla bulu\u015fmaya, kucakla\u015fmaya BULT\u00dcRK bayra\u011f\u0131m\u0131zla kat\u0131laca\u011f\u0131z. <\/strong><\/p>\n<p>Son 15 g\u00fcn, 15 Temmuz gecesi bize b\u00fcy\u00fck bir ders oldu. Ba\u015fka bir T\u00fcrkiye olmad\u0131\u011f\u0131n\u0131 her birimiz \u00e7ok derin duyulmad\u0131k. Suriyelilerin ka\u00e7aca\u011f\u0131 yer vard\u0131, Kavkaslardan, balkanlardan gelen bizlere de gidece\u011fimiz yer vard\u0131 o da T\u00fcrkiye, ya bizim T\u00fcrkiye olmasa nereye gidece\u011fiz var m\u0131? Bizim buradan ba\u015fka devletimiz yok, bizim buradan \u00f6te \u015fehit olmaktan ba\u015fka yolumuz yok, bunu hepimiz \u00e7ok iyi biliriz.<\/p>\n<p>FET\u00d6\u2019c\u00fclerin gazete, rekl\u00e2m, radyo, televizyon, okul, yatakhane, kitap\u00e7\u0131, cami ve mescitlerde, da\u011f\u0131tt\u0131klar\u0131 k\u00f6fte ve b\u00f6reklerle, ikili, d\u00f6rtl\u00fc, onlu g\u00f6r\u00fc\u015fmelerde bizi oydu\u011funu ve yok etmeye 40 y\u0131l boyunca sab\u0131rla haz\u0131rland\u0131\u011f\u0131n\u0131 g\u00f6rd\u00fck. Onlar\u0131n e\u011fittikleri ki\u015filerin g\u00fcnahk\u00e2r, \u0131rk\u00e7\u0131, fa\u015fist, kat\u0131l olduklar\u0131n\u0131 g\u00f6rd\u00fck. Bir\u00e7ok gazeteyi bo\u015f kafal\u0131 hain T\u00fcrklerin yazd\u0131\u011f\u0131n\u0131 da g\u00f6rebildik.<\/p>\n<p>Biz, soyda\u015flar olarak T\u00fcrkiye i\u00e7inde yapaca\u011f\u0131m\u0131z milliyet\u00e7ilik ana-vatan\u0131m\u0131z\u0131 satanlara ve T\u00fcrk\u00fc T\u00fcrk\u2019e k\u0131rd\u0131rmak isteyenlere kar\u015f\u0131 olmal\u0131d\u0131r. Bizim Bulgaristan&#8217;da da PARALEL \u00d6RG\u00dcT OLDU\u011eUNA \u0130NANIYORUZ. Bu \u00f6rg\u00fct Sofyadan y\u00f6nlendiriliyor amma ak\u0131l hocalar\u0131 d\u0131\u015far\u0131dan, i\u015fte bu g\u00fcn bizlerde silkinmeliyiz ve kendi i\u00e7imizde hainleri ortaya \u00e7\u0131karmal\u0131y\u0131z. Bizler art\u0131k kendi toplumumuzdan kendini halk\u0131m\u0131z ad\u0131na feda edebilecek ki\u015fileri bulmal\u0131y\u0131z ve hainlerin kar\u015f\u0131s\u0131na \u00e7\u0131kabilmeliyiz. Toplum i\u00e7in \u00e7al\u0131\u015fanlar\u0131 ve toplumu b\u00f6lenleri iyi g\u00f6rmeliyiz. Bu en kutsal g\u00f6revdir.<\/p>\n<p>Son geli\u015fmeler bunu \u00e7ok a\u00e7\u0131k ortaya koydu. Biz i\u00e7ten b\u00f6l\u00fcnm\u00fc\u015f oldu\u011fumuzun fark\u0131na varamam\u0131\u015f\u0131z.<\/p><div id=\"bghab-3442805268\" class=\"bghab-icerik-icine-40-paragraf bghab-entity-placement\"><script async src=\"\/\/pagead2.googlesyndication.com\/pagead\/js\/adsbygoogle.js?client=ca-pub-6203283170189293\" crossorigin=\"anonymous\"><\/script><ins class=\"adsbygoogle\" style=\"display:block; text-align:center;\" data-ad-client=\"ca-pub-6203283170189293\" \ndata-ad-slot=\"7303146466\" \ndata-ad-layout=\"in-article\"\ndata-ad-format=\"fluid\" data-full-width-responsive=\"true\"><\/ins>\n<script> \n(adsbygoogle = window.adsbygoogle || []).push({}); \n<\/script>\n<\/div>\n<p>Unutmayal\u0131m: Milliyet\u00e7ilik birle\u015ftiriciliktir.<\/p>\n<p>\u201c<strong>Ne Mutlu T\u00fcrk\u00fcm Diyene<\/strong>!\u201d<\/p>\n<p>\u0130kinci yaz\u0131m\u0131zda:<\/p>\n<p><strong>T\u00fcrkiye T\u00fcrklerinin yani bizim d\u0131\u015f milliyet\u00e7ili\u011fimiz \u00fczerinde duraca\u011f\u0131z.<\/strong><\/p>\n<div id=\"bghab-2057972504\" class=\"bghab-yazi-altinda bghab-entity-placement\"><div class=\"bghab-adlabel\">Reklamlar<\/div><script async src=\"https:\/\/pagead2.googlesyndication.com\/pagead\/js\/adsbygoogle.js\"><\/script>\r\n<!-- bghaber-yaz\u0131-sonu -->\r\n<ins class=\"adsbygoogle\"\r\n     style=\"display:block\"\r\n     data-ad-client=\"ca-pub-6203283170189293\"\r\n     data-ad-slot=\"4222328180\"\r\n     data-ad-format=\"auto\"\r\n     data-full-width-responsive=\"true\"><\/ins>\r\n<script>\r\n     (adsbygoogle = window.adsbygoogle || []).push({});\r\n<\/script><\/div><br style=\"clear: both; display: block; float: none;\"\/>","protected":false},"excerpt":{"rendered":"<p>\u00a0Dr.Nedim B\u0130R\u0130NC\u0130 Konu: Daha y\u00fcksek medeniyet projelerimizle g\u00fcndeme gelmeliyiz. Hayatta baz\u0131 \u015feyler vard\u0131r geri s\u00f6kemezsin. Mesela acem hal\u0131s\u0131, \u00e7orap s\u00f6k\u00fc\u011f\u00fc gibi asla s\u00f6k\u00fclemez, nice u\u011fra\u015f<\/p>\n","protected":false},"author":13,"featured_media":8403,"comment_status":"closed","ping_status":"closed","sticky":false,"template":"","format":"standard","meta":{"advanced_seo_description":"","jetpack_seo_html_title":"","jetpack_seo_noindex":false,"_jetpack_memberships_contains_paid_content":false,"footnotes":""},"categories":[6],"tags":[],"class_list":["post-20029","post","type-post","status-publish","format-standard","has-post-thumbnail","hentry","category-yorum"],"jetpack_featured_media_url":"https:\/\/i0.wp.com\/www.bghaber.org\/bghaber\/wp-content\/uploads\/2013\/11\/nedim-birinci.jpg?fit=432%2C552&ssl=1","jetpack_sharing_enabled":true,"jetpack_likes_enabled":true,"jetpack-related-posts":[],"jetpack_shortlink":"https:\/\/wp.me\/pc2PfJ-5d3","_links":{"self":[{"href":"https:\/\/www.bghaber.org\/bghaber\/wp-json\/wp\/v2\/posts\/20029","targetHints":{"allow":["GET"]}}],"collection":[{"href":"https:\/\/www.bghaber.org\/bghaber\/wp-json\/wp\/v2\/posts"}],"about":[{"href":"https:\/\/www.bghaber.org\/bghaber\/wp-json\/wp\/v2\/types\/post"}],"author":[{"embeddable":true,"href":"https:\/\/www.bghaber.org\/bghaber\/wp-json\/wp\/v2\/users\/13"}],"replies":[{"embeddable":true,"href":"https:\/\/www.bghaber.org\/bghaber\/wp-json\/wp\/v2\/comments?post=20029"}],"version-history":[{"count":0,"href":"https:\/\/www.bghaber.org\/bghaber\/wp-json\/wp\/v2\/posts\/20029\/revisions"}],"wp:featuredmedia":[{"embeddable":true,"href":"https:\/\/www.bghaber.org\/bghaber\/wp-json\/wp\/v2\/media\/8403"}],"wp:attachment":[{"href":"https:\/\/www.bghaber.org\/bghaber\/wp-json\/wp\/v2\/media?parent=20029"}],"wp:term":[{"taxonomy":"category","embeddable":true,"href":"https:\/\/www.bghaber.org\/bghaber\/wp-json\/wp\/v2\/categories?post=20029"},{"taxonomy":"post_tag","embeddable":true,"href":"https:\/\/www.bghaber.org\/bghaber\/wp-json\/wp\/v2\/tags?post=20029"}],"curies":[{"name":"wp","href":"https:\/\/api.w.org\/{rel}","templated":true}]}}