{"id":20026,"date":"2016-08-06T23:24:51","date_gmt":"2016-08-06T20:24:51","guid":{"rendered":"http:\/\/www.bghaber.org\/bghaber\/?p=20026"},"modified":"2016-08-06T23:24:51","modified_gmt":"2016-08-06T20:24:51","slug":"turke-ihanet-edenlerin-sonu","status":"publish","type":"post","link":"https:\/\/www.bghaber.org\/bghaber\/turke-ihanet-edenlerin-sonu\/","title":{"rendered":"T\u00dcRK\u2019E \u0130HANET EDENLER\u0130N SONU"},"content":{"rendered":"<p><img data-recalc-dims=\"1\" decoding=\"async\" src=\"https:\/\/i0.wp.com\/www.bghaber.org\/bghaber\/wp-content\/uploads\/2016\/08\/erhanarkl.jpg?w=640\" alt=\"erhanarkl\" \/>\u00a0Prof.Dr. Erhan ARIKLI<\/p>\n<p>15 Temmuz darbe giri\u015fimi, bu millete bir ihanettir elbette.<\/p>\n<div><\/div>\n<div>Ama biliniz ki ne ilktir ne de sondur bu ihanet.<\/div>\n<div><\/div>\n<div>T\u00fcrk Milleti tarih boyunca en \u00e7ok ihanete u\u011frayan ve i\u00e7inden pek \u00e7ok hain \u00e7\u0131karan bir millettir.<\/div>\n<div><\/div>\n<div>Hainlik, psikolojik bir olay oldu\u011fu kadar genetik bir olayd\u0131r ayn\u0131 zamanda.<\/div>\n<div><\/div>\n<div>Hainlerin k\u00f6kenini ara\u015ft\u0131r\u0131n. Mutlaka bir melezlikle kar\u015f\u0131la\u015f\u0131rs\u0131n\u0131z.<\/div>\n<div><\/div>\n<div>Ad\u0131n\u0131n T\u00fcrk olmas\u0131 veya bilinen anne babas\u0131n\u0131n T\u00fcrk olmas\u0131, soy \u00f6z\u00fcrl\u00fc bir ki\u015finin vatan\u0131na ve milletine ihanet etmesine engel olamaz.<\/div>\n<div><\/div>\n<div>Ama bu millete ihanet edenlerin sonu hep korkun\u00e7 olmu\u015ftur.<\/div>\n<div><\/div>\n<div>Osmanl\u0131y\u0131 arkadan vuran \u0130ngiliz i\u015fbirlik\u00e7isi \u015eerif H\u00fcseyin\u2019in, K\u0131br\u0131s s\u00fcrg\u00fcn\u00fcn ard\u0131ndan \u00f6l\u00fcm d\u00f6\u015fe\u011finde o\u011fluna \u201cO\u011flum biz Osmanl\u0131ya ihanetin bedelini \u00f6d\u00fcyoruz\u201d demesi bo\u015funa de\u011fildi\u2026<\/div>\n<div><\/div>\n<div>Rahmetli Necdet Sevin\u00e7 a\u011fabeyimden dinledi\u011fim bir ba\u015fka ihaneti anlatmama m\u00fcsaade buyurun l\u00fctfen:<\/div>\n<div><\/div>\n<div>Ad\u0131, Nuri Sait Pa\u015fa idi.<\/div>\n<div><\/div>\n<div>T\u00fcrk ad\u0131 ta\u015f\u0131mas\u0131na ra\u011fmen T\u00fcrkl\u00fckle uzaktan yak\u0131ndan alakas\u0131 yoktu. Buna ra\u011fmen son devir Osmanl\u0131 pa\u015falar\u0131ndan biriydi.<\/div>\n<div><\/div>\n<div>Bu herif de bir\u00e7ok Osmanl\u0131 y\u00f6neticisi gibi \u0130ngilizler taraf\u0131ndan ele ge\u00e7irilmi\u015fti.<\/div>\n<div><\/div>\n<div>T\u00fcrkiye Cumhuriyetinin Musul ve Kerk\u00fck\u2019\u00fc kaybetmesinde, Misak-\u0131 Milli s\u0131n\u0131rlar\u0131 i\u00e7erisindeki o topraklar\u0131n \u0130ngiliz h\u00e2kimiyetine ge\u00e7mesinde bu hainin b\u00fcy\u00fck emekleri vard\u0131.<\/div>\n<div><\/div>\n<div>Musul-Kerk\u00fck elimizden \u00e7\u0131k\u0131nca ve b\u00fct\u00fcn Irak \u0130ngiliz y\u00f6netimine ge\u00e7ince, \u0130ngilizler yukarda bahsetti\u011fim \u015eerif H\u00fcseyin\u2019in o\u011flu II. Faysal\u2019\u0131 Irak\u2019a Kral tayin etmi\u015flerdi. Tescili vatan haini Nuri Sait Pa\u015fa da, Ba\u015fbakan\u0131 olmu\u015ftu bu kukla y\u00f6netimin.<\/div>\n<div><\/div>\n<div>Yeni efendilerine yaranmak i\u00e7in, Irak T\u00fcrkmenlerine her t\u00fcrl\u00fc eziyeti yapmaktan \u00e7ekinmiyordu bu hain.<\/div>\n<div><\/div>\n<div>1957 y\u0131l\u0131na gelindi\u011finde \u0130ngiltere, Irakta ki y\u00f6netimi de\u011fi\u015ftirme ihtiyac\u0131 hissetti.<\/div>\n<div><\/div>\n<div>Londra\u2019da yaz\u0131lan senaryo \u015f\u00f6yle geli\u015fmi\u015fti\u2026<\/div>\n<div><\/div>\n<div>II Faysal, o esnada Osmanl\u0131 hanedan\u0131ndan bir han\u0131mla evlenip taht\u0131n\u0131 sa\u011flama almak istiyordu. \u00dcstelik d\u00fc\u011f\u00fcn\u00fcn bir b\u00f6l\u00fcm\u00fc \u0130stanbul\u2019da yap\u0131lacakt\u0131. Ba\u015fbakan Nuri Sait, d\u00fc\u011f\u00fcn haz\u0131rl\u0131klar\u0131n\u0131 g\u00f6zden ge\u00e7irmek i\u00e7in 13 Temmuz 1957 tarihinde \u0130stanbul\u2019a gelmi\u015fti.<\/div>\n<div><\/div>\n<div>\u0130ngilizlerin kontrol\u00fcndeki Baas\u00e7\u0131lar ise darbeyi 14 Temmuzda yapacaklard\u0131. Nuri Sait Pa\u015fan\u0131n \u0130stanbul\u2019da olmas\u0131 hesapta yoktu. \u0130stanbul\u2019da kalaca\u011f\u0131 otele yerle\u015femeden, \u0130ngiltere\u2019nin Ba\u011fdat B\u00fcy\u00fckel\u00e7isi taraf\u0131ndan \u00e7ok acil olarak Ba\u011fdat\u2019a d\u00f6nmesi emredildi.<\/div>\n<div><\/div>\n<div>Ba\u011fdat\u2019a d\u00f6ner d\u00f6nmez \u0130ngiliz El\u00e7isini arayan Nuri Sait Pa\u015fa\u2019ya El\u00e7i ancak ertesi g\u00fcn g\u00f6r\u00fc\u015febileceklerini s\u00f6yleyince, Sait Pa\u015fa buna bir anlam verememi\u015fti.<\/div>\n<div><\/div>\n<div>Gece yar\u0131s\u0131 ihtilal patlak verdi\u011finde bile efendilerinin kendisini g\u00f6zden \u00e7\u0131karabilece\u011fine ihtimal vermiyordu. Bu y\u00fczden sakland\u0131\u011f\u0131 evden El\u00e7iyi arayarak kendisinin oradan al\u0131nmas\u0131n\u0131 istedi. \u0130ngiliz El\u00e7isi ise derhal ekip g\u00f6nderece\u011fini ve oradan ayr\u0131lmamas\u0131n\u0131 s\u00f6yledi.<\/div>\n<div><\/div>\n<div>Birazdan kap\u0131y\u0131 \u00e7alan ihtilalci Baas\u00e7\u0131lard\u0131. El\u00e7i, ihtilalcilere Sait Pa\u015fa\u2019n\u0131n adresini vermi\u015fti.<\/div>\n<div>Nuri Sait Pa\u015fa teslim olmay\u0131 d\u00fc\u015f\u00fcnm\u00fcyordu. Kad\u0131n k\u0131yafeti giyerek gelen ihtilalcilerden kurtulmaya \u00e7al\u0131\u015ft\u0131. Ba\u015faramad\u0131. \u0130htilalciler onu orac\u0131kta kad\u0131n k\u0131yafeti i\u00e7inde \u00f6ld\u00fcrd\u00fcler.<\/div>\n<div><\/div>\n<div>Bilmem ki 15 Temmuz darbe giri\u015fiminde bulunanlar veya bu darbe giri\u015fime destek olanlar, Nuri Sait Pa\u015fa veya \u015eerif H\u00fcseyin gibi hainlerin hayat hikayesini okumu\u015flar m\u0131d\u0131r?<\/div>\n<div><\/div>\n<div>Biliniz ki, Allah bu milleti seviyor. Bu millete ihanet edenleri de bir \u015fekilde cezaland\u0131r\u0131yor.<\/div>\n<div><\/div>\n<div>Demem o ki, bu millete ihanet edecek olanlar tarihi biraz kar\u0131\u015ft\u0131rsalar iyi olur.<\/div>\n<div id=\"bghab-2447395702\" class=\"bghab-yazi-altinda bghab-entity-placement\"><div class=\"bghab-adlabel\">Reklamlar<\/div><script async src=\"https:\/\/pagead2.googlesyndication.com\/pagead\/js\/adsbygoogle.js\"><\/script>\r\n<!-- bghaber-yaz\u0131-sonu -->\r\n<ins class=\"adsbygoogle\"\r\n     style=\"display:block\"\r\n     data-ad-client=\"ca-pub-6203283170189293\"\r\n     data-ad-slot=\"4222328180\"\r\n     data-ad-format=\"auto\"\r\n     data-full-width-responsive=\"true\"><\/ins>\r\n<script>\r\n     (adsbygoogle = window.adsbygoogle || []).push({});\r\n<\/script><\/div><br style=\"clear: both; display: block; float: none;\"\/>","protected":false},"excerpt":{"rendered":"<p>\u00a0Prof.Dr. Erhan ARIKLI 15 Temmuz darbe giri\u015fimi, bu millete bir ihanettir elbette. Ama biliniz ki ne ilktir ne de sondur bu ihanet. T\u00fcrk Milleti tarih<\/p>\n","protected":false},"author":13,"featured_media":20027,"comment_status":"closed","ping_status":"closed","sticky":false,"template":"","format":"standard","meta":{"advanced_seo_description":"","jetpack_seo_html_title":"","jetpack_seo_noindex":false,"_jetpack_memberships_contains_paid_content":false,"footnotes":""},"categories":[6],"tags":[],"class_list":["post-20026","post","type-post","status-publish","format-standard","has-post-thumbnail","hentry","category-yorum"],"jetpack_featured_media_url":"https:\/\/i0.wp.com\/www.bghaber.org\/bghaber\/wp-content\/uploads\/2016\/08\/erhanarkl.jpg?fit=138%2C190&ssl=1","jetpack_sharing_enabled":true,"jetpack_likes_enabled":true,"jetpack-related-posts":[],"jetpack_shortlink":"https:\/\/wp.me\/pc2PfJ-5d0","_links":{"self":[{"href":"https:\/\/www.bghaber.org\/bghaber\/wp-json\/wp\/v2\/posts\/20026","targetHints":{"allow":["GET"]}}],"collection":[{"href":"https:\/\/www.bghaber.org\/bghaber\/wp-json\/wp\/v2\/posts"}],"about":[{"href":"https:\/\/www.bghaber.org\/bghaber\/wp-json\/wp\/v2\/types\/post"}],"author":[{"embeddable":true,"href":"https:\/\/www.bghaber.org\/bghaber\/wp-json\/wp\/v2\/users\/13"}],"replies":[{"embeddable":true,"href":"https:\/\/www.bghaber.org\/bghaber\/wp-json\/wp\/v2\/comments?post=20026"}],"version-history":[{"count":0,"href":"https:\/\/www.bghaber.org\/bghaber\/wp-json\/wp\/v2\/posts\/20026\/revisions"}],"wp:featuredmedia":[{"embeddable":true,"href":"https:\/\/www.bghaber.org\/bghaber\/wp-json\/wp\/v2\/media\/20027"}],"wp:attachment":[{"href":"https:\/\/www.bghaber.org\/bghaber\/wp-json\/wp\/v2\/media?parent=20026"}],"wp:term":[{"taxonomy":"category","embeddable":true,"href":"https:\/\/www.bghaber.org\/bghaber\/wp-json\/wp\/v2\/categories?post=20026"},{"taxonomy":"post_tag","embeddable":true,"href":"https:\/\/www.bghaber.org\/bghaber\/wp-json\/wp\/v2\/tags?post=20026"}],"curies":[{"name":"wp","href":"https:\/\/api.w.org\/{rel}","templated":true}]}}