{"id":2001,"date":"2013-05-24T03:01:35","date_gmt":"2013-05-24T00:01:35","guid":{"rendered":"http:\/\/bghaber.org\/bghaber\/?p=2001"},"modified":"2019-07-18T23:48:38","modified_gmt":"2019-07-18T21:48:38","slug":"baf-bulgaristan-turklerinin-sorunlarinin-masaya-yatirilmasini-talep-etti","status":"publish","type":"post","link":"https:\/\/www.bghaber.org\/bghaber\/baf-bulgaristan-turklerinin-sorunlarinin-masaya-yatirilmasini-talep-etti\/","title":{"rendered":"BAF, Bulgaristan T\u00fcrklerinin sorunlar\u0131n\u0131n masaya yat\u0131r\u0131lmas\u0131n\u0131 talep etti"},"content":{"rendered":"<p>Sivil toplum kurulu\u015fu Bulgaristan Adalet Federasyonu (BAF) Ba\u015fkan\u0131 Sezgin M\u00fcmin, Hak ve \u00d6zg\u00fcrl\u00fckler Hareketi (H\u00d6H) partisi Genel Ba\u015fkan\u0131 L\u00fctvi Mestan&#8217;a yazd\u0131\u011f\u0131 mektupta kurulacak h\u00fck\u00fcmeti Bulgaristan T\u00fcrklerinin sorunlar\u0131n\u0131 \u00e7\u00f6zmesi halinde desteklemesini istedi.\u00a0<!--more--><\/p>\n<div>\n<figure id=\"attachment_1669\" aria-describedby=\"caption-attachment-1669\" style=\"width: 300px\" class=\"wp-caption alignright\"><a href=\"https:\/\/i0.wp.com\/bghaber.org\/bghaber\/wp-content\/uploads\/2013\/05\/BAF-Bask-Sezgin-Mumin.jpg\"><img data-recalc-dims=\"1\" loading=\"lazy\" decoding=\"async\" class=\"size-medium wp-image-1669\" alt=\"BAF Genel Ba\u015fkan\u0131 Sezgin M\u00fcmin\" src=\"https:\/\/i0.wp.com\/bghaber.org\/bghaber\/wp-content\/uploads\/2013\/05\/BAF-Bask-Sezgin-Mumin-300x219.jpg?resize=300%2C219\" width=\"300\" height=\"219\" srcset=\"https:\/\/i0.wp.com\/www.bghaber.org\/bghaber\/wp-content\/uploads\/2013\/05\/BAF-Bask-Sezgin-Mumin.jpg?resize=300%2C219&amp;ssl=1 300w, https:\/\/i0.wp.com\/www.bghaber.org\/bghaber\/wp-content\/uploads\/2013\/05\/BAF-Bask-Sezgin-Mumin.jpg?w=320&amp;ssl=1 320w\" sizes=\"auto, (max-width: 300px) 100vw, 300px\" \/><\/a><figcaption id=\"caption-attachment-1669\" class=\"wp-caption-text\">BAF Genel Ba\u015fkan\u0131<br \/>Sezgin M\u00fcmin<\/figcaption><\/figure>\n<p>Mektubun kopyalar\u0131 da Meclis&#8217;te temsil edilen Bulgaristan&#8217;\u0131n Avrupa Geli\u015fimi \u0130\u00e7in Vatanda\u015flar Partisi\u00a0(GERB)\u00a0, Bulgar Sosyalist Partisi (BSP) ve Ataka Partisine g\u00f6nderildi.<\/p><\/div>\n<div><\/div>\n<div>Sezgin M\u00fcmin, 11 Ocak Bildirisi&#8217;ni Meclis&#8217;e sunan GERB&#8217;e; \u00f6zellikle de G\u00fc\u00e7l\u00fc Bulgaristan \u0130\u00e7in Demokratlar Partisi\u00a0(DSB)\u00a0Genel Ba\u015fkan\u0131 \u0130van Kostov&#8217;a te\u015fekk\u00fcr etti.<\/div>\n<p>&nbsp;<\/p>\n<div><\/div>\n<p>&nbsp;<\/p>\n<div><b>Mektubun metni:<\/b><b>\u00a0\u00a0\u00a0<\/b><\/div>\n<p>&nbsp;<\/p>\n<div align=\"right\"><\/div>\n<p>&nbsp;<\/p>\n<div>Say\u0131n Genel Ba\u015fkan,<\/div>\n<p>&nbsp;<\/p>\n<div>T\u00fcrk k\u00f6kenli Bulgaristan vatanda\u015flar\u0131n\u0131n sorunlar\u0131 ile ilgilenen sivil toplum kurulu\u015fu Bulgaristan Adalet Federasyonu olarak hem tart\u0131\u015fmal\u0131 oldu\u011fu hem de hayat\u020b \u00f6nem ta\u015f\u0131d\u0131\u011f\u0131 i\u00e7in \u015fu ana kadar kimsenin ilgilenmedi\u011fi birka\u00e7 sorunu acilen \u00e7\u00f6zmenizi \u00f6neririm. Umar\u0131m H\u00d6H y\u00fcr\u00fctece\u011fi siyasetle Ore\u015farski h\u00fck\u00fcmetine destek verirken a\u00e7\u0131k\u00e7a kendi duru\u015funu sergileyip a\u015fa\u011f\u0131da s\u0131ralad\u0131\u011f\u0131m\u0131z talepleri sunar:<\/div>\n<p>&nbsp;<\/p>\n<div><b><i><span style=\"text-decoration: underline;\">Bir:<\/span><\/i><\/b><\/div>\n<p>&nbsp;<\/p>\n<div>11 Ocak 2012 tarihinde Meclis&#8217;\u00e7e onaylanan <span style=\"text-decoration: underline;\">Bulgaristan M\u00fcsl\u00fcmanlar\u0131n\u0131n Zorunlu Asimil\u0203syonunu K\u0131nayan Bildiri<\/span>&#8216;nin 3. maddesine dayanarak bununla ilgili yetkili kurumlar\u0131n <b>Sofya Asker\u020b \u0130l Savc\u0131l\u0131\u011f\u0131&#8217;n<\/b><b>\u0131n<\/b><b> (SVOP)<\/b><b> listesindeki <\/b><b>II \u2013 048 No&#8217;lu 1999 y\u0131l\u0131 tarihli <\/b>Bulgaristan Cumhuriyeti ve Avrupa hukuku ve Uluslararas\u0131 hukuk ilkeleri ve normlar\u0131na tamamen ayk\u0131r\u0131<b> Dava&#8217;n\u0131n i\u015flemlerinin sonu\u00e7land\u0131r\u0131lmas\u0131n\u0131 talep ediyoruz<\/b>. Dava art\u0131k yirmi y\u0131ldan fazla zamand\u0131r soru\u015fturuluyor (!). B\u00fct\u00fcn bunlar, madurlar\u0131n haklar\u0131 \u00fczerinde son derece olumsuz etki yapmakta, bu da etkili yarg\u0131dan ka\u00e7\u0131n\u0131ld\u0131\u011f\u0131na i\u015faret ediyor.<\/div>\n<p>&nbsp;<\/p>\n<div><b><i><span style=\"text-decoration: underline;\">\u0130ki:<\/span><\/i><\/b><\/div>\n<p>&nbsp;<\/p>\n<div>Bulgar yetkililerin, Vatanda\u015f Kayd\u0131 ve \u0130dar\u020b Hizmet (GRAO) M\u00fcd\u00fcrl\u00fc\u011f\u00fc&#8217;n\u00fcn k\u00fct\u00fcklerinden zorla verilen ve s\u00f6zde <b>Soya D\u00f6n\u00fc\u015f S\u00fcreci<\/b> d\u00f6neminde dayat\u0131lan b\u00fct\u00fcn Bulgar, Rus adlar\u0131n\u0131 ya da di\u011fer adlar\u0131 silmesini talep ediyoruz.<\/div>\n<p>&nbsp;<\/p>\n<div>Zorla dayat\u0131lan isimlerin, T\u00fcrk k\u00f6kenli Bulgaristan vatanda\u015flar\u0131 ile Bulgaristan Cumhuriyeti M\u00fcsl\u00fcmanlar\u0131n\u0131 \u015fiddetli a\u015fa\u011flad\u0131\u011f\u0131 g\u00f6r\u00fc\u015f\u00fcndeyiz.<\/div>\n<p>&nbsp;<\/p>\n<div><b><i><span style=\"text-decoration: underline;\">\u00dc\u00e7:<\/span><\/i><\/b><\/div>\n<p>&nbsp;<\/p>\n<div>Bulgaristan Cumhuriyeti&#8217;nin karma b\u00f6lgelerindeki devlet ve belediye okullar\u0131nda T\u00fcrk k\u00f6kenli Bulgaristan vatanda\u015f\u0131 stat\u00fcs\u00fcne sahip \u00e7ocuklar\u0131n T\u00fcrk\u00e7eyi zorunlu ders olarak okumas\u0131n\u0131n resm\u020b olarak y\u00fcr\u00fcrl\u00fc\u011fe girmesini talep ediyoruz.<\/div>\n<p>&nbsp;<\/p>\n<div><b>GERB partisi de olmak \u00fczere, G\u00fc\u00e7l\u00fc Bulgaristan Demokratlar\u0131 (DSB) partisine te\u015fekk\u00fcrlerimi sunar\u0131m; \u00f6zellikle de Meclis&#8217;in 41. h\u00fck\u00fcmetine Bulgaristan M\u00fcsl\u00fcmanlar\u0131n\u0131n Zorunlu Asimil\u0203syonunu K\u0131nayan Bildiri&#8217;yi sunan Kostov&#8217;a te\u015fekk\u00fcrlerimi sunmay\u0131 boynumun borcu bilirim, \u00e7\u00fcnk\u00fc onlar\u0131n oylar\u0131 olmadan bu Bildiri onaylanmazd\u0131. Bu Bildiri&#8217;yi desteklemeyen on yedi H\u00d6H milletvekilinin \u00e7o\u011fu 42. h\u00fck\u00fcmetin de milletvekili. Bildiri&#8217;yi BSP&#8217;li milletvekillerinden yaln\u0131zca \u00fc\u00e7\u00fc onaylad\u0131.<\/b><\/div>\n<p>&nbsp;<\/p>\n<div>Sivil toplum kurulu\u015fu Bulgaristan Adalet Federasyonu olarak birilerine cell\u0203t, di\u011ferlerine kurban rol\u00fc bi\u00e7ilen ge\u00e7mi\u015fteki tarih\u020b olaylar\u0131 de\u011ferlendirmeyen partiler aras\u0131nda Bulgaristan ad\u0131na koalisyon olamayaca\u011f\u0131 g\u00f6r\u00fc\u015f\u00fcndeyiz.<\/div>\n<div><\/div>\n<div>Meclis&#8217;te temsil edilen H\u00d6H partisine hayat hakk\u0131 tan\u0131mayan bir parti de bunlara il\u0203ve edilebilir.<\/div>\n<div><\/div>\n<div>Bildiri&#8217;ye verilen destek, Bulgaristan&#8217;daki etnik T\u00fcrk grubunun sorunlar\u0131na duyarl\u0131l\u0131\u011f\u0131n\u0131n a\u00e7\u0131k belirtisidir; a\u00e7\u0131k ya da \u00f6rt\u00fcl\u00fc de\u011fi\u015fik koalisyonlara girmeden \u00f6nce y\u00fcksek ahl\u0203k ve eti\u011finize s\u0131\u011f\u0131n\u0131r\u0131m; \u00e7\u00fcnk\u00fc sizlere oylar\u0131n\u0131 veren se\u00e7menlerin talepleri g\u00f6z ard\u0131 edilirse oylar\u0131n\u0131 kullananlar da bu konulardaki duyarl\u0131l\u0131\u011f\u0131n\u0131 g\u00f6stereceklerdir.<\/div>\n<p>&nbsp;<\/p>\n<div><\/div>\n<p>&nbsp;<\/p>\n<div>Ayd\u0131n Osman | AJANS BG<\/div>\n<div id=\"bghab-170863135\" class=\"bghab-yazi-altinda bghab-entity-placement\"><script async src=\"https:\/\/pagead2.googlesyndication.com\/pagead\/js\/adsbygoogle.js\"><\/script>\r\n<!-- bghaber-yaz\u0131-sonu -->\r\n<ins class=\"adsbygoogle\"\r\n     style=\"display:block\"\r\n     data-ad-client=\"ca-pub-6203283170189293\"\r\n     data-ad-slot=\"4222328180\"\r\n     data-ad-format=\"auto\"\r\n     data-full-width-responsive=\"true\"><\/ins>\r\n<script>\r\n     (adsbygoogle = window.adsbygoogle || []).push({});\r\n<\/script><\/div><br style=\"clear: both; display: block; float: none;\"\/>","protected":false},"excerpt":{"rendered":"<p>Sivil toplum kurulu\u015fu Bulgaristan Adalet Federasyonu (BAF) Ba\u015fkan\u0131 Sezgin M\u00fcmin, Hak ve \u00d6zg\u00fcrl\u00fckler Hareketi (H\u00d6H) partisi Genel Ba\u015fkan\u0131 L\u00fctvi Mestan&#8217;a yazd\u0131\u011f\u0131 mektupta kurulacak h\u00fck\u00fcmeti Bulgaristan<\/p>\n","protected":false},"author":29,"featured_media":1669,"comment_status":"closed","ping_status":"closed","sticky":false,"template":"","format":"standard","meta":{"advanced_seo_description":"","jetpack_seo_html_title":"","jetpack_seo_noindex":false,"jetpack_seo_schema_type":"","_jetpack_newsletter_access":"","_jetpack_dont_email_post_to_subs":false,"_jetpack_newsletter_tier_id":0,"_jetpack_memberships_contains_paywalled_content":false,"_jetpack_feature_clip_id":0,"_jetpack_memberships_contains_paid_content":false,"footnotes":"","jetpack_post_was_ever_published":false},"categories":[4],"tags":[111,30,114,93,95],"class_list":["post-2001","post","type-post","status-publish","format-standard","has-post-thumbnail","hentry","category-siyaset","tag-baf","tag-bulgaristan","tag-gerb","tag-hoh","tag-lutfi-mestan"],"jetpack_sharing_enabled":true,"jetpack_likes_enabled":true,"jetpack-related-posts":[],"jetpack_shortlink":"https:\/\/wp.me\/pc2PfJ-wh","jetpack_featured_media_url":"https:\/\/i0.wp.com\/www.bghaber.org\/bghaber\/wp-content\/uploads\/2013\/05\/BAF-Bask-Sezgin-Mumin.jpg?fit=320%2C234&ssl=1","_links":{"self":[{"href":"https:\/\/www.bghaber.org\/bghaber\/wp-json\/wp\/v2\/posts\/2001","targetHints":{"allow":["GET"]}}],"collection":[{"href":"https:\/\/www.bghaber.org\/bghaber\/wp-json\/wp\/v2\/posts"}],"about":[{"href":"https:\/\/www.bghaber.org\/bghaber\/wp-json\/wp\/v2\/types\/post"}],"author":[{"embeddable":true,"href":"https:\/\/www.bghaber.org\/bghaber\/wp-json\/wp\/v2\/users\/29"}],"replies":[{"embeddable":true,"href":"https:\/\/www.bghaber.org\/bghaber\/wp-json\/wp\/v2\/comments?post=2001"}],"version-history":[{"count":0,"href":"https:\/\/www.bghaber.org\/bghaber\/wp-json\/wp\/v2\/posts\/2001\/revisions"}],"wp:featuredmedia":[{"embeddable":true,"href":"https:\/\/www.bghaber.org\/bghaber\/wp-json\/wp\/v2\/media\/1669"}],"wp:attachment":[{"href":"https:\/\/www.bghaber.org\/bghaber\/wp-json\/wp\/v2\/media?parent=2001"}],"wp:term":[{"taxonomy":"category","embeddable":true,"href":"https:\/\/www.bghaber.org\/bghaber\/wp-json\/wp\/v2\/categories?post=2001"},{"taxonomy":"post_tag","embeddable":true,"href":"https:\/\/www.bghaber.org\/bghaber\/wp-json\/wp\/v2\/tags?post=2001"}],"curies":[{"name":"wp","href":"https:\/\/api.w.org\/{rel}","templated":true}]}}