{"id":20000,"date":"2016-08-06T14:16:55","date_gmt":"2016-08-06T11:16:55","guid":{"rendered":"http:\/\/www.bghaber.org\/bghaber\/?p=20000"},"modified":"2016-08-08T02:44:24","modified_gmt":"2016-08-07T23:44:24","slug":"demokrasi-ve-sehitler-mitingine-davet","status":"publish","type":"post","link":"https:\/\/www.bghaber.org\/bghaber\/demokrasi-ve-sehitler-mitingine-davet\/","title":{"rendered":"Demokrasi ve \u015eehitler Mitingine Davet"},"content":{"rendered":"<h4 style=\"text-align: center;\">\u0130stanbul Yenikap\u0131daki Demokrasi ve \u015eehitler Mitingi t\u00fcm Bulgaristan T\u00fcrklerini Yeni-kap\u0131ya\u00a0davet ediyoruz.\u00a0Cumhurba\u015fkan\u0131m\u0131z Say\u0131n Recep Tayip ERDO\u011eAN&#8217;n\u0131n himayelerinde 7 A\u011fustos Pazar 17.00&#8217;de, ger\u00e7ekle\u015ftirecek olan Demokrasi ve \u015eehitler Mitingine t\u00fcm BALKAN T\u00dcRKLER\u0130 DAVETL\u0130D\u0130R.<\/h4>\n<h2><img data-recalc-dims=\"1\" loading=\"lazy\" decoding=\"async\" class=\"\" src=\"https:\/\/i0.wp.com\/www.bghaber.org\/bghaber\/wp-content\/uploads\/2016\/08\/birlik-tr.jpg?resize=640%2C262\" alt=\"birlik tr\" width=\"640\" height=\"262\" \/><\/h2>\n<p>\u201cHaydi Demokrasiye, &#8220;Zafer demokrasinin, meydanlar milletindir&#8221; slogan\u0131yla Ana-Vatan\u0131m\u0131za Sahip \u00c7\u0131kmaya Gidiyoruz\u201d\u00a0Bulgaristan T\u00fcrklerinden Ana-Vatan\u0131m\u0131za, T\u00fcrkiye&#8217;ye Selam Getirdik<\/p>\n<p>Slogan\u0131yla \u0130stanbul&#8217;da bulunan Bulgaristan T\u00fcrkleri\u00a0Ana-vatan T\u00fcrkiye&#8217;mizin milli iradesi ve demokrasi m\u00fccadelesinde yan\u0131nda oldu\u011fumuzu ilk g\u00fcnden beri t\u00fcm\u00a0meydanlarda T\u00fcrk bayra\u011f\u0131n\u0131n yan\u0131nda BULT\u00dcRK\u00a0bayra\u011f\u0131n\u0131 dalgaland\u0131rarak g\u00f6stermi\u015f olduk.<\/p>\n<p>Katk\u0131da ve kat\u0131l\u0131mda bulunan b\u00fct\u00fcn karde\u015flerimize te\u015fekk\u00fcr ederiz.<\/p>\n<p>\u0130stanbul\u2019da bulunan t\u00fcm BULT\u00dcRK \u00fcyelerinin\u00a0alm\u0131\u015f oldu\u011fu ortak kararla;<\/p>\n<p>Bu Pazar, 07.08.2016 g\u00fcn\u00fc \u0130stanbul \u2013 Yenikap\u0131\u2019da yap\u0131lacak Demokrasi Mitingine Bulgaristan T\u00fcrkleri\u00a0olarak kat\u0131l\u0131p T\u00fcrk demokrasisinin yan\u0131nda oldu\u011fumuzu bir kez daha kan\u0131tlayaca\u011f\u0131z.<\/p><div id=\"bghab-720951644\" class=\"bghab-icerik-icine bghab-entity-placement\"><script async src=\"\/\/pagead2.googlesyndication.com\/pagead\/js\/adsbygoogle.js?client=ca-pub-6203283170189293\" crossorigin=\"anonymous\"><\/script><ins class=\"adsbygoogle\" style=\"display:block; text-align:center;\" data-ad-client=\"ca-pub-6203283170189293\" \ndata-ad-slot=\"7303146466\" \ndata-ad-layout=\"in-article\"\ndata-ad-format=\"fluid\" data-full-width-responsive=\"true\"><\/ins>\n<script> \n(adsbygoogle = window.adsbygoogle || []).push({}); \n<\/script>\n<\/div>\n<p>T\u00fcm Balkanlar\u0131 bu demokrasi mitinginde yerimizi almaya davet ediyoruz;<\/p>\n<p style=\"text-align: center;\">Sayg\u0131lar\u0131m\u0131zla,<\/p>\n<p>&nbsp;<\/p>\n<p style=\"text-align: right;\">Bulgaristan T\u00fcrkleri<\/p>\n<p style=\"text-align: right;\">K\u00fclt\u00fcr ve Hizmet Derne\u011fi<\/p><div id=\"bghab-1619871325\" class=\"bghab-icerik-icine-10-paragraf bghab-entity-placement\"><script async src=\"\/\/pagead2.googlesyndication.com\/pagead\/js\/adsbygoogle.js?client=ca-pub-6203283170189293\" crossorigin=\"anonymous\"><\/script><ins class=\"adsbygoogle\" style=\"display:block; text-align:center;\" data-ad-client=\"ca-pub-6203283170189293\" \ndata-ad-slot=\"7303146466\" \ndata-ad-layout=\"in-article\"\ndata-ad-format=\"fluid\" data-full-width-responsive=\"true\"><\/ins>\n<script> \n(adsbygoogle = window.adsbygoogle || []).push({}); \n<\/script>\n<\/div>\n<p style=\"text-align: right;\">Ba\u015fkan\u0131 Rafet ULUT\u00dcRK<\/p>\n<p><img data-recalc-dims=\"1\" height=\"248\" width=\"640\" decoding=\"async\" src=\"https:\/\/i0.wp.com\/www.bghaber.org\/bghaber\/wp-content\/uploads\/2016\/08\/3f53935e-1aa9-4cc5-ad17-90a10a35cfdd-768x298.jpg?resize=640%2C248\" alt=\"3f53935e-1aa9-4cc5-ad17-90a10a35cfdd\" \/><\/p>\n<p><img data-recalc-dims=\"1\" height=\"480\" width=\"640\" decoding=\"async\" src=\"https:\/\/i0.wp.com\/www.bghaber.org\/bghaber\/wp-content\/uploads\/2016\/08\/darbe-3-768x576.jpg?resize=640%2C480\" alt=\"darbe-3\" \/><\/p>\n<p style=\"text-align: center;\"><strong>BULT\u00dcRK DERNE\u011e\u0130NDEN NOBET\u0130NE DEVAM<\/strong><\/p>\n<h2>Detayl\u0131 bilgi;<\/h2>\n<h2>15 Temmuz tarihinde ya\u015fanan FET\u00d6 darbe giri\u015fimi sonras\u0131nda ge\u00e7ti\u011fimiz g\u00fcnlerde Cumhurba\u015fkan\u0131 Recep Tayyip Erdo\u011fan&#8217;\u0131n a\u00e7\u0131klamas\u0131 ile planlanan Yenikap\u0131&#8217;daki Demokrasi ve \u015eehitler Mitingi hakk\u0131ndaki bilgiler;<\/h2>\n<p><img data-recalc-dims=\"1\" loading=\"lazy\" decoding=\"async\" class=\"\" src=\"https:\/\/i0.wp.com\/www.siyasetalemi.com\/2016\/8\/recep-tayyip-erdogan-liderleri-yenikapida-duzenlenecek-mitinge-davet-etti_1260.jpg?resize=640%2C360\" width=\"640\" height=\"360\" \/><\/p>\n<p class=\"selectionShareable\">15 Temmuz gecesi Fethullah\u00e7\u0131 Ter\u00f6r \u00d6rg\u00fct\u00fc&#8217;n\u00fcn (FET\u00d6) kalk\u0131\u015ft\u0131\u011f\u0131 darbe giri\u015fimi, Cumhurba\u015fkan\u0131 Recep Tayyip Erdo\u011fan&#8217;\u0131n \u00e7a\u011fr\u0131s\u0131 ile halk\u0131n soka\u011fa \u00e7\u0131kmas\u0131 sonras\u0131nda p\u00fcsk\u00fcrt\u00fclm\u00fc\u015f ve b\u00fcy\u00fck bir demokrasi zaferi elde edilmi\u015fti. Haince yap\u0131lan darbe giri\u015fimini protesto eden vatanda\u015flar\u0131n g\u00fcnlerdir s\u00fcrd\u00fcrd\u00fckleri demokrasi n\u00f6betlerini ta\u00e7land\u0131rmak i\u00e7in Yenikap\u0131&#8217;da d\u00fczenlenecek &#8220;Demokrasi ve \u015eehitler Mitingi&#8221; i\u00e7in haz\u0131rl\u0131klar devam ediyor.<\/p>\n<p class=\"selectionShareable\">\u0130\u015fte detaylar&#8230;<\/p>\n<p class=\"selectionShareable\"><strong>07 A\u011eUSTOS YEN\u0130KAPI M\u0130T\u0130NG\u0130 SAAT KA\u00c7TA BA\u015eLAYACAK?<\/strong><\/p><div id=\"bghab-1104821870\" class=\"bghab-icerik-icine-15-paragraf bghab-entity-placement\"><script async src=\"\/\/pagead2.googlesyndication.com\/pagead\/js\/adsbygoogle.js?client=ca-pub-6203283170189293\" crossorigin=\"anonymous\"><\/script><ins class=\"adsbygoogle\" style=\"display:block; text-align:center;\" data-ad-client=\"ca-pub-6203283170189293\" \ndata-ad-slot=\"7303146466\" \ndata-ad-layout=\"in-article\"\ndata-ad-format=\"fluid\" data-full-width-responsive=\"true\"><\/ins>\n<script> \n(adsbygoogle = window.adsbygoogle || []).push({}); \n<\/script>\n<\/div>\n<p class=\"selectionShareable\">Fethullah\u00e7\u0131 Ter\u00f6r \u00d6rg\u00fct\u00fc&#8217;n\u00fcn (FET\u00d6) darbe giri\u015fimini soka\u011fa \u00e7\u0131karak p\u00fcsk\u00fcrt\u00fcp 15 Temmuz&#8217;dan bu yana meydanlar\u0131 bo\u015f b\u0131rakmayan vatanda\u015flar, 07 A\u011fustos Pazar g\u00fcn\u00fc ger\u00e7ekle\u015ftirilecek olan mitinge kat\u0131lmaya haz\u0131rlan\u0131yor. Yenikap\u0131 Meydan\u0131&#8217;nda Cumhurba\u015fkan\u0131 Recep Tayyip Erdo\u011fan&#8217;\u0131n kat\u0131l\u0131m\u0131yla ger\u00e7ekle\u015fecek olan &#8220;Demokrasi ve \u015eehitler Mitingi&#8221; saat 17.00&#8217;de ba\u015flayacak.<\/p>\n<p class=\"selectionShareable\"><strong>CHP L\u0130DER\u0130 KILI\u00c7DARO\u011eLU M\u0130T\u0130NGE KATILACA\u011eINI B\u0130LD\u0130RD\u0130<\/strong><\/p>\n<p class=\"selectionShareable\">CHP Genel Ba\u015fkan Kemal K\u0131l\u0131\u00e7daro\u011flu, Ba\u015fbakan Binali Y\u0131ld\u0131r\u0131m&#8217;\u0131 telefonla arayarak, 7 A\u011fustos Pazar g\u00fcn\u00fc \u0130stanbul Yenikap\u0131&#8217;da yap\u0131lacak &#8216;Demokrasi ve \u015eehitler Mitingi&#8217;ne kat\u0131lma karar\u0131n\u0131 iletti<\/p>\n<p class=\"selectionShareable\"><strong>BULTURK YEN\u0130KAPI 5 M\u0130LYON K\u0130\u015e\u0130Y\u0130\u00a0BEKL\u0130YOR<\/strong><\/p>\n<p class=\"selectionShareable\">\u0130stanbul B\u00fcy\u00fck\u015fehir Belediyesinden yap\u0131lan a\u00e7\u0131klamaya g\u00f6re, miting alan\u0131 3.5 milyon derken biz 5 milyon kat\u0131l\u0131mc\u0131ya hizmet haz\u0131r olmalar\u0131 gerektini ve haz\u0131r olmalar\u0131n\u0131 soyluyoruz.<\/p><div id=\"bghab-1790267226\" class=\"bghab-icerik-icine-20-paragraf bghab-entity-placement\"><script async src=\"\/\/pagead2.googlesyndication.com\/pagead\/js\/adsbygoogle.js?client=ca-pub-6203283170189293\" crossorigin=\"anonymous\"><\/script><ins class=\"adsbygoogle\" style=\"display:block; text-align:center;\" data-ad-client=\"ca-pub-6203283170189293\" \ndata-ad-slot=\"7303146466\" \ndata-ad-layout=\"in-article\"\ndata-ad-format=\"fluid\" data-full-width-responsive=\"true\"><\/ins>\n<script> \n(adsbygoogle = window.adsbygoogle || []).push({}); \n<\/script>\n<\/div>\n<p class=\"selectionShareable\">Mitinge, Anadolu ve Avrupa yakas\u0131ndan otob\u00fcslerle ula\u015f\u0131labilecek. Farkl\u0131 noktalardan miting alan\u0131na ring seferleri yap\u0131lacak.<\/p>\n<p class=\"selectionShareable\">Engelli vatanda\u015flar i\u00e7in 50 adet otob\u00fcs tahsis edilirken, engelli ara\u00e7lar\u0131 i\u00e7in ara\u00e7 say\u0131s\u0131 kadar engelli tabelas\u0131 haz\u0131rland\u0131.<\/p>\n<p class=\"selectionShareable\">Kazl\u0131\u00e7e\u015fme, otob\u00fcsler i\u00e7in park alan\u0131 olarak belirlendi. Otob\u00fcslerle gelen kat\u0131l\u0131mc\u0131lar Kazl\u0131\u00e7e\u015fme\u2019den Yenikap\u0131 Miting Alan\u0131&#8217;na y\u00fcr\u00fcyerek gidecek. Ya\u015fl\u0131 ve \u00e7ocuklar i\u00e7in ise Kazl\u0131\u00e7e\u015fme-Yenikap\u0131 aras\u0131nda 20 adet otob\u00fcs ring seferleri yapacak. Yol boyunca su istasyonlar\u0131 ve ikram alanlar\u0131 kurulacak.<\/p>\n<p class=\"selectionShareable\">Deniz yoluyla miting alan\u0131na ula\u015f\u0131m kiralanan 200 adet vapur, tekne gibi deniz ta\u015f\u0131t\u0131 ile olacak. Ayr\u0131ca kiralanan 50 adet deniz arac\u0131 da ring seferleri yapacak. Deniz yoluyla 12 noktadan ula\u015f\u0131m sa\u011flanacak. Silivri, Bak\u0131rk\u00f6y, Yenikap\u0131, Sirkeci, Ey\u00fcp, S\u00fctl\u00fcce, Hali\u00e7 Kongre Merkezi, Beykoz, \u00dcsk\u00fcdar, Kad\u0131k\u00f6y, Pendik ve Adalar iskelelerinden deniz ara\u00e7lar\u0131 hareket edecek.<\/p>\n<p class=\"selectionShareable\">Anadolu ve Avrupa yakalar\u0131 i\u00e7in miting alan\u0131na otob\u00fcslerle ve deniz yolu ile toplu ula\u015f\u0131m\u0131n yan\u0131 s\u0131ra metrob\u00fcs, Marmaray ve metro hatlar\u0131 kullan\u0131labilecek.<\/p><div id=\"bghab-965153869\" class=\"bghab-icerik-icine-25-paragraf bghab-entity-placement\"><script async src=\"\/\/pagead2.googlesyndication.com\/pagead\/js\/adsbygoogle.js?client=ca-pub-6203283170189293\" crossorigin=\"anonymous\"><\/script><ins class=\"adsbygoogle\" style=\"display:block; text-align:center;\" data-ad-client=\"ca-pub-6203283170189293\" \ndata-ad-slot=\"7303146466\" \ndata-ad-layout=\"in-article\"\ndata-ad-format=\"fluid\" data-full-width-responsive=\"true\"><\/ins>\n<script> \n(adsbygoogle = window.adsbygoogle || []).push({}); \n<\/script>\n<\/div>\n<p class=\"selectionShareable\">Alana gitmek isteyen kat\u0131l\u0131mc\u0131lar i\u00e7in aktarma noktalar\u0131, ana istasyonlar ve miting alan\u0131na yak\u0131n metro duraklar\u0131ndan ring seferleri de yap\u0131lacak.<\/p>\n<p class=\"selectionShareable\"><img data-recalc-dims=\"1\" loading=\"lazy\" decoding=\"async\" class=\"\" src=\"https:\/\/i0.wp.com\/www.memohaber.com\/images\/haberler\/valilikten-demokrasi-ve-sehitler-mitingine-davet.jpg?resize=640%2C340\" width=\"640\" height=\"340\" \/><\/p>\n<p class=\"selectionShareable\"><strong>3 ANA G\u0130R\u0130\u015e OLACAK<\/strong><\/p>\n<p class=\"selectionShareable\">Yenikap\u0131 Miting Alan\u0131&#8217;nda karayolu ile gelenler i\u00e7in Kazl\u0131\u00e7e\u015fme giri\u015fi y\u00f6n\u00fcnde, Marmaray&#8217;la gelenler i\u00e7in Marmaray y\u00f6n\u00fcnde, deniz yolu ile gelenler i\u00e7in deniz taraf\u0131ndan olmak \u00fczere 3 ana giri\u015f kap\u0131s\u0131 olacak.<\/p>\n<p class=\"selectionShareable\">Protokol giri\u015fleri i\u00e7in bir, bas\u0131n i\u00e7in bir ve engelli vatanda\u015flar i\u00e7in bir nokta belirlendi.<br \/>\n2,5 milyon sopal\u0131 T\u00fcrk bayra\u011f\u0131 haz\u0131rland\u0131<\/p>\n<p class=\"selectionShareable\">&#8220;Demokrasi ve \u015eehitler Mitingi&#8221; kat\u0131l\u0131mc\u0131lar\u0131 i\u00e7in 1,5 milyon \u015fapka, 2,5 milyon sopal\u0131 T\u00fcrk bayra\u011f\u0131 ve 5 milyon \u015fi\u015fe su haz\u0131rland\u0131.<\/p><div id=\"bghab-591973143\" class=\"bghab-icerik-icine-30-paragraf bghab-entity-placement\"><script async src=\"\/\/pagead2.googlesyndication.com\/pagead\/js\/adsbygoogle.js?client=ca-pub-6203283170189293\" crossorigin=\"anonymous\"><\/script><ins class=\"adsbygoogle\" style=\"display:block; text-align:center;\" data-ad-client=\"ca-pub-6203283170189293\" \ndata-ad-slot=\"7303146466\" \ndata-ad-layout=\"in-article\"\ndata-ad-format=\"fluid\" data-full-width-responsive=\"true\"><\/ins>\n<script> \n(adsbygoogle = window.adsbygoogle || []).push({}); \n<\/script>\n<\/div>\n<p class=\"selectionShareable\">Alanda mevcut tuvaletlere ek 150 adet mobil tuvalet yerle\u015ftirilecek.<\/p>\n<p class=\"selectionShareable\">Alana 60 metre geni\u015fli\u011finde, 16 metre y\u00fcksekli\u011finde sahne ile 1 milyon watt g\u00fcc\u00fcnde ses sistemi kurulacak. Ses sistemi i\u00e7in 20 adet ses sistemi kulesi yap\u0131l\u0131rken, sistemle 1,5 kilometre mesafeye ses iletimi sa\u011flanabilecek. Sistem, 300 ki\u015filik ekibin 3 g\u00fcn \u00e7al\u0131\u015fmas\u0131yla haz\u0131rlanacak.<\/p>\n<p class=\"selectionShareable\">Ses sistemi, 22 adet LED ekran ve arama noktalar\u0131ndaki kap\u0131lar\u0131n enerji ihtiyac\u0131 54 adet jenerat\u00f6r ile sa\u011flanacak. Ses ve g\u00f6r\u00fcnt\u00fc aktarmalar\u0131 kurulacak vin\u00e7ler \u00fczerine \u00e7ekilecek \u00e7elik halatlarla yap\u0131lacak. Bu ama\u00e7la 6 bin metre halat \u00e7ekilecek. G\u00f6r\u00fcnt\u00fc aktarma 5 bin metre fiber hatla sa\u011flanacak.<\/p>\n<p class=\"selectionShareable\">Meydana, 165 metal dedekt\u00f6rl\u00fc kap\u0131, 22 X-Ray cihaz\u0131 kurulacak.<\/p>\n<p class=\"selectionShareable\">Yenikap\u0131&#8217;da polis hari\u00e7, temizlik, malzeme da\u011f\u0131t\u0131m\u0131, alan haz\u0131rl\u0131klar\u0131, teknik ekip, organizasyon ekibi olmak \u00fczere 13 bin ki\u015fi g\u00f6rev alacak.<\/p><div id=\"bghab-1115411742\" class=\"bghab-icerik-icine-35-paragraf bghab-entity-placement\"><script async src=\"\/\/pagead2.googlesyndication.com\/pagead\/js\/adsbygoogle.js?client=ca-pub-6203283170189293\" crossorigin=\"anonymous\"><\/script><ins class=\"adsbygoogle\" style=\"display:block; text-align:center;\" data-ad-client=\"ca-pub-6203283170189293\" \ndata-ad-slot=\"7303146466\" \ndata-ad-layout=\"in-article\"\ndata-ad-format=\"fluid\" data-full-width-responsive=\"true\"><\/ins>\n<script> \n(adsbygoogle = window.adsbygoogle || []).push({}); \n<\/script>\n<\/div>\n<p class=\"selectionShareable\"><strong>48 K\u0130\u015e\u0130L\u0130K CANLI YAYIN EK\u0130B\u0130<\/strong><\/p>\n<p class=\"selectionShareable\">Canl\u0131 yay\u0131n i\u00e7in 16 kamera, 32 kanal resim masas\u0131, 64 kanal ses masas\u0131, 32 kanal interkom sistemi, 8 adet HD recorder, 4 kanal telsiz interkom sistemi, 8 Kanal kablolu intercom sistemi, 5 bin metre kamera kablosu, 3 kilometre video kablosu, 2 jimmy jip kullan\u0131lacak. 48 ki\u015filik canl\u0131 yay\u0131n ekibi g\u00f6rev yapacak.<\/p>\n<p class=\"selectionShareable\">&#8220;Demokrasi ve \u015eehitler Mitingi&#8221;nde 102 kara ambulans\u0131, 1 deniz ambulans\u0131, 1 helikopter ambulans ve 20 itfaiye arac\u0131 haz\u0131r bulunacak. Alanda 728 sa\u011fl\u0131k personeli g\u00f6revli olacak.<\/p>\n<p class=\"selectionShareable\">Miting nedeniyle 7 A\u011fustos Pazar g\u00fcn\u00fc 06.00-00.00 aras\u0131nda Bak\u0131rk\u00f6y Aksu Caddesi (Ta\u015fhan Kav\u015fa\u011f\u0131) ve Fatih \u0130l\u00e7esi Aksakal Caddesi aras\u0131nda kalan sahil yolu ge\u00e7ici olarak trafi\u011fe kapat\u0131lacak.<\/p>\n<p class=\"selectionShareable\"><img data-recalc-dims=\"1\" loading=\"lazy\" decoding=\"async\" class=\"imgFluid resizedImage\" title=\"\" src=\"https:\/\/i0.wp.com\/im.haberturk.com\/2016\/08\/04\/ver1470412039\/1276627_88bdf4e8467687992be952040c93bc5e.jpg?resize=497%2C333\" alt=\"\" width=\"497\" height=\"333\" \/><\/p>\n<p class=\"selectionShareable\"><strong>PAZAR G\u00dcN\u00dc TOPLU TA\u015eIMA \u00dcCRETS\u0130Z<\/strong><\/p><div id=\"bghab-160603512\" class=\"bghab-icerik-icine-40-paragraf bghab-entity-placement\"><script async src=\"\/\/pagead2.googlesyndication.com\/pagead\/js\/adsbygoogle.js?client=ca-pub-6203283170189293\" crossorigin=\"anonymous\"><\/script><ins class=\"adsbygoogle\" style=\"display:block; text-align:center;\" data-ad-client=\"ca-pub-6203283170189293\" \ndata-ad-slot=\"7303146466\" \ndata-ad-layout=\"in-article\"\ndata-ad-format=\"fluid\" data-full-width-responsive=\"true\"><\/ins>\n<script> \n(adsbygoogle = window.adsbygoogle || []).push({}); \n<\/script>\n<\/div>\n<p class=\"selectionShareable\">\u0130stanbul&#8217;da, 7 A\u011fustos&#8217;ta Demokrasi ve \u015eehitler Mitingi dolay\u0131s\u0131yla t\u00fcm toplu ula\u015f\u0131m ara\u00e7lar\u0131 \u00fccretsiz olacak.<\/p>\n<p class=\"selectionShareable\">\u0130stanbul B\u00fcy\u00fck\u015fehir Belediyesinden yap\u0131lan a\u00e7\u0131klamada, &#8220;7 A\u011fustos Pazar g\u00fcn\u00fc Yenikap\u0131 Meydan\u0131&#8217;nda yap\u0131lacak Demokrasi ve \u015eehitler Mitingi dolay\u0131s\u0131yla \u0130stanbul&#8217;daki t\u00fcm toplu ula\u015f\u0131m ara\u00e7lar\u0131 \u00fccretsiz olacakt\u0131r.&#8221; denildi.<\/p>\n<p class=\"selectionShareable\"><strong>DEMOKRAS\u0130 VE \u015eEH\u0130TLER M\u0130T\u0130NG\u0130&#8217;NDE SAHNEDELER<\/strong><\/p>\n<p class=\"selectionShareable\">M\u00fczik sekt\u00f6r\u00fcn\u00fcn %60\u2019\u0131n\u0131 temsil eden Emre M\u00fczik\u2019in sahibi H\u00fcseyin Emre, Avrupa M\u00fczik\u2019in sahipleri Cengiz Erdem ve Deniz Erdem ile DMC\u2019nin Genel M\u00fcd\u00fcr\u00fc Samsun Demir, sanat\u00e7\u0131lar\u0131na yapt\u0131klar\u0131 mitinge kat\u0131lma \u00e7a\u011fr\u0131s\u0131na olumlu cevap ald\u0131.<\/p>\n<p>Aralar\u0131nda T\u00fcrkan \u015eoray, Ferhat G\u00f6\u00e7er, Ahmet \u00d6zhan, Kibariye, \u00dcmit Besen, Mustafa Sandal, Rafet El Roman, Ziynet Sali, \u00d6zg\u00fcn, ENBE Orkestras\u0131, Garo Mafyan ve Burcu G\u00fcne\u015f\u2019in de oldu\u011fu \u00fc\u00e7 \u015firketin sanat\u00e7\u0131lar\u0131 Yenikap\u0131\u2019daki Demokrasi ve \u015eehitler Mitingi\u2019nde yerlerini alacak.<\/p><div id=\"bghab-1861512734\" class=\"bghab-icerik-icine-45-paragraf bghab-entity-placement\"><script async src=\"\/\/pagead2.googlesyndication.com\/pagead\/js\/adsbygoogle.js?client=ca-pub-6203283170189293\" crossorigin=\"anonymous\"><\/script><ins class=\"adsbygoogle\" style=\"display:block; text-align:center;\" data-ad-client=\"ca-pub-6203283170189293\" \ndata-ad-slot=\"7303146466\" \ndata-ad-layout=\"in-article\"\ndata-ad-format=\"fluid\" data-full-width-responsive=\"true\"><\/ins>\n<script> \n(adsbygoogle = window.adsbygoogle || []).push({}); \n<\/script>\n<\/div>\n<p>Demokrasi ve \u015eehitler Mitingi\u2019ne kat\u0131lacak olan m\u00fczik yap\u0131mc\u0131lar\u0131 do\u011frudan bir davet almaks\u0131z\u0131n harekete ge\u00e7tiklerini belirterek \u201cDavete gerek yok. G\u00fcn birlik ve beraberlik g\u00fcn\u00fc\u201d dedi.<\/p>\n<p class=\"selectionShareable\"><strong>500 \u00dcNL\u00dc KATILACAK<\/strong><\/p>\n<p class=\"selectionShareable\">Mitingin sanat\u00e7\u0131 organizasyonunu \u00fcstlenen m\u00fczik yap\u0131mc\u0131s\u0131 Polat Ya\u011fc\u0131, \u015f\u00f6lene 500 \u00fcnl\u00fcyle \u00e7\u0131karma yapacaklar\u0131n\u0131 s\u00f6yledi. \u015eark\u0131c\u0131lardan oyunculara, radyoculardan sporculara 500 ismin Bebek\u2019ten 5 tekne ile alana ta\u015f\u0131naca\u011f\u0131n\u0131 a\u00e7\u0131klayan Ya\u011fc\u0131, \u201cSanat\u00e7\u0131lar\u0131m\u0131z bu tarihi g\u00fcne eksiksiz, tam kadro kat\u0131lacakt\u0131r\u201d diye konu\u015ftu.<\/p>\n<p class=\"selectionShareable\"><img data-recalc-dims=\"1\" loading=\"lazy\" decoding=\"async\" class=\"imgFluid resizedImage\" title=\"\" src=\"https:\/\/i0.wp.com\/im.haberturk.com\/2016\/08\/04\/ver1470412039\/1276627_d83ed473d8e2b0da10ae4f424f72edb2.jpg?resize=497%2C333\" alt=\"\" width=\"497\" height=\"333\" \/><\/p>\n<p class=\"selectionShareable\"><strong>BAH\u00c7EL\u0130 DE DEMOKRAS\u0130 N\u00d6BET\u0130NE KATILACAK<\/strong><\/p>\n<p class=\"selectionShareable\">MHP Genel Ba\u015fkan\u0131 Devlet Bah\u00e7eli, Demokrasi ve \u015eehitler Mitingi&#8217;ne ili\u015fkin, &#8220;Hainlere ve has\u0131m odaklara kar\u015f\u0131 T\u00fcrkiye&#8217;nin saf\u0131nda duraca\u011f\u0131n\u0131, 79 milyonu, kat\u0131l\u0131mc\u0131 devlet ve siyaset adamlar\u0131yla birlikte kucaklayaca\u011f\u0131n\u0131, \u00fcmitsizli\u011fi a\u015fmak, teredd\u00fctleri silmek, birlik ve beraberli\u011fi canl\u0131 tutmak, yeni bir talih ve tarih kap\u0131s\u0131 a\u00e7mak i\u00e7in Yenikap\u0131&#8217;da bulunaca\u011f\u0131n\u0131&#8221; bildirdi.<\/p><div id=\"bghab-513040422\" class=\"bghab-icerik-icine-50-paragraf bghab-entity-placement\"><script async src=\"\/\/pagead2.googlesyndication.com\/pagead\/js\/adsbygoogle.js?client=ca-pub-6203283170189293\" crossorigin=\"anonymous\"><\/script><ins class=\"adsbygoogle\" style=\"display:block; text-align:center;\" data-ad-client=\"ca-pub-6203283170189293\" \ndata-ad-slot=\"7303146466\" \ndata-ad-layout=\"in-article\"\ndata-ad-format=\"fluid\" data-full-width-responsive=\"true\"><\/ins>\n<script> \n(adsbygoogle = window.adsbygoogle || []).push({}); \n<\/script>\n<\/div>\n<p class=\"selectionShareable\"><strong>&#8220;OLASI PROVOKASYONLARA D\u0130KKAT ED\u0130LECEK&#8221;<\/strong><\/p>\n<p class=\"selectionShareable\">MHP Genel Ba\u015fkan\u0131 Devlet Bah\u00e7eli, t\u00fcm te\u015fkilatlara 7 A\u011fustos&#8217;ta \u0130stanbul Yenikap\u0131&#8217;da d\u00fczenlenecek mitingle ilgili genelge g\u00f6nderdi. 7 maddelik genelgede &#8220;7 A\u011fustos Demokrasi ve \u015eehitler Mitingi&#8217;nde olas\u0131 provokasyonlara, tahrik ve tacizlere dikkat edilecek, hi\u00e7bir tart\u0131\u015fma ve kavgan\u0131n i\u00e7inde yer al\u0131nmayacakt\u0131r&#8221; denildi.<\/p>\n<p class=\"selectionShareable\" style=\"text-align: center;\"><strong>&#8220;PART\u0130 BAYRAK, FLAMA VE D\u00d6V\u0130ZLER\u0130N ALANA GET\u0130R\u0130LMEMES\u0130, S\u0130YAS\u0130 SLOGANLARIN ATILMAMASI SA\u011eLANACAK&#8221;<\/strong><\/p>\n<p class=\"selectionShareable\"><img data-recalc-dims=\"1\" loading=\"lazy\" decoding=\"async\" class=\"\" src=\"https:\/\/i0.wp.com\/www.siyasetalemi.com\/2016\/8\/recep-tayyip-erdogan-liderleri-yenikapida-duzenlenecek-mitinge-davet-etti_1260.jpg?resize=640%2C360\" width=\"640\" height=\"360\" \/><\/p>\n<div id=\"bghab-2960422604\" class=\"bghab-yazi-altinda bghab-entity-placement\"><div class=\"bghab-adlabel\">Reklamlar<\/div><script async src=\"https:\/\/pagead2.googlesyndication.com\/pagead\/js\/adsbygoogle.js\"><\/script>\r\n<!-- bghaber-yaz\u0131-sonu -->\r\n<ins class=\"adsbygoogle\"\r\n     style=\"display:block\"\r\n     data-ad-client=\"ca-pub-6203283170189293\"\r\n     data-ad-slot=\"4222328180\"\r\n     data-ad-format=\"auto\"\r\n     data-full-width-responsive=\"true\"><\/ins>\r\n<script>\r\n     (adsbygoogle = window.adsbygoogle || []).push({});\r\n<\/script><\/div><br style=\"clear: both; display: block; float: none;\"\/>","protected":false},"excerpt":{"rendered":"<p>\u0130stanbul Yenikap\u0131daki Demokrasi ve \u015eehitler Mitingi t\u00fcm Bulgaristan T\u00fcrklerini Yeni-kap\u0131ya\u00a0davet ediyoruz.\u00a0Cumhurba\u015fkan\u0131m\u0131z Say\u0131n Recep Tayip ERDO\u011eAN&#8217;n\u0131n himayelerinde 7 A\u011fustos Pazar 17.00&#8217;de, ger\u00e7ekle\u015ftirecek olan Demokrasi ve \u015eehitler<\/p>\n","protected":false},"author":13,"featured_media":20014,"comment_status":"closed","ping_status":"closed","sticky":false,"template":"","format":"standard","meta":{"advanced_seo_description":"","jetpack_seo_html_title":"","jetpack_seo_noindex":false,"_jetpack_memberships_contains_paid_content":false,"footnotes":""},"categories":[4],"tags":[],"class_list":["post-20000","post","type-post","status-publish","format-standard","has-post-thumbnail","hentry","category-siyaset"],"jetpack_featured_media_url":"https:\/\/i0.wp.com\/www.bghaber.org\/bghaber\/wp-content\/uploads\/2016\/08\/darbe-3.jpg?fit=1280%2C960&ssl=1","jetpack_sharing_enabled":true,"jetpack_likes_enabled":true,"jetpack-related-posts":[],"jetpack_shortlink":"https:\/\/wp.me\/pc2PfJ-5cA","_links":{"self":[{"href":"https:\/\/www.bghaber.org\/bghaber\/wp-json\/wp\/v2\/posts\/20000","targetHints":{"allow":["GET"]}}],"collection":[{"href":"https:\/\/www.bghaber.org\/bghaber\/wp-json\/wp\/v2\/posts"}],"about":[{"href":"https:\/\/www.bghaber.org\/bghaber\/wp-json\/wp\/v2\/types\/post"}],"author":[{"embeddable":true,"href":"https:\/\/www.bghaber.org\/bghaber\/wp-json\/wp\/v2\/users\/13"}],"replies":[{"embeddable":true,"href":"https:\/\/www.bghaber.org\/bghaber\/wp-json\/wp\/v2\/comments?post=20000"}],"version-history":[{"count":0,"href":"https:\/\/www.bghaber.org\/bghaber\/wp-json\/wp\/v2\/posts\/20000\/revisions"}],"wp:featuredmedia":[{"embeddable":true,"href":"https:\/\/www.bghaber.org\/bghaber\/wp-json\/wp\/v2\/media\/20014"}],"wp:attachment":[{"href":"https:\/\/www.bghaber.org\/bghaber\/wp-json\/wp\/v2\/media?parent=20000"}],"wp:term":[{"taxonomy":"category","embeddable":true,"href":"https:\/\/www.bghaber.org\/bghaber\/wp-json\/wp\/v2\/categories?post=20000"},{"taxonomy":"post_tag","embeddable":true,"href":"https:\/\/www.bghaber.org\/bghaber\/wp-json\/wp\/v2\/tags?post=20000"}],"curies":[{"name":"wp","href":"https:\/\/api.w.org\/{rel}","templated":true}]}}