{"id":19995,"date":"2016-08-06T13:54:42","date_gmt":"2016-08-06T10:54:42","guid":{"rendered":"http:\/\/www.bghaber.org\/bghaber\/?p=19995"},"modified":"2016-08-06T14:02:53","modified_gmt":"2016-08-06T11:02:53","slug":"bulgaristanda-egitim-firsati","status":"publish","type":"post","link":"https:\/\/www.bghaber.org\/bghaber\/bulgaristanda-egitim-firsati\/","title":{"rendered":"Bulgaristan&#8217;da E\u011fitim F\u0131rsat\u0131"},"content":{"rendered":"<p><img data-recalc-dims=\"1\" loading=\"lazy\" decoding=\"async\" class=\"\" src=\"https:\/\/i0.wp.com\/www.bghaber.org\/bghaber\/wp-content\/uploads\/2016\/08\/bg-bayrak-tr.jpg?resize=640%2C465\" alt=\"bg bayrak tr\" width=\"640\" height=\"465\" \/><\/p>\n<p>13 A\u011fustos 2016- Cumartesi g\u00fcn\u00fc \u0130stanbul\u2019da Bulgar Eksarhanesinde (\u015ei\u015fli, \u201cAbide-i H\u00fcrriyet\u201d cad. 124) Bulgar \u00dcniversiteleri i\u00e7in \u201cA\u00e7\u0131k Kap\u0131 G\u00fcn\u00fc\u201d d\u00fczenlenecek.<br \/>\nEtkinlikte, Bulgaristan&#8217;daki \u00fcniversitelerde lisans ve lisans\u00fcst\u00fc e\u011fitim olanaklar\u0131 hakk\u0131nda bilgi verilecek.<br \/>\nBulgaristan&#8217;dan gelen Bulgar \u00fcniversitelerden yetkililer, \u00f6\u011frenci adaylara 2016\/2017 \u00f6\u011fretim y\u0131l\u0131 i\u00e7in ba\u015fvuru ve giri\u015f \u015fartlar\u0131 hakk\u0131nda bilgi verecek ve y\u00fcksek okullar\u0131n tan\u0131t\u0131m\u0131n\u0131 yapacak.<br \/>\nBulgaristan\u2019da \u00fcniversite e\u011fitimi size ne kazand\u0131racak ?<br \/>\n&#8211; Avrupa \u00dcniversitelerinden Avrupa Diplomas\u0131<br \/>\n&#8211; \u0130stedi\u011fniz b\u00f6l\u00fcme giri\u015f garantisi<br \/>\n&#8211; \u00c7ifte vatanda\u015fl\u0131\u011fa sahip (T\u00fcrk ve Bulgar) \u00f6\u011frenciler \u00fcniversite \u00fccretinde %50 indirimden yararlan\u0131yorlar.<\/p>\n<p>\u0130stanbul Nahide DEN\u0130Z<\/p>\n<p>BULTURK www.bghaber.org<\/p>\n<p><img data-recalc-dims=\"1\" height=\"274\" width=\"640\" decoding=\"async\" src=\"https:\/\/i0.wp.com\/www.bghaber.org\/bghaber\/wp-content\/uploads\/2016\/08\/bg-okul-768x329.jpg?resize=640%2C274\" alt=\"bg okul\" \/><\/p>\n<div id=\"bghab-4051600483\" class=\"bghab-yazi-altinda bghab-entity-placement\"><div class=\"bghab-adlabel\">Reklamlar<\/div><script async src=\"https:\/\/pagead2.googlesyndication.com\/pagead\/js\/adsbygoogle.js\"><\/script>\r\n<!-- bghaber-yaz\u0131-sonu -->\r\n<ins class=\"adsbygoogle\"\r\n     style=\"display:block\"\r\n     data-ad-client=\"ca-pub-6203283170189293\"\r\n     data-ad-slot=\"4222328180\"\r\n     data-ad-format=\"auto\"\r\n     data-full-width-responsive=\"true\"><\/ins>\r\n<script>\r\n     (adsbygoogle = window.adsbygoogle || []).push({});\r\n<\/script><\/div><br style=\"clear: both; display: block; float: none;\"\/>","protected":false},"excerpt":{"rendered":"<p>13 A\u011fustos 2016- Cumartesi g\u00fcn\u00fc \u0130stanbul\u2019da Bulgar Eksarhanesinde (\u015ei\u015fli, \u201cAbide-i H\u00fcrriyet\u201d cad. 124) Bulgar \u00dcniversiteleri i\u00e7in \u201cA\u00e7\u0131k Kap\u0131 G\u00fcn\u00fc\u201d d\u00fczenlenecek. Etkinlikte, Bulgaristan&#8217;daki \u00fcniversitelerde lisans ve<\/p>\n","protected":false},"author":13,"featured_media":19997,"comment_status":"closed","ping_status":"closed","sticky":false,"template":"","format":"standard","meta":{"advanced_seo_description":"","jetpack_seo_html_title":"","jetpack_seo_noindex":false,"_jetpack_memberships_contains_paid_content":false,"footnotes":""},"categories":[8],"tags":[],"class_list":["post-19995","post","type-post","status-publish","format-standard","has-post-thumbnail","hentry","category-egitim"],"jetpack_featured_media_url":"https:\/\/i0.wp.com\/www.bghaber.org\/bghaber\/wp-content\/uploads\/2016\/08\/bg-okul.jpg?fit=914%2C392&ssl=1","jetpack_sharing_enabled":true,"jetpack_likes_enabled":true,"jetpack-related-posts":[],"jetpack_shortlink":"https:\/\/wp.me\/pc2PfJ-5cv","_links":{"self":[{"href":"https:\/\/www.bghaber.org\/bghaber\/wp-json\/wp\/v2\/posts\/19995","targetHints":{"allow":["GET"]}}],"collection":[{"href":"https:\/\/www.bghaber.org\/bghaber\/wp-json\/wp\/v2\/posts"}],"about":[{"href":"https:\/\/www.bghaber.org\/bghaber\/wp-json\/wp\/v2\/types\/post"}],"author":[{"embeddable":true,"href":"https:\/\/www.bghaber.org\/bghaber\/wp-json\/wp\/v2\/users\/13"}],"replies":[{"embeddable":true,"href":"https:\/\/www.bghaber.org\/bghaber\/wp-json\/wp\/v2\/comments?post=19995"}],"version-history":[{"count":0,"href":"https:\/\/www.bghaber.org\/bghaber\/wp-json\/wp\/v2\/posts\/19995\/revisions"}],"wp:featuredmedia":[{"embeddable":true,"href":"https:\/\/www.bghaber.org\/bghaber\/wp-json\/wp\/v2\/media\/19997"}],"wp:attachment":[{"href":"https:\/\/www.bghaber.org\/bghaber\/wp-json\/wp\/v2\/media?parent=19995"}],"wp:term":[{"taxonomy":"category","embeddable":true,"href":"https:\/\/www.bghaber.org\/bghaber\/wp-json\/wp\/v2\/categories?post=19995"},{"taxonomy":"post_tag","embeddable":true,"href":"https:\/\/www.bghaber.org\/bghaber\/wp-json\/wp\/v2\/tags?post=19995"}],"curies":[{"name":"wp","href":"https:\/\/api.w.org\/{rel}","templated":true}]}}