{"id":19990,"date":"2016-08-05T21:12:31","date_gmt":"2016-08-05T18:12:31","guid":{"rendered":"http:\/\/www.bghaber.org\/bghaber\/?p=19990"},"modified":"2016-08-05T21:16:00","modified_gmt":"2016-08-05T18:16:00","slug":"nefizenin-adi-sokagina-verildi","status":"publish","type":"post","link":"https:\/\/www.bghaber.org\/bghaber\/nefizenin-adi-sokagina-verildi\/","title":{"rendered":"BULGAR\u0130STANLI \u015eEH\u0130D\u0130M\u0130Z\u0130N ADI SOKA\u011eINA VER\u0130LD\u0130"},"content":{"rendered":"<p><img data-recalc-dims=\"1\" loading=\"lazy\" decoding=\"async\" class=\"\" src=\"https:\/\/i0.wp.com\/www.bghaber.org\/bghaber\/wp-content\/uploads\/2016\/06\/bg-sehit.jpg?resize=190%2C263\" alt=\"bg sehit\" width=\"190\" height=\"263\" \/><\/p>\n<p>Edirne Belediyesi Temmuz Ay\u0131 ola\u011fan meclis toplant\u0131s\u0131 Edirne Belediye Ba\u015fkan\u0131 Recep G\u00fcrkan ba\u015fkanl\u0131\u011f\u0131nda Edirne Belediyesi meclis toplant\u0131 salonunda ger\u00e7ekle\u015fti. Toplant\u0131da bir\u00e7ok karar al\u0131n\u0131rken \u015fehit polis memuru Nefize \u00d6zsoy\u2019un ad\u0131 evinin bulundu\u011fu soka\u011fa verildi. Ge\u00e7ti\u011fimiz g\u00fcnlerde evinde \u00f6l\u00fc bulunan hakim \u00c7a\u011flar I\u015f\u0131k\u2019\u0131n ad\u0131 ise adliye \u00f6n\u00fcndeki caddeye verildi.<\/p>\n<p><span style=\"font-style: inherit;\">9 g\u00fcndem maddesinin g\u00f6r\u00fc\u015f\u00fcld\u00fc\u011f\u00fc meclis toplant\u0131s\u0131na ge\u00e7ilmeden \u00f6nce Ba\u015fkan G\u00fcrkan, \u0130stanbul Atat\u00fcrk Havaliman\u0131\u2019ndaki I\u015e\u0130D sald\u0131r\u0131s\u0131na de\u011finerek sald\u0131r\u0131y\u0131 k\u0131nad\u0131. G\u00fcrkan, Adalet ve Kalk\u0131nma Partisi (AK Parti), Milliyet\u00e7i Hareket Partisi (MHP) ve Cumhuriyet Halk Partisi (CHP) grubu olarak ortak ter\u00f6re kar\u015f\u0131 bir mesaj yay\u0131nlayacaklar\u0131n\u0131 ve ortak duru\u015f g\u00f6stereceklerini s\u00f6yledi.<\/span><\/p>\n<p>G\u00fcndemin 2\u2019inci maddesinde Bu y\u0131l 655\u2019incisi yap\u0131lacak Tarihi K\u0131rkp\u0131nar Ya\u011fl\u0131 G\u00fcre\u015fleri ve K\u00fclt\u00fcr Etkinlikleri kapsam\u0131nda, Sarayi\u00e7i\u2019nde ge\u00e7ici taksi ve midib\u00fcs dura\u011f\u0131 ile ilgili Ula\u015f\u0131m Hizmetleri M\u00fcd\u00fcrl\u00fc\u011f\u00fc\u2019n\u00fcn karar\u0131 oybirli\u011fi ile kabul edildi.<\/p>\n<p>&nbsp;<\/p>\n<p><strong>\u00d6zsoy ve I\u015f\u0131k\u2019\u0131n ad\u0131 ya\u015fayacak<\/strong><\/p><div id=\"bghab-2359389982\" class=\"bghab-icerik-icine bghab-entity-placement\"><script async src=\"\/\/pagead2.googlesyndication.com\/pagead\/js\/adsbygoogle.js?client=ca-pub-6203283170189293\" crossorigin=\"anonymous\"><\/script><ins class=\"adsbygoogle\" style=\"display:block; text-align:center;\" data-ad-client=\"ca-pub-6203283170189293\" \ndata-ad-slot=\"7303146466\" \ndata-ad-layout=\"in-article\"\ndata-ad-format=\"fluid\" data-full-width-responsive=\"true\"><\/ins>\n<script> \n(adsbygoogle = window.adsbygoogle || []).push({}); \n<\/script>\n<\/div>\n<p>G\u00fcndemin 8\u2019inci maddesinde ise, yakla\u015f\u0131k iki ay \u00f6nce vefat eden Edirne B\u00f6lge \u0130daresi Mahkemesi Ba\u015fkan\u0131 \u00c7a\u011flar I\u015f\u0131k an\u0131s\u0131na, Edirne Adliyesi\u2019nin \u00f6n\u00fcndeki caddeye, (\u0130stasyon Mahallesi 301\u2019inci sokak) \u201cH\u00e2kim \u00c7a\u011flar I\u015f\u0131k Caddesi\u201d olarak de\u011fi\u015ftirildi. Bir di\u011fer isim de\u011fi\u015fikli\u011fi ise ge\u00e7ti\u011fimiz haftalarda Mardin\u2019de g\u00f6revi ba\u015f\u0131nda \u015fehit d\u00fc\u015fen polis memuru Nefise \u00d6zsoy\u2019un ailesinin bulundu\u011fu evin \u00f6n\u00fcne verildi. 168\u2019inci soka\u011f\u0131n ad\u0131, \u015fehit polisin an\u0131s\u0131na \u201c\u015eehit Polis Memuru Nefise \u00d6zsoy\u201d olarak oybirli\u011fi ile de\u011fi\u015ftirilmesi kararla\u015ft\u0131r\u0131ld\u0131. G\u00fcndemin son maddesinde ise Ula\u015f\u0131m Komisyonunca al\u0131nan kararlar g\u00f6r\u00fc\u015f\u00fcld\u00fc. Komisyonun ilk olarak ald\u0131\u011f\u0131, Y\u0131ld\u0131r\u0131m ve Gazimihal Mahallesi sakinlerinin 1\u2019inci Sultan Murat Devlet Hastanesi\u2019ne g\u00fczerg\u00e2h\u0131na gidecek olan hem ETUS hem de tek ara\u00e7l\u0131 ula\u015f\u0131m\u0131n sa\u011flanaca\u011f\u0131 \u201c5C\u201d hatt\u0131 oybirli\u011fi ile kabul edildi. Komisyonun Migros \u00f6n\u00fcnde taksi dura\u011f\u0131n\u0131 uygun bulmamas\u0131 karar\u0131n\u0131 meclis yerinde g\u00f6rerek oybirli\u011fi ile kabul etti. Ula\u015f\u0131m Komisyonun 3 ve 4 nolu kararlar\u0131 da kabul edildi. <strong>Haber Merkezi<\/strong><\/p>\n<div id=\"bghab-2985782499\" class=\"bghab-yazi-altinda bghab-entity-placement\"><div class=\"bghab-adlabel\">Reklamlar<\/div><script async src=\"https:\/\/pagead2.googlesyndication.com\/pagead\/js\/adsbygoogle.js\"><\/script>\r\n<!-- bghaber-yaz\u0131-sonu -->\r\n<ins class=\"adsbygoogle\"\r\n     style=\"display:block\"\r\n     data-ad-client=\"ca-pub-6203283170189293\"\r\n     data-ad-slot=\"4222328180\"\r\n     data-ad-format=\"auto\"\r\n     data-full-width-responsive=\"true\"><\/ins>\r\n<script>\r\n     (adsbygoogle = window.adsbygoogle || []).push({});\r\n<\/script><\/div><br style=\"clear: both; display: block; float: none;\"\/>","protected":false},"excerpt":{"rendered":"<p>Edirne Belediyesi Temmuz Ay\u0131 ola\u011fan meclis toplant\u0131s\u0131 Edirne Belediye Ba\u015fkan\u0131 Recep G\u00fcrkan ba\u015fkanl\u0131\u011f\u0131nda Edirne Belediyesi meclis toplant\u0131 salonunda ger\u00e7ekle\u015fti. Toplant\u0131da bir\u00e7ok karar al\u0131n\u0131rken \u015fehit polis<\/p>\n","protected":false},"author":13,"featured_media":19238,"comment_status":"closed","ping_status":"closed","sticky":false,"template":"","format":"standard","meta":{"advanced_seo_description":"","jetpack_seo_html_title":"","jetpack_seo_noindex":false,"_jetpack_memberships_contains_paid_content":false,"footnotes":""},"categories":[10],"tags":[],"class_list":["post-19990","post","type-post","status-publish","format-standard","has-post-thumbnail","hentry","category-kultur-sanat"],"jetpack_featured_media_url":"https:\/\/i0.wp.com\/www.bghaber.org\/bghaber\/wp-content\/uploads\/2016\/06\/bg-sehit.jpg?fit=287%2C395&ssl=1","jetpack_sharing_enabled":true,"jetpack_likes_enabled":true,"jetpack-related-posts":[],"jetpack_shortlink":"https:\/\/wp.me\/pc2PfJ-5cq","_links":{"self":[{"href":"https:\/\/www.bghaber.org\/bghaber\/wp-json\/wp\/v2\/posts\/19990","targetHints":{"allow":["GET"]}}],"collection":[{"href":"https:\/\/www.bghaber.org\/bghaber\/wp-json\/wp\/v2\/posts"}],"about":[{"href":"https:\/\/www.bghaber.org\/bghaber\/wp-json\/wp\/v2\/types\/post"}],"author":[{"embeddable":true,"href":"https:\/\/www.bghaber.org\/bghaber\/wp-json\/wp\/v2\/users\/13"}],"replies":[{"embeddable":true,"href":"https:\/\/www.bghaber.org\/bghaber\/wp-json\/wp\/v2\/comments?post=19990"}],"version-history":[{"count":0,"href":"https:\/\/www.bghaber.org\/bghaber\/wp-json\/wp\/v2\/posts\/19990\/revisions"}],"wp:featuredmedia":[{"embeddable":true,"href":"https:\/\/www.bghaber.org\/bghaber\/wp-json\/wp\/v2\/media\/19238"}],"wp:attachment":[{"href":"https:\/\/www.bghaber.org\/bghaber\/wp-json\/wp\/v2\/media?parent=19990"}],"wp:term":[{"taxonomy":"category","embeddable":true,"href":"https:\/\/www.bghaber.org\/bghaber\/wp-json\/wp\/v2\/categories?post=19990"},{"taxonomy":"post_tag","embeddable":true,"href":"https:\/\/www.bghaber.org\/bghaber\/wp-json\/wp\/v2\/tags?post=19990"}],"curies":[{"name":"wp","href":"https:\/\/api.w.org\/{rel}","templated":true}]}}