{"id":19988,"date":"2016-08-05T17:20:23","date_gmt":"2016-08-05T14:20:23","guid":{"rendered":"http:\/\/www.bghaber.org\/bghaber\/?p=19988"},"modified":"2016-08-05T17:20:23","modified_gmt":"2016-08-05T14:20:23","slug":"bazi-alacaklarin-yeniden-yapilandirilmasi","status":"publish","type":"post","link":"https:\/\/www.bghaber.org\/bghaber\/bazi-alacaklarin-yeniden-yapilandirilmasi\/","title":{"rendered":"Baz\u0131 Alacaklar\u0131n Yeniden Yap\u0131land\u0131r\u0131lmas\u0131"},"content":{"rendered":"<p id=\"yui_3_16_0_ym19_1_1470406451536_9421\">Baz\u0131 Alacaklar\u0131n Yeniden Yap\u0131land\u0131r\u0131lmas\u0131na \u0130li\u015fkin Kanun bu hafta tamamlanan g\u00f6r\u00fc\u015fmelerin ard\u0131ndan TBMM Genel Kurulu&#8217;nda yasala\u015ft\u0131.<\/p>\n<p id=\"yui_3_16_0_ym19_1_1470406451536_9397\">Maliye Bakanl\u0131\u011f\u0131, G\u00fcmr\u00fck ve Ticaret Bakanl\u0131\u011f\u0131, Sosyal G\u00fcvenlik Kurumu, \u0130l \u00d6zel \u0130dareleri, Belediyeler, B\u00fcy\u00fck\u015fehir Belediyeleri, B\u00fcy\u00fck\u015fehir Belediyeleri Su ve Kanalizasyon \u0130dareleri, TOBB, T\u00dcRMOB\u2019un alacakl\u0131 oldu\u011fu vergiler ve vergi cezalar\u0131, Trafik Para Cezalar\u0131, Askerlik, Se\u00e7im, N\u00fcfus Para Cezalar\u0131, Karayolu Ta\u015f\u0131ma Kanununa g\u00f6re kesilen para cezalar\u0131, Karayollar\u0131ndan usuls\u00fcz ge\u00e7i\u015fler nedeniyle kesilen para cezalar\u0131, RT\u00dcK para cezalar\u0131, \u00f6\u011frencilerin YURT-KUR\u2019a olan ve vergi dairelerince takip edilen \u00f6\u011frenim katk\u0131 kredisi ve \u00f6\u011frenim kredisi bor\u00e7lar\u0131 yeniden yap\u0131land\u0131r\u0131l\u0131p, taksitlendirilebilecek.<\/p>\n<p id=\"yui_3_16_0_ym19_1_1470406451536_9398\">Baz\u0131 Alacaklar\u0131n Yeniden Yap\u0131land\u0131r\u0131lmas\u0131na \u0130li\u015fkin Kanun ile;<\/p>\n<p id=\"yui_3_16_0_ym19_1_1470406451536_9401\">1-) Yap\u0131land\u0131rmalar 30 Haziran 2016 da dahil olmak \u00fczere \u00f6ncesini kapsayacak.<\/p>\n<p id=\"yui_3_16_0_ym19_1_1470406451536_9399\">\n<p id=\"yui_3_16_0_ym19_1_1470406451536_9400\">2-) Kesinle\u015fmi\u015f kamu alacaklar\u0131n\u0131n as\u0131l tutar\u0131ndan vazge\u00e7ilmeyecek. Bu as\u0131llara uygulanan gecikme faizi, gecikme zamm\u0131 ve gecikme cezas\u0131 yerine yurt i\u00e7i \u00fcretici fiyat endeksi (\u00dcFE) esas al\u0131narak belirlenecek tutar \u00f6denecek.<\/p>\n<p>&nbsp;<\/p>\n<p>3-) G\u00fcmr\u00fck vergileri as\u0131llar\u0131na ba\u011fl\u0131 olmaks\u0131z\u0131n kesilen idari para cezalar\u0131 ile Kabahatler Kanunu\u2019nun i\u015ftirak h\u00fck\u00fcmleri nedeniyle kesilen idari para cezalar\u0131n\u0131n %50\u2019sinin, belirtilen s\u00fcre i\u00e7inde tamamen \u00f6denmesi \u015fart\u0131yla cezalar\u0131n kalan %50\u2019si tahsil edilmeyecek.<\/p>\n<p>&nbsp;<\/p>\n<p>4-) G\u00fcmr\u00fck vergisi mevzuat\u0131nda g\u00fcmr\u00fcklenmi\u015f de\u011fere ili\u015fkin idari para cezalar\u0131n\u0131n %30\u2019u, Sosyal G\u00fcvenlik Kurumu taraf\u0131ndan uygulanan idari para cezalar\u0131n\u0131n %50\u2019sinin \u00f6denmesi halind de cezalar\u0131n bakiyeleri silinecek.<\/p>\n<p>&nbsp;<\/p>\n<p>5-) Kanunun kapsad\u0131\u011f\u0131 d\u00f6nemlere ili\u015fkin olarak inceleme ve tarhiyat a\u015famas\u0131nda bulunan alacaklara y\u00f6nelik ba\u015flayan ba\u015flayan vergi incelemeleriyle, takdir, tarh ve tahakkuk i\u015flemlerine devam edilecek.<\/p>\n<p>&nbsp;<\/p>\n<p id=\"yui_3_16_0_ym19_1_1470406451536_9417\">6-) D\u00fczenlemenin yay\u0131mland\u0131\u011f\u0131 tarih itibariyle Vergi Usul Kanunu\u2019nun tarhiyat \u00f6ncesi uzla\u015fma h\u00fck\u00fcmlerine g\u00f6re uzla\u015fma talebinde bulunulmu\u015f, ancak uzla\u015fma g\u00fcn\u00fc gelmemi\u015f ya da uzla\u015fma sa\u011flanamam\u0131\u015f olmakla birlikte vergi ve ceza ihbarnameleri m\u00fckellefe tebli\u011f edilmemi\u015f alacaklar da d\u00fczenleme kapsam\u0131nda olacak.<\/p>\n<p id=\"yui_3_16_0_ym19_1_1470406451536_9431\">\n<p>7-) Kanunla, i\u015fletmelerde mevcut olmas\u0131na ra\u011fmen kay\u0131tlara yans\u0131t\u0131lmam\u0131\u015f emtia, makine, te\u00e7hizat ve demirba\u015flar da kayda al\u0131n\u0131yor.<\/p>\n<p id=\"yui_3_16_0_ym19_1_1470406451536_9432\">\n<p id=\"yui_3_16_0_ym19_1_1470406451536_9433\">\ud83d\ude0e Eczaneler, stoklar\u0131nda kaydi olarak yer ald\u0131\u011f\u0131 halde fiilen bulunmayan ila\u00e7lar\u0131, maliyet bedeli \u00fczerinden fatura d\u00fczenleyerek kay\u0131tlar\u0131ndan \u00e7\u0131karabilecek.<\/p>\n<p id=\"yui_3_16_0_ym19_1_1470406451536_9434\">\n<p>9-) Yurt d\u0131\u015f\u0131nda bulunan para, alt\u0131n, d\u00f6viz, menkul k\u0131ymetler ile di\u011fer sermaye piyasas\u0131 ara\u00e7lar\u0131n\u0131, 31 Aral\u0131k 2016\u2019ya kadar T\u00fcrkiye\u2019ye getirenler, bu varl\u0131klar\u0131 serbest\u00e7e tasarruf edebilecek. M\u00fckellefler T\u00fcrkiye\u2019ye getirilen varl\u0131klar\u0131n\u0131 i\u015fletmelerine dahil edebilecek veya i\u015fletmelerinden \u00e7ekebilecek.<\/p>\n<p>Milletimizin bir beklentisini daha hayata ge\u00e7irmi\u015f olman\u0131n gururunu ya\u015f\u0131yoruz. Kanunun hem milletimiz hem de \u00fclkemiz i\u00e7in hay\u0131rl\u0131 olmas\u0131n\u0131 temenni eder, hay\u0131rl\u0131 g\u00fcnler dilerim.<\/p>\n<div id=\"yiv1689680602Signature\">\n<div id=\"yui_3_16_0_ym19_1_1470406451536_9439\">\n<div><b>Av.B\u00fclent TURAN<\/b><\/div>\n<div><sub><span style=\"font-family: Cambria, serif; font-size: medium;\"><b>\u00c7anakkale Milletvekili<\/b><\/span><\/sub><\/div>\n<div id=\"yui_3_16_0_ym19_1_1470406451536_9438\"><sub id=\"yui_3_16_0_ym19_1_1470406451536_9437\"><span id=\"yui_3_16_0_ym19_1_1470406451536_9436\" style=\"font-family: Cambria, serif; font-size: medium;\"><b id=\"yui_3_16_0_ym19_1_1470406451536_9435\">AK Parti Grup Ba\u015fkanvekili<\/b><\/span><\/sub><\/div>\n<\/div>\n<\/div>\n<div id=\"bghab-3142224735\" class=\"bghab-yazi-altinda bghab-entity-placement\"><div class=\"bghab-adlabel\">Reklamlar<\/div><script async src=\"https:\/\/pagead2.googlesyndication.com\/pagead\/js\/adsbygoogle.js\"><\/script>\r\n<!-- bghaber-yaz\u0131-sonu -->\r\n<ins class=\"adsbygoogle\"\r\n     style=\"display:block\"\r\n     data-ad-client=\"ca-pub-6203283170189293\"\r\n     data-ad-slot=\"4222328180\"\r\n     data-ad-format=\"auto\"\r\n     data-full-width-responsive=\"true\"><\/ins>\r\n<script>\r\n     (adsbygoogle = window.adsbygoogle || []).push({});\r\n<\/script><\/div><br style=\"clear: both; display: block; float: none;\"\/>","protected":false},"excerpt":{"rendered":"<p>Baz\u0131 Alacaklar\u0131n Yeniden Yap\u0131land\u0131r\u0131lmas\u0131na \u0130li\u015fkin Kanun bu hafta tamamlanan g\u00f6r\u00fc\u015fmelerin ard\u0131ndan TBMM Genel Kurulu&#8217;nda yasala\u015ft\u0131. Maliye Bakanl\u0131\u011f\u0131, G\u00fcmr\u00fck ve Ticaret Bakanl\u0131\u011f\u0131, Sosyal G\u00fcvenlik Kurumu, \u0130l<\/p>\n","protected":false},"author":13,"featured_media":0,"comment_status":"closed","ping_status":"closed","sticky":false,"template":"","format":"standard","meta":{"advanced_seo_description":"","jetpack_seo_html_title":"","jetpack_seo_noindex":false,"_jetpack_memberships_contains_paid_content":false,"footnotes":""},"categories":[8],"tags":[],"class_list":["post-19988","post","type-post","status-publish","format-standard","hentry","category-egitim"],"jetpack_featured_media_url":"","jetpack_sharing_enabled":true,"jetpack_likes_enabled":true,"jetpack-related-posts":[],"jetpack_shortlink":"https:\/\/wp.me\/pc2PfJ-5co","_links":{"self":[{"href":"https:\/\/www.bghaber.org\/bghaber\/wp-json\/wp\/v2\/posts\/19988","targetHints":{"allow":["GET"]}}],"collection":[{"href":"https:\/\/www.bghaber.org\/bghaber\/wp-json\/wp\/v2\/posts"}],"about":[{"href":"https:\/\/www.bghaber.org\/bghaber\/wp-json\/wp\/v2\/types\/post"}],"author":[{"embeddable":true,"href":"https:\/\/www.bghaber.org\/bghaber\/wp-json\/wp\/v2\/users\/13"}],"replies":[{"embeddable":true,"href":"https:\/\/www.bghaber.org\/bghaber\/wp-json\/wp\/v2\/comments?post=19988"}],"version-history":[{"count":0,"href":"https:\/\/www.bghaber.org\/bghaber\/wp-json\/wp\/v2\/posts\/19988\/revisions"}],"wp:attachment":[{"href":"https:\/\/www.bghaber.org\/bghaber\/wp-json\/wp\/v2\/media?parent=19988"}],"wp:term":[{"taxonomy":"category","embeddable":true,"href":"https:\/\/www.bghaber.org\/bghaber\/wp-json\/wp\/v2\/categories?post=19988"},{"taxonomy":"post_tag","embeddable":true,"href":"https:\/\/www.bghaber.org\/bghaber\/wp-json\/wp\/v2\/tags?post=19988"}],"curies":[{"name":"wp","href":"https:\/\/api.w.org\/{rel}","templated":true}]}}