{"id":19978,"date":"2016-08-05T02:08:03","date_gmt":"2016-08-04T23:08:03","guid":{"rendered":"http:\/\/www.bghaber.org\/bghaber\/?p=19978"},"modified":"2016-08-05T12:30:23","modified_gmt":"2016-08-05T09:30:23","slug":"akilla-cozulecek-olani-ayakla-cozemezsin","status":"publish","type":"post","link":"https:\/\/www.bghaber.org\/bghaber\/akilla-cozulecek-olani-ayakla-cozemezsin\/","title":{"rendered":"Ak\u0131lla \u00c7\u00f6z\u00fclecek olan\u0131 Ayakla \u00c7\u00f6zemezsin!"},"content":{"rendered":"<p>Erta\u015f \u00c7AKIR<\/p>\n<p>Konu: <strong>K\u00f6stebek hangi yumrunun alt\u0131nda?<\/strong><\/p>\n<p>Ge\u00e7en y\u00fczy\u0131l\u0131n ba\u015flar\u0131nda, Bat\u0131 ve Do\u011fu a\u011f\u0131z birli\u011fi yapm\u0131\u015f Osmanl\u0131ya \u201c<strong>hasta adam<\/strong>\u201d derken, Alman Ba\u015fbakan\u0131 Bismark\u2019\u0131n II. Abd\u00fclhamit hakk\u0131nda s\u00f6yledi\u011fi \u015fu s\u00f6zler ilgin\u00e7tir.<\/p>\n<p>\u201c<strong>100 gram akl\u0131n 90 gram\u0131 Abd\u00fclhamit Han\u2019da, 5 gram\u0131 bende, 5 gram\u0131 da di\u011fer siyasilerdedir<\/strong>.\u201d<\/p>\n<p>Alman \u0130mparatoru \u0130kinci Wilhelm de: \u201c<strong>Ben politikay\u0131 Abd\u00fclhamit\u2019ten \u00f6\u011frendim<\/strong>.\u201d demi\u015ftir.<\/p><div id=\"bghab-2529039182\" class=\"bghab-icerik-icine bghab-entity-placement\"><script async src=\"\/\/pagead2.googlesyndication.com\/pagead\/js\/adsbygoogle.js?client=ca-pub-6203283170189293\" crossorigin=\"anonymous\"><\/script><ins class=\"adsbygoogle\" style=\"display:block; text-align:center;\" data-ad-client=\"ca-pub-6203283170189293\" \ndata-ad-slot=\"7303146466\" \ndata-ad-layout=\"in-article\"\ndata-ad-format=\"fluid\" data-full-width-responsive=\"true\"><\/ins>\n<script> \n(adsbygoogle = window.adsbygoogle || []).push({}); \n<\/script>\n<\/div>\n<p>Bug\u00fcn T\u00fcrkiye\u2019de en fazla tart\u0131\u015f\u0131lan konu \u201c<strong>istihbarat zaaf\u0131<\/strong>\u201d paketine s\u0131\u011fd\u0131r\u0131lmak isteniyor.<\/p>\n<p>Abd\u00fclhamit\u2019in kurdu\u011fu <strong>Y\u0131ld\u0131z \u0130stihbarat Te\u015fkilat\u0131<\/strong>, o d\u00f6nemin iki b\u00fcy\u00fck istihbarat te\u015fkilat\u0131 olan, \u0130ngilizlerin \u201c<strong>\u0130ntelligence Service<\/strong>\u201d ve Ruslar\u0131n \u201c<strong>Ohrana&#8217;<\/strong>s\u0131n\u0131 her zaman dize getirmi\u015ftir.<\/p>\n<p>O zaman Ruslar g\u00f6nderdikleri ajanlarla papazlar\u0131, \u00f6\u011fretmenleri ele ge\u00e7irmi\u015fler, macera d\u00fc\u015fk\u00fcn\u00fc Ermenileri silahland\u0131r\u0131p Osmanl\u0131 Devleti aleyhinde k\u0131\u015fk\u0131rtm\u0131\u015flard\u0131.<\/p>\n<p>G\u00fcn\u00fcm\u00fczde FET\u00d6 hainlerinin yaver, y\u00fczba\u015f\u0131, binba\u015f\u0131, general, yarg\u0131\u00e7 ve savc\u0131 k\u0131l\u0131\u011f\u0131na girip devletimizi ve cumhuriyetimizi devirmek ve demokratlar\u0131n hepsini giyotine g\u00f6t\u00fcrmeyi planlad\u0131klar\u0131 gibi, o zaman da Ermeni asiler, k\u00f6y basarak kendilerine yard\u0131m etmek istemeyen soyda\u015flar\u0131n\u0131 \u00f6ld\u00fcr\u00fcp, sonra \u201c<strong>Siz Sultan\u2019a kar\u015f\u0131 birlik olmazsan\u0131z, T\u00fcrkler sizi b\u00f6yle keserler<\/strong>!\u201d diyorlard\u0131.<\/p>\n<p>1876\u2019da Bulgar\u2019\u0131 Osmanl\u0131da ya\u015fayan ama Sultan\u2019dan memnun olmayan bir halk toplulu\u011fu olarak d\u00fcnyaya duyuran <strong>Nisan Ayaklanmas<\/strong>\u0131\u2019nda asiler Bulgar k\u00f6ylerini yakm\u0131\u015f ve \u201c<strong>T\u00fcrkler Bulgar k\u00f6ylerini yak\u0131yor<\/strong>\u201d yaygaras\u0131 koparmay\u0131 ba\u015farm\u0131\u015ft\u0131r.<\/p><div id=\"bghab-3024717473\" class=\"bghab-icerik-icine-10-paragraf bghab-entity-placement\"><script async src=\"\/\/pagead2.googlesyndication.com\/pagead\/js\/adsbygoogle.js?client=ca-pub-6203283170189293\" crossorigin=\"anonymous\"><\/script><ins class=\"adsbygoogle\" style=\"display:block; text-align:center;\" data-ad-client=\"ca-pub-6203283170189293\" \ndata-ad-slot=\"7303146466\" \ndata-ad-layout=\"in-article\"\ndata-ad-format=\"fluid\" data-full-width-responsive=\"true\"><\/ins>\n<script> \n(adsbygoogle = window.adsbygoogle || []).push({}); \n<\/script>\n<\/div>\n<p>Ankara \u201c<strong>Mithat Pa\u015fa<\/strong>\u201dda bir berbere girdim sa\u00e7\u0131m\u0131 kestiriyorum. Berberin makas tutmas\u0131 dikkatimi \u00e7ekti. \u201c<strong>Sen askerli\u011fini nerede yapt\u0131n karde\u015f<\/strong>?\u201d diye sordum ve \u201c<strong>Tank \u015fof\u00f6r\u00fcy\u00fcm<\/strong>\u201d cevab\u0131n\u0131 ald\u0131m. \u0130ki haftadan beri ben de \u00e7\u0131k\u0131yorum meydanlara ve elimde bayrak, s\u0131rt\u0131mdaki termosta \u0131l\u0131k \u00e7ay\u0131mla canla ba\u015fla kat\u0131l\u0131yorum \u201c<strong>T\u00fcrk Halk\u0131n\u0131n Demokrasi Festivaline<\/strong>\u201d. Ne kadar susam\u0131\u015f\u0131z birlikte olmaya ve ne kadar susam\u0131\u015f\u0131z hep bir a\u011f\u0131zdan \u015fark\u0131, t\u00fcrk\u00fc s\u00f6ylemeye\u2026<\/p>\n<p>Meydandan meydana y\u00fcr\u00fcrken, \u201c<strong>E 5<\/strong>\u201d ve \u201c<strong>Vatan Caddesi<\/strong>\u201d kenar\u0131nda solu\u011fu kesilen ve oldu\u011fu yere saplanan tanklar\u0131 g\u00f6rd\u00fc\u011f\u00fcmde sa\u00e7\u0131m\u0131 kesen tank \u015fof\u00f6r\u00fc berber s\u0131k s\u0131k g\u00f6zlerimin \u00f6n\u00fcne geldi. Gelmeyebilirdi, fakat ben \u201c<strong>\u015fof\u00f6r<\/strong>\u201d s\u00f6z\u00fcne tak\u0131ld\u0131m, \u00e7\u00fcnk\u00fc sanki o gece o \u201c<strong>katil<\/strong>\u201d tanklar\u0131n \u201c<strong>frenleri<\/strong>\u201d tutmuyordu. Ben bir doktorum. Her g\u00fcn muayene ediyorum, ilgileniyorum, kimlerin sa\u011fl\u0131\u011f\u0131na kavu\u015fmas\u0131na yard\u0131m etmedim? Fakat bizim toplumumuzda, eline halk\u0131n tank\u0131n\u0131n d\u00fcmeni, aya\u011f\u0131na da freni emanet edilmi\u015f bu denli \u00e7\u0131lg\u0131n, zihin d\u00fczensizli\u011fi bu denli bozuk olan gen\u00e7ler oldu\u011funu bilmiyordum. Onlara vaat edilen neydi? D\u00fcnya d\u0131\u015f\u0131nda bir katmanda, en g\u00fczel kad\u0131nlarla en \u015firin yazl\u0131klarda ebedi hayat m\u0131yd\u0131! Bu ancak benim fikrimdir. G\u00fcn\u00fcm\u00fczde T\u00fcrkiye\u2019de hakim olan ruh hali d\u0131\u015f\u0131nda bir m\u00fcstakil ruhsal duruma kendini teslim etmi\u015f grupla\u015fmalar g\u00f6rd\u00fck. Bu, bizim hepimizin \u201c<strong>beni sokmayan y\u0131lan bin ya\u015fas\u0131n<\/strong>\u201d mant\u0131\u011f\u0131na teslim oldu\u011fumuzun kan\u0131t\u0131d\u0131r. Bu, s\u00f6zde\u00a0 uyurken b\u00fcy\u00fcm\u00fc\u015f t\u00fcm\u00f6r\u00fcn okullar\u0131m\u0131z, dershanelerimiz, ordumuz, polisimiz, jandarmam\u0131z, bakanl\u0131klar\u0131m\u0131z ve hatta Cumhurba\u015fkanl\u0131\u011f\u0131 Saray\u0131 i\u00e7inde en l\u00fcks ortamda beslendi\u011fini ve d\u00fc\u015fman\u0131m\u0131z\u0131n istedi\u011fi anda \u00f6l\u00fcme uzanan bir harekette bulunmaya haz\u0131r bir ahtapottan s\u00f6z ederken, d\u00fc\u015ft\u00fc\u011f\u00fcm\u00fcz duruma inanmak bile istemiyorum.<\/p>\n<p>\u015eunu unutmayal\u0131m. T\u00fcrk halk\u0131 b\u00f6yle bir durumu tarihinde bir kez ya\u015fam\u0131\u015ft\u0131. Yine Abd\u00fclhamit\u2019te d\u00f6n\u00fcyorum:<\/p>\n<p>1877\u20131878 Osmanl\u0131 Rus Sava\u015f\u0131 ba\u015flay\u0131nca Sadrazam (Ba\u015fbakan) Mithat Pa\u015fa ve Serasker (Genel Kurmay Ba\u015fkan\u0131) Redif Pa\u015fa, <strong>200 bin askerin sil\u00e2halt\u0131nda o<\/strong>ldu\u011funu ve d\u00fc\u015fmandan gelecek her sald\u0131r\u0131y\u0131 kar\u015f\u0131layacak g\u00fc\u00e7te olduklar\u0131n\u0131 II. Abd\u00fclhamit\u2019e rapor etmi\u015flerdi. Bu bilgiler kar\u015f\u0131s\u0131nda rahatlayan Sultan, Gazi Ahmet Muhtar Pa\u015fa\u2019dan ald\u0131\u011f\u0131 bir telgrafla hayal k\u0131r\u0131kl\u0131\u011f\u0131na u\u011fram\u0131\u015ft\u0131.<\/p>\n<p>Gazi Ahmet Muhtar Pa\u015fa, kumandas\u0131ndaki askerin <strong>30 bin oldu\u011funu bildiriyor <\/strong>ve bu kadar k\u00fc\u00e7\u00fck bir kuvvetle ve d\u00fc\u015fman\u0131n sald\u0131r\u0131s\u0131na dayanamayaca\u011f\u0131n\u0131 haber ediyordu. Hemen Sadrazam\u0131 ve Seraskeri Saraya \u00e7a\u011f\u0131ran ve kendilerine telgraf\u0131 g\u00f6steren II. Abd\u00fclhamit, emrindeki askerin say\u0131s\u0131n\u0131 bilmeyen bir Sadrazamla \u00e7al\u0131\u015ft\u0131\u011f\u0131n\u0131 \u015f\u00f6yle a\u00e7\u0131klar:<\/p><div id=\"bghab-3877702550\" class=\"bghab-icerik-icine-15-paragraf bghab-entity-placement\"><script async src=\"\/\/pagead2.googlesyndication.com\/pagead\/js\/adsbygoogle.js?client=ca-pub-6203283170189293\" crossorigin=\"anonymous\"><\/script><ins class=\"adsbygoogle\" style=\"display:block; text-align:center;\" data-ad-client=\"ca-pub-6203283170189293\" \ndata-ad-slot=\"7303146466\" \ndata-ad-layout=\"in-article\"\ndata-ad-format=\"fluid\" data-full-width-responsive=\"true\"><\/ins>\n<script> \n(adsbygoogle = window.adsbygoogle || []).push({}); \n<\/script>\n<\/div>\n<p>\u201c<strong>Sadrazam ordu mevcudunu bilmeyece\u011fini s\u00f6yleyerek i\u015fin i\u00e7inden \u00e7\u0131kt\u0131. Serasker kem k\u00fcm ediyordu. Bu kadar sorumsuz ve kolayca su\u00e7u ba\u015fkas\u0131n\u0131n s\u0131rt\u0131na y\u00fckleyebilecek ki\u015filerle bir sava\u015fa gitmenin deklilik olaca\u011f\u0131na inand\u0131m. Fakat halk Mithat Pa\u015faya ba\u011flanm\u0131\u015ft\u0131 ve kendisinden bir mucize beklemekteydi. Onu uzakla\u015ft\u0131rmak bir devlet hatas\u0131 olacakt\u0131<\/strong>.\u201d<\/p>\n<p>Su sat\u0131rlar Sultan II. Abd\u00fclhamit\u2019in hat\u0131rat\u0131ndan al\u0131nm\u0131\u015ft\u0131.<\/p>\n<p>Sadrazam Mithat Pa\u015fa hakk\u0131nda\u00a0 \u201c<strong>Tam \u0130slam \u0130lmihal<\/strong>\u201d eserinde \u201c<strong>onun bir mason olup \u0130sko\u00e7 Mason Locas\u0131na ba\u011fl\u0131 oldu\u011fu, ajanl\u0131k etti\u011fi, onlar\u0131n emirlerini uygularken T\u00fcrk milletine asla af edilmez k\u00f6t\u00fcl\u00fckler yapt\u0131<\/strong>\u011f\u0131\u201d yaz\u0131l\u0131d\u0131r.<\/p>\n<p>FET\u00d6 haini \u00f6rne\u011finde, tekrar eden bu ger\u00e7eklerden, hele de T\u00fcrkiye devletini y\u0131kmak, Cumhurba\u015fkan\u0131 ve ba\u015fbakan\u0131 \u00f6ld\u00fcrmek, halk\u0131m\u0131z\u0131 birbirine d\u00fc\u015f\u00fcrmek, bir i\u00e7 sava\u015f ate\u015fi yakarak anavatan\u0131m\u0131z\u0131 par\u00e7alay\u0131p emperyalist itlerin \u00f6n\u00fcne yem olarak atmak isteyenlerin yeniden kar\u015f\u0131m\u0131za dikilmesinden s\u00f6z ediyorum. Bu durumda ben, 4 ku\u015fak benim s\u00fclalemi g\u00f6\u00e7 yollar\u0131nda s\u00fcr\u00fcnd\u00fcren mason Sadrazam Mithat Pa\u015fa ile hain hoca Feytullah G\u00fclen aras\u0131nda fark g\u00f6remiyorum. Birisi Osmanl\u0131 devletine mezar kazm\u0131\u015f, 100 y\u0131l sonra \u015fimdi de FET\u00d6 ba\u015f\u0131 T\u00fcrkiye Cumhuriyeti\u2019ne mezar ta\u015f\u0131 yontuyor. Bizim i\u00e7in ha Plevne\u2019de ezilmi\u015fiz, ha Ankara\u2019da ikisi de ayn\u0131 \u015feydir.\u00a0 En \u00fcz\u00fcc\u00fc olansa, hayallerindeki ba\u015fbakan bozuntusunun, biz gibi g\u00f6\u00e7men s\u00fcr\u00fcs\u00fcnden olan Bat\u0131 Trakyal\u0131 Prof. Meral Ak\u015fener olmas\u0131d\u0131r. Bu ger\u00e7ek, Bulgaristanl\u0131 M\u00fcsl\u00fcman T\u00fcrkler i\u00e7in ola\u011fan\u00fcst\u00fc ac\u0131 ve \u00fcz\u00fcc\u00fc oldu.<\/p>\n<p><strong>Ve burada biz yanl\u0131\u015flar\u0131n 100 y\u0131l sonra da tekrar etti\u011fine tan\u0131k oluyoruz.<\/strong><\/p><div id=\"bghab-2732652113\" class=\"bghab-icerik-icine-20-paragraf bghab-entity-placement\"><script async src=\"\/\/pagead2.googlesyndication.com\/pagead\/js\/adsbygoogle.js?client=ca-pub-6203283170189293\" crossorigin=\"anonymous\"><\/script><ins class=\"adsbygoogle\" style=\"display:block; text-align:center;\" data-ad-client=\"ca-pub-6203283170189293\" \ndata-ad-slot=\"7303146466\" \ndata-ad-layout=\"in-article\"\ndata-ad-format=\"fluid\" data-full-width-responsive=\"true\"><\/ins>\n<script> \n(adsbygoogle = window.adsbygoogle || []).push({}); \n<\/script>\n<\/div>\n<ul>\n<li><strong>\u00a0<\/strong>Abd\u00fclhamit, ordu mevcudunda haberi olmad\u0131\u011f\u0131 halde Osmanl\u0131 Devleti\u2019ni sava\u015fa sokan yani bile bile yok olmas\u0131n\u0131 isteyen Sadrazam\u0131 ve Genel Kurmay Ba\u015fkan\u0131\u2019n\u0131 affedebilecek kadar ho\u015fg\u00f6r\u00fcl\u00fc ve demokratik bir idareciydi. Ceplerine para koyup s\u00fcrg\u00fcne g\u00f6ndermekle yetindi. \u00c7\u00fcnk\u00fc Bat\u0131 Osmanl\u0131daki \u201c<strong>despotizme<\/strong>\u201d ve \u201c<strong>demokratlar\u0131<\/strong>\u201d savunmak i\u00e7in aya\u011fa kalkm\u0131\u015ft\u0131.<\/li>\n<\/ul>\n<p>Bug\u00fcn de, Genel Kurmay Ba\u015fkan\u0131m\u0131z\u0131n bo\u011faz\u0131na tasma takanlar\u0131n, Cumhurba\u015fkan\u0131m\u0131z\u0131 ve Ba\u015fbakan\u0131m\u0131z\u0131 15 Temmuz gecesi katletmek isteyenlerin kendi adamlar\u0131 oldu\u011funu art\u0131k gizleyemiyorlar. Su\u00e7lular\u0131n sal\u0131verilmesi i\u00e7in Birle\u015fik Amerika ve \u201cdemokrasi kalesi\u201d Avrupa ayyuka \u00e7\u0131km\u0131\u015ft\u0131r.\u00a0 Kofa da de\u011fi\u015fse bu kuyudan ba\u015fka su \u00e7\u0131kmaz. 40 y\u0131ldan beri \u00fczerinde \u00e7al\u0131\u015ft\u0131klar\u0131 ve 100 milyar US Dolar harcad\u0131klar\u0131 T\u00fcrkiye\u2019yi dize getirme plan\u0131 suya d\u00fc\u015ft\u00fc. Bu depremin ard\u0131l\u0131 olur, tehlike savmam\u0131\u015ft\u0131r. Doktor terimleriyle anlat\u0131rsam, t\u00fcm\u00f6r al\u0131nsa bile 40 y\u0131ll\u0131k bir metastaz ortadad\u0131r. Devlet katlar\u0131nda \u00e7al\u0131\u015fanlar\u0131n parayla pulla k\u00f6rle\u015ftirilmi\u015f olmas\u0131, g\u00fcvenlik sistemi duyarl\u0131l\u0131\u011f\u0131n\u0131n k\u00f6rle\u015ftirilmesi, olabilir ya, beklide T\u00fcrkiye\u2019de var olan teknolojilerden bir 10 y\u0131l ileri teknolojiler kullan\u0131lm\u0131\u015f olmas\u0131 ve darbe denemesine bir\u00e7ok d\u0131\u015f g\u00fcc\u00fcn birden destek sa\u011flayarak kat\u0131lmas\u0131 bizi uzun bir m\u00fcddet zorlayabilir.<\/p>\n<p>Kan\u0131mca en \u00f6nemli olan, bizim ta\u015f kafa tank \u015fof\u00f6rlerinden kurtulmam\u0131zd\u0131r. Ne de olsa, birinci d\u00fcnya sava\u015f\u0131 e\u015fek ve kak\u0131r g\u00fcc\u00fcyle, ikinci d\u00fcnya sava\u015f\u0131 ise tanklarla yap\u0131lm\u0131\u015ft\u0131. O zamandan bu yana 70 y\u0131l ge\u00e7ti. En kaliteli \u00e7eli\u011fin kalite \u00f6mr\u00fc 25 y\u0131ld\u0131r. Bizim tanklar\u0131n ve ta\u015f kafal\u0131lar\u0131n hepsinin yar\u0131m as\u0131r \u00f6nce hurdaya \u00e7\u0131kar\u0131l\u0131p, kesilerek potalarda eritilmesi gerekiyordu. Bu yap\u0131lsayd\u0131 ve Atat\u00fcrk\u2019\u00fcm\u00fcz\u00fcn T\u00fcrk halk\u0131na en y\u00fcce emaneti olan, \u00f6zg\u00fcr d\u00fc\u015f\u00fcnme nimetini, Kuran d\u0131\u015f\u0131 ve modern d\u00fcnyaya ait olan kavramlarla besleyebilseydik, bu ac\u0131nas\u0131 duruma d\u00fc\u015fmezdik. Dogmac\u0131l\u0131k durgunluk demektir. Durgunluksa k\u00fcflenmeye ve yok olmaya e\u015fde\u011ferdir.<\/p>\n<p>&nbsp;<\/p>\n<p>Yeni yaz\u0131mda yine beraber olal\u0131m.<\/p>\n<p>Bizim ruhumuzun derinliklerinde hissetti\u011fimiz b\u00fcy\u00fck bir ger\u00e7ek var.<\/p><div id=\"bghab-41743704\" class=\"bghab-icerik-icine-25-paragraf bghab-entity-placement\"><script async src=\"\/\/pagead2.googlesyndication.com\/pagead\/js\/adsbygoogle.js?client=ca-pub-6203283170189293\" crossorigin=\"anonymous\"><\/script><ins class=\"adsbygoogle\" style=\"display:block; text-align:center;\" data-ad-client=\"ca-pub-6203283170189293\" \ndata-ad-slot=\"7303146466\" \ndata-ad-layout=\"in-article\"\ndata-ad-format=\"fluid\" data-full-width-responsive=\"true\"><\/ins>\n<script> \n(adsbygoogle = window.adsbygoogle || []).push({}); \n<\/script>\n<\/div>\n<div id=\"bghab-4180768586\" class=\"bghab-yazi-altinda bghab-entity-placement\"><div class=\"bghab-adlabel\">Reklamlar<\/div><script async src=\"https:\/\/pagead2.googlesyndication.com\/pagead\/js\/adsbygoogle.js\"><\/script>\r\n<!-- bghaber-yaz\u0131-sonu -->\r\n<ins class=\"adsbygoogle\"\r\n     style=\"display:block\"\r\n     data-ad-client=\"ca-pub-6203283170189293\"\r\n     data-ad-slot=\"4222328180\"\r\n     data-ad-format=\"auto\"\r\n     data-full-width-responsive=\"true\"><\/ins>\r\n<script>\r\n     (adsbygoogle = window.adsbygoogle || []).push({});\r\n<\/script><\/div><br style=\"clear: both; display: block; float: none;\"\/>","protected":false},"excerpt":{"rendered":"<p>Erta\u015f \u00c7AKIR Konu: K\u00f6stebek hangi yumrunun alt\u0131nda? Ge\u00e7en y\u00fczy\u0131l\u0131n ba\u015flar\u0131nda, Bat\u0131 ve Do\u011fu a\u011f\u0131z birli\u011fi yapm\u0131\u015f Osmanl\u0131ya \u201chasta adam\u201d derken, Alman Ba\u015fbakan\u0131 Bismark\u2019\u0131n II. Abd\u00fclhamit<\/p>\n","protected":false},"author":13,"featured_media":0,"comment_status":"closed","ping_status":"closed","sticky":false,"template":"","format":"standard","meta":{"advanced_seo_description":"","jetpack_seo_html_title":"","jetpack_seo_noindex":false,"_jetpack_memberships_contains_paid_content":false,"footnotes":""},"categories":[6],"tags":[],"class_list":["post-19978","post","type-post","status-publish","format-standard","hentry","category-yorum"],"jetpack_featured_media_url":"","jetpack_sharing_enabled":true,"jetpack_likes_enabled":true,"jetpack-related-posts":[],"jetpack_shortlink":"https:\/\/wp.me\/pc2PfJ-5ce","_links":{"self":[{"href":"https:\/\/www.bghaber.org\/bghaber\/wp-json\/wp\/v2\/posts\/19978","targetHints":{"allow":["GET"]}}],"collection":[{"href":"https:\/\/www.bghaber.org\/bghaber\/wp-json\/wp\/v2\/posts"}],"about":[{"href":"https:\/\/www.bghaber.org\/bghaber\/wp-json\/wp\/v2\/types\/post"}],"author":[{"embeddable":true,"href":"https:\/\/www.bghaber.org\/bghaber\/wp-json\/wp\/v2\/users\/13"}],"replies":[{"embeddable":true,"href":"https:\/\/www.bghaber.org\/bghaber\/wp-json\/wp\/v2\/comments?post=19978"}],"version-history":[{"count":0,"href":"https:\/\/www.bghaber.org\/bghaber\/wp-json\/wp\/v2\/posts\/19978\/revisions"}],"wp:attachment":[{"href":"https:\/\/www.bghaber.org\/bghaber\/wp-json\/wp\/v2\/media?parent=19978"}],"wp:term":[{"taxonomy":"category","embeddable":true,"href":"https:\/\/www.bghaber.org\/bghaber\/wp-json\/wp\/v2\/categories?post=19978"},{"taxonomy":"post_tag","embeddable":true,"href":"https:\/\/www.bghaber.org\/bghaber\/wp-json\/wp\/v2\/tags?post=19978"}],"curies":[{"name":"wp","href":"https:\/\/api.w.org\/{rel}","templated":true}]}}