{"id":19975,"date":"2016-08-04T11:58:14","date_gmt":"2016-08-04T08:58:14","guid":{"rendered":"http:\/\/www.bghaber.org\/bghaber\/?p=19975"},"modified":"2016-08-04T11:58:14","modified_gmt":"2016-08-04T08:58:14","slug":"bulgaristan-basin-mensuplarini-bilgilendirdi","status":"publish","type":"post","link":"https:\/\/www.bghaber.org\/bghaber\/bulgaristan-basin-mensuplarini-bilgilendirdi\/","title":{"rendered":"BULGAR\u0130STAN BASIN MENSUPLARINI B\u0130LG\u0130LEND\u0130RD\u0130"},"content":{"rendered":"<p>T\u00fcrkiye Cumhuriyeti Bulgaristan Sofya B\u00fcy\u00fckel\u00e7isi S\u00fcleyman G\u00f6k\u00e7e 15 Temmuz da T\u00fcrkiyede ya\u015fanan darbe giri\u015fimi ve sonras\u0131nda ya\u015fanan geli\u015fmeler hakk\u0131nda , Bulgaristan&#8217;daki bas\u0131n yay\u0131n kurulu\u015flar\u0131n\u0131n y\u00f6netmen ve \u00fcst d\u00fczey y\u00f6neticilerini kabul ederek bilgilendirdi . Yemekli toplant\u0131ya ili\u015fkin yap\u0131lan a\u00e7\u0131kla;<\/p>\n<p><a href=\"https:\/\/i0.wp.com\/gocmenplatformu.com\/wp-content\/uploads\/2016\/08\/13932727_1055709957818115_5639310776093860806_n.jpg\"><img data-recalc-dims=\"1\" loading=\"lazy\" decoding=\"async\" class=\"aligncenter size-full wp-image-11496\" src=\"https:\/\/i0.wp.com\/gocmenplatformu.com\/wp-content\/uploads\/2016\/08\/13932727_1055709957818115_5639310776093860806_n.jpg?resize=640%2C425\" sizes=\"auto, (max-width: 960px) 100vw, 960px\" srcset=\"http:\/\/gocmenplatformu.com\/wp-content\/uploads\/2016\/08\/13932727_1055709957818115_5639310776093860806_n.jpg 960w, http:\/\/gocmenplatformu.com\/wp-content\/uploads\/2016\/08\/13932727_1055709957818115_5639310776093860806_n-300x199.jpg 300w, http:\/\/gocmenplatformu.com\/wp-content\/uploads\/2016\/08\/13932727_1055709957818115_5639310776093860806_n-768x510.jpg 768w\" alt=\"13932727_1055709957818115_5639310776093860806_n\" width=\"640\" height=\"425\" \/><\/a><\/p>\n<p style=\"text-align: center;\"><strong>\u201cBulgaristan\u2019daki bas\u0131n ve yay\u0131n kurulu\u015flar\u0131n\u0131n genel yay\u0131n y\u00f6netmenleri ve \u00fcst d\u00fczey y\u00f6neticileriyle 3 A\u011fustos 2016 tarihinde T\u00fcrkiyenin Sofya B\u00fcy\u00fckel\u00e7ili\u011fimizde d\u00fczenlenen \u00e7al\u0131\u015fma yeme\u011finde bir araya geldik.<\/strong><\/p>\n<p style=\"text-align: center;\"><strong>16 konu\u011fumuzun kat\u0131ld\u0131\u011f\u0131 toplant\u0131da, T\u00fcrkiye\u2019de 15 Temmuz\u2019da meydana gelen, demokratik ve anayasal d\u00fczeni hedef alan darbe giri\u015fimi ve akabindeki geli\u015fmeler bilgi payla\u015farak, a\u00e7\u0131klamalarda bulunduk; sorular\u0131\u00a0<span class=\"text_exposed_show\">yan\u0131tlad\u0131k\u201d .<\/span><\/strong><\/p>\n<p><a href=\"https:\/\/i0.wp.com\/gocmenplatformu.com\/wp-content\/uploads\/2016\/08\/13912382_1055710337818077_3595039650726651635_n.jpg\"><img data-recalc-dims=\"1\" loading=\"lazy\" decoding=\"async\" class=\"aligncenter size-full wp-image-11497\" src=\"https:\/\/i0.wp.com\/gocmenplatformu.com\/wp-content\/uploads\/2016\/08\/13912382_1055710337818077_3595039650726651635_n.jpg?resize=640%2C425\" sizes=\"auto, (max-width: 960px) 100vw, 960px\" srcset=\"http:\/\/gocmenplatformu.com\/wp-content\/uploads\/2016\/08\/13912382_1055710337818077_3595039650726651635_n.jpg 960w, http:\/\/gocmenplatformu.com\/wp-content\/uploads\/2016\/08\/13912382_1055710337818077_3595039650726651635_n-300x199.jpg 300w, http:\/\/gocmenplatformu.com\/wp-content\/uploads\/2016\/08\/13912382_1055710337818077_3595039650726651635_n-768x510.jpg 768w\" alt=\"13912382_1055710337818077_3595039650726651635_n\" width=\"640\" height=\"425\" \/><\/a><\/p>\n<div id=\"bghab-2780816364\" class=\"bghab-yazi-altinda bghab-entity-placement\"><div class=\"bghab-adlabel\">Reklamlar<\/div><script async src=\"https:\/\/pagead2.googlesyndication.com\/pagead\/js\/adsbygoogle.js\"><\/script>\r\n<!-- bghaber-yaz\u0131-sonu -->\r\n<ins class=\"adsbygoogle\"\r\n     style=\"display:block\"\r\n     data-ad-client=\"ca-pub-6203283170189293\"\r\n     data-ad-slot=\"4222328180\"\r\n     data-ad-format=\"auto\"\r\n     data-full-width-responsive=\"true\"><\/ins>\r\n<script>\r\n     (adsbygoogle = window.adsbygoogle || []).push({});\r\n<\/script><\/div><br style=\"clear: both; display: block; float: none;\"\/>","protected":false},"excerpt":{"rendered":"<p>T\u00fcrkiye Cumhuriyeti Bulgaristan Sofya B\u00fcy\u00fckel\u00e7isi S\u00fcleyman G\u00f6k\u00e7e 15 Temmuz da T\u00fcrkiyede ya\u015fanan darbe giri\u015fimi ve sonras\u0131nda ya\u015fanan geli\u015fmeler hakk\u0131nda , Bulgaristan&#8217;daki bas\u0131n yay\u0131n kurulu\u015flar\u0131n\u0131n y\u00f6netmen<\/p>\n","protected":false},"author":13,"featured_media":19976,"comment_status":"closed","ping_status":"closed","sticky":false,"template":"","format":"standard","meta":{"advanced_seo_description":"","jetpack_seo_html_title":"","jetpack_seo_noindex":false,"_jetpack_memberships_contains_paid_content":false,"footnotes":""},"categories":[4],"tags":[],"class_list":["post-19975","post","type-post","status-publish","format-standard","has-post-thumbnail","hentry","category-siyaset"],"jetpack_featured_media_url":"https:\/\/i0.wp.com\/www.bghaber.org\/bghaber\/wp-content\/uploads\/2016\/08\/sofya-tr.jpg?fit=960%2C638&ssl=1","jetpack_sharing_enabled":true,"jetpack_likes_enabled":true,"jetpack-related-posts":[],"jetpack_shortlink":"https:\/\/wp.me\/pc2PfJ-5cb","_links":{"self":[{"href":"https:\/\/www.bghaber.org\/bghaber\/wp-json\/wp\/v2\/posts\/19975","targetHints":{"allow":["GET"]}}],"collection":[{"href":"https:\/\/www.bghaber.org\/bghaber\/wp-json\/wp\/v2\/posts"}],"about":[{"href":"https:\/\/www.bghaber.org\/bghaber\/wp-json\/wp\/v2\/types\/post"}],"author":[{"embeddable":true,"href":"https:\/\/www.bghaber.org\/bghaber\/wp-json\/wp\/v2\/users\/13"}],"replies":[{"embeddable":true,"href":"https:\/\/www.bghaber.org\/bghaber\/wp-json\/wp\/v2\/comments?post=19975"}],"version-history":[{"count":0,"href":"https:\/\/www.bghaber.org\/bghaber\/wp-json\/wp\/v2\/posts\/19975\/revisions"}],"wp:featuredmedia":[{"embeddable":true,"href":"https:\/\/www.bghaber.org\/bghaber\/wp-json\/wp\/v2\/media\/19976"}],"wp:attachment":[{"href":"https:\/\/www.bghaber.org\/bghaber\/wp-json\/wp\/v2\/media?parent=19975"}],"wp:term":[{"taxonomy":"category","embeddable":true,"href":"https:\/\/www.bghaber.org\/bghaber\/wp-json\/wp\/v2\/categories?post=19975"},{"taxonomy":"post_tag","embeddable":true,"href":"https:\/\/www.bghaber.org\/bghaber\/wp-json\/wp\/v2\/tags?post=19975"}],"curies":[{"name":"wp","href":"https:\/\/api.w.org\/{rel}","templated":true}]}}