{"id":19971,"date":"2016-08-03T16:40:54","date_gmt":"2016-08-03T13:40:54","guid":{"rendered":"http:\/\/www.bghaber.org\/bghaber\/?p=19971"},"modified":"2016-08-03T16:41:09","modified_gmt":"2016-08-03T13:41:09","slug":"daha-derin-dusunmek-zorundayiz","status":"publish","type":"post","link":"https:\/\/www.bghaber.org\/bghaber\/daha-derin-dusunmek-zorundayiz\/","title":{"rendered":"Daha Derin D\u00fc\u015f\u00fcnmek Zorunday\u0131z"},"content":{"rendered":"<p><img data-recalc-dims=\"1\" loading=\"lazy\" decoding=\"async\" class=\"\" src=\"https:\/\/i0.wp.com\/www.bghaber.org\/bghaber\/wp-content\/uploads\/2014\/11\/Musa.jpg?resize=129%2C165\" alt=\"Musa\" width=\"129\" height=\"165\" \/>\u00a0Musa Vatansever<\/p>\n<p>Konu: <strong>Ne ekersen onu bi\u00e7ersin.<\/strong><\/p>\n<p>15 Temmuz 2016 darbeci katliam\u0131 gecesinden bu yana k\u00f6t\u00fcl\u00fck a\u011fac\u0131n\u0131n ka\u00e7 seneden yeti\u015fti\u011fini d\u00fc\u015f\u00fcn\u00fcyorum. Bu defa zehirli meyveler Birle\u015fik Amerika &#8211; \u201c<strong>Pensilvanya<\/strong>\u201d dan geldi. M\u00fcsl\u00fcman alemi ele ge\u00e7irmeden, bo\u011faz\u0131n\u0131 s\u0131k\u0131p, suyunu \u00e7\u0131kar\u0131p kurutmadan, d\u00fcnya egemenli\u011fi kuramayaca\u011f\u0131n\u0131 anlayanlar, bu i\u015fi kendi ellerini kana bulamadan yapmaya s\u0131vand\u0131lar. Kulland\u0131klar\u0131 g\u00fc\u00e7l\u00fc silahsa sapt\u0131r\u0131l\u0131p \u00e7arpt\u0131r\u0131lan M\u00fcsl\u00fcmanl\u0131k, \u0130slam Dini oldu.<\/p>\n<p>Adolf Hitler\u2019in Nazi iktidar\u0131 kurarken \u201c<strong>gau<\/strong>\u201d ad\u0131yla bilinen ve fa\u015fist toplumun temel ta\u015flar\u0131 olarak tasarlayan \u201c<strong>onba\u015f\u0131<\/strong>\u201d \u00e7eteleri gibi, bizi hedef alanlar da \u201c<strong>imam<\/strong>\u201d ihanet \u00e7eteleri olu\u015fturmay\u0131 ba\u015farm\u0131\u015flar. Hitlerin ana hedefinde, \u00f6nce Almanlar\u0131n ya\u015fad\u0131\u011f\u0131 toprak par\u00e7alar\u0131n\u0131 birle\u015ftirmek vard\u0131. Bizim \u201c<strong>fa\u015fist imamlar\u0131n<\/strong>\u201d ana hedefinde ise anavatan\u0131m\u0131z\u0131 par\u00e7alamak ve bir i\u00e7 sava\u015fta yurtta\u015flar\u0131m\u0131z\u0131 birbirine k\u0131rd\u0131rmak ve Anadolu muzu ve Trakya\u2019m\u0131z\u0131 k\u00fcresel sermayeye hibe etmek vard\u0131. Yapamad\u0131lar. Halk\u0131m\u0131za yenik d\u00fc\u015ft\u00fcler, fakat tehlike savmam\u0131\u015ft\u0131r, \u00e7\u00fcnk\u00fc tekme yiyen it ne kadar uza\u011fa ka\u00e7arsa ka\u00e7s\u0131n, ayn\u0131 yere yine d\u00f6ner. Bu yak\u0131n zamanda olur, uzayabilir ama t\u0131p\u0131\u015f t\u0131p\u0131\u015f gelip bir tekme daha hak edene kadar mutlaka s\u00fcms\u00fckle\u015fir. Onlar 15 Temmuz gecesi payla\u015fmak istedikleri g\u00f6m\u00fcy\u00fc 40 y\u0131l evvel g\u00f6mm\u00fc\u015flerdi. \u00c7\u0131karamad\u0131lar. Bu g\u00f6m\u00fcn\u00fcn ad\u0131 T\u00fcrkiye devletidir. Dimdik yerinde duruyor! T\u00fcrkiye Ba\u015fkan\u0131 Say\u0131n Recep Tayip Erdo\u011fan\u2019\u0131 \u00f6ld\u00fcrmek istediler, \u00f6ld\u00fcremediler o da dimdik Ankara\u2019da ve memleketimizi ve halk\u0131m\u0131z\u0131 y\u00f6netiyor. T\u00fcrkiye halk\u0131n\u0131n vicdan\u0131n\u0131 oyup ruhunu k\u00f6reltmek istediler. Onu da yapamad\u0131lar! Hepimiz meydanlarday\u0131z. Daha b\u00fcy\u00fck, daha kararl\u0131 ve daha g\u00fc\u00e7l\u00fcy\u00fcz.<\/p>\n<p>K\u00f6t\u00fcl\u00fck a\u011fac\u0131n\u0131n Pensilvanya\u2019da emperyalizmin bah\u00e7esinde dolarlarla sulanarak yeti\u015fti\u011fi ortadad\u0131r. \u0130slam, d\u0131\u015f \u00fclkelere d\u00fcnyay\u0131 daha bar\u0131\u015f\u00e7\u0131, daha ya\u015fanas\u0131, halklar ve devletleraras\u0131nda daha iyi anla\u015fma ve uzla\u015fma yollar\u0131 a\u00e7mak i\u00e7in ta\u015f\u0131nm\u0131\u015ft\u0131r. Bug\u00fcn M\u00fcsl\u00fcmanlara ve \u0130slam d\u00fcnyas\u0131na k\u00f6t\u00fcl\u00fckler sa\u00e7an, Pensilvanya FET\u00d6 \u0130slam Merkezi, \u0130slam\u2019la ilgili t\u00fcm ger\u00e7ekleri \u00e7arpt\u0131rma kurumu haline getirilmi\u015ftir.<\/p><div id=\"bghab-3198489552\" class=\"bghab-icerik-icine bghab-entity-placement\"><script async src=\"\/\/pagead2.googlesyndication.com\/pagead\/js\/adsbygoogle.js?client=ca-pub-6203283170189293\" crossorigin=\"anonymous\"><\/script><ins class=\"adsbygoogle\" style=\"display:block; text-align:center;\" data-ad-client=\"ca-pub-6203283170189293\" \ndata-ad-slot=\"7303146466\" \ndata-ad-layout=\"in-article\"\ndata-ad-format=\"fluid\" data-full-width-responsive=\"true\"><\/ins>\n<script> \n(adsbygoogle = window.adsbygoogle || []).push({}); \n<\/script>\n<\/div>\n<p><strong>Birle\u015fik Amerika\u2019da ilk camiyi kuran ve ilk ezan\u0131 okutan M\u00fcsl\u00fcman kimdi<\/strong>r?<\/p>\n<p>Osmanl\u0131 devleti, Amerika\u2019n\u0131n kurulu\u015funun 100. y\u0131l\u0131nda yani 1876\u2019da tertip edilen bir fuara II. Abd\u00fclhamit\u2019in deste\u011fiyle kat\u0131lm\u0131\u015f, bu fuarda Kuran\u0131 Kerim de dahil, de\u011fi\u015fik de\u011ferli de\u011fi\u015fik \u0130slam eserleri sergilemi\u015ftir.<\/p>\n<ul>\n<li>Abd\u00fclhamit\u2019in ikili ili\u015fkileri geli\u015ftirme giri\u015fimleri kar\u015f\u0131l\u0131k g\u00f6rm\u00fc\u015f, 1882\u20131885 y\u0131llar\u0131 aras\u0131nda Birle\u015fik Amerika Cumhurba\u015fkan\u0131 olan General Grat, II. Abd\u00fclhamit zaman\u0131nda T\u00fcrkiye\u2019yi ziyaret etmi\u015ftir. General Grant, anavatan\u0131m\u0131za gelmi\u015f ilk Amerika Cumhurba\u015fkan\u0131\u2019d\u0131r. \u0130kili ili\u015fkilerin k\u00fclt\u00fcrel alanda da boy atmas\u0131na katk\u0131da bulunmu\u015ftur.<\/li>\n<\/ul>\n<p>Amerika\u2019n\u0131n ke\u015ffinin 400. y\u0131ld\u00f6n\u00fcm\u00fc m\u00fcnasebetiyle 1893\u2019te Newyork\u2019ta d\u00fczenlenen fuara, Osmanl\u0131\u2019n\u0131n son Sultanlar\u0131ndan Abd\u00fclhamit, i\u00e7erisi \u00e7ok k\u0131ymetli hal\u0131larla d\u00f6\u015fenmi\u015f bir cami yapt\u0131rarak kat\u0131lma f\u0131rsat\u0131n\u0131 iyi de\u011ferlendirmi\u015ftir. O, yedi deniz \u00f6tesinde ilk defa ezan okunmas\u0131n\u0131 sa\u011flam\u0131\u015f, namaz k\u0131l\u0131nm\u0131\u015f, din dersleri verilmi\u015f ve b\u00f6ylece \u0130slamiyet\u2019in bu \u00e7al\u0131\u015fmalar\u0131 M\u00fcsl\u00fcmanlara cesaret vermi\u015f, yeni cami ve mescitlerin a\u00e7\u0131lmas\u0131na, M\u00fcsl\u00fcmanlar\u0131n ibadetlerini rahat\u00e7a yapabilmesine ve \u0130slam k\u00fclt\u00fcr ve biliminin yay\u0131lmas\u0131na vesile olmu\u015ftur.<\/p>\n<p>Amerikal\u0131lar\u0131n \u0130slam\u2019a olan ilgisinin giderek b\u00fcy\u00fcd\u00fc\u011f\u00fcn\u00fc g\u00f6ren Osmanl\u0131 1904\u2019te, yine Abd\u00fclhamit zaman\u0131nda Saint Louis\u2019te d\u00fczenlenen uluslararas\u0131 fuara binlerce kitapla kat\u0131lm\u0131\u015f, fuardan sonra bu eserleri oradaki k\u00fct\u00fcphanelere hediye etmi\u015ftir.<\/p>\n<p>\u0130slam, bilim, k\u00fclt\u00fcr ve d\u00fcnya g\u00f6r\u00fc\u015f\u00fcn\u00fcn Birle\u015fik Amerika\u2019ya daha geni\u015f boyutlu yay\u0131lmas\u0131 ise, Amerikal\u0131 yazar Brad Gooch\u2019un, bin y\u0131l d\u00fc\u015f\u00fcn\u00fcr\u00fc <strong>Celaleddin Muhammed Rumi<\/strong>\u2019nin hayat\u0131n\u0131 kaleme almas\u0131ndan, Tanr\u0131 ile Peygambere adad\u0131\u011f\u0131 <strong>3 bin \u015fiir, 2 bin rubai ve 6 ciltlik MESNEV\u0130<\/strong> eserinin terc\u00fcme edilip okyanus \u00f6tesinden yay\u0131mlanmas\u0131yla yeni sayfalar a\u00e7m\u0131\u015ft\u0131r. B\u00f6ylece ge\u00e7en y\u00fczy\u0131l Abd\u00fclhamit\u2019in Amerika\u2019da \u00fcst \u00fcste koydu\u011fu ta\u015flar \u00fczerinde emsalsiz bir k\u00fclliyat olu\u015fmu\u015ftur.<\/p><div id=\"bghab-2849429178\" class=\"bghab-icerik-icine-10-paragraf bghab-entity-placement\"><script async src=\"\/\/pagead2.googlesyndication.com\/pagead\/js\/adsbygoogle.js?client=ca-pub-6203283170189293\" crossorigin=\"anonymous\"><\/script><ins class=\"adsbygoogle\" style=\"display:block; text-align:center;\" data-ad-client=\"ca-pub-6203283170189293\" \ndata-ad-slot=\"7303146466\" \ndata-ad-layout=\"in-article\"\ndata-ad-format=\"fluid\" data-full-width-responsive=\"true\"><\/ins>\n<script> \n(adsbygoogle = window.adsbygoogle || []).push({}); \n<\/script>\n<\/div>\n<p>Amerikan istihbarat servisi <strong>C\u0130A<\/strong> i\u015fte bu esastan \u00e7\u0131karak, \u0130slam\u2019\u0131 kendi sinsi \u00e7\u0131karlar\u0131na alet etmek, onun \u00f6z\u00fcn\u00fc \u00e7arp\u0131t\u0131p d\u00fcnyaya \u201c<strong>Il\u0131ml\u0131 \u0130slam<\/strong>\u201d ad\u0131 alt\u0131nda, Hakikatin bar\u0131\u015fsever ve hay\u0131rsever \u00f6z\u00fc oyularak, sapt\u0131r\u0131lm\u0131\u015f bir d\u00fcnya g\u00f6r\u00fc\u015f\u00fc yaymak i\u00e7in, paraya para dememi\u015f, paral\u0131 ajan rol\u00fc \u00fcslenen Feytullah G\u00fclen tayfas\u0131 i\u015fe ko\u015fulmu\u015ftur.<\/p>\n<p><strong>R\u00fczg\u00e2r eken f\u0131rt\u0131na bi\u00e7er.<\/strong><\/p>\n<p>Mevlana\u2019n\u0131n \u201c<strong>i\u00e7e y\u00f6nelen g\u00f6z<\/strong>\u201d k\u0131stas\u0131n\u0131 kendine atfeden G\u00fclen, kendi kendini bir \u201c<strong>kurtar\u0131c\u0131 Mesih<\/strong>\u201d ilan ederek, \u201c<strong>kurtard\u0131klar\u0131n\u0131 emperyalizm k\u00f6lesi yapmak<\/strong>\u201d amac\u0131yla dualar ve b\u00fcy\u00fclerle \u00fcf\u00fcr\u00fck\u00e7\u00fcl\u00fc\u011fe soyunmu\u015ftur. Rumi felsefesindeki mek\u00e2n (yer), zaman ve k\u00fclt\u00fcrleri a\u015fan bir duygu i\u00e7inde hayatta olman\u0131n g\u00fczelli\u011finin sergilerken, o her \u015feyi kendi sahte ve niteliksiz kimli\u011fine dahil etmeye \u00e7al\u0131\u015fm\u0131\u015ft\u0131r. F. G\u00fclen ad\u0131na yay\u0131nlanan eserlerin her hangi birinde (Bulgaristan\u2019da da \u201c<strong>Bulgaristan Zaman<\/strong>\u201d ekibi taraf\u0131ndan Bulgar dilinde bast\u0131r\u0131l\u0131p da\u011f\u0131t\u0131lm\u0131\u015ft\u0131r) \u00a0en ufak bir ufuk \u0131\u015f\u0131\u011f\u0131 yoktur. G\u00fclen\u2019in bu \u00e7abalar\u0131 g\u00fcn\u00fcm\u00fczden 800 y\u0131l \u00f6teden gelen bir \u0131\u015f\u0131k demetini gasp edip kendine mal ederek, \u201c<strong>ben bir Mesih\u2019im<\/strong>\u201d diyecek kadar aptalca sa\u00e7malam\u0131\u015ft\u0131r. 26 bin beyitli Mesnevi\u2019nin ve emsalsiz \u015fiirin g\u00fcnl\u00fck ya\u015fam\u0131n idamesinde ne kadar b\u00fcy\u00fck bir yeri oldu\u011fundan \u00e7\u0131kan F. G\u00fclen, T\u00fcrkiye gen\u00e7 neslinin beynini oymak ve onu T\u00fcrk kimli\u011fi ve vatan sevgisi bak\u0131m\u0131ndan hissizle\u015ftirmek amac\u0131yla bu sonsuz ilham kayna\u011f\u0131 yap\u0131tlar\u0131 \u00e7arp\u0131ta \u00e7arp\u0131ta kullanm\u0131\u015ft\u0131r. Biz, bunu fa\u015fizm \u00f6rneklerinde g\u00f6r\u00fcyoruz. \u00a01918\u2019den sonra Alman Klasik d\u00fc\u015f\u00fcn\u00fcrlerinin fikirlerini k\u0131rparak \u00e7arp\u0131tan ve edebiyat me\u015falelerini birer iki\u015fer s\u00f6nd\u00fcrerek\u00a0 \u201c<strong>Kavgam<\/strong>\u201d eserini yaratan <strong>Adolf Hitler giderek 25 milyon insan \u00f6ld\u00fcren bir katil durumuna gelmi\u015ftir.<\/strong> FET\u00d6 kalk\u0131\u015fmas\u0131 benzer bir \u00f6rnektir. Ba\u015far\u0131l\u0131 olsalard\u0131 hepimiz giyotine s\u00fcr\u00fcklenecektik <strong>234 kahraman\u0131m\u0131z\u0131n hayat\u0131na mal olurken, hastanelerimiz bug\u00fcn de yaral\u0131 doludur<\/strong>. Alman halk\u0131 1934\u2019te Nazilere teslim olmu\u015ftu. T\u00fcrkiye halk\u0131, 15 Temmuz 2016\u2019da teslim olmaman\u0131n kahramanl\u0131k destan\u0131n\u0131 yazd\u0131.<\/p>\n<ul>\n<li>G\u00fclen, d\u00fcnyaya \u0131\u015f\u0131k veren \u0130slam alimlerinin hepsini karanl\u0131klar zindan\u0131na itmeye \u00e7al\u0131\u015ft\u0131. T\u00fcrkiye askeri okullar\u0131ndaki <strong>\u00f6\u011frencilerin % 95\u2019ine kanca takarak<\/strong>, onlar\u0131 \u00f6m\u00fcr boyu kullanmak \u00fczere daha ortaokulda fi\u015fletip bir casusluk merkezi olan C\u0130A eline teslim ederek tarihin en b\u00fcy\u00fck hainliklerinden birini i\u015fledi. Ayn\u0131s\u0131n\u0131 Hitler de yapm\u0131\u015ft\u0131. \u0130kinci D\u00fcnya Sava\u015f\u0131 cephelerinde 14 ya\u015f\u0131nda 100 bin Alman \u00e7ocuk \u00f6lm\u00fc\u015ft\u00fcr. Hainli\u011fin \u00f6l\u00e7\u00fcs\u00fc ve boyutu olmaz. Benzerini aramaya gerek tok, ba\u015f\u0131m\u0131za gelen y\u00fczy\u0131l\u0131n e\u015fsiz i\u011fren\u00e7li\u011fidir. Maske olarak hain \u201c<strong>imam\u201d s\u00fcr\u00fcs\u00fc olu\u015fturulmu\u015f, \u0130slam dini itibars\u0131zla\u015ft\u0131r\u0131lm\u0131\u015f, <\/strong>askeri darbeye kalk\u0131\u015fmas\u0131 i\u011fren\u00e7li\u011fin p\u00fcsk\u00fcl\u00fc olmu\u015ftur.<\/li>\n<\/ul>\n<p>&nbsp;<\/p>\n<p><strong>Bu hainlik unutulmaz!<\/strong><\/p><div id=\"bghab-200896910\" class=\"bghab-icerik-icine-15-paragraf bghab-entity-placement\"><script async src=\"\/\/pagead2.googlesyndication.com\/pagead\/js\/adsbygoogle.js?client=ca-pub-6203283170189293\" crossorigin=\"anonymous\"><\/script><ins class=\"adsbygoogle\" style=\"display:block; text-align:center;\" data-ad-client=\"ca-pub-6203283170189293\" \ndata-ad-slot=\"7303146466\" \ndata-ad-layout=\"in-article\"\ndata-ad-format=\"fluid\" data-full-width-responsive=\"true\"><\/ins>\n<script> \n(adsbygoogle = window.adsbygoogle || []).push({}); \n<\/script>\n<\/div>\n<p>Bu yaln\u0131z bug\u00fcnk\u00fc T\u00fcrkiye\u2019mize, anavatan\u0131m\u0131za kar\u015f\u0131 i\u015flenmi\u015f bir hainlik olmakla kalm\u0131yor, \u0130slam dinini en iyi niyetlerle Amerika\u2019ya ta\u015f\u0131yan \u015fanl\u0131 tarihimize, Mevlana gibi d\u00fcnya d\u00fc\u015f\u00fcn\u00fcrlerimize, asil ve saf, ba\u015ftan sona iyi niyetli kimli\u011fimize, dinimize kar\u015f\u0131 i\u015flenmi\u015f e\u015fsiz bir hainliktir.<\/p>\n<p>Emperyalizmin ana hedeflerinden biri yaln\u0131z <strong>\u00c7a\u011fda\u015f B\u00fcy\u00fck T\u00fcrkiye<\/strong> at\u0131l\u0131mlar\u0131m\u0131z\u0131 durdurup gemlemek ve yok etmek de\u011fil, ayn\u0131 zamanda \u015fanl\u0131 tarihimizi, emsalsiz k\u00fclt\u00fc hazinemizi, d\u00fcnya uygarl\u0131\u011f\u0131na olan sonu\u00e7 belirleyen katk\u0131lar\u0131m\u0131z\u0131 da yok etmektir. 15 Temmuz hortlamas\u0131n\u0131n ba\u015fka t\u00fcrl\u00fc anla\u015f\u0131lmas\u0131 m\u00fcmk\u00fcn de\u011fildir. Katliam operasyonunun FET\u00d6 idam \u00e7etesinin Adana \u201c<strong>\u0130ncirlik<\/strong>\u201d Amerikan askeri \u00fcss\u00fcndeki <strong>C\u0130A istasyon \u015fefleri<\/strong> taraf\u0131ndan y\u00f6nlendirilip y\u00f6netilmesi her \u015feyin \u00e7ok a\u00e7\u0131k anla\u015f\u0131lmas\u0131 i\u00e7in yeter de artar. US feracesi karanl\u0131\u011f\u0131na gizlenen b\u00fcy\u00fcc\u00fc FET\u00d6, postu Pensilvanya\u2019ya sereli \u00fclkemizdeki emperyalist oyunlar\u0131 defalarca artm\u0131\u015f, hi\u00e7 kimsenin ak\u0131l erdiremeyece\u011fi s\u0131rt paketlerine boh\u00e7alanm\u0131\u015f ve \u015fekerpare gibi pudralanarak halk\u0131m\u0131za ikram edilmi\u015ftir. Bu meyvelerin K\u00f6t\u00fcl\u00fck A\u011fac\u0131 dallar\u0131ndan oldu\u011funu art\u0131k hepimiz g\u00f6rebildik.<\/p>\n<p><strong>Meydanlarda bayrakl\u0131 karde\u015fli\u011fimiz d\u00fcnyam\u0131z\u0131 de\u011fi\u015ftiriyor.<\/strong><\/p>\n<p>G\u00f6z g\u00f6ze gelebiliyoruz. Birbirimizi incitmeden, su\u00e7lamadan, kahretmeden, lanetler savurmadan sohbete girebiliyoruz.\u00a0 \u0130ki c\u00fcmleden sonra yine Atat\u00fcrk\u2019e d\u00f6n\u00fcyoruz. Rumeli\u2019den olan ve Ba\u015fbakanl\u0131\u011fa haz\u0131rlad\u0131klar\u0131 <strong>Prof. Meral Ak\u015fener<\/strong>\u2019in ad\u0131n\u0131 a\u011fza almak istemeyenler art\u0131yor. Cumhuriyet Halk Partisi\u2019ne kurulan tuzaklar, Baykal\u2019\u0131n eritilmesi dudak \u0131s\u0131rt\u0131yor. \u201c<strong>\u0130mam\u201d k\u0131l\u0131kl\u0131lardan<\/strong>\u00a0 % 90\u2019\u0131n\u0131n memleketten ka\u00e7mas\u0131, baz\u0131lar\u0131n\u0131n Bulgaristan\u2019a s\u0131\u011f\u0131nm\u0131\u015f oldu\u011fu haberleri hepimizi d\u00fc\u015f\u00fcnd\u00fcr\u00fcyor. Aram\u0131zda uyuyanlar azalsa da, g\u00f6zlerini a\u00e7mak istemeyenleri g\u00f6r\u00fcyoruz. G\u00fczellikle olmad\u0131\u011f\u0131 yerde, vin\u00e7 kiralay\u0131p g\u00f6\u00e7 kapa\u011f\u0131 a\u00e7ma zaman\u0131 geldi, diyen gen\u00e7ler var. \u0130yi oldu da bo\u015f bulunmad\u0131k. <strong>Ba\u015fkomutan\u0131n bizi \u00f6l\u00fcm kal\u0131m sava\u015f\u0131na \u00e7a\u011f\u0131rd\u0131\u011f\u0131na inand\u0131k.<\/strong> Daha derin d\u00fc\u015f\u00fcnmek, daha isabetli kararlar almak zorunday\u0131z. \u0130tiraz etmeden kabul edelim, biz biraz \u015f\u0131mart\u0131lm\u0131\u015f bir toplumda ya\u015f\u0131yoruz. Karde\u015flerimiz g\u00f6\u00e7men oldu\u011fumuzu, hangi \u015fartlar alt\u0131nda yeti\u015fti\u011fimizi unutuyorlar. \u00c7ocuklar\u0131m\u0131z ekseriye fena muamele g\u00f6rmeden yeti\u015ftiler. Biz oyun kurmay\u0131 sevmesek de, bize kar\u015f\u0131 kurulan oyunlar\u0131n kurban\u0131 olduk. Hem de <strong>3 ku\u015fak art arda bu ac\u0131 ger\u00e7e\u011fi ya\u015fad\u0131k.<\/strong> Bizi g\u00f6\u00e7e z\u0131rlayanlar hep \u00fcst\u00fcn geldi. Arkam\u0131zdan bayram ettiler. Bug\u00fcn de etraf\u0131m\u0131zda bizi esir etmek isteyen g\u00fc\u00e7ler var. Her g\u00fcn varl\u0131\u011f\u0131m\u0131za ve zaten \u00e7ok k\u0131s\u0131tl\u0131 olan haklar\u0131m\u0131za sald\u0131r\u0131yorlar. <strong>Kimli\u011fimizi muhafaza edebilmek i\u00e7in kurbanlar verdik.<\/strong> Biz bundan sonra hileyle kar\u015f\u0131 hile kullanmay\u0131 \u00f6\u011frenmeliyiz. Milli kimli\u011fimizi koruyup g\u00fc\u00e7lendirme kavgam\u0131z\u0131n \u00f6z\u00fc olmal\u0131d\u0131r.<\/p>\n<p>Sa\u011fl\u0131cakla kal\u0131n\u0131z.<\/p><div id=\"bghab-3125926246\" class=\"bghab-icerik-icine-20-paragraf bghab-entity-placement\"><script async src=\"\/\/pagead2.googlesyndication.com\/pagead\/js\/adsbygoogle.js?client=ca-pub-6203283170189293\" crossorigin=\"anonymous\"><\/script><ins class=\"adsbygoogle\" style=\"display:block; text-align:center;\" data-ad-client=\"ca-pub-6203283170189293\" \ndata-ad-slot=\"7303146466\" \ndata-ad-layout=\"in-article\"\ndata-ad-format=\"fluid\" data-full-width-responsive=\"true\"><\/ins>\n<script> \n(adsbygoogle = window.adsbygoogle || []).push({}); \n<\/script>\n<\/div>\n<p>&nbsp;<\/p>\n<p>Not:<\/p>\n<p>\u0130mamlar aras\u0131ndaki d\u00fc\u011f\u00fcmleri de vatanda\u015f\u0131n kimlik numaralar\u0131na, adres, ya\u015f, ana ismi ve pasaport ismine ayarl\u0131 \u201c<strong>1 US Dolar<\/strong>\u201d d\u00fczene\u011fine d\u00fc\u011f\u00fcmlemi\u015fler. D\u00fc\u015f\u00fcnebiliyor musunuz 700 bin T\u00fcrkiye vatanda\u015f\u0131n\u0131n kimlik verileri <strong>Pensilvanya<\/strong>\u2019da toplanm\u0131\u015f, bu yurtta\u015flar uzaktan g\u00fcd\u00fcml\u00fc hale getirilmi\u015f. Anavatan\u0131m\u0131zdaki k\u00f6t\u00fcl\u00fck a\u011fac\u0131n\u0131n en <strong>B\u00dcY\u00dcK MEYVES\u0130<\/strong> olarak, Rumelili soyda\u015flar\u0131m\u0131zdan <strong>Prof. Meral Ak\u015fener<\/strong>\u2019e i\u015faret edilmesi ise, \u201cAtat\u00fcrk\u00e7\u00fcl\u00fc\u011f\u00fc yanl\u0131\u015f anl\u0131yorsunuz!\u201d dediklerimize kar\u015f\u0131 ne kadar asil, dik duru\u015flu ve \u015ferefli oldu\u011fumuza yeniz bir kan\u0131t oldu.<\/p>\n<p>\u00c7\u00fcnk\u00fc T\u00fcrk\u00fcn inand\u0131\u011f\u0131 din adam\u0131n i\u00e7indeki vicdan\u0131d\u0131r, iman\u0131d\u0131r,<\/p>\n<div id=\"bghab-2697013572\" class=\"bghab-yazi-altinda bghab-entity-placement\"><div class=\"bghab-adlabel\">Reklamlar<\/div><script async src=\"https:\/\/pagead2.googlesyndication.com\/pagead\/js\/adsbygoogle.js\"><\/script>\r\n<!-- bghaber-yaz\u0131-sonu -->\r\n<ins class=\"adsbygoogle\"\r\n     style=\"display:block\"\r\n     data-ad-client=\"ca-pub-6203283170189293\"\r\n     data-ad-slot=\"4222328180\"\r\n     data-ad-format=\"auto\"\r\n     data-full-width-responsive=\"true\"><\/ins>\r\n<script>\r\n     (adsbygoogle = window.adsbygoogle || []).push({});\r\n<\/script><\/div><br style=\"clear: both; display: block; float: none;\"\/>","protected":false},"excerpt":{"rendered":"<p>\u00a0Musa Vatansever Konu: Ne ekersen onu bi\u00e7ersin. 15 Temmuz 2016 darbeci katliam\u0131 gecesinden bu yana k\u00f6t\u00fcl\u00fck a\u011fac\u0131n\u0131n ka\u00e7 seneden yeti\u015fti\u011fini d\u00fc\u015f\u00fcn\u00fcyorum. Bu defa zehirli meyveler<\/p>\n","protected":false},"author":13,"featured_media":0,"comment_status":"closed","ping_status":"closed","sticky":false,"template":"","format":"standard","meta":{"advanced_seo_description":"","jetpack_seo_html_title":"","jetpack_seo_noindex":false,"_jetpack_memberships_contains_paid_content":false,"footnotes":""},"categories":[6],"tags":[],"class_list":["post-19971","post","type-post","status-publish","format-standard","hentry","category-yorum"],"jetpack_featured_media_url":"","jetpack_sharing_enabled":true,"jetpack_likes_enabled":true,"jetpack-related-posts":[],"jetpack_shortlink":"https:\/\/wp.me\/pc2PfJ-5c7","_links":{"self":[{"href":"https:\/\/www.bghaber.org\/bghaber\/wp-json\/wp\/v2\/posts\/19971","targetHints":{"allow":["GET"]}}],"collection":[{"href":"https:\/\/www.bghaber.org\/bghaber\/wp-json\/wp\/v2\/posts"}],"about":[{"href":"https:\/\/www.bghaber.org\/bghaber\/wp-json\/wp\/v2\/types\/post"}],"author":[{"embeddable":true,"href":"https:\/\/www.bghaber.org\/bghaber\/wp-json\/wp\/v2\/users\/13"}],"replies":[{"embeddable":true,"href":"https:\/\/www.bghaber.org\/bghaber\/wp-json\/wp\/v2\/comments?post=19971"}],"version-history":[{"count":0,"href":"https:\/\/www.bghaber.org\/bghaber\/wp-json\/wp\/v2\/posts\/19971\/revisions"}],"wp:attachment":[{"href":"https:\/\/www.bghaber.org\/bghaber\/wp-json\/wp\/v2\/media?parent=19971"}],"wp:term":[{"taxonomy":"category","embeddable":true,"href":"https:\/\/www.bghaber.org\/bghaber\/wp-json\/wp\/v2\/categories?post=19971"},{"taxonomy":"post_tag","embeddable":true,"href":"https:\/\/www.bghaber.org\/bghaber\/wp-json\/wp\/v2\/tags?post=19971"}],"curies":[{"name":"wp","href":"https:\/\/api.w.org\/{rel}","templated":true}]}}