{"id":19962,"date":"2016-08-02T16:31:24","date_gmt":"2016-08-02T13:31:24","guid":{"rendered":"http:\/\/www.bghaber.org\/bghaber\/?p=19962"},"modified":"2016-08-02T16:31:24","modified_gmt":"2016-08-02T13:31:24","slug":"uluslararasi-isgucu-kanunu","status":"publish","type":"post","link":"https:\/\/www.bghaber.org\/bghaber\/uluslararasi-isgucu-kanunu\/","title":{"rendered":"Uluslararas\u0131 \u0130\u015fg\u00fcc\u00fc Kanunu"},"content":{"rendered":"<p id=\"yui_3_16_0_ym19_1_1470138076458_28244\">Uluslararas\u0131 \u0130\u015f g\u00fcc\u00fc Kanunu Tasar\u0131s\u0131 \u00f6nceki g\u00fcn TBMM Genel Kurulu\u2019nda tamamlanan g\u00f6r\u00fc\u015fmelerin neticesinde kabul edilerek kanunla\u015ft\u0131.<\/p>\n<p id=\"yui_3_16_0_ym19_1_1470138076458_28243\">Yabanc\u0131lar\u0131n kay\u0131t d\u0131\u015f\u0131 \u00e7al\u0131\u015fmalar\u0131n\u0131n \u00f6nlenmesi, yerli-yabanc\u0131 i\u015fg\u00fcc\u00fc dengesi kurularak nitelikli yabanc\u0131 i\u015f g\u00fcc\u00fcnden yararlanmas\u0131n\u0131 \u00f6ng\u00f6ren Kanun, \u00e7al\u0131\u015fma d\u00fcnyas\u0131n\u0131n bekledi\u011fi d\u00fczenlemelerden birini te\u015fkil ediyordu.<\/p>\n<p id=\"yui_3_16_0_ym19_1_1470138076458_28242\">Uluslararas\u0131 \u0130\u015fg\u00fcc\u00fc Kanunu ile;<\/p>\n<p id=\"yui_3_16_0_ym19_1_1470138076458_28312\">\n<p id=\"yui_3_16_0_ym19_1_1470138076458_28210\">1-) Kanun, uluslararas\u0131 i\u015f g\u00fcc\u00fcne ili\u015fkin politikalar\u0131n belirlenmesi, uygulanmas\u0131, izlenmesi, yabanc\u0131lara verilecek \u00e7al\u0131\u015fma izni ve \u00e7al\u0131\u015fma izni muafiyetlerine dair i\u015f ve i\u015flemlerde izlenecek usulleri, yetki, sorumluluklar\u0131, uluslararas\u0131 i\u015f g\u00fcc\u00fc alan\u0131ndaki hak ve y\u00fck\u00fcml\u00fcl\u00fckleri d\u00fczenliyor.<\/p>\n<p id=\"yui_3_16_0_ym19_1_1470138076458_28241\">2-) Kanun, T\u00fcrkiye&#8217;de \u00e7al\u0131\u015fmak i\u00e7in ba\u015fvuruda bulunan veya \u00e7al\u0131\u015fan; bir i\u015fveren yan\u0131nda mesleki e\u011fitim g\u00f6rmek \u00fczere ba\u015fvuruda bulunan veya g\u00f6ren; staj yapmak \u00fczere ba\u015fvuruda bulunan veya staj yapan yabanc\u0131lar ile yabanc\u0131 \u00e7al\u0131\u015ft\u0131ran veya \u00e7al\u0131\u015ft\u0131rmak \u00fczere ba\u015fvuruda bulunan ki\u015fileri kaps\u0131yor.<\/p>\n<p id=\"yui_3_16_0_ym19_1_1470138076458_28313\">3-) Uluslararas\u0131 \u0130\u015fg\u00fcc\u00fc Politikas\u0131 Dan\u0131\u015fma Kurulu kurulacak. Bu kurul, \u00c7al\u0131\u015fma ve Sosyal G\u00fcvenlik Bakan\u0131 ba\u015fkanl\u0131\u011f\u0131nda, Bakanl\u0131k M\u00fcste\u015far\u0131, AB, D\u0131\u015fi\u015fleri, Ekonomi, \u0130\u00e7i\u015fleri, Kalk\u0131nma, K\u00fclt\u00fcr ve Turizm bakanl\u0131klar\u0131n\u0131n m\u00fcste\u015farlar\u0131 ile Uluslararas\u0131 \u0130\u015fg\u00fcc\u00fc Genel M\u00fcd\u00fcr\u00fcnden olu\u015facak.<\/p>\n<p id=\"yui_3_16_0_ym19_1_1470138076458_28315\">4-) \u00c7al\u0131\u015fma ve Sosyal G\u00fcvenlik Bakanl\u0131\u011f\u0131; Uluslararas\u0131 \u0130\u015fg\u00fcc\u00fc Politikas\u0131 Dan\u0131\u015fma Kurulu kararlar\u0131n\u0131 dikkate alarak, uluslararas\u0131 i\u015f g\u00fcc\u00fcne ili\u015fkin politika belirleyecek, politikay\u0131 uygulamaya y\u00f6nelik ulusal ve uluslararas\u0131 d\u00fczeyde faaliyette bulunacak.<\/p>\n<p>5-) Konuyla ilgili kamu kurumlar\u0131, kamu kurumu niteli\u011findeki meslek kurulu\u015flar\u0131 ile anayasal bir kurulu\u015f olan Ekonomik ve Sosyal Konsey\u2019de temsil edilen i\u015f\u00e7i ve i\u015fveren konfederasyonlar\u0131n\u0131n temsilcileri kurul \u00fcyesi olarak toplant\u0131ya davet edilebilecek.<\/p>\n<p id=\"yui_3_16_0_ym19_1_1470138076458_28316\">6-) \u00c7al\u0131\u015fma ve Sosyal G\u00fcvenlik Bakanl\u0131\u011f\u0131; yabanc\u0131 istihdam\u0131 taleplerini almak, de\u011ferlendirmek ve uluslararas\u0131 i\u015f g\u00fcc\u00fcn\u00fcn etkilerini izlemek \u00fczere yabanc\u0131 ba\u015fvuru, de\u011ferlendirme ve izleme sistemi kuracak.<\/p>\n<p>7-) Mesleki yeterlilik gerektiren sa\u011fl\u0131k ve e\u011fitim hizmetlerinde \u00e7al\u0131\u015facak yabanc\u0131lar\u0131n \u00e7al\u0131\u015fma izni ba\u015fvurular\u0131n\u0131n de\u011ferlendirilmesinde \u00f6n izin al\u0131nacak. Sa\u011fl\u0131k hizmetlerinde Sa\u011fl\u0131k Bakanl\u0131\u011f\u0131, e\u011fitim hizmetlerinde Milli E\u011fitim Bakanl\u0131\u011f\u0131 bu hizmetlerde mesleki faaliyette bulunacak yabanc\u0131lara \u00f6n izin vermeye yetkili olacak. Y\u00fcksek\u00f6\u011fretim kurumlar\u0131nda \u00e7al\u0131\u015facak yabanc\u0131 \u00f6\u011fretim elemanlar\u0131 i\u00e7in ise Y\u00d6K Ba\u015fkanl\u0131\u011f\u0131ndan \u00f6n izin al\u0131nacak. Ar-Ge merkezi belgesi olan firmalarda Ar-Ge personeli olarak \u00e7al\u0131\u015facak yabanc\u0131lar\u0131n \u00e7al\u0131\u015fma izni ba\u015fvurular\u0131 Bilim, Sanayi ve Teknoloji Bakanl\u0131\u011f\u0131n\u0131n olumlu g\u00f6r\u00fc\u015f\u00fc olmas\u0131 halinde de\u011ferlendirilecek.<\/p>\n<p>\ud83d\ude0e Uluslararas\u0131 i\u015fg\u00fcc\u00fc politikas\u0131na uygun olmayan, sahte veya yan\u0131lt\u0131c\u0131 bilgi, belgelerle yap\u0131lan, gerek\u00e7esi yeterli g\u00f6r\u00fclmeyen, kamu d\u00fczeni, g\u00fcvenli\u011fi veya sa\u011fl\u0131\u011f\u0131 a\u00e7\u0131s\u0131ndan T\u00fcrkiye&#8217;de \u00e7al\u0131\u015fmas\u0131nda sak\u0131nca g\u00f6r\u00fclen yabanc\u0131lar ile T\u00fcrkiye&#8217;nin tan\u0131mad\u0131\u011f\u0131 veya diplomatik ili\u015fkisinin bulunmad\u0131\u011f\u0131 \u00fclke vatanda\u015flar\u0131 i\u00e7in yap\u0131lan ba\u015fvurular reddedilecek.<\/p>\n<p id=\"yui_3_16_0_ym19_1_1470138076458_28317\">9-) E\u011fitim d\u00fczeyi, mesleki deneyimi, bilim ve teknolojiye katk\u0131s\u0131, T\u00fcrkiye&#8217;deki faaliyetinin veya yat\u0131r\u0131m\u0131n\u0131n \u00fclke ekonomisine, istihdama etkisi do\u011frultusunda, Uluslararas\u0131 \u0130\u015fg\u00fcc\u00fc Politikas\u0131 Dan\u0131\u015fma Kurulu\u2019nun \u00f6nerisiyle, ba\u015fvurusu bakanl\u0131k\u00e7a uygun g\u00f6r\u00fclen yabanc\u0131lara &#8220;Turkuaz Kart&#8221; verilecek. Turkuaz kart uygulamas\u0131nda; akademik alanda uluslararas\u0131 kabul g\u00f6rm\u00fc\u015f \u00e7al\u0131\u015fmalar\u0131 bulunanlar, bilim, sanayi ve teknolojide stratejik kabul edilen bir alanda \u00f6ne \u00e7\u0131kanlar, ihracat, istihdam veya yat\u0131r\u0131m kapasitesi olarak ulusal ekonomiye \u00f6nemli katk\u0131 sa\u011flayan ya da sa\u011flamas\u0131 \u00f6ng\u00f6r\u00fclenler, &#8220;nitelikli yabanc\u0131&#8221; olarak de\u011ferlendirilecek. Ancak, ge\u00e7ici koruma sa\u011flanan yabanc\u0131lara, Turkuaz kart ile ilgili d\u00fczenlemeler uygulanmayacak.<\/p>\n<p>10-) \u00c7al\u0131\u015fma izni alan yabanc\u0131, \u00e7al\u0131\u015fma izninin ge\u00e7erlili\u011finin ba\u015flad\u0131\u011f\u0131 tarihten itibaren 6 ay i\u00e7erisinde T\u00fcrkiye&#8217;ye gelmek zorunda olacak, bu s\u00fcre i\u00e7erisinde T\u00fcrkiye&#8217;ye gelmeyen yabanc\u0131n\u0131n \u00e7al\u0131\u015fma izni iptal edilecek. \u00c7al\u0131\u015fma izni muafiyetinden yararlanarak \u00e7al\u0131\u015fan yabanc\u0131lar, muafiyetlerini belirten bir belge ile kendilerine sa\u011flanan ikamet izni gibi haklardan yararlanabilecek.<\/p>\n<p>11-) T\u00fcrkiye&#8217;de bir y\u00fcksek\u00f6\u011fretim kurumunda \u00f6rg\u00fcn \u00f6\u011fretim programlar\u0131na kay\u0131tl\u0131 yabanc\u0131 \u00f6\u011frenciler, \u00e7al\u0131\u015fma izni almak kayd\u0131yla \u00e7al\u0131\u015fabilecek. \u00d6nlisans ve lisans \u00f6\u011frencileri, \u00f6\u011frenimlerinin ilk y\u0131l\u0131n\u0131n tamamlanmas\u0131ndan sonra \u00e7al\u0131\u015fma iznine ba\u015fvurabilecek ve k\u0131smi s\u00fcreli \u00e7al\u0131\u015fabilecek. \u00d6rg\u00fcn \u00f6\u011fretim programlar\u0131na kay\u0131tl\u0131 lisans\u00fcst\u00fc \u00f6\u011frenciler i\u00e7in bu s\u0131n\u0131rlamalar uygulanmayacak. Yabanc\u0131 \u00f6\u011frencilere verilen \u00e7al\u0131\u015fma izinleri, ge\u00e7erli \u00f6\u011frenci ikamet iznini ve bu ikamet izninin sa\u011flad\u0131\u011f\u0131 haklar\u0131 sona erdirmeyecek.<\/p>\n<p>12-) \u00d6\u011frenimlerini T\u00fcrkiye&#8217;de bir y\u00fcksek\u00f6\u011fretim kurumunun m\u00fchendislik ve mimarl\u0131k fak\u00fcltelerinde veya yurt d\u0131\u015f\u0131nda Y\u00fcksek\u00f6\u011fretim Kurulu taraf\u0131ndan tan\u0131nan y\u00fcksek\u00f6\u011fretim kurumunda tamamlayarak m\u00fchendis ve mimar olan yabanc\u0131lar, proje bazl\u0131 ve ge\u00e7ici s\u00fcreyle \u00e7al\u0131\u015fma izni alarak m\u00fchendislik ve mimarl\u0131k mesleklerini yapabilecek.<\/p>\n<p>13-) \u00c7al\u0131\u015fma izni olmaks\u0131z\u0131n; bir i\u015fverene ba\u011fl\u0131 olarak \u00e7al\u0131\u015fan yabanc\u0131ya 2 bin 400 TL, ba\u011f\u0131ms\u0131z \u00e7al\u0131\u015fan yabanc\u0131ya 4 bin 800 TL, yabanc\u0131 \u00e7al\u0131\u015ft\u0131ran i\u015fverene veya i\u015fveren vekiline her bir yabanc\u0131 i\u00e7in 6 bin TL tutar\u0131nda idari para cezas\u0131 verilecek. Ayn\u0131 ihlallerin tekrarlanmas\u0131 durumunda para cezalar\u0131 bir kat artt\u0131r\u0131larak uygulanacak.<\/p>\n<p>14-) \u00c7al\u0131\u015fma ve Sosyal G\u00fcvenlik Bakanl\u0131\u011f\u0131 b\u00fcnyesinde Uluslararas\u0131 \u0130\u015fg\u00fcc\u00fc Genel M\u00fcd\u00fcrl\u00fc\u011f\u00fc kurulacak.<\/p>\n<p>&nbsp;<\/p>\n<p>Faydal\u0131 olamas\u0131n\u0131 \u00fcmit eder,hay\u0131rl\u0131 g\u00fcnler dilerim.<\/p>\n<div id=\"yiv2202710856Signature\">\n<div id=\"yui_3_16_0_ym19_1_1470138076458_28322\">\n<div><b>Av.B\u00fclent TURAN<\/b><\/div>\n<div><sub><span style=\"font-family: Cambria, serif; font-size: medium;\"><b>\u00c7anakkale Milletvekili<\/b><\/span><\/sub><\/div>\n<div id=\"yui_3_16_0_ym19_1_1470138076458_28325\"><sub><span style=\"font-family: Cambria, serif; font-size: medium;\"><b>AK Parti Grup Ba\u015fkanvekili<\/b><\/span><\/sub><\/div>\n<\/div>\n<\/div>\n<div id=\"bghab-1602010026\" class=\"bghab-yazi-altinda bghab-entity-placement\"><div class=\"bghab-adlabel\">Reklamlar<\/div><script async src=\"https:\/\/pagead2.googlesyndication.com\/pagead\/js\/adsbygoogle.js\"><\/script>\r\n<!-- bghaber-yaz\u0131-sonu -->\r\n<ins class=\"adsbygoogle\"\r\n     style=\"display:block\"\r\n     data-ad-client=\"ca-pub-6203283170189293\"\r\n     data-ad-slot=\"4222328180\"\r\n     data-ad-format=\"auto\"\r\n     data-full-width-responsive=\"true\"><\/ins>\r\n<script>\r\n     (adsbygoogle = window.adsbygoogle || []).push({});\r\n<\/script><\/div><br style=\"clear: both; display: block; float: none;\"\/>","protected":false},"excerpt":{"rendered":"<p>Uluslararas\u0131 \u0130\u015f g\u00fcc\u00fc Kanunu Tasar\u0131s\u0131 \u00f6nceki g\u00fcn TBMM Genel Kurulu\u2019nda tamamlanan g\u00f6r\u00fc\u015fmelerin neticesinde kabul edilerek kanunla\u015ft\u0131. Yabanc\u0131lar\u0131n kay\u0131t d\u0131\u015f\u0131 \u00e7al\u0131\u015fmalar\u0131n\u0131n \u00f6nlenmesi, yerli-yabanc\u0131 i\u015fg\u00fcc\u00fc dengesi kurularak<\/p>\n","protected":false},"author":13,"featured_media":19476,"comment_status":"closed","ping_status":"closed","sticky":false,"template":"","format":"standard","meta":{"advanced_seo_description":"","jetpack_seo_html_title":"","jetpack_seo_noindex":false,"_jetpack_memberships_contains_paid_content":false,"footnotes":""},"categories":[9],"tags":[],"class_list":["post-19962","post","type-post","status-publish","format-standard","has-post-thumbnail","hentry","category-ekonomi"],"jetpack_featured_media_url":"https:\/\/i0.wp.com\/www.bghaber.org\/bghaber\/wp-content\/uploads\/2016\/06\/canakkale-1-bulent-turan-1.jpg?fit=186%2C225&ssl=1","jetpack_sharing_enabled":true,"jetpack_likes_enabled":true,"jetpack-related-posts":[],"jetpack_shortlink":"https:\/\/wp.me\/pc2PfJ-5bY","_links":{"self":[{"href":"https:\/\/www.bghaber.org\/bghaber\/wp-json\/wp\/v2\/posts\/19962","targetHints":{"allow":["GET"]}}],"collection":[{"href":"https:\/\/www.bghaber.org\/bghaber\/wp-json\/wp\/v2\/posts"}],"about":[{"href":"https:\/\/www.bghaber.org\/bghaber\/wp-json\/wp\/v2\/types\/post"}],"author":[{"embeddable":true,"href":"https:\/\/www.bghaber.org\/bghaber\/wp-json\/wp\/v2\/users\/13"}],"replies":[{"embeddable":true,"href":"https:\/\/www.bghaber.org\/bghaber\/wp-json\/wp\/v2\/comments?post=19962"}],"version-history":[{"count":0,"href":"https:\/\/www.bghaber.org\/bghaber\/wp-json\/wp\/v2\/posts\/19962\/revisions"}],"wp:featuredmedia":[{"embeddable":true,"href":"https:\/\/www.bghaber.org\/bghaber\/wp-json\/wp\/v2\/media\/19476"}],"wp:attachment":[{"href":"https:\/\/www.bghaber.org\/bghaber\/wp-json\/wp\/v2\/media?parent=19962"}],"wp:term":[{"taxonomy":"category","embeddable":true,"href":"https:\/\/www.bghaber.org\/bghaber\/wp-json\/wp\/v2\/categories?post=19962"},{"taxonomy":"post_tag","embeddable":true,"href":"https:\/\/www.bghaber.org\/bghaber\/wp-json\/wp\/v2\/tags?post=19962"}],"curies":[{"name":"wp","href":"https:\/\/api.w.org\/{rel}","templated":true}]}}