{"id":19957,"date":"2016-08-02T16:21:19","date_gmt":"2016-08-02T13:21:19","guid":{"rendered":"http:\/\/www.bghaber.org\/bghaber\/?p=19957"},"modified":"2017-12-27T17:10:33","modified_gmt":"2017-12-27T14:10:33","slug":"allah-korudu","status":"publish","type":"post","link":"https:\/\/www.bghaber.org\/bghaber\/allah-korudu\/","title":{"rendered":"ALLAH KORUDU"},"content":{"rendered":"<p><img data-recalc-dims=\"1\" height=\"381\" width=\"640\" decoding=\"async\" src=\"https:\/\/i0.wp.com\/www.bghaber.org\/bghaber\/wp-content\/uploads\/2016\/08\/Yeni-Resim-768x457.png?resize=640%2C381\" alt=\"Yeni Resim\" \/><\/p>\n<p>\u201cRodopsko\u201d mahallesinden Bay Sabahattin Anlat\u0131yor: <strong>Volkan patl\u0131yor sand\u0131k. <\/strong><\/p>\n<p>Svet\u0131lka ve Ahryansko b\u00f6lgesindeki yang\u0131n 2 milyon leva zarar verdi.<\/p>\n<p>\u201eDeh\u015fetliydi. \u00c7ok korktuk. Ben, hayat\u0131mda bu kadar b\u00fcy\u00fck bir yang\u0131n\u0131 ilk kez g\u00f6rd\u00fcm Her y\u00f6ne yay\u0131ld\u0131 ve alevler g\u00f6klere \u00e7\u0131kt\u0131. Volkan patl\u0131yor sand\u0131m. U\u011fuldad\u0131. B\u00fct\u00fcn gece ate\u015fle bo\u011fu\u015ftuk, hi\u00e7 uyumad\u0131k.\u00a0 Cuma g\u00fcn \u00f6\u011fle saatlerinde ba\u015flad\u0131. Caamiye gitmi\u015ftim.<\/p>\n<p><img data-recalc-dims=\"1\" height=\"427\" width=\"640\" decoding=\"async\" src=\"https:\/\/i0.wp.com\/www.bghaber.org\/bghaber\/wp-content\/uploads\/2016\/08\/Yeni-Resim-1-768x512.png?resize=640%2C427\" alt=\"Yeni Resim (1)\" \/><\/p>\n<p>\u201e\u0130tfaiye sinyalini duyunca akl\u0131ma yang\u0131n geldi. E\u011fr\u0131 Derede cumadayd\u0131m. E\u015fim Kadriye ve K\u0131br\u0131s\u2019tan gelen torunum Cice evdeydiler. Orman saat 11.30\u2019da yand\u0131 ve saat 15 sular\u0131nda k\u00f6y\u00fcm\u00fcze geldi. 45 y\u0131ll\u0131k \u00e7am orman\u0131 birka\u00e7 saatte yand\u0131. Evimin \u00e7iti ve a\u011fa\u00e7lar, otlar da yand\u0131. \u00c7amlar\u0131 1968\u2019de dikmi\u015ftik. Hepsi gitti. Allah korudu. Can kayb\u0131 yok. Hayvanlar\u0131m\u0131z\u0131 da koruduk. Bir daha b\u00f6yle bir felaket olmamas\u0131na duac\u0131y\u0131m.<\/p>\n<p><img data-recalc-dims=\"1\" height=\"428\" width=\"640\" decoding=\"async\" src=\"https:\/\/i0.wp.com\/www.bghaber.org\/bghaber\/wp-content\/uploads\/2016\/08\/Yeni-Resim-2-768x513.png?resize=640%2C428\" alt=\"Yeni Resim (2)\" \/><\/p>\n<p>80 ya\u015f\u0131ndaki \u015eerife Eninova nine evde yaln\u0131zm\u0131\u015f. \u201c\u00c7ok korktum. Ne yapaca\u011f\u0131m\u0131 bilemedim. Alevler evimin kiremitlerini yalad\u0131. Ayaklar\u0131m a\u011f\u0131rd\u0131\u011f\u0131na, de\u011fneksiz y\u00fcr\u00fcyemiyorum. \u0130yi ki o\u011flum Durcan E\u011fri Dere\u2019den hemen yeti\u015fti, beni arabaya ald\u0131 ve uzakla\u015ft\u0131rd\u0131. Bizi Allah kurtard\u0131\u201d\u00a0 diye anlat\u0131yor. Avlusuna dikti\u011fi meyve fidanlar\u0131n\u0131n hepsi yanm\u0131\u015f. Ate\u015f ar\u0131 kovanlar\u0131na kadar yay\u0131lm\u0131\u015f, fakat onlar\u0131 kurtarabilmi\u015fler. Toplam 1500 dekar \u00e7am orman\u0131 ve 300 dekar \u00e7ay\u0131r yanm\u0131\u015f k\u00fcl olmu\u015f<\/p><div id=\"bghab-539666989\" class=\"bghab-icerik-icine bghab-entity-placement\"><script async src=\"\/\/pagead2.googlesyndication.com\/pagead\/js\/adsbygoogle.js?client=ca-pub-6203283170189293\" crossorigin=\"anonymous\"><\/script><ins class=\"adsbygoogle\" style=\"display:block; text-align:center;\" data-ad-client=\"ca-pub-6203283170189293\" \ndata-ad-slot=\"7303146466\" \ndata-ad-layout=\"in-article\"\ndata-ad-format=\"fluid\" data-full-width-responsive=\"true\"><\/ins>\n<script> \n(adsbygoogle = window.adsbygoogle || []).push({}); \n<\/script>\n<\/div>\n<p>&nbsp;<\/p>\n<div id=\"bghab-3338008205\" class=\"bghab-yazi-altinda bghab-entity-placement\"><div class=\"bghab-adlabel\">Reklamlar<\/div><script async src=\"https:\/\/pagead2.googlesyndication.com\/pagead\/js\/adsbygoogle.js\"><\/script>\r\n<!-- bghaber-yaz\u0131-sonu -->\r\n<ins class=\"adsbygoogle\"\r\n     style=\"display:block\"\r\n     data-ad-client=\"ca-pub-6203283170189293\"\r\n     data-ad-slot=\"4222328180\"\r\n     data-ad-format=\"auto\"\r\n     data-full-width-responsive=\"true\"><\/ins>\r\n<script>\r\n     (adsbygoogle = window.adsbygoogle || []).push({});\r\n<\/script><\/div><br style=\"clear: both; display: block; float: none;\"\/>","protected":false},"excerpt":{"rendered":"<p>\u201cRodopsko\u201d mahallesinden Bay Sabahattin Anlat\u0131yor: Volkan patl\u0131yor sand\u0131k. Svet\u0131lka ve Ahryansko b\u00f6lgesindeki yang\u0131n 2 milyon leva zarar verdi. \u201eDeh\u015fetliydi. \u00c7ok korktuk. Ben, hayat\u0131mda bu kadar<\/p>\n","protected":false},"author":13,"featured_media":19960,"comment_status":"closed","ping_status":"closed","sticky":false,"template":"","format":"standard","meta":{"advanced_seo_description":"","jetpack_seo_html_title":"","jetpack_seo_noindex":false,"_jetpack_memberships_contains_paid_content":false,"footnotes":""},"categories":[5],"tags":[],"class_list":["post-19957","post","type-post","status-publish","format-standard","has-post-thumbnail","hentry","category-yasam"],"jetpack_featured_media_url":"https:\/\/i0.wp.com\/www.bghaber.org\/bghaber\/wp-content\/uploads\/2016\/08\/Yeni-Resim-2.png?fit=932%2C622&ssl=1","jetpack_sharing_enabled":true,"jetpack_likes_enabled":true,"jetpack-related-posts":[],"jetpack_shortlink":"https:\/\/wp.me\/pc2PfJ-5bT","_links":{"self":[{"href":"https:\/\/www.bghaber.org\/bghaber\/wp-json\/wp\/v2\/posts\/19957","targetHints":{"allow":["GET"]}}],"collection":[{"href":"https:\/\/www.bghaber.org\/bghaber\/wp-json\/wp\/v2\/posts"}],"about":[{"href":"https:\/\/www.bghaber.org\/bghaber\/wp-json\/wp\/v2\/types\/post"}],"author":[{"embeddable":true,"href":"https:\/\/www.bghaber.org\/bghaber\/wp-json\/wp\/v2\/users\/13"}],"replies":[{"embeddable":true,"href":"https:\/\/www.bghaber.org\/bghaber\/wp-json\/wp\/v2\/comments?post=19957"}],"version-history":[{"count":0,"href":"https:\/\/www.bghaber.org\/bghaber\/wp-json\/wp\/v2\/posts\/19957\/revisions"}],"wp:featuredmedia":[{"embeddable":true,"href":"https:\/\/www.bghaber.org\/bghaber\/wp-json\/wp\/v2\/media\/19960"}],"wp:attachment":[{"href":"https:\/\/www.bghaber.org\/bghaber\/wp-json\/wp\/v2\/media?parent=19957"}],"wp:term":[{"taxonomy":"category","embeddable":true,"href":"https:\/\/www.bghaber.org\/bghaber\/wp-json\/wp\/v2\/categories?post=19957"},{"taxonomy":"post_tag","embeddable":true,"href":"https:\/\/www.bghaber.org\/bghaber\/wp-json\/wp\/v2\/tags?post=19957"}],"curies":[{"name":"wp","href":"https:\/\/api.w.org\/{rel}","templated":true}]}}