{"id":19952,"date":"2016-08-02T14:51:40","date_gmt":"2016-08-02T11:51:40","guid":{"rendered":"http:\/\/www.bghaber.org\/bghaber\/?p=19952"},"modified":"2016-08-03T01:24:00","modified_gmt":"2016-08-02T22:24:00","slug":"dusunuyorum-da","status":"publish","type":"post","link":"https:\/\/www.bghaber.org\/bghaber\/dusunuyorum-da\/","title":{"rendered":"D\u00fc\u015f\u00fcn\u00fcyorum Da!"},"content":{"rendered":"<p>Osman\u00a0B\u00dcLB\u00dcL<\/p>\n<p>Konu:\u00a0 <strong>Her ba\u015flang\u0131\u00e7ta bir hay\u0131r vard\u0131r.<\/strong><\/p>\n<p><strong>\u00a0\u00a0\u00a0\u00a0\u00a0\u00a0\u00a0\u00a0\u00a0\u00a0\u00a0\u00a0 \u00c7iviyi \u00e7akan\u0131 mutlaka bilmeliyiz!<\/strong><strong>\u00a0<\/strong><\/p>\n<p>Viyanada\u2019y\u0131m. Tuna\u2019n\u0131n suyu \u00e7ekiliyor. Serinlik arayan bal\u0131klar dibe topland\u0131. Benim gibi ya\u015f\u0131n\u0131 alm\u0131\u015flar i\u00e7in, bal\u0131klar\u0131n dibe toplanmas\u0131n\u0131n anlam\u0131 hat\u0131ralarla ya\u015famak gibi bir \u015fey. \u00a0<strong>\u00a0<\/strong><\/p>\n<p>Dibe \u00e7\u00f6ken hat\u0131ralar tortula\u015f\u0131r. \u00c7ok sevdi\u011fim sanat\u00e7\u0131lardan Soner Olgun, \u201c<strong>G\u00fcl Harman\u0131<\/strong>\u201d \u015fark\u0131s\u0131n\u0131 s\u00f6ylerken beni Kazanl\u0131k Ovas\u0131\u2019na at\u0131yor. Dip an\u0131lar\u0131m\u0131 eziyor, presliyor, s\u00fcz\u00fcyor. G\u00fcl Harman\u0131 yoktur dilimizde, \u00e7\u00fcnk\u00fc \u00e7i\u00e7ekler hemen kazanlara dolar ve g\u00fclya\u011f\u0131 i\u015flemi ba\u015flar. G\u00fcl Kokusu T\u00fcrk Kokusudur. \u0130lk k\u00f6kleri atalar\u0131m\u0131z getirdi\u011fi i\u00e7in, adetlerimizdendir k\u0131zlar\u0131m\u0131z\u0131n \u00e7eyizleri g\u00fcl kokar. Misafire ikram edilen tatl\u0131 G\u00fcl Re\u00e7eli\u2019dir. Son ayr\u0131l\u0131kta ferahlat\u0131c\u0131 kolonya G\u00fcl Suyu\u2019dur. Hayat\u0131m\u0131z G\u00fcl K\u00fclt\u00fcr\u00fc \u00fczerine kurulmu\u015ftur. Tatl\u0131lar\u0131m\u0131z g\u00fcl gibi a\u00e7\u0131l\u0131r, k\u0131zlar\u0131m\u0131z\u0131n ad\u0131 ya <strong>Akg\u00fcl <\/strong>ya <strong>Morg\u00fcl<\/strong>\u2019d\u00fcr. Gelinlerin yemenileri, mendiller, entari yakalar\u0131 s\u00fcmb\u00fcl, menek\u015fe de\u011filse hep g\u00fcl oyad\u0131r.<\/p><div id=\"bghab-173989152\" class=\"bghab-icerik-icine bghab-entity-placement\"><script async src=\"\/\/pagead2.googlesyndication.com\/pagead\/js\/adsbygoogle.js?client=ca-pub-6203283170189293\" crossorigin=\"anonymous\"><\/script><ins class=\"adsbygoogle\" style=\"display:block; text-align:center;\" data-ad-client=\"ca-pub-6203283170189293\" \ndata-ad-slot=\"7303146466\" \ndata-ad-layout=\"in-article\"\ndata-ad-format=\"fluid\" data-full-width-responsive=\"true\"><\/ins>\n<script> \n(adsbygoogle = window.adsbygoogle || []).push({}); \n<\/script>\n<\/div>\n<p>Bizde s\u0131k anlat\u0131lan hik\u00e2yede, Fatih\u2019in \u0130stanbul\u2019a girdi\u011finde \u201c<strong>Aya Sofya<\/strong>\u201dy\u0131 Kazanl\u0131k\u2019tan G\u00fcl Suyu ile y\u0131k kat\u0131ktan sonra yeni ba\u015fkente ilk namaz\u0131n\u0131 orada k\u0131ld\u0131\u011f\u0131 rivayet edilir.<\/p>\n<p><strong>Sa\u00e7\u0131n y\u00fcz\u00fcne perde<\/strong><\/p>\n<p><strong>Y\u00fcre\u011fim d\u00fc\u015ft\u00fc derde<\/strong><\/p>\n<p><strong>\u00a0<\/strong><\/p>\n<p><strong>Ayak\u00fcst\u00fc duramam<\/strong><\/p>\n<p><strong>Seni g\u00f6rd\u00fc\u011f\u00fcm yerde<\/strong><\/p><div id=\"bghab-2069877869\" class=\"bghab-icerik-icine-10-paragraf bghab-entity-placement\"><script async src=\"\/\/pagead2.googlesyndication.com\/pagead\/js\/adsbygoogle.js?client=ca-pub-6203283170189293\" crossorigin=\"anonymous\"><\/script><ins class=\"adsbygoogle\" style=\"display:block; text-align:center;\" data-ad-client=\"ca-pub-6203283170189293\" \ndata-ad-slot=\"7303146466\" \ndata-ad-layout=\"in-article\"\ndata-ad-format=\"fluid\" data-full-width-responsive=\"true\"><\/ins>\n<script> \n(adsbygoogle = window.adsbygoogle || []).push({}); \n<\/script>\n<\/div>\n<p>Ancak bizim Rumeli y\u00fcre\u011finde dile gelir bu denli etkileyici de\u011fi\u015fler.<\/p>\n<p>Burada Almanlar\u0131n k\u00fclt\u00fcr\u00fc \u201c<strong>kiraz yanakl\u0131<\/strong>\u201d, \u201c<strong>al dudakl\u0131<\/strong>\u201d felsefesi \u00fczerine kurulmu\u015ftur. Avusturya\u2019da g\u00fcller bizdekiler gibi kokmaz, kokmad\u0131klar\u0131 bir yana, ya\u011f da vermezler, ancak bizde var o u\u00e7suz bucaks\u0131z g\u00fcl bah\u00e7eleri, i\u00e7inde g\u00fcl toplayan k\u0131z s\u00fcr\u00fcleri, G\u00fcl Bayram\u0131 bekleyen sevdal\u0131 y\u00fcrekler\u2026<\/p>\n<p>D\u00fcn Nikolayla g\u00f6r\u00fc\u015ft\u00fck. \u201cMocca caffe\u201d \u00a0ile birlikte sunulan \u201c<strong>Strudel<\/strong>\u201d pastas\u0131n\u0131n \u00fczerindeki eriklerin Bulgaristan\u2019\u0131n Troyan b\u00f6lgesi eriklerinden oldu\u011funu, ek\u015fimsi tad\u0131n burada sevildi\u011fini anlatt\u0131.<\/p>\n<p>Bizim ev k\u00fclt\u00fcr\u00fcm\u00fczde pasta i\u015flerinde \u201c<strong>erik tatl\u0131s\u0131<\/strong>\u201d olay\u0131 olmad\u0131\u011f\u0131ndan pek dikkat etmemi\u015ftim fakat tekrarlanan ikramdan her g\u00fcn bir dilimi kenar\u0131ndan azar azar kopar\u0131yorum.<\/p>\n<p>Sevimli gen\u00e7 misafirim bana bir f\u0131kra anlatt\u0131:<\/p><div id=\"bghab-1031638195\" class=\"bghab-icerik-icine-15-paragraf bghab-entity-placement\"><script async src=\"\/\/pagead2.googlesyndication.com\/pagead\/js\/adsbygoogle.js?client=ca-pub-6203283170189293\" crossorigin=\"anonymous\"><\/script><ins class=\"adsbygoogle\" style=\"display:block; text-align:center;\" data-ad-client=\"ca-pub-6203283170189293\" \ndata-ad-slot=\"7303146466\" \ndata-ad-layout=\"in-article\"\ndata-ad-format=\"fluid\" data-full-width-responsive=\"true\"><\/ins>\n<script> \n(adsbygoogle = window.adsbygoogle || []).push({}); \n<\/script>\n<\/div>\n<p><strong>Duvarla \u00c7ivi<\/strong><\/p>\n<p>Duvar onu delip i\u00e7ine giren \u00e7iviye seslenmi\u015f<strong><em>, \u201cHey sen! Neden o kadar \u00e7ok can\u0131m\u0131 ac\u0131t\u0131yorsun? Sana ne yapt\u0131m ki?\u201d <\/em><\/strong><\/p>\n<p><strong><em>\u201cBenim su\u00e7um yok. Kabahat beni itende! Bu soruyu \u00e7ekice sormal\u0131s\u0131n.\u201d <\/em><\/strong>Diye cevap vermi\u015f \u00e7ivi.<\/p>\n<p>D\u00fc\u015f\u00fcnd\u00fcm kald\u0131m.<\/p>\n<p>O ise, \u201c<strong>Benim Viyana \u00dcniversitesi\u2019ndeki ilk tezim bu f\u0131kra \u00fczerineydi<\/strong>.\u201d Dedi ve devam etti: O yaz\u0131mda, sosyalizm y\u0131llar\u0131nda elimizin kolumuzun ba\u011fl\u0131 olu\u015funu ve her \u015feyin Kremlin\u2019den gelen emirlere uygun \u015fekilde yap\u0131ld\u0131\u011f\u0131n\u0131 kan\u0131tlad\u0131m. \u201c<strong>Duvar<\/strong>\u201d Bulgaristan\u2019d\u0131, \u201c<strong>\u00e7ivi<\/strong>\u201d de Bulgaristan\u2019d\u0131. \u201c<strong>\u0130ten<\/strong>\u201d ise elindeki \u00e7eki\u00e7, keser, tokmak ve balyozla hep Moskova\u2019yd\u0131. Biz tamamen esir d\u00fc\u015fm\u00fc\u015f ve ezilmi\u015f bir durumdayd\u0131k. Yazd\u0131klar\u0131m \u00fcst\u00fcne konu\u015fan Profes\u00f6rlerim \u201c<strong>b\u00fcy\u00fck bir ger\u00e7e\u011fin iki sat\u0131r bir f\u0131kra \u00fczerindeki yans\u0131mas\u0131 ancak bu olabilir<\/strong>\u201d demi\u015flerdi, dedi.<\/p><div id=\"bghab-3160484920\" class=\"bghab-icerik-icine-20-paragraf bghab-entity-placement\"><script async src=\"\/\/pagead2.googlesyndication.com\/pagead\/js\/adsbygoogle.js?client=ca-pub-6203283170189293\" crossorigin=\"anonymous\"><\/script><ins class=\"adsbygoogle\" style=\"display:block; text-align:center;\" data-ad-client=\"ca-pub-6203283170189293\" \ndata-ad-slot=\"7303146466\" \ndata-ad-layout=\"in-article\"\ndata-ad-format=\"fluid\" data-full-width-responsive=\"true\"><\/ins>\n<script> \n(adsbygoogle = window.adsbygoogle || []).push({}); \n<\/script>\n<\/div>\n<p>Nikolay biraz \u00f6v\u00fcnerek anlatadursun, ben \u00e7i\u00e7e\u011fi burnunda DOST partisini d\u00fc\u015f\u00fcnmeye ba\u015flad\u0131m. Bu hafta D. Arda\u2019da r\u00f6portajlar\u0131n\u0131n birinde bir video geldi. Daha parti mahkemece tescil edilmeden ama Sofya Kurucu Meclis toplant\u0131 ve kararlar\u0131ndan sonra K\u0131rcaali\u2019nin \u201c<strong>Yedi K\u0131zlar Camii<\/strong>\u201d mevlidinden sonra \u00e7ekilmi\u015f. Anadili \u00e7\u00f6z\u00fclm\u00fc\u015f yeni ba\u015fkan L\u00fctfi Mestan\u2019\u0131 T\u00fcrk\u00e7e dinledim. Fikirlerim size farkl\u0131 ve \u00e7eli\u015fkili gelebilir. \u00c7\u00fcnk\u00fc ben Bulgarca, Almanca ve Rus\u00e7a bilen biri olarak, kafam\u0131n i\u00e7inde ana d\u00fc\u015f\u00fcnme dilim T\u00fcrk\u00e7emle \u00f6teki \u00fc\u00e7 dilin devaml\u0131 aralar\u0131nda yar\u0131\u015f, kavga ve rekabet i\u00e7inde olduklar\u0131n\u0131 hissediyorum. Mesela T\u00fcrk\u00e7e hazineme g\u00fczel ve anlaml\u0131 bir de\u011fim d\u00fc\u015fse, \u00f6teki diller sanki k\u0131skanarak canlan\u0131yor, haf\u0131za tortumdan ba\u015fkald\u0131r\u0131m \u201c<strong>aman fazla u\u011fra\u015fma, anlam\u0131n\u0131 \u00e7\u0131karam\u0131yorsan, bendeki \u015fu<\/strong>\u201d gibi sufl\u00f6rl\u00fck ba\u015fl\u0131yor. Benden kopya alsana diye el at\u0131yorlar.<\/p>\n<p>Benim okudu\u011fum kitaplar\u0131n birinde \u201c<strong>bir insan anadilini ne kadar bilirse, di\u011fer dilleri de o kadar bilebilir<\/strong>\u201d yaz\u0131yordu. Bu nedenle, \u00f6nce ana dilimizi geli\u015ftirip, sonra di\u011ferleri \u00fczerinde ek \u00e7al\u0131\u015fmalar yapmal\u0131y\u0131z. Bir de, bir insan\u0131n dil zenginli\u011fi k\u00fclt\u00fcr zenginli\u011finin aynas\u0131d\u0131r.<\/p>\n<p>Mestan T\u00fcrk\u00e7e konu\u015ftu. 18 y\u0131l mecliste kald\u0131ktan ve \u00e7ok uzun zaman H\u00d6H-DPS meclis grup ba\u015fkanl\u0131\u011f\u0131 ve H\u00d6H Partisinin birka\u00e7 y\u0131l Genel Ba\u015fkan\u0131 olduktan sonra ilk kez \u201c<strong>kimlik<\/strong>\u201d, \u201c<strong>etnik kimlik<\/strong>\u201d ve \u201c<strong>T\u00fcrk kimli\u011fi<\/strong>\u201d gibi kavramlar kulland\u0131. Olabilir ya, belki de, bu de\u011ferler onun\u00a0 hep onun dilinin alt\u0131ndayd\u0131, fakat ilk kez hayati \u00f6nem ta\u015f\u0131yan inciler olarak \u00f6n\u00fcm\u00fcze kondu. \u015eimdilik, o birbirini tamamlay\u0131c\u0131 bu \u00fc\u00e7 terimin i\u00e7erini doldurmad\u0131. \u00d6z\u00fc a\u00e7mad\u0131 fakat ne de olsa ilk kez a\u011fz\u0131na ald\u0131. Bu \u00e7eki\u015f olmadan duvara \u00e7ivi \u00e7ak\u0131lamayacak kadar y\u00fcksek bir bilin\u00e7lenmedir. Bizim T\u00fcrk kimli\u011fimiz Bulgar toplumu i\u00e7ine \u00e7akmak istedi\u011fimiz \u00e7ividir. Ve bu konu\u015fmas\u0131nda \u201c <strong>B\u00fcy\u00fck <\/strong>h<strong>edefimiz Bulgaristan\u2019da ya\u015fayan T\u00fcrklerde T\u00fcrk kimli\u011fi olu\u015fturmakt\u0131r<\/strong>!\u201d dedi. Asl\u0131nda o konu\u015ftu\u011fu salon ba\u015ftanba\u015fa T\u00fcrk kimlikli vatanda\u015flarla doluydu. Onu dinleyenler Bulgaristan T\u00fcrkleri M\u00fcsl\u00fcman T\u00fcrk kimli\u011finin ta\u015f\u0131y\u0131c\u0131s\u0131d\u0131r. T\u00fcrk kimli\u011fi onlar\u0131n atan kalbinde ya\u015fayand\u0131r. Damarlar\u0131nda dola\u015fan kandad\u0131r.<\/p>\n<p>Sorumuza d\u00f6nersek. \u00d6n\u00fcm\u00fczdeki tabloda, Mestan bizim Bulgaristan M\u00fcsl\u00fcman T\u00fcrkl\u00fc\u011f\u00fc duvar\u0131m\u0131za \u00e7ak\u0131lm\u0131\u015f bir \u00e7iviydi. \u00c7\u00fcnk\u00fc biz de\u011fi\u015fmedik. Bu memlekette T\u00fcrkl\u00fck ve M\u00fcsl\u00fcmanl\u0131k kalesi olarak as\u0131rlardan beri dimdik ayaktay\u0131z. O, yine bizim duvardan \u00e7ekip \u00e7\u0131kar\u0131lm\u0131\u015f ve yeni bizim duvara \u00e7ak\u0131lmak i\u00e7in \u00e7\u0131rp\u0131nan bir \u00e7ividir. Eskiden H\u00d6H milletvekili ve parti Genel Ba\u015fkan\u0131 g\u00f6revlerindeyken, onun duvar\u0131m\u0131za \u00e7ak\u0131lm\u0131\u015f bir \u00e7ivi olarak g\u00f6rd\u00fc\u011f\u00fc rolde o, T\u00fcrk kimli\u011fimizin \u00f6n\u00fcne gerilen Bulgar kimlik perdesini tutuyordu. O zaman onu kalbimize ve ruhumuza \u00e7ivileyen \u00e7eki\u00e7, Bulgar siyasi polisi \u201c<strong>D<\/strong>S\u201d, \u00e7\u00f6pe at\u0131lma zaman\u0131 \u00e7oktan gelmi\u015f kom\u00fcnist-totaliter d\u00fczenin ayakta kalm\u0131\u015f devlet g\u00f6revlileri ve bu i\u015fte eme\u011fi ge\u00e7en Rus otoritesi KGB idi.\u00a0\u00a0 6 ay \u00f6nce onu duvar\u0131m\u0131zdan s\u00f6k\u00fcp atan yine ayn\u0131 g\u00fc\u00e7ler oldu. Perde ile birlikte d\u00fc\u015f\u00fcnce, o perdenin saklad\u0131\u011f\u0131 duvar\u0131n <strong>Bulgaristan M\u00fcsl\u00fcman T\u00fcrk kimli\u011fi<\/strong> oldu\u011funu g\u00f6rebildi gibi yeni bir durum ortaya \u00e7\u0131km\u0131\u015f bulunuyor bug\u00fcn\u2026<\/p>\n<p>Asl\u0131nda \u00e7ivi iki \u015feyi birbirine tutturmak i\u00e7in \u00e7ak\u0131l\u0131r. \u0130lk rol\u00fcnde Mestan, T\u00fcrk M\u00fcsl\u00fcman kimli\u011fimizin eriyip bitti\u011fi yalan\u0131n\u0131 gizleten \u201c<strong>Bulgar Etnik Modeli<\/strong>\u201d perdesine ask\u0131 olmu\u015ftu.\u00a0 Onun fonksiyonu (i\u015flevi) \u00a0T\u00fcrk M\u00fcsl\u00fcman ge\u00e7mi\u015fimizle T\u00fcrk M\u00fcsl\u00fcman gelece\u011fimizi birbirine tutturmakt\u0131. O ise T\u00fcrk M\u00fcsl\u00fcman ge\u00e7mi\u015fimizle \u00f6ncesiz olan Bulgar kimli\u011fimizi birbirine yamamaya \u00e7al\u0131\u015f\u0131yordu. Bu onun paral\u0131 \u00f6zel g\u00f6reviydi. Ve ge\u00e7mi\u015fle gelece\u011fi birbirine ba\u011flama g\u00f6zlerimiz \u00f6n\u00fcnde her g\u00fcn oynanan bir sahte oyundu. Ge\u00e7mi\u015fi bilmeyen onu gelece\u011fe ta\u015f\u0131yamaz, ikisini birbirine ba\u011flayamaz. Bu parayla pulla yap\u0131lacak bir i\u015f de\u011fildir. Bir atas\u00f6z\u00fcm\u00fcz \u201c<strong>\u00c7ivi \u00e7\u0131kar ama deli\u011fi kal\u0131r<\/strong>\u201d der. Edebiyat\u0131m\u0131zda ise bu \u201c<strong>G\u00f6n\u00fcl yaras\u0131 kapan\u0131r ama unutulmaz<\/strong>\u201d \u015feklindedir.<\/p><div id=\"bghab-4286835570\" class=\"bghab-icerik-icine-25-paragraf bghab-entity-placement\"><script async src=\"\/\/pagead2.googlesyndication.com\/pagead\/js\/adsbygoogle.js?client=ca-pub-6203283170189293\" crossorigin=\"anonymous\"><\/script><ins class=\"adsbygoogle\" style=\"display:block; text-align:center;\" data-ad-client=\"ca-pub-6203283170189293\" \ndata-ad-slot=\"7303146466\" \ndata-ad-layout=\"in-article\"\ndata-ad-format=\"fluid\" data-full-width-responsive=\"true\"><\/ins>\n<script> \n(adsbygoogle = window.adsbygoogle || []).push({}); \n<\/script>\n<\/div>\n<p>Baz\u0131 yazarlar\u0131m\u0131z, bir \u00e7ivi ilk \u00e7ak\u0131ld\u0131\u011f\u0131 yerde k\u00f6t\u00fc bir i\u015flev g\u00f6rm\u00fc\u015fse, \u00e7ivi \u00e7iviyi s\u00f6ker der de, \u015fu da var, bir k\u00f6t\u00fcl\u00fck ayn\u0131 cinsten bir k\u00f6t\u00fcl\u00fckle yok edilemez. <strong>Ama burada \u00f6nemli olan \u00e7ivinin kendisinden fazla, onu bizim duvar\u0131m\u0131za, \u015fu yeni durumda Bulgaristan M\u00fcsl\u00fcman T\u00fcrk kitle kimli\u011fine iten (\u00e7akan) kimdir? Bug\u00fcn, \u00e7eki\u00e7, keser, tokmak ve balyoz kavramlar\u0131 sosyal ya\u015famda hangi perde arkas\u0131 g\u00fcc\u00fc simgeliyor?<\/strong><\/p>\n<p>\u015eahsen ben, DOST partisi tescil edilmezden \u00f6nce L\u00fctfi Mestan\u2019\u0131n s\u0131k s\u0131k camiye u\u011frad\u0131\u011f\u0131 ve hatta Bayram Namaz\u0131 k\u0131ld\u0131\u011f\u0131 izlenimiyle kald\u0131m<strong>. <\/strong>M\u00fcsl\u00fcmanl\u0131kta, i\u015fin kuram taraf\u0131 biraz yana b\u0131rak\u0131ld\u0131\u011f\u0131nda, yap\u0131lm\u0131\u015f yanl\u0131\u015flar, i\u015flenmi\u015f g\u00fcnahlar i\u00e7in t\u00f6vbe etmek, yenilerinin i\u015flenmeyece\u011fi anlam\u0131na gelmez. T\u00f6vbe etmek ac\u0131yla s\u0131nanmak da de\u011fildir. Burada \u00fczerinde durulmas\u0131 gereken nokta, <strong>L\u00fctfi Mestan\u2019\u0131n 18\u201320 y\u0131l \u00f6nce Bulgaristanl\u0131 M\u00fcsl\u00fcman T\u00fcrkl\u00fck duvar\u0131na \u00e7ak\u0131lmay\u0131 neden kabul etti\u011fi ve onu duvar\u0131m\u0131za \u00e7akanlar\u0131n hen\u00fcz kendisi taraf\u0131ndan a\u00e7\u0131klanmam\u0131\u015f olmas\u0131d\u0131r.<\/strong> Bu olayda, s\u0131nanmad\u0131\u011f\u0131m\u0131z bir ac\u0131 \u00fczerine yazmak her zaman kolayd\u0131r, s\u00f6zleri bizim i\u00e7in ge\u00e7erli de\u011fildir. <strong>Unutmayal\u0131m, vaktiyle Ahmet Do\u011fan\u2019\u0131 aram\u0131za s\u0131k\u0131\u015ft\u0131ranlar, bug\u00fcn Mestan\u2019\u0131 elinden tutup aram\u0131za sokan ayn\u0131 ki\u015fi ve kurumlard\u0131r<\/strong>.<\/p>\n<p>K\u0131sa da olsa, Mestan\u2019\u0131n bu konu\u015fmas\u0131 \u201c<strong>dudak \u0131s\u0131rtt\u0131<\/strong>.\u201d Duman\u0131 \u00fcst\u00fcnde bu konu\u015fmas\u0131yla o durdu durdu, turnay\u0131 g\u00f6z\u00fcnden vurdu. O bir avc\u0131d\u0131r. Yaz\u0131m\u0131 avc\u0131 hik\u00e2yelerine dayand\u0131rmak istemiyorum fakat her i\u00e7in bir ba\u015flang\u0131c\u0131 vard\u0131r. \u015eahsen ben, L\u00fctfi Mestan\u2019\u0131n DOST partisi kurma fikrinin 17 Aral\u0131k 2016 gecesi akl\u0131na esti\u011fine de inanmak istemiyorum. \u00c7\u00fcnk\u00fc onun 18 sene hararetle savundu\u011fu \u201c<strong>Bulgar Etnik Modeli<\/strong>\u201d inden birden bire <strong>Bulgaristanl\u0131 M\u00fcsl\u00fcman T\u00fcrk Kimli\u011fine<\/strong> s\u0131\u00e7ramas\u0131 bir \u0131rma\u011f\u0131n iki yakas\u0131nda, bir sava\u015f hatt\u0131n\u0131n birbiriyle \u00f6lesiye sava\u015fan iki cephesinde olmak gibi bir \u015feydir. Burada a\u00e7\u0131klan\u0131p a\u00e7\u0131klanacak \u00e7ok \u015fey var. Bu a\u00e7\u0131dan bak\u0131ld\u0131\u011f\u0131nda Sofya Y\u00fcksek Mahkemesinin DOST hakk\u0131nda ald\u0131\u011f\u0131 karar\u0131n hi\u00e7 \u00f6nemi yoktur. \u00d6nemli olan bug\u00fcnk\u00fc ideolojik, siyasi ve kimlik konumumuzu belirlemi\u015f olmam\u0131zd\u0131r.<\/p>\n<p>Benim yaz\u0131p yaz\u0131p da s\u00f6yleyemediklerimi, bak\u0131n \u015fair Naim Bakov, benden bin mil uzakta yine Tuna k\u0131y\u0131s\u0131nda daha 4. 12. 2014\u2019te nas\u0131l anlatm\u0131\u015f:<\/p>\n<p>&nbsp;<\/p><div id=\"bghab-2206234194\" class=\"bghab-icerik-icine-30-paragraf bghab-entity-placement\"><script async src=\"\/\/pagead2.googlesyndication.com\/pagead\/js\/adsbygoogle.js?client=ca-pub-6203283170189293\" crossorigin=\"anonymous\"><\/script><ins class=\"adsbygoogle\" style=\"display:block; text-align:center;\" data-ad-client=\"ca-pub-6203283170189293\" \ndata-ad-slot=\"7303146466\" \ndata-ad-layout=\"in-article\"\ndata-ad-format=\"fluid\" data-full-width-responsive=\"true\"><\/ins>\n<script> \n(adsbygoogle = window.adsbygoogle || []).push({}); \n<\/script>\n<\/div>\n<p><strong>Selam al\u0131p, halini sormakt\u0131r mutluluk<\/strong><\/p>\n<p><strong>O an omzundan t\u00fcm y\u00fckler s\u0131yr\u0131l\u0131verir!<\/strong><\/p>\n<p><strong>Eriyen buzlar insana bir \u0131s\u0131 verir<\/strong><\/p>\n<p><strong>Selam al\u0131p, halini sormakt\u0131r mutluluk!<\/strong><\/p>\n<p><strong>\u00a0<\/strong><\/p>\n<p><strong>Y\u00fcrek kap\u0131lar\u0131n a\u00e7\u0131l\u0131r sonuna kadar<\/strong><\/p><div id=\"bghab-4180855209\" class=\"bghab-icerik-icine-35-paragraf bghab-entity-placement\"><script async src=\"\/\/pagead2.googlesyndication.com\/pagead\/js\/adsbygoogle.js?client=ca-pub-6203283170189293\" crossorigin=\"anonymous\"><\/script><ins class=\"adsbygoogle\" style=\"display:block; text-align:center;\" data-ad-client=\"ca-pub-6203283170189293\" \ndata-ad-slot=\"7303146466\" \ndata-ad-layout=\"in-article\"\ndata-ad-format=\"fluid\" data-full-width-responsive=\"true\"><\/ins>\n<script> \n(adsbygoogle = window.adsbygoogle || []).push({}); \n<\/script>\n<\/div>\n<p><strong>Hissedersin do\u011fada kalmad\u0131\u011f\u0131n\u0131 tek<\/strong><\/p>\n<p><strong>Meziyetlerin var da seviliyorsun demek<\/strong><\/p>\n<p><strong>Selam al\u0131p, halini sormakt\u0131r mutluluk!<\/strong><\/p>\n<p>Evet, 18 y\u0131l sonra L. Mestan bize selam vermi\u015ftir. \u015eimdiye kadar siyah \u201cMercedes\u201d i\u00e7inde y\u0131ld\u0131r\u0131m gibi gelip ge\u00e7iyordu yan\u0131m\u0131zdan. Art\u0131k durdu. Soru: <strong>Neden durdu?\u00a0 Neden selam verdi bize?! <\/strong>Kendisine y\u00fczde y\u00fcz inanmam\u0131z i\u00e7in l\u00fctfen<strong> \u201cRuhum da T\u00fcrk Bedenim de T\u00fcrk\u201d <\/strong>kitab\u0131n\u0131 yazs\u0131n, biz de okuyup kanal\u0131m\u2026<\/p>\n<p>Bulgaristan M\u00fcsl\u00fcman T\u00fcrk kimli\u011fi olu\u015fturmak, 26 y\u0131ldan beri verdi\u011fimiz siyasi m\u00fccadelede d\u00fc\u011f\u00fcm noktas\u0131d\u0131r. K\u0131sacas\u0131, \u201c<strong>Bulgar Etnik Modeli\u201d<\/strong>ni \u00e7\u00f6pe at\u0131p, kendimize d\u00f6n\u00fc\u015f\u00fcm\u00fcz T\u00fcrk olarak ya\u015famam\u0131z anlam\u0131na gelir. Bu bir k\u0131rm\u0131z\u0131\u00e7izgidir. Hak ve \u00d6zg\u00fcrl\u00fckler Partisi ile DOST aras\u0131na yaln\u0131zca bu ayr\u0131m \u00e7izgisi \u00e7ekilse yeter de artar. Ard\u0131ndan her \u015fey kendili\u011finden gelir. Biz selam al\u0131p selam veremez duruma getirilmi\u015fiz\u2026Bulgaristan M\u00fcsl\u00fcman T\u00fcrk kimli\u011fi olu\u015fturma davas\u0131, anayasa de\u011fi\u015fikli\u011finden ba\u015flar ve t\u00fcm Bulgar yasalar\u0131n\u0131n de\u011fi\u015ftirilmesiyle de kalmaz, di\u011fer etniklere de \u00f6rnek olaca\u011f\u0131 i\u00e7in, toplumsal d\u00fczende ve toplumsal yap\u0131da k\u00f6kl\u00fc de\u011fi\u015fikliklere gidilmesini zorunlu k\u0131lar. Bizim \u00f6z kimli\u011fimizde M\u00fcsl\u00fcmanl\u0131\u011f\u0131m\u0131z\u0131n tan\u0131nmas\u0131 t\u00fcm dini hak, \u00f6zg\u00fcrl\u00fck ve edinimlerimizin tan\u0131nmas\u0131 anlam\u0131na gelir. Etnik T\u00fcrkl\u00fc\u011f\u00fcm\u00fcz\u00fcn tan\u0131nmas\u0131 ise, anadilimizin, \u00f6zg\u00fcn k\u00fclt\u00fcr\u00fcm\u00fcz\u00fcn ve geleneklere dayal\u0131 ya\u015famamam\u0131z\u0131n resmen tan\u0131nmas\u0131 anlam\u0131na gelir ki, bu da son derece b\u00fcy\u00fck bir kazan\u0131m ve d\u00f6n\u00fc\u015f\u00fcm demektir. Bulgar toplumu ancak az\u0131nl\u0131klar\u0131n \u00f6z hak ve \u00f6zg\u00fcrl\u00fcklerini tan\u0131yarak adalet kap\u0131s\u0131n\u0131 a\u00e7abilir, sorumluluk ve tolerans \u00fczerinden h\u00fcrriyetleri sa\u011flayarak demokratik yap\u0131lanmaya ad\u0131m atabilir. Demokratik toplum kurmak, yabanc\u0131 turistlere Karadeniz kumsal\u0131nda, suya basarak ya da ayaklar\u0131n\u0131 \u0131slatmadan y\u00fcr\u00fcme hakk\u0131 tan\u0131mak de\u011fildir.<\/p><div id=\"bghab-949478038\" class=\"bghab-icerik-icine-40-paragraf bghab-entity-placement\"><script async src=\"\/\/pagead2.googlesyndication.com\/pagead\/js\/adsbygoogle.js?client=ca-pub-6203283170189293\" crossorigin=\"anonymous\"><\/script><ins class=\"adsbygoogle\" style=\"display:block; text-align:center;\" data-ad-client=\"ca-pub-6203283170189293\" \ndata-ad-slot=\"7303146466\" \ndata-ad-layout=\"in-article\"\ndata-ad-format=\"fluid\" data-full-width-responsive=\"true\"><\/ins>\n<script> \n(adsbygoogle = window.adsbygoogle || []).push({}); \n<\/script>\n<\/div>\n<p>\u015eahsen ben, videoda izledi\u011fim konu\u015fmay\u0131 birka\u00e7 defa geri sard\u0131m. K\u0131sacas\u0131 <strong>k\u00fc\u00e7\u00fck dilimi yuttum<\/strong>, ba\u015fka bir de\u011fi\u015fle <strong>donakald\u0131m<\/strong>. \u015eimdi \u00f6nemli olan baltay\u0131 ta\u015fa vurmadan, bu yola devam etmektir.<\/p>\n<p>Ne de olsa, beni d\u00fc\u015f\u00fcnd\u00fcren \u201c<strong>\u00e7eki\u015f<\/strong>\u201d, \u201c<strong>keser<\/strong>\u201d, \u201c<strong>tokmak<\/strong>\u201d ve \u201c<strong>balyozun<\/strong>\u201d kim oldu\u011fudur. \u0130tenin kim oldu\u011fudur. Bu davada \u00e7ivinin duvara ne kadar derin kak\u0131laca\u011f\u0131, yani beklenen d\u00f6n\u00fc\u015f\u00fcmlerin ne kadar derin, anlaml\u0131, etrafl\u0131, \u00f6zl\u00fc yap\u0131laca\u011f\u0131, her \u015feyden \u00f6nemli oland\u0131r.<\/p>\n<p>Bu da topluma \u00e7ak\u0131lacak olan yeni \u00e7ivinin b\u00fcy\u00fckl\u00fc\u011f\u00fcne ve kal\u0131nl\u0131\u011f\u0131na da ba\u011fl\u0131d\u0131r.<\/p>\n<p>Nikola ile fikir al\u0131\u015f veri\u015fi g\u00f6r\u00fc\u015fmelerimizde, bu i\u015flerin Avrupal\u0131 Vatanda\u015fl\u0131k \u0130\u00e7in GERB partisi Ba\u015fkan\u0131 ve Ba\u015fbakan B. Borisov\u2019la Halk ve \u00d6zg\u00fcrl\u00fckler Hareketi (DPS) eski Genel Ba\u015fkan\u0131 L.Mestan aras\u0131nda K\u0131rcaali\u2019de T\u00fcrk Kahvesi sohbetinde ba\u015flad\u0131\u011f\u0131 g\u00f6r\u00fc\u015f\u00fcnde \u0131srar ediyor. Orta sol konumlu H\u00d6H partisi se\u00e7men kitlesinin merkez sa\u011f konumlu DOST \u2018a kayd\u0131r\u0131lmas\u0131n\u0131n \u00f6yle kolay bir i\u015f olmayaca\u011f\u0131 ortadad\u0131r. \u0130nsanlar\u0131m\u0131z bazen hat\u0131r i\u00e7in i\u015f yapar, ama evinin g\u00fcneye a\u00e7\u0131lan kap\u0131s\u0131n\u0131 kapat\u0131p kuzeye kap\u0131 a\u00e7maz. Ba\u015fka bir \u00f6rnek verirsek, J. Jelev, P. Stoyanov ve R. Plevneliev gibi sa\u011f siyaset adaylar\u0131na oy verdik, fakat son 26 y\u0131lda hi\u00e7bir sa\u011f parti h\u00fck\u00fcmetine kat\u0131lamad\u0131k. Sa\u011f kanat bizi kabul etmedi. Bu 1990\u2019da olabilirdi, ama o zaman oyun kuranlar bizi hem Sosyalist Parti\u2019den, hem de Demokratik G\u00fc\u00e7ler Birli\u011fi\u2019nden (CDC) ayn\u0131 mesafede uzak bir noktada durdurabildiler. Yani \u00e7ivimiz yar\u0131ya kadar \u00e7ak\u0131lm\u0131\u015ft\u0131. Yani bir kaderimizi kendimiz belirleyemedik. \u00c7eki\u00e7 ba\u015fkas\u0131n\u0131n elindeydi.<\/p>\n<p>Siz de iyi bilirsiniz, \u00e7am a\u011fa\u00e7lar\u0131 g\u00f6vdeye kak\u0131lan \u00e7iviyi y\u0131llar i\u00e7inde \u00e7\u0131kart\u0131p atar ve ondan kurtulurlar. L. Mestan \u00e7ivisinin Bulgaristan M\u00fcsl\u00fcman T\u00fcrkl\u00fck b\u00fcnyesinden, H\u00d6H-DPS Genel Ba\u015fkan\u0131 olarak y\u0131llar i\u00e7inde do\u011fal etki sonucu s\u00f6k\u00fclerek d\u0131\u015flanmas\u0131 \u00e7ok anlaml\u0131d\u0131r. Do\u011fall\u0131\u011f\u0131n\u0131 korumak isteyen hi\u00e7bir b\u00fcnye, yeni yap\u0131lanmada yaral\u0131, d\u0131\u015flanm\u0131\u015f ve olumsuzlanm\u0131\u015f olan\u0131 kabul etmez. O bak\u0131ma \u00f6n\u00fcm\u00fczdeki aylar\u0131n, y\u0131llar\u0131n, se\u00e7imlerin ve DOST partisinin se\u00e7menle kayna\u015fmas\u0131n\u0131n ola\u011fan\u00fcst\u00fc anlaml\u0131 olaca\u011f\u0131 g\u00f6r\u00fc\u015f\u00fcndeyim.<\/p><div id=\"bghab-3725513788\" class=\"bghab-icerik-icine-45-paragraf bghab-entity-placement\"><script async src=\"\/\/pagead2.googlesyndication.com\/pagead\/js\/adsbygoogle.js?client=ca-pub-6203283170189293\" crossorigin=\"anonymous\"><\/script><ins class=\"adsbygoogle\" style=\"display:block; text-align:center;\" data-ad-client=\"ca-pub-6203283170189293\" \ndata-ad-slot=\"7303146466\" \ndata-ad-layout=\"in-article\"\ndata-ad-format=\"fluid\" data-full-width-responsive=\"true\"><\/ins>\n<script> \n(adsbygoogle = window.adsbygoogle || []).push({}); \n<\/script>\n<\/div>\n<p>Biz, gerek 04 Ocak 1990\u2019da Ahmet Do\u011fan\u2019\u0131n Varna\u2019da kurucu kurultayda Hak ve \u00d6zg\u00fcrl\u00fckler Partisi Genel Ba\u015fkanl\u0131\u011f\u0131n\u0131 ele ge\u00e7irmesine, gerekse daha sonraki y\u0131llardaki t\u00fcm etkinlikleri i\u00e7in onu iten g\u00fcc\u00fcn, hep kom\u00fcnist partisi kal\u0131t\u0131, gizli polis \u201c<strong>DS<\/strong>\u201d, Rusya\u2019n\u0131n \u00fclkemizdeki casusluk \u00f6rg\u00fct\u00fc <strong>KGB<\/strong> ve daha sonra da Rus mali oligar\u015fi menfaatleri oldu\u011funu tekrarlayarak vurgulad\u0131k. Ne de olsa, 17 Aral\u0131k 2016 parti i\u00e7i darbe olay\u0131n\u0131n ard\u0131nda bir Rus u\u00e7a\u011f\u0131n\u0131n d\u00fc\u015f\u00fcr\u00fclmesi olay\u0131n\u0131n bulundu\u011funa hen\u00fcz inanamad\u0131k.<\/p>\n<p>Burada \u00fczerinde \u00f6zellikle durulmas\u0131 gereken \u00f6nemli ger\u00e7ek \u015fudur. Duvara \u00e7ak\u0131lan \u00e7ivi kendisi kendini s\u00f6kemez. Onu \u00e7ak\u0131ld\u0131\u011f\u0131 yerden birilerin \u00e7\u0131karmas\u0131, s\u00f6kmesi gerekir. 17 Aral\u0131k 2015 gecesi A. Do\u011fan\u2019\u0131n L. Mestan ve arkada\u015flar\u0131n\u0131 bir hamlede partiden, meclis grubundan, Genel Ba\u015fkanl\u0131ktan vb att\u0131\u011f\u0131 gibi.<\/p>\n<p>Olay \u00fczerinde beyin f\u0131rt\u0131nas\u0131na siz de kat\u0131l\u0131n l\u00fctfen\u2026<\/p>\n<p>Sa\u011fl\u0131cakla kal\u0131n\u0131z.<\/p>\n<div id=\"bghab-1524826812\" class=\"bghab-yazi-altinda bghab-entity-placement\"><div class=\"bghab-adlabel\">Reklamlar<\/div><script async src=\"https:\/\/pagead2.googlesyndication.com\/pagead\/js\/adsbygoogle.js\"><\/script>\r\n<!-- bghaber-yaz\u0131-sonu -->\r\n<ins class=\"adsbygoogle\"\r\n     style=\"display:block\"\r\n     data-ad-client=\"ca-pub-6203283170189293\"\r\n     data-ad-slot=\"4222328180\"\r\n     data-ad-format=\"auto\"\r\n     data-full-width-responsive=\"true\"><\/ins>\r\n<script>\r\n     (adsbygoogle = window.adsbygoogle || []).push({});\r\n<\/script><\/div><br style=\"clear: both; display: block; float: none;\"\/>","protected":false},"excerpt":{"rendered":"<p>Osman\u00a0B\u00dcLB\u00dcL Konu:\u00a0 Her ba\u015flang\u0131\u00e7ta bir hay\u0131r vard\u0131r. \u00a0\u00a0\u00a0\u00a0\u00a0\u00a0\u00a0\u00a0\u00a0\u00a0\u00a0\u00a0 \u00c7iviyi \u00e7akan\u0131 mutlaka bilmeliyiz!\u00a0 Viyanada\u2019y\u0131m. Tuna\u2019n\u0131n suyu \u00e7ekiliyor. Serinlik arayan bal\u0131klar dibe topland\u0131. Benim gibi ya\u015f\u0131n\u0131 alm\u0131\u015flar<\/p>\n","protected":false},"author":13,"featured_media":19647,"comment_status":"closed","ping_status":"closed","sticky":false,"template":"","format":"standard","meta":{"advanced_seo_description":"","jetpack_seo_html_title":"","jetpack_seo_noindex":false,"_jetpack_memberships_contains_paid_content":false,"footnotes":""},"categories":[6],"tags":[],"class_list":["post-19952","post","type-post","status-publish","format-standard","has-post-thumbnail","hentry","category-yorum"],"jetpack_featured_media_url":"https:\/\/i0.wp.com\/www.bghaber.org\/bghaber\/wp-content\/uploads\/2016\/07\/OSMAN-BULBUL.jpg?fit=97%2C108&ssl=1","jetpack_sharing_enabled":true,"jetpack_likes_enabled":true,"jetpack-related-posts":[],"jetpack_shortlink":"https:\/\/wp.me\/pc2PfJ-5bO","_links":{"self":[{"href":"https:\/\/www.bghaber.org\/bghaber\/wp-json\/wp\/v2\/posts\/19952","targetHints":{"allow":["GET"]}}],"collection":[{"href":"https:\/\/www.bghaber.org\/bghaber\/wp-json\/wp\/v2\/posts"}],"about":[{"href":"https:\/\/www.bghaber.org\/bghaber\/wp-json\/wp\/v2\/types\/post"}],"author":[{"embeddable":true,"href":"https:\/\/www.bghaber.org\/bghaber\/wp-json\/wp\/v2\/users\/13"}],"replies":[{"embeddable":true,"href":"https:\/\/www.bghaber.org\/bghaber\/wp-json\/wp\/v2\/comments?post=19952"}],"version-history":[{"count":0,"href":"https:\/\/www.bghaber.org\/bghaber\/wp-json\/wp\/v2\/posts\/19952\/revisions"}],"wp:featuredmedia":[{"embeddable":true,"href":"https:\/\/www.bghaber.org\/bghaber\/wp-json\/wp\/v2\/media\/19647"}],"wp:attachment":[{"href":"https:\/\/www.bghaber.org\/bghaber\/wp-json\/wp\/v2\/media?parent=19952"}],"wp:term":[{"taxonomy":"category","embeddable":true,"href":"https:\/\/www.bghaber.org\/bghaber\/wp-json\/wp\/v2\/categories?post=19952"},{"taxonomy":"post_tag","embeddable":true,"href":"https:\/\/www.bghaber.org\/bghaber\/wp-json\/wp\/v2\/tags?post=19952"}],"curies":[{"name":"wp","href":"https:\/\/api.w.org\/{rel}","templated":true}]}}