{"id":19950,"date":"2016-08-02T14:47:58","date_gmt":"2016-08-02T11:47:58","guid":{"rendered":"http:\/\/www.bghaber.org\/bghaber\/?p=19950"},"modified":"2019-06-19T20:46:42","modified_gmt":"2019-06-19T17:46:42","slug":"direnme-hakki-bir-dogal-haktir","status":"publish","type":"post","link":"https:\/\/www.bghaber.org\/bghaber\/direnme-hakki-bir-dogal-haktir\/","title":{"rendered":"Direnme Hakk\u0131 Do\u011fal Bir Hakt\u0131r"},"content":{"rendered":"<p>Raziye \u00c7ak\u0131r<\/p>\n<p>Konu:\u00a0 <strong>Az\u0131nl\u0131ktan bir vatanda\u015f\u0131n evini y\u0131kmak \u0131rk\u00e7\u0131l\u0131kt\u0131r.<\/strong><\/p>\n<p>A\u011fustos s\u0131ca\u011f\u0131nda yer g\u00f6k kaynarken Plovdiv (Filibe)&#8217;in\u00a0Stoliponovo (Yeni Mahalle)&#8217;da fokur fokur. Sosyal gerginlik ya\u015fan\u0131yor. \u00c7ingenelere \u201cE<strong>vlerinizden \u00e7\u0131k\u0131n, y\u0131kaca\u011f\u0131z<\/strong>!\u201d diyorlar. Stolipenevo\u2019da 80 Bin ki\u015fi ya\u015f\u0131yor. Onlar; Romen \u2013 M\u00fcsl\u00fcman \u00c7ingene! Ev, yer, yol, su, \u00e7e\u015fme kavgalar\u0131 hi\u00e7 bitmiyor. 2007\u2019den sonra bir k\u0131sm\u0131 Orta Avrupa\u2019ya kayd\u0131. Fakat yak\u0131nda 100 Bin olmay\u0131 hedeflemi\u015fler. Durmadan plan koval\u0131yorlar. 11 \u00e7ocuklu aileler var. \u00c7ingenenin en b\u00fcy\u00fck zenginli\u011fi evlatlar\u0131\u2026<\/p>\n<p>Bizde bir de\u011fi\u015f vard\u0131r. \u201c<strong>T\u00fcrk&#8217;\u00fcn kar\u0131s\u0131na, Bulgar\u2019\u0131n paras\u0131na. \u00c7ingenenin de \u00e7ocu\u011funa ili\u015fme\u2026<\/strong>\u201d<\/p>\n<p>Y\u0131llar \u00f6nce mahallede elektrik \u00e7alma maceralar\u0131 ya\u015fan\u0131yordu. \u00c7EZ \u2013da\u011f\u0131t\u0131m \u015firketi, var\u0131n\u0131 yo\u011funu cereyan tablosuna kilitledi, iletkenleri duvarsala saklad\u0131, saya\u00e7lar\u0131 uzaktan kumandal\u0131 yapt\u0131. Prizlere dokunanlar birka\u00e7 kez \u201c<strong>\u015fok<\/strong>\u201d ge\u00e7irince ve ceza faturalar\u0131 ya\u011fmaya ba\u015flay\u0131nca su yolunu buldu asayi\u015f sa\u011fland\u0131. \u00c7EZ pireyi g\u00f6z\u00fcnden vurdu. Faturaya itiraz edenlere, belediye temizlik, kaz\u0131m gibi \u00a0i\u015f bahaneleri g\u00f6steriyor ve para elektrik \u015firketine \u00f6deniyor.<\/p><div id=\"bghab-261729821\" class=\"bghab-icerik-icine bghab-entity-placement\"><script async src=\"\/\/pagead2.googlesyndication.com\/pagead\/js\/adsbygoogle.js?client=ca-pub-6203283170189293\" crossorigin=\"anonymous\"><\/script><ins class=\"adsbygoogle\" style=\"display:block; text-align:center;\" data-ad-client=\"ca-pub-6203283170189293\" \ndata-ad-slot=\"7303146466\" \ndata-ad-layout=\"in-article\"\ndata-ad-format=\"fluid\" data-full-width-responsive=\"true\"><\/ins>\n<script> \n(adsbygoogle = window.adsbygoogle || []).push({}); \n<\/script>\n<\/div>\n<p>Mahallede ev ve kul\u00fcbelerin kuruldu\u011fu alan\u0131n m\u00fclkiyeti ya Osmanl\u0131&#8217;dan kalma M\u00fcft\u00fcl\u00fck mal\u0131, vak\u0131f yerleri, eski M\u00fcsl\u00fcman mezarl\u0131\u011f\u0131 ya da bo\u015f alanlar\u0131n bir k\u0131sm\u0131na belediye \u201c<strong>benim<\/strong>\u201d diyor. Hasan Aliev, 20 asma \u00e7ubu\u011fu dikmi\u015f, yolunu bulmu\u015f tapu \u00e7\u0131kartm\u0131\u015f ve dozerler kap\u0131s\u0131na dayan\u0131p kazaca\u011f\u0131z deyince dava a\u00e7m\u0131\u015f, kaybetmi\u015f ve Strazburg \u0130nsan Haklar\u0131 Mahkemesi\u2019nde hak ar\u0131yor. Kenar k\u00f6\u015fede eskiden sebze bah\u00e7esi olan Bulgarlar da m\u00fclkiyet hakk\u0131 iddia ediyor ama ellerinde tapu yok. Ya\u015fad\u0131klar\u0131 kul\u00fcbeleri savunmak onlar\u0131n do\u011fal hakk\u0131, d\u00fcnyaya geldiklerinde hepsine soluma hakk\u0131 tan\u0131yan Tanr\u0131, m\u00fclk edinme hakk\u0131 da tan\u0131m\u0131\u015f ama bir t\u00fcrl\u00fc ger\u00e7ekle\u015ftirememi\u015fler\u2026<\/p>\n<p>Belediye \u201c<strong>mahallenin temizlenmesini<\/strong>\u201d, \u00c7ingenelerin <strong>\u015fehrin muhtelif yerlerine da\u011f\u0131lmas\u0131n\u0131<\/strong> istiyor. Enc\u00fcmenlik planlar \u00e7izmi\u015f yol ge\u00e7irecek, park yapacak, apartmanlar dikecek fakat \u00f6nce \u201c<strong>sar\u0131ca ar\u0131 kovan\u0131<\/strong>\u201d dedikleri \u015fu \u00c7ingene Mahallesini da\u011f\u0131tacaklar, ard\u0131ndan da mali kaynaklar\u0131 bulup i\u015fe ba\u015flayacaklar.<\/p>\n<p>Meri\u00e7 boyunca uzanan bu kadim \u015fehirde 1878 Osmanl\u0131-Rus Sava\u015f\u0131&#8217;nda minareleri g\u00f6klere uzanan 32 cami, 100\u2019den fazla vak\u0131f m\u00fclk\u00fc, d\u00fckk\u00e2n, bedesten, medrese ve hamamlar vard\u0131. \u201c\u00c7ifte Hamam\u201d bug\u00fcn de ayakta ve hi\u00e7bir M\u00fcsl\u00fcman \u00c7ingene evinde hamam olmasa da, kap\u0131s\u0131nda kafa kadar b\u00fcy\u00fck kilit sallan\u0131yor. UNESKO, \u201c<strong>\u00c7ifte Hamam<\/strong>\u201d\u0131n g\u00f6bek ta\u015flar\u0131n\u0131 \u00e7ok be\u011fenmi\u015f ve \u201cbenimdir\u201d demi\u015f.<\/p>\n<p>32 camiden 2\u2019si ayakta kalabilmi\u015f. Osmanl\u0131 k\u00fclt\u00fcr simgesi olan bu eserler, Birinci ve \u0130kinci Murat zaman\u0131nda dikilmi\u015ftir. 1360 y\u0131llar\u0131nda in\u015fa ettirilmi\u015f \u201c<strong>Cuma Camii<\/strong>\u201d bug\u00fcn de \u015fehrin incisidir. \u201cMuradiye Camii\u201d ise 1425\u2019te in\u015fa edilmi\u015f ve 2008\u2019de \u0130stanbul B\u00fcy\u00fck \u015eehir Belediyesi taraf\u0131ndan onar\u0131lm\u0131\u015ft\u0131r. Trakya d\u00fczl\u00fc\u011f\u00fcn\u00fcn en g\u00f6zde y\u00f6resi olan Filibe ovas\u0131nda ya\u015fayan 300 bin M\u00fcsl\u00fcman T\u00fcrk, Rus-T\u00fcrk Sava\u015f\u0131&#8217;nda gelecek k\u00fclt\u00fcrel k\u0131y\u0131m\u0131 sezerek 15 bin ki\u015fi kalm\u0131\u015f. G\u00f6\u00e7 etmi\u015fler, mezarl\u0131klar\u0131n \u00fczerine bile apartmanlar oturtulmu\u015f. T\u00fcm k\u00f6t\u00fcl\u00fcklere ra\u011fmen, bug\u00fcn de buram buram T\u00fcrkl\u00fck kokuyor bu kadim \u015fehir&#8230; N\u00f6bet Tepeye t\u0131rman\u0131p, Filibe Beylerbeyinin kona\u011f\u0131nda bir kahve i\u00e7erken t\u00fcm tarih perde perde canlan\u0131veriyor.<\/p>\n<p>Yeni Mahalle\u2019den tarihe kaymam\u0131n nedeni, <strong>80 Bin ki\u015finin ya\u015fad\u0131\u011f\u0131<\/strong> bu semtte b\u00fcy\u00fck bir camili \u00a0al\u0131\u015f veri\u015f merkezi, manav, bal\u0131k\u00e7\u0131, terzi, kuru temizlik\u00e7i, kad\u0131n ve erkek hamam\u0131 olan, i\u00e7inde kahveler bar\u0131nd\u0131ran, dondurmac\u0131s\u0131 olan, pastahanesi ve d\u00fc\u011f\u00fcn salonu olan bir tesis kurmay\u0131 d\u00fc\u015f\u00fcnmeyen \u015fehir y\u00f6netiminin sald\u0131r\u0131lar\u0131, ate\u015fe benzin atmak de\u011fil de nedir, dersiniz?<\/p><div id=\"bghab-3314025724\" class=\"bghab-icerik-icine-10-paragraf bghab-entity-placement\"><script async src=\"\/\/pagead2.googlesyndication.com\/pagead\/js\/adsbygoogle.js?client=ca-pub-6203283170189293\" crossorigin=\"anonymous\"><\/script><ins class=\"adsbygoogle\" style=\"display:block; text-align:center;\" data-ad-client=\"ca-pub-6203283170189293\" \ndata-ad-slot=\"7303146466\" \ndata-ad-layout=\"in-article\"\ndata-ad-format=\"fluid\" data-full-width-responsive=\"true\"><\/ins>\n<script> \n(adsbygoogle = window.adsbygoogle || []).push({}); \n<\/script>\n<\/div>\n<p>Belediyeciler sanki de\u011fi\u015fen d\u00fcnyay\u0131 okumak istemiyor. 2007\u2019de Bulgaristan AB\u2019ye girerken, t\u00fcm Romenler, M\u00fcsl\u00fcman ve Hristiyan \u00c7ingeneler de AB vatanda\u015f\u0131 oldu. Anla\u015fma maddelerinde kimsenin vatan de\u011fi\u015ftirme ya da kendine yeni bir ya\u015fam ortam\u0131 se\u00e7me \u015fart\u0131 yoktu. Bu bak\u0131ma, her vatanda\u015f\u0131n vatan bildi\u011fi bir kar\u0131\u015f topra\u011f\u0131 bile savunmas\u0131, u\u011fruna direnmesi kutsal hakk\u0131d\u0131r. Demokratik bir \u00fclkede sorunlar\u0131n dozer g\u00fcc\u00fcyle \u00e7\u00f6z\u00fclmesi demokratik de\u011fildir.<\/p>\n<p>G\u00fcney Afrika zencilerinin evsizli\u011fini anlat\u0131rken \u201c<strong>band\u00fcstan<\/strong>\u201d dedi\u011fimiz teneke kul\u00fcbeden mahallelere biz \u201cgetto\u201d diyoruz. Filibe\u2019nin yerlileri olan bu insanlar bug\u00fcn s\u0131k\u0131\u015f\u0131kl\u0131ktan, bitle\u015fmi\u015flikten, hijyensizlikten, ya\u015fanmazl\u0131ktan, cahillikten, k\u00fclt\u00fcrs\u00fczl\u00fckten ka\u00e7ma yolu ar\u0131yor. Baz\u0131 aileler solu\u011fu Almanya\u2019da ald\u0131. 6-8-10 \u00e7ocuklu ailelere \u00e7ok sevinen Almanlar sosyal program kapsam\u0131nda onlara kiras\u0131z konaklama, analara anal\u0131k maa\u015f\u0131, \u00e7ocuklara \u00e7ocuk paras\u0131 \u00f6derken, babalara da i\u015f g\u00f6sterdi. Hepsinin eline birer s\u00fcp\u00fcrge verdi. Alan memnun veren memnun! \u015eimdi bizim Yeni Mahalleli karde\u015flerimiz de, oradaki o sosyal haklar bize de tan\u0131ns\u0131n, neden tan\u0131nm\u0131yor? Diye soruyorlar. Belediyenin in\u015faat ve yol programlar\u0131 bizi ilgilendirmez, \u00f6nce bize daire g\u00f6stersin, biz de o zaman d\u00fc\u015f\u00fcn\u00fcr\u00fcz, diyorlar.<\/p>\n<p>1990\u2019l\u0131 y\u0131llar\u0131n ortas\u0131nda, Filibe\u2019nin eski \u00c7ingene mahallesi olan \u201c<strong>\u015eeker Mahalle<\/strong>\u201d ba\u015f\u0131na Kral Ku\u015fu kondu. \u0130ngiliz veliaht Charles ve sevgilisi Kamile ziyaretlerine geldi. \u201c<strong>Olmaz bu derece sefillik<\/strong>\u201d dedi. Ben Avrupa\u2019da \u201c<strong>band\u00fcstanl\u0131k<\/strong>\u201d oldu\u011funu bilmiyordum diyen Charles, \u201c<strong>hadi hayr\u0131m olsun\u201d<\/strong> demesin mi! Elini hay\u0131r torbas\u0131na att\u0131 ve k\u00f6kten yenilenmi\u015f \u201c<strong>\u015eeker Mahale<\/strong>\u201d projesi \u00e7\u0131kard\u0131. Kesesini de a\u00e7arak, ma\u011fdur karde\u015flerimizin y\u00fcz\u00fcn\u00fc g\u00fcld\u00fcrd\u00fc. Siz de bilirsiniz, Mesih denilen kurtar\u0131c\u0131 100 y\u0131lda bir inermi\u015f. 2000\u2019de yeni y\u0131l ba\u015flad\u0131. Yeni Mesih\u2019in Filibe\u2019de Yeni Mahalleye u\u011fray\u0131p u\u011framayaca\u011f\u0131 pek bilinmiyor. O zaman \u201c<strong>\u015eeker Mahalle<\/strong>\u201dliler genel se\u00e7imde oylar\u0131n\u0131 % 95 Hak ve \u00d6zg\u00fcrl\u00fckler Hareketi\u2019ne vermi\u015fti. Son se\u00e7im\u2019de H\u00d6H partisi Yeni Mahalle\u2019den % 8 oy ald\u0131. Oylar\u0131 \u201c<strong>elektrik sorununu \u00e7\u00f6zen<\/strong>\u201d GERP partisi toplad\u0131. Burada ge\u00e7erli olan siyasi form\u00fcl \u015fudur: \u201c<strong>\u00c7\u00f6z sorunlar\u0131m\u0131z\u0131 al oyumuzu<\/strong>!\u201d<\/p>\n<p>T\u00fcrklerin Bulgaristan\u2019dan kovulmas\u0131nda en \u00f6nemli etken, onlar\u0131n mal m\u00fclk, toprak, otlak, koru ve orman, ev bark sahibi olmalar\u0131 oldu. Trakya\u2019da bir Eski Zara (Stara Zagora) ayaklanmas\u0131ndan s\u00f6z edilir. \u00d6nderi, ba\u015f komitac\u0131 Vasil Levski\u2019nin ye\u011fenini bo\u011farak \u00f6ld\u00fcrd\u00fc\u011f\u00fc i\u00e7in yakalan\u0131p yarg\u0131lanmas\u0131ndan sonra, tutuk evinde ba\u015f\u0131n\u0131 duvar ta\u015f\u0131na vurarak hayat\u0131na son vermesinden sonra komita i\u015flerini \u00fcstlenen Stefan Stambolov\u2019un notlar\u0131ndan ve tarih konusunda uzun hik\u00e2yeci An. Stra\u015femirov\u2019un o ayaklanmaya kat\u0131lanlarla yapt\u0131\u011f\u0131 s\u00f6yle\u015filerden, <strong>zengin T\u00fcrklerin \u00e7iftliklerine konmak i\u00e7in ba\u015f kald\u0131rd\u0131klar\u0131 ortaya \u00e7\u0131k\u0131yor<\/strong>. Bulgarcada ad\u0131na \u201c<strong>\u00e7orbac\u0131<\/strong>\u201d denen etnik Bulgar k\u00f6y zenginleri, Osmanl\u0131ya ve yerli T\u00fcrk M\u00fcsl\u00fcmanlara kar\u015f\u0131 ba\u015fkald\u0131r\u0131larda \u00f6nemli rol oynam\u0131\u015ft\u0131r. T\u00fcrkleri g\u00f6\u00e7e zorlayarak topraklar\u0131n\u0131 ele ge\u00e7irme i\u015fleri 1878\u2019de Bulgar Prensli\u011fi\u2019nin kurulmas\u0131ndan sonra devam etmi\u015ftir. Hatta Ba\u015fbakan Stefan Stembolov\u00a0 \u201c<strong>Osmanl\u0131 Bankas\u0131\u2019ndan<\/strong>\u201d kredi alarak, Prenslik d\u0131\u015f\u0131ndaki Burgas y\u00f6resinden T\u00fcrk topraklar\u0131 sat\u0131n alm\u0131\u015ft\u0131r. Yani o zamanlar kavga toprak kavgas\u0131yd\u0131. \u015eimdi ise tapusuz toprak \u00fc\u00e7erinde \u00e7at\u0131lan kul\u00fcbe kavgas\u0131d\u0131r.<\/p>\n<p>\u00c7ingeneler Osmanl\u0131\u2019da da ta\u015f\u0131nmaz sahibi olmad\u0131klar\u0131ndan, ayr\u0131ca onlar\u0131 toprakland\u0131rma s\u00fcreci geli\u015fmemi\u015ftir. 1948\u2019den sonra topraklar\u0131 kooperatifle\u015ftirip milleti mal-m\u00fclk sevdas\u0131ndan so\u011futma siyaseti izlendi. Bu s\u00fcre\u00e7, \u00c7ingeneleri direkt olarak etkilemezken, onlara T\u00fcrklerin m\u00fclkleri \u00fczerinde rant \u00f6demeden \u00e7al\u0131\u015fma ve kazanma olanaklar\u0131 getirmi\u015fti. Bu a\u00e7\u0131dan bak\u0131ld\u0131\u011f\u0131nda Bulgaristan\u2019da \u00c7ingenelerin arsa al\u0131p \u00fczerine ev dikme, dairelerin en g\u00fczeline yerle\u015fme gibi sevdas\u0131 yoktur. Bizimkiler g\u00fcn\u00fc g\u00fcn\u00fcne ya\u015famaya sevdal\u0131d\u0131r. Direndikleri noktalar; \u00a0da\u011f\u0131lmadan, ayr\u0131lmadan, par\u00e7alanmadan, ayaklar\u0131 topra\u011fa basarak ya\u015fama ve dilenme hakk\u0131d\u0131r. Almanya\u2019da dilenme yasak oldu\u011fundan, oraya yerle\u015fip sosyal sisteme dahil olanlardan pazarc\u0131l\u0131\u011fa sevdalananlar artm\u0131\u015f. \u00c7al\u0131p \u00e7\u0131rpanlar\u0131 ise geri g\u00f6nderiyorlar.<\/p><div id=\"bghab-1418562959\" class=\"bghab-icerik-icine-15-paragraf bghab-entity-placement\"><script async src=\"\/\/pagead2.googlesyndication.com\/pagead\/js\/adsbygoogle.js?client=ca-pub-6203283170189293\" crossorigin=\"anonymous\"><\/script><ins class=\"adsbygoogle\" style=\"display:block; text-align:center;\" data-ad-client=\"ca-pub-6203283170189293\" \ndata-ad-slot=\"7303146466\" \ndata-ad-layout=\"in-article\"\ndata-ad-format=\"fluid\" data-full-width-responsive=\"true\"><\/ins>\n<script> \n(adsbygoogle = window.adsbygoogle || []).push({}); \n<\/script>\n<\/div>\n<p>Bulgaristan\u2019\u0131n Hristiyan \u00c7ingeneleri 1990\u2019dan sonra yap\u0131lanma ad\u0131mlar\u0131 att\u0131. Paras\u0131 olanlar, \u00a0Viyana\u2019ya gidip, \u00c7ingene Y\u00fcksek Me\u015feresi\u00a0 (Y\u00fcksek Mahkeme)\u00a0 \u00c7ar, Kral, Baron, Kont ve ba\u015fka unvanlar sat\u0131n ald\u0131. Ne var ki \u00c7ingene \u00c7arlar\u0131 aras\u0131nda b\u00fcy\u00fck soy ba\u015f\u0131 Kiro, y\u0131llar i\u00e7inde vergi ka\u00e7ak\u00e7\u0131l\u0131\u011f\u0131, doland\u0131r\u0131c\u0131l\u0131k, uyu\u015fturucu a\u011f\u0131 kurma, r\u00fc\u015fvet\u00e7ilik, zor kullanarak para toplama, bask\u0131 \u00e7eteleri kurma vb. su\u00e7lardan g\u00fcn geldi i\u00e7eri d\u00fc\u015ft\u00fc. Dikey yap\u0131lanmalar \u00c7ingenelerin geleneksel ya\u015fay\u0131\u015f bi\u00e7imini de\u011fi\u015ftirmedi. Zenginle\u015fenlerin arabalar\u0131 de\u011fi\u015fti, boyunlar\u0131ndaki gerdanlar daha kal\u0131n oldu ve ta\u015f\u0131 daha g\u00f6steri\u015fli y\u00fcz\u00fckler takt\u0131lar. Bug\u00fcn Yeni Mahalle\u2019de ya\u015fayanlardan % 90\u2019\u0131nda yaz\u0131p \u00e7izme ve hesap yok. Do\u011fru d\u00fcr\u00fcst Bulgarca konu\u015fam\u0131yorlar. 26 y\u0131l sosyalle\u015fme ve demokratikle\u015fme sonu\u00e7lar\u0131m\u0131z c\u0131v\u0131r c\u0131v\u0131r kokuyor.<\/p>\n<p>AB\u2019ye g\u00f6nderilen raporlarda \u00c7ingene n\u00fcfus y\u00fczde y\u00fcz okula gidiyor. Okul defterlerinde \u00f6yle! \u00a0\u0130\u015fin i\u00e7inde i\u015f var. AB sosyalle\u015fme ve e\u011fitim fonlar\u0131 \u00e7ocuklar\u0131 okula giden yoksul ve i\u015fsiz ailelere parasal yard\u0131m \u00f6ng\u00f6r\u00fcyor. \u00c7ingene \u00e7ocuklar\u0131n hepsinin okul kayd\u0131 var ama okula giden yok. Kayd\u0131 olan para al\u0131yor. Bu tablo \u00fclkenin d\u00f6rt bir yan\u0131nda kabak \u00e7i\u00e7ekleri gibi a\u00e7m\u0131\u015ft\u0131r. Kimi aldat\u0131yoruz?<\/p>\n<p>Temmuz ay\u0131nda Kuzey Bulgaristandaki Roman kentinde \u00c7ingene Bulgar kap\u0131\u015fmas\u0131 ya\u015fand\u0131. Romen ve Bulgar gen\u00e7ler \u015fehirde egemenlik kavgas\u0131 verdi. Bu kavga yaln\u0131z sosyal de\u011fil, bir de siyasi y\u00f6nl\u00fcyd\u00fc. Kaba kuvvet kullan\u0131ld\u0131. Bu \u00e7at\u0131\u015fmalarda Bulgar motorize \u201c<strong>rocker<\/strong>\u201d gruplar\u0131 topland\u0131 ve sald\u0131r\u0131larda bulundu. Motorize gruplar\u0131 etnik \u00e7at\u0131\u015fmalarda itfaiye rol\u00fc g\u00f6r\u00fcyor. Plovdiv ve Karlovo camileri i\u00e7in m\u00fccadelemizde \u201c<strong>rockerler<\/strong>\u201d kaba kuvvet g\u00f6stermi\u015fti. Onlar\u0131 yine evleri y\u0131k\u0131lan ve sokakta kalan 700\u2019\u00fcn \u00fcst\u00fcnde Bat\u0131 Rodoplu G\u0131rmen \u015fehri \u00c7ingenesinin de kar\u015f\u0131s\u0131nda,\u00a0 polisin yan\u0131nda g\u00f6rm\u00fc\u015ft\u00fck. Bu defa toplumun etnik damardan \u00e7atlamas\u0131n\u0131 izliyoruz. Kar\u015f\u0131m\u0131za motorize bir milliyet\u00e7ilik dikildi\u011fi g\u00f6zleniyor.<\/p>\n<p>Bu \u00f6rneklerle Bulgaristan\u2019da etnik \u00a0sorunlar\u0131n sosyal ve ekonomik alanlara yay\u0131ld\u0131\u011f\u0131n\u0131, ulusalla\u015ft\u0131\u011f\u0131n\u0131 ve \u015fiddetlendi\u011fini izlerken baz\u0131 \u00f6zellikler de var. Yeni Mahalle sakinlerinin temsilcisi olan <strong>Hayri Murat<\/strong> \u015fiddetlenen sald\u0131r\u0131 selini durdurmada g\u00fc\u00e7l\u00fck \u00e7ekildi\u011fini itiraf ediyor. Makamlar\u0131n ve milliyet\u00e7i kesimin hedefinde \u201c<strong>vir\u00fcs<\/strong>\u201d ocaklar\u0131n\u0131n (\u00c7ingen Mahallelerinin) \u015ferhlerden temizlenmesi yer al\u0131yor. Etnik az\u0131nl\u0131klar\u0131n ya\u015fam muhitleri \u201c<strong>vir\u00fcs<\/strong>\u201d (kangren oca\u011f\u0131) olarak tarif edilmeye ba\u015fland\u0131.<\/p>\n<p>Bulgaristan\u2019da T\u00fcrks\u00fczle\u015ftirilen ilk il Tuna boyu incisi olan Pazvanto\u011fulu kale, cami ve k\u00fcl yat\u0131n\u0131n ayakta kald\u0131\u011f\u0131 Vidin ilidir. Plevne ve Vra\u00e7a illeri onu izlemi\u015ftir. \u015eimdi Koca Balkan ve Orta Balkan aras\u0131ndaki vaadinin ar\u0131t\u0131lmas\u0131na \u00f6zen g\u00f6steriliyor. Karlovo \u201c<strong>Kur\u015fun Cami<\/strong>\u201d Ba\u015f M\u00fcft\u00fcl\u00fc\u011fe geri verilmedi. Stara Zagora\u2019da ayn\u0131 yaralar kan\u0131yor. Razgrat merkezindeki Pargal\u0131 \u0130brahim Pa\u015fa Cami onar\u0131m\u0131na y\u0131llardan beri izin al\u0131nam\u0131yor. Bu planl\u0131 ve para destekli d\u00fc\u015fmanca tutumun bir amac\u0131 da M\u00fcsl\u00fcman \u00c7ingeneleri \u0130slam dininden uzak tutmakt\u0131r. Onlar\u0131 s\u00fcrekli bask\u0131larla sindirmektir. Bu geli\u015fmeleri en yak\u0131n bir bi\u00e7imde Pazarc\u0131k \u201c<strong>Abu Bekir<\/strong>\u201d cami cemaatine bask\u0131larda, tutuklamalarda, yarg\u0131lamada ve \u201c<strong>radikal \u0130slam<\/strong>\u201d masallar\u0131nda takip ediyoruz. Bu sorunlar\u0131n par\u00e7a bu\u00e7uk \u00e7\u00f6z\u00fcmle hallolmayaca\u011f\u0131na art\u0131k hepimiz inand\u0131k.<\/p><div id=\"bghab-2873093108\" class=\"bghab-icerik-icine-20-paragraf bghab-entity-placement\"><script async src=\"\/\/pagead2.googlesyndication.com\/pagead\/js\/adsbygoogle.js?client=ca-pub-6203283170189293\" crossorigin=\"anonymous\"><\/script><ins class=\"adsbygoogle\" style=\"display:block; text-align:center;\" data-ad-client=\"ca-pub-6203283170189293\" \ndata-ad-slot=\"7303146466\" \ndata-ad-layout=\"in-article\"\ndata-ad-format=\"fluid\" data-full-width-responsive=\"true\"><\/ins>\n<script> \n(adsbygoogle = window.adsbygoogle || []).push({}); \n<\/script>\n<\/div>\n<p>Kan\u0131m\u0131zca Bulgaristan topraklar\u0131ndaki Osmanl\u0131 ve \u0130slam din ve y\u00fcksek mimar eserlerinin korunmas\u0131 konusu Moskova\u2019da 15 A\u011fustos tarihinde yap\u0131lacak resmi g\u00f6r\u00fc\u015fmelerine de usul\u00fcnce ta\u015f\u0131nmas\u0131 zaman\u0131 gelmi\u015f bulunuyor. Putin-Erdo\u011fan anla\u015fmas\u0131n\u0131n en b\u00fcy\u00fck eseri Moskova\u2019daki B\u00fcy\u00fck Cami kuruculu\u011fu ve a\u00e7\u0131lmas\u0131d\u0131r. V. Putin\u2019in b\u00fcy\u00fck bir grup Rusya din adam\u0131yla birlikte umreye gitmesi de, onun \u0130slam dini eserlerine y\u00fcksek de\u011fer verdi\u011fine yeni kan\u0131tlardan biridir. 1878\u2019de Rusya\u2019n\u0131n da imzas\u0131 olan Berlin Anla\u015fmas\u0131ndan sonra Bulgaristan\u2019da kalan din ve y\u00fcksek mimar eserlerinin, M\u00fcsl\u00fcman ta\u015f\u0131nmazlar\u0131n\u0131n ac\u0131nas\u0131 kaderi ortadad\u0131r.<\/p>\n<p>Tarih hi\u00e7 kimseyi esir alamaz. Tarih, kimilerine hapis, di\u011ferlerine cennet olamaz. Tarih, kimsenin ba\u015fkas\u0131n\u0131n mal\u0131na m\u00fclk\u00fcne sorumsuzca ve keyfi niyetle el atmas\u0131na hak tan\u0131maz. Her medeniyetin kendi yasalar\u0131 ve ahlak\u0131 vard\u0131r. Demokrasilerde t\u00fcm vatanda\u015flar\u0131n e\u015fit vatanda\u015fl\u0131\u011f\u0131 kutsal bir yasall\u0131kt\u0131r. E\u015fit vatanda\u015fl\u0131ksa; \u00f6tekile\u015ftirmeyi, yasa d\u0131\u015f\u0131 yollardan bask\u0131 uygulamay\u0131, zorlamay\u0131 ve yasa d\u0131\u015f\u0131 bask\u0131lar\u0131n t\u00fcm\u00fcn\u00fc, kas\u0131tl\u0131 \u00f6nlem al\u0131nmas\u0131n\u0131, yarg\u0131s\u0131z infaz\u0131 \u00a0tamamen d\u0131\u015flayan bir toplum d\u00fczenidir. Etnik kimli\u011fine bak\u0131lmaks\u0131z\u0131n her vatanda\u015f\u0131n mal\u0131n\u0131 m\u00fclk\u00fcn\u00fc, k\u00fclt\u00fcr\u00fcn\u00fc, sosyal haklar\u0131n\u0131 korumas\u0131 do\u011fal ve yasal hakk\u0131d\u0131r. Adalet u\u011fruna direnme do\u011fal bir hakt\u0131r ve asla s\u0131n\u0131rlanamaz.<\/p>\n<p>Kesin kan\u0131m\u0131za g\u00f6re, bizim do\u011fup b\u00fcy\u00fcd\u00fc\u011f\u00fcm\u00fcz k\u00f6y ve kentlerde, il merkezlerinde 138 seneden beri durmadan kanayan yukar\u0131da i\u015faret etti\u011fim \u015fu yaralar\u0131n geri d\u00f6n\u00fc\u015fs\u00fcz bir bi\u00e7imde sar\u0131lmas\u0131 ve savmas\u0131 zaman\u0131 gelmi\u015ftir. Bulgaristan\u2019da M\u00fcsl\u00fcmanl\u0131\u011f\u0131 bir bar\u0131\u015f\u00e7\u0131 din ve evrensel k\u00fclt\u00fcr olarak daha yak\u0131ndan kucaklayacak bir k\u00fclt\u00fcrel ve e\u011fitimsel at\u0131l\u0131ma ihtiya\u00e7 oldu\u011fu ortadad\u0131r. K\u00fclt\u00fcr Bakan\u0131n\u0131n T\u00fcrk olmas\u0131 bu bak\u0131ma anlam ta\u015f\u0131m\u0131yor. H\u00d6H partisi Genel Ba\u015fkan\u0131\u2019n\u0131n Rodoplar\u2019da bir T\u00fcrk k\u00f6y\u00fcnde do\u011fmu\u015f olmas\u0131 da anlams\u0131zd\u0131r. Bu i\u015flerin \u00f6z\u00fcnde, M\u00fcsl\u00fcman T\u00fcrkl\u00fc\u011f\u00fcm\u00fcz\u00fc bir d\u00fcnya g\u00f6r\u00fc\u015f\u00fc ve ya\u015fam tarz\u0131 olarak benimseyen \u00f6d\u00fcns\u00fcz savunma zihniyeti yer almal\u0131d\u0131r. Hele \u015fimdi FET\u00d6 illeti kadrolar\u0131n\u0131n cami ve mescitlerimizden \u00e7\u0131kar\u0131lmas\u0131 zaman\u0131 gelmi\u015fken, art\u0131k biz \u00a0\u201c<strong>diyalogculardan<\/strong>\u201d, \u201c<strong>zamanc\u0131lardan<\/strong>\u201d \u201c<strong>\u0131l\u0131ml\u0131<\/strong> <strong>\u0130slamc\u0131lardan<\/strong>\u201d, \u201c<strong>k\u00f6ftecilerden<\/strong>\u201d ve \u201c<strong>torbac\u0131lardan<\/strong>\u201d kurtulal\u0131m, kendi sorunlar\u0131m\u0131za kesin ve k\u00f6kl\u00fc \u00e7\u00f6z\u00fcmler getirelim, diyoruz. Biz T\u00fcrkler, di\u011fer etnik az\u0131nl\u0131klar\u0131m\u0131za \u00f6nc\u00fcl\u00fck etmeliyiz. \u0130ki sakattan bir adam olmaz. Biz kendi sorunlar\u0131m\u0131z\u0131 kendi g\u00fc\u00e7lerimizle \u00e7\u00f6zme yolu bulmal\u0131y\u0131z. Zaman \u00fcst\u00fcnl\u00fc\u011f\u00fcm\u00fcz\u00fc sa\u011flayacak oyun kuruculu\u011fu zaman\u0131d\u0131r.<\/p>\n<p>Son olaylara, son geli\u015fmelere, insanlar\u0131m\u0131z\u0131n sosyal ve ekonomik sorunlarla birlikte k\u00fclt\u00fcrel, dil ve din sorunlar\u0131na da ger\u00e7ek\u00e7i bir \u00e7\u00f6z\u00fcm bekledi\u011fini unutmayal\u0131m. S\u0131k\u0131\u015ft\u0131r\u0131lan yoksul ahalimizin T\u00fcrkiye\u2019ye ve Bat\u0131 Avrupa \u00fclkelerine g\u00f6\u00e7e zorlanmas\u0131 \u00e7ok de\u011fi\u015fik y\u00f6ntemlerle uygulan\u0131yor. Filibe\u2019de izlenen s\u0131k\u0131\u015ft\u0131rma \u00f6rnekleri bunu kan\u0131tl\u0131yor. Edinimlerimizi savunmal\u0131y\u0131z. Bu bizim yasal hakk\u0131m\u0131zd\u0131r. Onlar, M\u00fcsl\u00fcman T\u00fcrkl\u00fck d\u00fc\u011f\u00fcm\u00fcn\u00fc her g\u00fcn biraz daha \u00e7\u00f6zmek, bizi birbirimize ba\u011flayan ipleri kesmek, bizi birbirimize kar\u015f\u0131 k\u0131\u015fk\u0131rtmak pe\u015findedirler. Uyan\u0131k olal\u0131m ve direnelim.<\/p>\n<p>\u0130yi g\u00fcnler.<\/p><div id=\"bghab-1835093818\" class=\"bghab-icerik-icine-25-paragraf bghab-entity-placement\"><script async src=\"\/\/pagead2.googlesyndication.com\/pagead\/js\/adsbygoogle.js?client=ca-pub-6203283170189293\" crossorigin=\"anonymous\"><\/script><ins class=\"adsbygoogle\" style=\"display:block; text-align:center;\" data-ad-client=\"ca-pub-6203283170189293\" \ndata-ad-slot=\"7303146466\" \ndata-ad-layout=\"in-article\"\ndata-ad-format=\"fluid\" data-full-width-responsive=\"true\"><\/ins>\n<script> \n(adsbygoogle = window.adsbygoogle || []).push({}); \n<\/script>\n<\/div>\n<p>&nbsp;<\/p>\n<div id=\"bghab-4068351694\" class=\"bghab-yazi-altinda bghab-entity-placement\"><div class=\"bghab-adlabel\">Reklamlar<\/div><script async src=\"https:\/\/pagead2.googlesyndication.com\/pagead\/js\/adsbygoogle.js\"><\/script>\r\n<!-- bghaber-yaz\u0131-sonu -->\r\n<ins class=\"adsbygoogle\"\r\n     style=\"display:block\"\r\n     data-ad-client=\"ca-pub-6203283170189293\"\r\n     data-ad-slot=\"4222328180\"\r\n     data-ad-format=\"auto\"\r\n     data-full-width-responsive=\"true\"><\/ins>\r\n<script>\r\n     (adsbygoogle = window.adsbygoogle || []).push({});\r\n<\/script><\/div><br style=\"clear: both; display: block; float: none;\"\/>","protected":false},"excerpt":{"rendered":"<p>Raziye \u00c7ak\u0131r Konu:\u00a0 Az\u0131nl\u0131ktan bir vatanda\u015f\u0131n evini y\u0131kmak \u0131rk\u00e7\u0131l\u0131kt\u0131r. A\u011fustos s\u0131ca\u011f\u0131nda yer g\u00f6k kaynarken Plovdiv (Filibe)&#8217;in\u00a0Stoliponovo (Yeni Mahalle)&#8217;da fokur fokur. Sosyal gerginlik ya\u015fan\u0131yor. \u00c7ingenelere \u201cEvlerinizden<\/p>\n","protected":false},"author":13,"featured_media":31122,"comment_status":"closed","ping_status":"closed","sticky":false,"template":"","format":"standard","meta":{"advanced_seo_description":"","jetpack_seo_html_title":"","jetpack_seo_noindex":false,"_jetpack_memberships_contains_paid_content":false,"footnotes":""},"categories":[6],"tags":[],"class_list":["post-19950","post","type-post","status-publish","format-standard","has-post-thumbnail","hentry","category-yorum"],"jetpack_featured_media_url":"https:\/\/i0.wp.com\/www.bghaber.org\/bghaber\/wp-content\/uploads\/2018\/06\/k%C3%BC%C3%A7%C3%BCk-vesikal%C4%B1k.jpg?fit=332%2C500&ssl=1","jetpack_sharing_enabled":true,"jetpack_likes_enabled":true,"jetpack-related-posts":[],"jetpack_shortlink":"https:\/\/wp.me\/pc2PfJ-5bM","_links":{"self":[{"href":"https:\/\/www.bghaber.org\/bghaber\/wp-json\/wp\/v2\/posts\/19950","targetHints":{"allow":["GET"]}}],"collection":[{"href":"https:\/\/www.bghaber.org\/bghaber\/wp-json\/wp\/v2\/posts"}],"about":[{"href":"https:\/\/www.bghaber.org\/bghaber\/wp-json\/wp\/v2\/types\/post"}],"author":[{"embeddable":true,"href":"https:\/\/www.bghaber.org\/bghaber\/wp-json\/wp\/v2\/users\/13"}],"replies":[{"embeddable":true,"href":"https:\/\/www.bghaber.org\/bghaber\/wp-json\/wp\/v2\/comments?post=19950"}],"version-history":[{"count":0,"href":"https:\/\/www.bghaber.org\/bghaber\/wp-json\/wp\/v2\/posts\/19950\/revisions"}],"wp:featuredmedia":[{"embeddable":true,"href":"https:\/\/www.bghaber.org\/bghaber\/wp-json\/wp\/v2\/media\/31122"}],"wp:attachment":[{"href":"https:\/\/www.bghaber.org\/bghaber\/wp-json\/wp\/v2\/media?parent=19950"}],"wp:term":[{"taxonomy":"category","embeddable":true,"href":"https:\/\/www.bghaber.org\/bghaber\/wp-json\/wp\/v2\/categories?post=19950"},{"taxonomy":"post_tag","embeddable":true,"href":"https:\/\/www.bghaber.org\/bghaber\/wp-json\/wp\/v2\/tags?post=19950"}],"curies":[{"name":"wp","href":"https:\/\/api.w.org\/{rel}","templated":true}]}}