{"id":1994,"date":"2013-05-24T01:32:02","date_gmt":"2013-05-23T22:32:02","guid":{"rendered":"http:\/\/bghaber.org\/bghaber\/?p=1994"},"modified":"2019-07-18T23:57:11","modified_gmt":"2019-07-18T21:57:11","slug":"hukumeti-kurma-gorevi-bspye-verildi","status":"publish","type":"post","link":"https:\/\/www.bghaber.org\/bghaber\/hukumeti-kurma-gorevi-bspye-verildi\/","title":{"rendered":"H\u00fck\u00fcmeti kurma g\u00f6revi BSP&#8217;ye verildi"},"content":{"rendered":"<p>Cumhurba\u015fkan\u0131 Rosen Plevneliev, 12 May\u0131s g\u00fcn\u00fc ger\u00e7ekle\u015ftirilen parlamento se\u00e7imlerinin ard\u0131ndan h\u00fck\u00fcmeti kurma g\u00f6revini eski Maliye Bakan\u0131 Plamen Ora\u015farski&#8217;ye verdi.<br \/>\n<!--more--><br \/>\n<a href=\"https:\/\/i0.wp.com\/bghaber.org\/bghaber\/wp-content\/uploads\/2013\/05\/bsp.jpg\"><img data-recalc-dims=\"1\" loading=\"lazy\" decoding=\"async\" class=\"alignright size-full wp-image-1995\" alt=\"bsp\" src=\"https:\/\/i0.wp.com\/bghaber.org\/bghaber\/wp-content\/uploads\/2013\/05\/bsp.jpg?resize=67%2C89\" width=\"67\" height=\"89\" \/><\/a>Se\u00e7imlerden birinci parti olarak \u00e7\u0131kan GERB lideri Boyko Borisov&#8217;un h\u00fck\u00fcmeti kurma g\u00f6revini kabul etmemesinin ard\u0131ndan makama Sosyalist Parti lideri Sergey Stani\u015fev ve ba\u015fbakan aday\u0131 Plamen Ora\u015farski davet edildi. Cumhurba\u015fkan\u0131 Plevneliev, h\u00fck\u00fcmeti kurma g\u00f6revini Ora\u015farski&#8217;ye verdi. Ba\u015fbakan aday\u0131 ilk a\u00e7\u0131klamas\u0131nda enerji sekt\u00f6r\u00fcn\u00fcn \u00e7\u00f6k\u00fc\u015fte oldu\u011funu ve buna \u00e7ok acil \u00e7\u00f6z\u00fcm bulunmas\u0131 gerekti\u011fini vurgulad\u0131. Ora\u015farski ekonomiyi ve devleti g\u00fc\u00e7lendirerek daha iyi bir AB \u00fclkesi olacaklar\u0131n\u0131 vurgulad\u0131.<\/p>\n<p>Ora\u015farski&#8217;nin kuraca\u011f\u0131 teknokratlar h\u00fck\u00fcmetinin Sal\u0131 g\u00fcn\u00fc netle\u015fmesi bekleniyor. H\u00fck\u00fcmeti Sosyalist Parti ile Hak ve \u00d6zg\u00fcrl\u00fckler Hareketi destekliyor. Milliyet\u00e7i Ataka&#8217;n\u0131n ise d\u0131\u015far\u0131dan destek verece\u011fi belirtiliyor.<\/p>\n<div id=\"bghab-127609592\" class=\"bghab-yazi-altinda bghab-entity-placement\"><script async src=\"https:\/\/pagead2.googlesyndication.com\/pagead\/js\/adsbygoogle.js\"><\/script>\r\n<!-- bghaber-yaz\u0131-sonu -->\r\n<ins class=\"adsbygoogle\"\r\n     style=\"display:block\"\r\n     data-ad-client=\"ca-pub-6203283170189293\"\r\n     data-ad-slot=\"4222328180\"\r\n     data-ad-format=\"auto\"\r\n     data-full-width-responsive=\"true\"><\/ins>\r\n<script>\r\n     (adsbygoogle = window.adsbygoogle || []).push({});\r\n<\/script><\/div><br style=\"clear: both; display: block; float: none;\"\/>","protected":false},"excerpt":{"rendered":"<p>Cumhurba\u015fkan\u0131 Rosen Plevneliev, 12 May\u0131s g\u00fcn\u00fc ger\u00e7ekle\u015ftirilen parlamento se\u00e7imlerinin ard\u0131ndan h\u00fck\u00fcmeti kurma g\u00f6revini eski Maliye Bakan\u0131 Plamen Ora\u015farski&#8217;ye verdi.<\/p>\n","protected":false},"author":29,"featured_media":1995,"comment_status":"closed","ping_status":"closed","sticky":false,"template":"","format":"standard","meta":{"advanced_seo_description":"","jetpack_seo_html_title":"","jetpack_seo_noindex":false,"jetpack_seo_schema_type":"","_jetpack_newsletter_access":"","_jetpack_dont_email_post_to_subs":false,"_jetpack_newsletter_tier_id":0,"_jetpack_memberships_contains_paywalled_content":false,"_jetpack_feature_clip_id":0,"_jetpack_memberships_contains_paid_content":false,"footnotes":"","jetpack_post_was_ever_published":false},"categories":[4],"tags":[129,30,114],"class_list":["post-1994","post","type-post","status-publish","format-standard","has-post-thumbnail","hentry","category-siyaset","tag-bsp","tag-bulgaristan","tag-gerb"],"jetpack_sharing_enabled":true,"jetpack_likes_enabled":true,"jetpack-related-posts":[],"jetpack_shortlink":"https:\/\/wp.me\/pc2PfJ-wa","jetpack_featured_media_url":"https:\/\/i0.wp.com\/www.bghaber.org\/bghaber\/wp-content\/uploads\/2013\/05\/bsp.jpg?fit=67%2C89&ssl=1","_links":{"self":[{"href":"https:\/\/www.bghaber.org\/bghaber\/wp-json\/wp\/v2\/posts\/1994","targetHints":{"allow":["GET"]}}],"collection":[{"href":"https:\/\/www.bghaber.org\/bghaber\/wp-json\/wp\/v2\/posts"}],"about":[{"href":"https:\/\/www.bghaber.org\/bghaber\/wp-json\/wp\/v2\/types\/post"}],"author":[{"embeddable":true,"href":"https:\/\/www.bghaber.org\/bghaber\/wp-json\/wp\/v2\/users\/29"}],"replies":[{"embeddable":true,"href":"https:\/\/www.bghaber.org\/bghaber\/wp-json\/wp\/v2\/comments?post=1994"}],"version-history":[{"count":0,"href":"https:\/\/www.bghaber.org\/bghaber\/wp-json\/wp\/v2\/posts\/1994\/revisions"}],"wp:featuredmedia":[{"embeddable":true,"href":"https:\/\/www.bghaber.org\/bghaber\/wp-json\/wp\/v2\/media\/1995"}],"wp:attachment":[{"href":"https:\/\/www.bghaber.org\/bghaber\/wp-json\/wp\/v2\/media?parent=1994"}],"wp:term":[{"taxonomy":"category","embeddable":true,"href":"https:\/\/www.bghaber.org\/bghaber\/wp-json\/wp\/v2\/categories?post=1994"},{"taxonomy":"post_tag","embeddable":true,"href":"https:\/\/www.bghaber.org\/bghaber\/wp-json\/wp\/v2\/tags?post=1994"}],"curies":[{"name":"wp","href":"https:\/\/api.w.org\/{rel}","templated":true}]}}