{"id":19937,"date":"2016-08-01T17:26:24","date_gmt":"2016-08-01T14:26:24","guid":{"rendered":"http:\/\/www.bghaber.org\/bghaber\/?p=19937"},"modified":"2016-08-01T20:00:11","modified_gmt":"2016-08-01T17:00:11","slug":"turkiye-bulgaristandan-fethullah-gulene-yakinligi-ile-bilinen-bir-kisinin-sinir-disi-edilmesini-talep-ediyor","status":"publish","type":"post","link":"https:\/\/www.bghaber.org\/bghaber\/turkiye-bulgaristandan-fethullah-gulene-yakinligi-ile-bilinen-bir-kisinin-sinir-disi-edilmesini-talep-ediyor\/","title":{"rendered":"T\u00fcrkiye Bulgaristan\u2019dan Fethullah G\u00fclen\u2019e yak\u0131nl\u0131\u011f\u0131 ile bilinen bir ki\u015finin s\u0131n\u0131r d\u0131\u015f\u0131 edilmesini talep ediyor"},"content":{"rendered":"<p><img data-recalc-dims=\"1\" height=\"300\" width=\"296\" decoding=\"async\" src=\"https:\/\/i0.wp.com\/www.bghaber.org\/bghaber\/wp-content\/uploads\/2015\/11\/nahide-deniz-296x300.jpg?resize=296%2C300\" alt=\"nahide-deniz\" \/><\/p>\n<p>T\u00fcrkiye D\u0131\u015fi\u015fleri Bakan\u0131 Mevl\u00fct \u00c7avu\u015fo\u011flu, G\u00fcney kom\u015fumuzun 15 temmuz tarihindeki ba\u015far\u0131s\u0131z darbeyi y\u00f6neten Fethullah G\u00fclen\u2019in ter\u00f6r \u00f6rg\u00fct\u00fc ile yak\u0131nl\u0131\u011f\u0131 ile bilinen bir ki\u015finin s\u0131n\u0131r d\u0131\u015f\u0131 edilmesini i\u00e7in Bulgaristan\u2019a bir heyet g\u00f6nderece\u011fini a\u00e7\u0131klad\u0131. Bakan \u00c7avu\u015fo\u011flu bu a\u00e7\u0131klamay\u0131 Cumhurba\u015fkan\u0131 Recep Tayyip Erdo\u011fan\u2019\u0131 desteklemek amac\u0131yla Antalya\u2019da d\u00fczenlenen mitingte yapt\u0131. Mevl\u00fct \u00c7avu\u015fo\u011flu isim vermeden \u015funu s\u00f6yledi: \u201cCumhurba\u015fkan\u0131 R.Tayyip Erdo\u011fan\u2019\u0131 \u00f6ld\u00fcrmeyi ama\u00e7layan darbecilerin baz\u0131lar\u0131 ka\u00e7may\u0131 ba\u015fard\u0131lar, fakat gizlenmeyi ba\u015faramayacaklar, \u00e7\u00fcnk\u00fc ba\u015fta kurum, polis ve ordu olmak \u00fczere t\u00fcm g\u00fc\u00e7leri harekete ge\u00e7irmi\u015f bulunuyoruz. Onlar er ge\u00e7 tutuklanacak\u201d dedi. Haberi, BNR\u2019in \u0130stanbul muhabiri Nahide Deniz aktard\u0131.<\/p>\n<p>Bulgaristan Adalet Bakanl\u0131\u011f\u0131\u2019ndan 28 Hazirandan sonra T\u00fcrkiye\u2019nin yetkili bir makam\u0131ndan, ad\u0131 ter\u00f6r eylemiyle an\u0131lan bir yurtta\u015f\u0131n\u0131n teslim edilmesi konusunda ba\u015fvuru yap\u0131lm\u0131\u015f olmad\u0131\u011f\u0131 duyruldu.<\/p>\n<div id=\"bghab-656678312\" class=\"bghab-yazi-altinda bghab-entity-placement\"><div class=\"bghab-adlabel\">Reklamlar<\/div><script async src=\"https:\/\/pagead2.googlesyndication.com\/pagead\/js\/adsbygoogle.js\"><\/script>\r\n<!-- bghaber-yaz\u0131-sonu -->\r\n<ins class=\"adsbygoogle\"\r\n     style=\"display:block\"\r\n     data-ad-client=\"ca-pub-6203283170189293\"\r\n     data-ad-slot=\"4222328180\"\r\n     data-ad-format=\"auto\"\r\n     data-full-width-responsive=\"true\"><\/ins>\r\n<script>\r\n     (adsbygoogle = window.adsbygoogle || []).push({});\r\n<\/script><\/div><br style=\"clear: both; display: block; float: none;\"\/>","protected":false},"excerpt":{"rendered":"<p>T\u00fcrkiye D\u0131\u015fi\u015fleri Bakan\u0131 Mevl\u00fct \u00c7avu\u015fo\u011flu, G\u00fcney kom\u015fumuzun 15 temmuz tarihindeki ba\u015far\u0131s\u0131z darbeyi y\u00f6neten Fethullah G\u00fclen\u2019in ter\u00f6r \u00f6rg\u00fct\u00fc ile yak\u0131nl\u0131\u011f\u0131 ile bilinen bir ki\u015finin s\u0131n\u0131r d\u0131\u015f\u0131<\/p>\n","protected":false},"author":13,"featured_media":16862,"comment_status":"closed","ping_status":"closed","sticky":false,"template":"","format":"standard","meta":{"advanced_seo_description":"","jetpack_seo_html_title":"","jetpack_seo_noindex":false,"_jetpack_memberships_contains_paid_content":false,"footnotes":""},"categories":[5],"tags":[],"class_list":["post-19937","post","type-post","status-publish","format-standard","has-post-thumbnail","hentry","category-yasam"],"jetpack_featured_media_url":"https:\/\/i0.wp.com\/www.bghaber.org\/bghaber\/wp-content\/uploads\/2015\/11\/nahide-deniz.jpg?fit=1371%2C1390&ssl=1","jetpack_sharing_enabled":true,"jetpack_likes_enabled":true,"jetpack-related-posts":[],"jetpack_shortlink":"https:\/\/wp.me\/pc2PfJ-5bz","_links":{"self":[{"href":"https:\/\/www.bghaber.org\/bghaber\/wp-json\/wp\/v2\/posts\/19937","targetHints":{"allow":["GET"]}}],"collection":[{"href":"https:\/\/www.bghaber.org\/bghaber\/wp-json\/wp\/v2\/posts"}],"about":[{"href":"https:\/\/www.bghaber.org\/bghaber\/wp-json\/wp\/v2\/types\/post"}],"author":[{"embeddable":true,"href":"https:\/\/www.bghaber.org\/bghaber\/wp-json\/wp\/v2\/users\/13"}],"replies":[{"embeddable":true,"href":"https:\/\/www.bghaber.org\/bghaber\/wp-json\/wp\/v2\/comments?post=19937"}],"version-history":[{"count":0,"href":"https:\/\/www.bghaber.org\/bghaber\/wp-json\/wp\/v2\/posts\/19937\/revisions"}],"wp:featuredmedia":[{"embeddable":true,"href":"https:\/\/www.bghaber.org\/bghaber\/wp-json\/wp\/v2\/media\/16862"}],"wp:attachment":[{"href":"https:\/\/www.bghaber.org\/bghaber\/wp-json\/wp\/v2\/media?parent=19937"}],"wp:term":[{"taxonomy":"category","embeddable":true,"href":"https:\/\/www.bghaber.org\/bghaber\/wp-json\/wp\/v2\/categories?post=19937"},{"taxonomy":"post_tag","embeddable":true,"href":"https:\/\/www.bghaber.org\/bghaber\/wp-json\/wp\/v2\/tags?post=19937"}],"curies":[{"name":"wp","href":"https:\/\/api.w.org\/{rel}","templated":true}]}}