{"id":19935,"date":"2016-08-01T17:05:19","date_gmt":"2016-08-01T14:05:19","guid":{"rendered":"http:\/\/www.bghaber.org\/bghaber\/?p=19935"},"modified":"2016-08-01T20:10:27","modified_gmt":"2016-08-01T17:10:27","slug":"cumhurbaskanligi-secimine-iki-musluman-aday","status":"publish","type":"post","link":"https:\/\/www.bghaber.org\/bghaber\/cumhurbaskanligi-secimine-iki-musluman-aday\/","title":{"rendered":"Cumhurba\u015fkanl\u0131\u011f\u0131 Se\u00e7imine \u0130ki M\u00fcsl\u00fcman Aday"},"content":{"rendered":"<p style=\"text-align: left;\">Bulgaristan&#8217;da Cumhurba\u015fkanl\u0131\u011f\u0131 se\u00e7iminin\u00a0<a class=\"keyword-sd\" title=\"6 Kas\u0131m\" href=\"http:\/\/www.sondakika.com\/6-kasim\/\">6 Kas\u0131m<\/a>&#8216;da yap\u0131lmas\u0131na karar verildi.<\/p>\n<p><img data-recalc-dims=\"1\" decoding=\"async\" src=\"https:\/\/i0.wp.com\/www.bghaber.org\/bghaber\/wp-content\/uploads\/2016\/06\/bg-meslis.jpg?w=640\" alt=\"bg meslis\" \/><\/p>\n<p>Bulgaristan Parlamentosu&#8217;nda yap\u0131lan oturumda, cumhurba\u015fkanl\u0131\u011f\u0131 se\u00e7iminin tarihi belirlendi. Oylamada Avrupal\u0131 Geli\u015fimi \u0130\u00e7in Vatanda\u015flar (GERB) partisinin \u00f6nerdi\u011fi tarih olan\u00a0<a class=\"keyword-sd\" title=\"6 Kas\u0131m\" href=\"http:\/\/www.sondakika.com\/6-kasim\/\">6 Kas\u0131m<\/a>&#8216;da karar k\u0131l\u0131nd\u0131.<\/p>\n<p>Parlamento ayr\u0131ca ayn\u0131 tarihte 3 sorulu bir referanduma gidilmesini de onaylad\u0131.<\/p>\n<p>Referandumda halka, &#8220;Milletvekillerin, partilerin belirledi\u011fi listelere g\u00f6re de\u011fil, ki\u015fisel aday olarak se\u00e7ilmelerini destekliyor musunuz?&#8221;, &#8220;Se\u00e7im ve referandumlarda zorunlu oy kullan\u0131m\u0131n\u0131 onayl\u0131yor musunuz?&#8221; ve &#8220;Parti ve koalisyonlara verilen devlet maddi deste\u011finin son se\u00e7imde al\u0131nan oy ba\u015f\u0131na 1 leva (57 kuru\u015f) olmas\u0131n\u0131 destekliyor musunuz?&#8221; sorular\u0131 y\u00f6netilecek.<\/p>\n<p>Adaylar<\/p><div id=\"bghab-2055223246\" class=\"bghab-icerik-icine bghab-entity-placement\"><script async src=\"\/\/pagead2.googlesyndication.com\/pagead\/js\/adsbygoogle.js?client=ca-pub-6203283170189293\" crossorigin=\"anonymous\"><\/script><ins class=\"adsbygoogle\" style=\"display:block; text-align:center;\" data-ad-client=\"ca-pub-6203283170189293\" \ndata-ad-slot=\"7303146466\" \ndata-ad-layout=\"in-article\"\ndata-ad-format=\"fluid\" data-full-width-responsive=\"true\"><\/ins>\n<script> \n(adsbygoogle = window.adsbygoogle || []).push({}); \n<\/script>\n<\/div>\n<p>Se\u00e7im tarihinin yakla\u015fmas\u0131na ra\u011fmen siyasi partilerin b\u00fcy\u00fck k\u0131sm\u0131, cumhurba\u015fkan\u0131 ve cumhurba\u015fkan\u0131 yard\u0131mc\u0131s\u0131 adaylar\u0131n\u0131, a\u011fustos sonunda a\u00e7\u0131klamay\u0131 planl\u0131yor.<\/p>\n<p>H\u00fck\u00fcmet yanl\u0131s\u0131 \u0131rk\u00e7\u0131 Vatansever Cephe (PF) koalisyonu ve a\u015f\u0131r\u0131 solcu muhalefet Ataka Partisi ise g\u00f6r\u00fc\u015f ayr\u0131l\u0131klar\u0131n\u0131 bir kenara b\u0131rakarak ortak aday belirledi.<\/p>\n<p>Bu partiler, PF e\u015f ba\u015fkanlar\u0131ndan Krasimir Karaka\u00e7anov&#8217;u cumhurba\u015fkan\u0131, Ataka milletvekillerinden Yavor Notev&#8217;i cumhurba\u015fkan\u0131 yard\u0131mc\u0131s\u0131 aday\u0131 olarak g\u00f6sterdi.<\/p>\n<p>Adaylar aras\u0131nda, Ba\u015fbakan Boyko Borisov ile eski kral ve eski ba\u015fbakanlardan 79 ya\u015f\u0131ndaki Simeon Sakskoburgotski&#8217;nin, M\u00fcsl\u00fcmanlardan DOST Partisinin B\u015fk.Yrd.Mehmet Hoca gibi isimler de ge\u00e7iyor ve M\u00fcsl\u00fcman bir aday daha olabilece\u011fi konu\u015fuluyor.<\/p>\n<p>Ancak bunlar\u0131n\u00a0\u015fimdilik aday olup olmayacaklar\u0131 konusunda net bir a\u00e7\u0131klama yap\u0131lmad\u0131.<\/p><div id=\"bghab-919329759\" class=\"bghab-icerik-icine-10-paragraf bghab-entity-placement\"><script async src=\"\/\/pagead2.googlesyndication.com\/pagead\/js\/adsbygoogle.js?client=ca-pub-6203283170189293\" crossorigin=\"anonymous\"><\/script><ins class=\"adsbygoogle\" style=\"display:block; text-align:center;\" data-ad-client=\"ca-pub-6203283170189293\" \ndata-ad-slot=\"7303146466\" \ndata-ad-layout=\"in-article\"\ndata-ad-format=\"fluid\" data-full-width-responsive=\"true\"><\/ins>\n<script> \n(adsbygoogle = window.adsbygoogle || []).push({}); \n<\/script>\n<\/div>\n<div id=\"bghab-4128303076\" class=\"bghab-yazi-altinda bghab-entity-placement\"><div class=\"bghab-adlabel\">Reklamlar<\/div><script async src=\"https:\/\/pagead2.googlesyndication.com\/pagead\/js\/adsbygoogle.js\"><\/script>\r\n<!-- bghaber-yaz\u0131-sonu -->\r\n<ins class=\"adsbygoogle\"\r\n     style=\"display:block\"\r\n     data-ad-client=\"ca-pub-6203283170189293\"\r\n     data-ad-slot=\"4222328180\"\r\n     data-ad-format=\"auto\"\r\n     data-full-width-responsive=\"true\"><\/ins>\r\n<script>\r\n     (adsbygoogle = window.adsbygoogle || []).push({});\r\n<\/script><\/div><br style=\"clear: both; display: block; float: none;\"\/>","protected":false},"excerpt":{"rendered":"<p>Bulgaristan&#8217;da Cumhurba\u015fkanl\u0131\u011f\u0131 se\u00e7iminin\u00a06 Kas\u0131m&#8216;da yap\u0131lmas\u0131na karar verildi. Bulgaristan Parlamentosu&#8217;nda yap\u0131lan oturumda, cumhurba\u015fkanl\u0131\u011f\u0131 se\u00e7iminin tarihi belirlendi. Oylamada Avrupal\u0131 Geli\u015fimi \u0130\u00e7in Vatanda\u015flar (GERB) partisinin \u00f6nerdi\u011fi tarih olan\u00a06<\/p>\n","protected":false},"author":13,"featured_media":19207,"comment_status":"closed","ping_status":"closed","sticky":false,"template":"","format":"standard","meta":{"advanced_seo_description":"","jetpack_seo_html_title":"","jetpack_seo_noindex":false,"_jetpack_memberships_contains_paid_content":false,"footnotes":""},"categories":[5],"tags":[],"class_list":["post-19935","post","type-post","status-publish","format-standard","has-post-thumbnail","hentry","category-yasam"],"jetpack_featured_media_url":"https:\/\/i0.wp.com\/www.bghaber.org\/bghaber\/wp-content\/uploads\/2016\/06\/bg-meslis.jpg?fit=610%2C343&ssl=1","jetpack_sharing_enabled":true,"jetpack_likes_enabled":true,"jetpack-related-posts":[],"jetpack_shortlink":"https:\/\/wp.me\/pc2PfJ-5bx","_links":{"self":[{"href":"https:\/\/www.bghaber.org\/bghaber\/wp-json\/wp\/v2\/posts\/19935","targetHints":{"allow":["GET"]}}],"collection":[{"href":"https:\/\/www.bghaber.org\/bghaber\/wp-json\/wp\/v2\/posts"}],"about":[{"href":"https:\/\/www.bghaber.org\/bghaber\/wp-json\/wp\/v2\/types\/post"}],"author":[{"embeddable":true,"href":"https:\/\/www.bghaber.org\/bghaber\/wp-json\/wp\/v2\/users\/13"}],"replies":[{"embeddable":true,"href":"https:\/\/www.bghaber.org\/bghaber\/wp-json\/wp\/v2\/comments?post=19935"}],"version-history":[{"count":0,"href":"https:\/\/www.bghaber.org\/bghaber\/wp-json\/wp\/v2\/posts\/19935\/revisions"}],"wp:featuredmedia":[{"embeddable":true,"href":"https:\/\/www.bghaber.org\/bghaber\/wp-json\/wp\/v2\/media\/19207"}],"wp:attachment":[{"href":"https:\/\/www.bghaber.org\/bghaber\/wp-json\/wp\/v2\/media?parent=19935"}],"wp:term":[{"taxonomy":"category","embeddable":true,"href":"https:\/\/www.bghaber.org\/bghaber\/wp-json\/wp\/v2\/categories?post=19935"},{"taxonomy":"post_tag","embeddable":true,"href":"https:\/\/www.bghaber.org\/bghaber\/wp-json\/wp\/v2\/tags?post=19935"}],"curies":[{"name":"wp","href":"https:\/\/api.w.org\/{rel}","templated":true}]}}