{"id":19933,"date":"2016-08-01T17:00:00","date_gmt":"2016-08-01T14:00:00","guid":{"rendered":"http:\/\/www.bghaber.org\/bghaber\/?p=19933"},"modified":"2016-08-01T20:13:26","modified_gmt":"2016-08-01T17:13:26","slug":"bulgaristanda-dost-partisinin-tescili-onaylandi","status":"publish","type":"post","link":"https:\/\/www.bghaber.org\/bghaber\/bulgaristanda-dost-partisinin-tescili-onaylandi\/","title":{"rendered":"Bulgaristan&#8217;da Dost Partisinin Tescili Onayland\u0131"},"content":{"rendered":"<p>Bulgaristan&#8217;da Sorumluluk \u00d6zg\u00fcrl\u00fck ve Ho\u015fg\u00f6r\u00fc \u0130\u00e7in Demokratlar (DOST) partisinin tescili onayland\u0131.<\/p>\n<p>Temyiz Mahkemesi, \u00fcyelerinin \u00e7o\u011funlu\u011funu T\u00fcrklerin olu\u015fturdu\u011fu Hak ve \u00d6zg\u00fcrl\u00fckler Hareketi (H\u00d6H) partisinin ihra\u00e7 edilen eski Genel Ba\u015fkan\u0131 L\u00fctvi Mestan&#8217;\u0131n kurdu\u011fu DOST partisi ile ilgili karar\u0131n\u0131 a\u00e7\u0131klad\u0131.<\/p>\n<p>Temyiz Mahkemesi, etnik temelli bir parti oldu\u011funu iddias\u0131yla DOST&#8217;un tecilini onay vermeyen\u00a0<a class=\"keyword-sd\" title=\"Sofya\" href=\"http:\/\/www.sondakika.com\/sofya\/\">Sofya<\/a> \u0130l Mahkemesinin karar\u0131n\u0131 bozdu. \u00dcst mahkeme, gerek\u00e7eli karar\u0131nda, DOST&#8217;un dini veya etnik temelli bir olu\u015fum oldu\u011funu g\u00f6steren herhangi bir kan\u0131ta rastlanmad\u0131\u011f\u0131n\u0131 belirtti.<\/p>\n<p>Parti lideri Mestan,\u00a0<a class=\"keyword-sd\" title=\"Bulgaristan\" href=\"http:\/\/www.sondakika.com\/bulgaristan\/\">Bulgaristan<\/a> Ulusal Radyosu\u2019na yapt\u0131\u011f\u0131 a\u00e7\u0131klamada, &#8220;Partimizin yasal tescili\u00a0<a class=\"keyword-sd\" title=\"Bulgaristan\" href=\"http:\/\/www.sondakika.com\/bulgaristan\/\">Bulgaristan<\/a> i\u00e7in iyi bir haber.&#8221; dedi. Karar sayesinde\u00a0<a class=\"keyword-sd\" title=\"Bulgaristan\" href=\"http:\/\/www.sondakika.com\/bulgaristan\/\">Bulgaristan<\/a> yarg\u0131s\u0131n\u0131n g\u00fcven tazelendi\u011fini ifade eden Mestan, &#8220;T\u00fcrkiye&#8217;deki\u00a0<a class=\"keyword-sd\" title=\"Bulgaristan\" href=\"http:\/\/www.sondakika.com\/bulgaristan\/\">Bulgaristan<\/a> vatanda\u015flar\u0131 i\u00e7in siyasi meydan herkese a\u00e7\u0131kt\u0131r. Bu \u00fclkedeki soyda\u015f\u0131m\u0131z\u0131n oyu sadece bu veya \u015fu partiye ait olabilece\u011fini ileri s\u00fcrmek yanl\u0131\u015ft\u0131r.&#8221; diye konu\u015ftu.<\/p>\n<div id=\"bghab-3342819740\" class=\"bghab-yazi-altinda bghab-entity-placement\"><div class=\"bghab-adlabel\">Reklamlar<\/div><script async src=\"https:\/\/pagead2.googlesyndication.com\/pagead\/js\/adsbygoogle.js\"><\/script>\r\n<!-- bghaber-yaz\u0131-sonu -->\r\n<ins class=\"adsbygoogle\"\r\n     style=\"display:block\"\r\n     data-ad-client=\"ca-pub-6203283170189293\"\r\n     data-ad-slot=\"4222328180\"\r\n     data-ad-format=\"auto\"\r\n     data-full-width-responsive=\"true\"><\/ins>\r\n<script>\r\n     (adsbygoogle = window.adsbygoogle || []).push({});\r\n<\/script><\/div><br style=\"clear: both; display: block; float: none;\"\/>","protected":false},"excerpt":{"rendered":"<p>Bulgaristan&#8217;da Sorumluluk \u00d6zg\u00fcrl\u00fck ve Ho\u015fg\u00f6r\u00fc \u0130\u00e7in Demokratlar (DOST) partisinin tescili onayland\u0131. Temyiz Mahkemesi, \u00fcyelerinin \u00e7o\u011funlu\u011funu T\u00fcrklerin olu\u015fturdu\u011fu Hak ve \u00d6zg\u00fcrl\u00fckler Hareketi (H\u00d6H) partisinin ihra\u00e7 edilen<\/p>\n","protected":false},"author":13,"featured_media":1156,"comment_status":"closed","ping_status":"closed","sticky":false,"template":"","format":"standard","meta":{"advanced_seo_description":"","jetpack_seo_html_title":"","jetpack_seo_noindex":false,"_jetpack_memberships_contains_paid_content":false,"footnotes":""},"categories":[5],"tags":[],"class_list":["post-19933","post","type-post","status-publish","format-standard","has-post-thumbnail","hentry","category-yasam"],"jetpack_featured_media_url":"https:\/\/i0.wp.com\/www.bghaber.org\/bghaber\/wp-content\/uploads\/2013\/05\/lutfi-mestan-hoh-dps.jpg?fit=300%2C230&ssl=1","jetpack_sharing_enabled":true,"jetpack_likes_enabled":true,"jetpack-related-posts":[],"jetpack_shortlink":"https:\/\/wp.me\/pc2PfJ-5bv","_links":{"self":[{"href":"https:\/\/www.bghaber.org\/bghaber\/wp-json\/wp\/v2\/posts\/19933","targetHints":{"allow":["GET"]}}],"collection":[{"href":"https:\/\/www.bghaber.org\/bghaber\/wp-json\/wp\/v2\/posts"}],"about":[{"href":"https:\/\/www.bghaber.org\/bghaber\/wp-json\/wp\/v2\/types\/post"}],"author":[{"embeddable":true,"href":"https:\/\/www.bghaber.org\/bghaber\/wp-json\/wp\/v2\/users\/13"}],"replies":[{"embeddable":true,"href":"https:\/\/www.bghaber.org\/bghaber\/wp-json\/wp\/v2\/comments?post=19933"}],"version-history":[{"count":0,"href":"https:\/\/www.bghaber.org\/bghaber\/wp-json\/wp\/v2\/posts\/19933\/revisions"}],"wp:featuredmedia":[{"embeddable":true,"href":"https:\/\/www.bghaber.org\/bghaber\/wp-json\/wp\/v2\/media\/1156"}],"wp:attachment":[{"href":"https:\/\/www.bghaber.org\/bghaber\/wp-json\/wp\/v2\/media?parent=19933"}],"wp:term":[{"taxonomy":"category","embeddable":true,"href":"https:\/\/www.bghaber.org\/bghaber\/wp-json\/wp\/v2\/categories?post=19933"},{"taxonomy":"post_tag","embeddable":true,"href":"https:\/\/www.bghaber.org\/bghaber\/wp-json\/wp\/v2\/tags?post=19933"}],"curies":[{"name":"wp","href":"https:\/\/api.w.org\/{rel}","templated":true}]}}