{"id":19918,"date":"2016-07-31T19:18:03","date_gmt":"2016-07-31T16:18:03","guid":{"rendered":"http:\/\/www.bghaber.org\/bghaber\/?p=19918"},"modified":"2016-07-31T20:48:49","modified_gmt":"2016-07-31T17:48:49","slug":"ders-almaliyiz","status":"publish","type":"post","link":"https:\/\/www.bghaber.org\/bghaber\/ders-almaliyiz\/","title":{"rendered":"Ders Almal\u0131y\u0131z!"},"content":{"rendered":"<p><strong><img data-recalc-dims=\"1\" loading=\"lazy\" decoding=\"async\" class=\"\" src=\"https:\/\/i0.wp.com\/www.bghaber.org\/bghaber\/wp-content\/uploads\/2014\/08\/hamiyet.jpg?resize=76%2C108\" alt=\"hamiyet-cakir\" width=\"76\" height=\"108\" \/>\u00a0Hamiyet Y\u0131ld\u0131r\u0131m \u00c7AKIR<\/strong><\/p>\n<p>Konu: <strong>\u00c7ocuklu\u011fumdan akl\u0131mda kalan bir masaldan esinlenerek yazd\u0131m bu yaz\u0131m\u0131.<\/strong><\/p>\n<p>Cumartesi ak\u015fam, toplanm\u0131\u015f\u0131z M.Erbil\u2019in \u201c<strong>\u00c7ark\u0131 Felek<\/strong>\u201d program\u0131 d\u00f6n\u00fcyor duvarda, yar\u0131\u015fmac\u0131 o\u011flan\u0131n Varna\u2019da okudum s\u00f6zleri, kulak perdemi a\u00e7t\u0131. Ba\u015f\u0131m\u0131 \u00e7evirdim, Ersin isminde bir gen\u00e7, <strong>sesli ve sesiz harfler aras\u0131nda ayr\u0131m yapam\u0131yordu<\/strong>.<\/p>\n<p>Sunucu, \u201c<strong>Nerede okudun<\/strong>?\u201d sorusunu yineledi.\u00a0\u00a0 \u201c<strong>Bulgaristan\u2019da, Varna\u2019da<\/strong>!\u201d cevab\u0131n\u0131 alan Erbil, kendi usul\u00fcnce \u201c<strong>Dobrovski<\/strong>\u201d sayfas\u0131na ge\u00e7ti, bildiklerini d\u00f6kt\u00fckten sonra, \u201c<strong>Sen Bulgarca biliyor musun?<\/strong>\u201d sorusunu sormaktan kendini alamad\u0131.<\/p>\n<p>\u201c<strong>Balgarski razbiram<\/strong>.\u201d (<em>Bulgarca biliyorum<\/em>) yan\u0131t\u0131n\u0131 al\u0131nca, o dalgas\u0131n\u0131 ge\u00e7erken, Bulgar dilini bilen c\u00fcmle alem, 5 sene Varna\u2019da okuyan Ersin\u2019in Bulgarca bilmedi\u011fini hemen anlad\u0131. \u00c7\u00fcnk\u00fc Bulgar dilinde s\u00f6z dizimi dilimize g\u00f6re terstir ve onun \u201c<strong>Az razbiram B\u0131lgarski<\/strong>\u201d yani (<em>Ben biliyorum Bulgarca<\/em>) demesi gerekiyordu.<\/p><div id=\"bghab-164380644\" class=\"bghab-icerik-icine bghab-entity-placement\"><script async src=\"\/\/pagead2.googlesyndication.com\/pagead\/js\/adsbygoogle.js?client=ca-pub-6203283170189293\" crossorigin=\"anonymous\"><\/script><ins class=\"adsbygoogle\" style=\"display:block; text-align:center;\" data-ad-client=\"ca-pub-6203283170189293\" \ndata-ad-slot=\"7303146466\" \ndata-ad-layout=\"in-article\"\ndata-ad-format=\"fluid\" data-full-width-responsive=\"true\"><\/ins>\n<script> \n(adsbygoogle = window.adsbygoogle || []).push({}); \n<\/script>\n<\/div>\n<p>Olabilir ya bu inceli\u011fin de fark\u0131na varan zeki sunucu hemen yap\u0131\u015ft\u0131rd\u0131: \u201c<strong>Sen liseden sonra m\u0131 gittin Varna\u2019da y\u00fcksek e\u011fitim almaya<\/strong>?\u201d Gelen \u015fim\u015fek cevapsa herkesi pes etti: \u201c<strong>Ben lise okumad\u0131m!<\/strong>\u201d dedi Ersin.<\/p>\n<p>Kasnak vuru\u015flar\u0131 hep belden a\u015fa\u011f\u0131 olan usta sunucu \u201c<strong>anla\u015f\u0131lmayan bir \u015fey kalmam\u0131\u015ft\u0131r<\/strong>\u201d anlam\u0131nda ka\u015f g\u00f6z i\u015faretleriyle olay\u0131 m\u00fczik ve alk\u0131\u015f tufan\u0131na bo\u011fdu, ama ben gibi seyirciler donup kald\u0131k.<\/p>\n<p>***<\/p>\n<p>\u0130stanbul&#8217;a geldi\u011fimiz y\u0131llarda lise \u00e7a\u011f\u0131ndayd\u0131m. Otob\u00fcsten Beyaz\u0131t\u2019ta indi\u011fimizde annemi elinden \u00e7eker, ne yapar yapar \u201c<strong>\u00c7emberli Ta\u015f<\/strong>\u201dtaki T\u00fcrk K\u00fclt\u00fcr Merkezi\u2019nin yan\u0131ndan ge\u00e7irken duvarlara as\u0131lm\u0131\u015f afi\u015fleri okurdum. Bir defas\u0131nda bu afi\u015flerin birinde <strong>lise diplomas\u0131 olmayan gen\u00e7lerin de Bulgaristan Y\u00fcksek Enstit\u00fclerinde ve \u00dcniversitelerinde okuyabilece\u011fini<\/strong> okumu\u015ftum. Afi\u015fte y\u0131ll\u0131k \u00f6denekler vard\u0131. O zamanlar cebimiz bo\u015f oldu\u011fundan Dolar \u00fczerinden fiyatlar akl\u0131mda kalmam\u0131\u015f.<\/p>\n<p>***<\/p><div id=\"bghab-2189466471\" class=\"bghab-icerik-icine-10-paragraf bghab-entity-placement\"><script async src=\"\/\/pagead2.googlesyndication.com\/pagead\/js\/adsbygoogle.js?client=ca-pub-6203283170189293\" crossorigin=\"anonymous\"><\/script><ins class=\"adsbygoogle\" style=\"display:block; text-align:center;\" data-ad-client=\"ca-pub-6203283170189293\" \ndata-ad-slot=\"7303146466\" \ndata-ad-layout=\"in-article\"\ndata-ad-format=\"fluid\" data-full-width-responsive=\"true\"><\/ins>\n<script> \n(adsbygoogle = window.adsbygoogle || []).push({}); \n<\/script>\n<\/div>\n<p>Mehmet Erbil\u2019in kamuoyuna tan\u0131tt\u0131\u011f\u0131 Ersin simas\u0131, ana ve ilkokulunu \u00f6zel okulda okumu\u015f, FET\u00d6 kay\u0131\u011f\u0131na atlay\u0131p gen\u00e7li\u011fini Varna\u2019da ya\u015fam\u0131\u015f, askerden ka\u00e7m\u0131\u015f, vatan sevgisi \u00fcst\u00fcne yaln\u0131z dalgalarla konu\u015fmu\u015f ve sonunda sesli ve seslileri birbirinden ay\u0131ramayan, d\u0131\u015f \u00fclkeden y\u00fcksek lisanl\u0131 bir parlak T\u00fcrk genci olmu\u015f.<\/p>\n<p>***<\/p>\n<p>Hangi d\u00fc\u011fmeye bast\u0131\u011f\u0131ma bakmadan kanaldan kanala z\u0131plarken T\u00fcrkiye Ba\u015fkan\u0131m\u0131z Say\u0131n R. Tayip Erdo\u011fan\u2019\u0131n ayn\u0131 saatte \u201c<strong>ATV ve <\/strong><strong>a <\/strong><strong>haber<\/strong>\u201d e konu\u015ftu\u011funu g\u00f6r\u00fcnce durdum. \u201c<strong>Bize bu FET\u00d6 i\u015fini 20 sene \u00f6nce anlatt\u0131klar\u0131nda kulak asmad\u0131k<\/strong>\u201d diyordu. \u201c<strong>Vir\u00fcsten t\u00fcm\u00f6r oldu\u011funu, metastaz etti\u011fini, kim o-tedavi ve radyo-tedavi yapaca\u011f\u0131z<\/strong>,\u201ddiye i\u00e7ine d\u00fc\u015f\u00fclen bir \u00e7aresizlikten s\u00f6z ediyordu.<\/p>\n<p>***<\/p>\n<p>Ersin tak\u0131ld\u0131 akl\u0131ma. Ay\u0131n on d\u00f6rd\u00fcnde bir o\u011flan. Parlak bir kader ya\u015f\u0131yor. T\u00fcrk milletinin istikbali i\u00e7in duda\u011f\u0131nda, g\u00f6z\u00fcnde, kula\u011f\u0131nda, kalbinde olan o tedavisiz t\u00fcm\u00f6r\u00fcn T\u00fcrk halk\u0131n\u0131n istikbali i\u00e7in \u00f6l\u00fcmc\u00fcl oldu\u011funun fark\u0131nda bile de\u011fil. Hatta o bu parlakl\u0131yla gururlan\u0131yor. Sessizlerle seslileri birbirinden ay\u0131rt edememesi onun i\u00e7in hi\u00e7 de \u00f6nemli olmam\u0131\u015f ve bug\u00fcn de\u011fil. Y\u00fczde y\u00fcz Varna\u2019da derse girmeden, Bulgar dilini \u00f6\u011frenmeden, hatta hocalar\u0131n\u0131n ismini bile \u00f6\u011frenmeden sat\u0131n ald\u0131\u011f\u0131 diplomas\u0131n\u0131 Y\u00d6K\u2019te onaylatm\u0131\u015f ve Ankara\u2019da Bakanl\u0131klardan birinde M\u00dcSTE\u015eAR yard\u0131mc\u0131l\u0131\u011f\u0131na ba\u015fvuru yapm\u0131\u015ft\u0131r.<\/p><div id=\"bghab-1450830337\" class=\"bghab-icerik-icine-15-paragraf bghab-entity-placement\"><script async src=\"\/\/pagead2.googlesyndication.com\/pagead\/js\/adsbygoogle.js?client=ca-pub-6203283170189293\" crossorigin=\"anonymous\"><\/script><ins class=\"adsbygoogle\" style=\"display:block; text-align:center;\" data-ad-client=\"ca-pub-6203283170189293\" \ndata-ad-slot=\"7303146466\" \ndata-ad-layout=\"in-article\"\ndata-ad-format=\"fluid\" data-full-width-responsive=\"true\"><\/ins>\n<script> \n(adsbygoogle = window.adsbygoogle || []).push({}); \n<\/script>\n<\/div>\n<p>****<\/p>\n<p>Bu olay kalbimi c\u0131zlatt\u0131. Yakt\u0131 demiyorum. Kucaklamak istedi\u011fimiz ger\u00e7eklerin kalbimi s\u0131kmas\u0131 \u00e7ok ac\u0131t\u0131yor.<\/p>\n<p>1600\u2019lerde hi\u00e7 kimsenin hat\u0131r\u0131n\u0131 k\u0131rmamak ve amans\u0131z ele\u015ftirdi\u011fi insanlar\u0131n hep dostu kalmak i\u00e7in olaylar\u0131 hayvan ve ha\u015farat hik\u00e2yeleri ile anlatan unutulmaz La Fontaine\u2019yi ve onun \u201c<strong>K\u0131rlang\u0131\u00e7 ve K\u00fc\u00e7\u00fck Ku\u015flar<\/strong>\u201d eserini hat\u0131rlad\u0131m. Ders verici yan\u0131 y\u00fcrekler yak\u0131yor.<\/p>\n<p>***<\/p>\n<p><strong>K\u0131rlang\u0131\u00e7 ve K\u00fc\u00e7\u00fck Ku\u015flar <\/strong><\/p><div id=\"bghab-1365839540\" class=\"bghab-icerik-icine-20-paragraf bghab-entity-placement\"><script async src=\"\/\/pagead2.googlesyndication.com\/pagead\/js\/adsbygoogle.js?client=ca-pub-6203283170189293\" crossorigin=\"anonymous\"><\/script><ins class=\"adsbygoogle\" style=\"display:block; text-align:center;\" data-ad-client=\"ca-pub-6203283170189293\" \ndata-ad-slot=\"7303146466\" \ndata-ad-layout=\"in-article\"\ndata-ad-format=\"fluid\" data-full-width-responsive=\"true\"><\/ins>\n<script> \n(adsbygoogle = window.adsbygoogle || []).push({}); \n<\/script>\n<\/div>\n<p>Ak\u0131l\u0131 olu\u015fuyla \u00fcnl\u00fc bir k\u0131rlang\u0131\u00e7 varm\u0131\u015f. Bir g\u00fcn bu k\u0131rlang\u0131\u00e7, k\u00f6yl\u00fcn\u00fcn birinin tarlas\u0131na kenevir tohumu ekti\u011fini g\u00f6rm\u00fc\u015f. K\u0131rlang\u0131\u00e7, k\u00fc\u00e7\u00fck ku\u015flar\u0131 \u00e7a\u011f\u0131r\u0131p \u201c<strong>bak\u0131n bu adam sizin kuyunuzu kaz\u0131yor, size tuzak haz\u0131rl\u0131yor<\/strong>\u201d demi\u015f. \u201c<strong>Bu adam\u0131n ba\u015f\u0131n\u0131za ekti\u011fi tohumlar ba\u015f\u0131n\u0131za \u00e7orap \u00f6recek. Bunlardan yap\u0131\u015fkan macun yap\u0131lacak, ip, sicim, kafes yap\u0131lacak ve bunlarla sizi birer birer avlayacak. Kiminiz kafese, kiminiz tencereye girecek. Sizin sonunuzu haz\u0131rlayacak olan \u015fu kenevir tohumlar\u0131 bitmeden, b\u00fcy\u00fcmeden, daha nazikken yiyin<\/strong>\u201d demi\u015f.<\/p>\n<p>Ama k\u00fc\u00e7\u00fck ku\u015flar, bilge k\u0131rlang\u0131c\u0131 dinlememi\u015fler. Kenevirler b\u00fcy\u00fcmeye ba\u015flam\u0131\u015f. K\u0131rlang\u0131\u00e7 k\u00fc\u00e7\u00fck ku\u015flar\u0131 gene uyarm\u0131\u015f. \u201c<strong>\u0130\u015f i\u015ften ge\u00e7meden, ba\u015f\u0131n\u0131za bela gelmeden \u015fu k\u00f6rpe kenevir yapraklar\u0131n\u0131 yeyin bitirin, tehlikenin \u00f6n\u00fcn\u00fc al\u0131n<\/strong>\u201d demi\u015f. Bilge k\u0131rlang\u0131c\u0131n s\u00f6z\u00fcn\u00fc tutacaklar\u0131na ona k\u0131zm\u0131\u015flar. \u201c<strong>Ne \u015fom a\u011f\u0131zl\u0131s\u0131n<\/strong>\u201d demi\u015fler. Bu arada kenevirler b\u00fcy\u00fcm\u00fc\u015f.<\/p>\n<p>K\u0131rlang\u0131\u00e7 ku\u015flar\u0131 bir kez daha uyarm\u0131\u015f. Demi\u015f ki, \u201c<strong>K\u00f6t\u00fc tohum yurdumuzda ald\u0131 y\u00fcr\u00fcd\u00fc. Bug\u00fcne kadar bana inanmad\u0131n\u0131z. K\u00f6t\u00fc insanlar bizi avlamak i\u00e7in da\u011fda bay\u0131rda a\u011flar\u0131n\u0131 kurmu\u015f. Yuvan\u0131zdan hi\u00e7 \u00e7\u0131kmay\u0131n, ya da ba\u015fka yere g\u00f6\u00e7 edin<\/strong>. <strong>Ama siz k\u00fc\u00e7\u00fcks\u00fcn\u00fcz, \u00e7\u00f6lleri denizleri ge\u00e7emezsiniz. Yeni d\u00fcnyalar aramak size g\u00f6re de\u011fil. Yapabilece\u011finiz tek \u015fey, duvar deliklerine saklanmak<\/strong>.\u201d<\/p>\n<p>Ku\u015flar k\u0131rlang\u0131c\u0131 dinlemekten yorulmu\u015f, c\u0131v\u0131l c\u0131v\u0131l \u00f6t\u00fc\u015f\u00fcp durmaya ba\u015flam\u0131\u015flar.<\/p>\n<p>Sonunda kafesler ku\u015flarla dolmu\u015f.<\/p><div id=\"bghab-2348344428\" class=\"bghab-icerik-icine-25-paragraf bghab-entity-placement\"><script async src=\"\/\/pagead2.googlesyndication.com\/pagead\/js\/adsbygoogle.js?client=ca-pub-6203283170189293\" crossorigin=\"anonymous\"><\/script><ins class=\"adsbygoogle\" style=\"display:block; text-align:center;\" data-ad-client=\"ca-pub-6203283170189293\" \ndata-ad-slot=\"7303146466\" \ndata-ad-layout=\"in-article\"\ndata-ad-format=\"fluid\" data-full-width-responsive=\"true\"><\/ins>\n<script> \n(adsbygoogle = window.adsbygoogle || []).push({}); \n<\/script>\n<\/div>\n<p>La Fontaine, 500 sene \u00f6nce sanki bug\u00fcnk\u00fc halimizi anlatm\u0131\u015f.\u00a0 \u0130sterseniz \u015fimdi, y\u00fcre\u011finiz var\u0131rsa,\u00a0 bunu g\u00fcn\u00fcm\u00fcz T\u00fcrkiye ve Bulgar toplumlar\u0131na, h\u00e2limize uyarlayal\u0131m.<\/p>\n<p>***<\/p>\n<p>\u201c<strong>Hay\u0131rla HAYIR yakt\u0131 beni cay\u0131r cay\u0131r!!<\/strong>\u201d diyor sevilen \u015fairimiz <strong>Naim Bakov<\/strong> Tuna boylar\u0131ndan. Ve hakl\u0131. Bizden istenen hep hay\u0131rd\u0131. Biz de bir defa gittik kap\u0131lar\u0131na ve bize: \u201c<strong>Sen bana ne vereceksin<\/strong>? <strong>Ben senden ne alaca\u011f\u0131m<\/strong>?\u201d dendi. Bu sorular\u0131n ikisine de cevap veremedim, \u00e7\u00fcnk\u00fc benim hay\u0131rdan ba\u015fka verebilece\u011fim hi\u00e7 bir \u015feyim yoktu.<\/p>\n<p>***<\/p>\n<p>Ak\u0131ll\u0131 olu\u015fuyla \u00fcnl\u00fc k\u0131rlang\u0131\u00e7 ayar\u0131n\u0131 toprak ve havan\u0131n kokusuna g\u00f6re yapan T\u00fcrk halk\u0131d\u0131r. Biz bu kokunun bozuldu\u011funa \u015fahit oluyoruz. Tarih boyu aldanmam\u0131\u015f, aldat\u0131lamam\u0131\u015f halk\u0131m\u0131z art\u0131k aldat\u0131labilir duruma, uyutulabilir duruma geldi, hayallerin hamal\u0131 olmaya ba\u015flad\u0131.<\/p><div id=\"bghab-3330420614\" class=\"bghab-icerik-icine-30-paragraf bghab-entity-placement\"><script async src=\"\/\/pagead2.googlesyndication.com\/pagead\/js\/adsbygoogle.js?client=ca-pub-6203283170189293\" crossorigin=\"anonymous\"><\/script><ins class=\"adsbygoogle\" style=\"display:block; text-align:center;\" data-ad-client=\"ca-pub-6203283170189293\" \ndata-ad-slot=\"7303146466\" \ndata-ad-layout=\"in-article\"\ndata-ad-format=\"fluid\" data-full-width-responsive=\"true\"><\/ins>\n<script> \n(adsbygoogle = window.adsbygoogle || []).push({}); \n<\/script>\n<\/div>\n<p>Milletimizi tehlikelere kar\u015f\u0131 uyaran, olumsuz k\u00f6t\u00fc gidi\u015fat\u0131 \u00f6nceden haber veren ve tedbir al\u0131nmas\u0131n\u0131 isteyen, milletimizin vicdan\u0131 olan <strong>AYDINLARIMIZ<\/strong>, millete \u00f6rnek olan, \u00f6nder, k\u0131lavuz, yol ve y\u00f6n g\u00f6sterici olan bilge tabaka dikkate al\u0131nmaz, sesi duyulmaz oldu. <strong>Memleket FET\u00d6-ci doldu, cepleri camilerde doldu, yol kesen \u00e7etesi olu\u015ftu, g\u00fcne\u015fi bal\u00e7\u0131kla s\u0131vamaya kalkt\u0131lar. Gazeteler, dergiler, kitaplar, TV\u2019ler, radyolar ve daha neler neler hep onlar\u0131n oldu ve masalar k\u00f6fte doldu. Onlar s\u00f6zde bedava da\u011f\u0131tt\u0131klar\u0131 \u201cZaman Bulgaristan\u201d gazetesinin paras\u0131n\u0131 pastac\u0131lara ya\u015fl\u0131lar\u0131n emekli maa\u015flar\u0131ndan kestirecek kadar ileri gittiler.<\/strong><\/p>\n<p>\u015e\u00fck\u00fcr \u00e7ok \u015f\u00fck\u00fcr \u00e7ok kalabal\u0131kt\u0131k ve bizi bitiremediler. Vatan bildi\u011fimiz, terimizle sulad\u0131\u011f\u0131m\u0131z ata topra\u011f\u0131m\u0131za hizmet ettik bilmem ne dediler. Bize k\u00fcl atarken kendi \u00e7irkefliklerini gizlediler. Toplumun \u00e7\u00f6pl\u00fc\u011f\u00fcn\u00fc kar\u0131\u015ft\u0131rd\u0131lar ve halk\u0131m\u0131z\u0131n g\u00f6z\u00fcn\u00fc oyacak kadrolar yeti\u015ftirdiler. Mutluyuz. Ba\u015fkald\u0131rd\u0131lar ve yenildiler.<\/p>\n<p><strong>Hainlerin vatan\u0131 olmaz. \u00c7ok kalabala\u015ft\u0131lar art\u0131k Hainler Mezarl\u0131\u011f\u0131 var.<\/strong><\/p>\n<p>Vatana, bayra\u011f\u0131na, T\u00fcrk\u00e7emize, T\u00fcrk k\u00fclt\u00fcr\u00fcm\u00fcze, \u0130slam dininin asil \u00f6z\u00fcne, tarihimize, Ata t\u00fcrk\u00fcm\u00fcze, \u015fiirimize, edebiyat\u0131m\u0131za, ozanlar\u0131m\u0131za, \u00f6rf ve adetlerimize laf ettiler, halk dinimiz de\u011ferlerine, \u00f6zg\u00fcn k\u00fclt\u00fcr\u00fcm\u00fcze, ordumuza pe\u015fke\u015f \u00e7ektiler ve t\u00fcm\u00fcm\u00fcz\u00fc yabanc\u0131lara yem ettiler. T\u00fcrk kimli\u011fimizin ya\u011fmalanmas\u0131na yol a\u00e7t\u0131lar. Anadilimize, ata topra\u011f\u0131m\u0131za, T\u00fcrk kimli\u011fimize sahip \u00e7\u0131kamayan yalakalar T\u00fcrk ayd\u0131n\u0131 olamazlar, Hemen daha \u015fimdi sahneyi, camileri, okullar\u0131, dernekleri ve derg\u00e2hlar\u0131 bo\u015faltmal\u0131d\u0131rlar. Onlarla birlikte secdeye duran art\u0131k bizden olamaz.<\/p>\n<p>Fe Fontaine eserinde <strong>k\u00f6yl\u00fcn\u00fcn tarlar\u0131na kenevir tohumu ekmesinin kar\u015f\u0131l\u0131\u011f\u0131 da<\/strong> \u00f6zellikle T\u00fcrk tarlas\u0131na, ata-vatan\u0131m\u0131za, kadim T\u00fcrk vatan\u0131na, hele de 1878\u2019den sonra T\u00fcrk milletini avlayacak fitne fesat, k\u00f6t\u00fcl\u00fck, ayr\u0131l\u0131k\u00e7\u0131l\u0131k, sahte din bilgisi, yalan dolan\u0131 ta\u00e7 eden,, g\u00e2vura tapanlar, g\u00e2vurun akl\u0131yla hareket etme, onun vaatlerine inanma, paras\u0131na tapma, yalanlar\u0131na kanma, misyonerlik tohumlar\u0131 ekilmesidir. 138 y\u0131ldan beri onlar bizi avlay\u0131p k\u0131sk\u0131vrak yakalay\u0131p yok edecek tuzak tohumlar\u0131 sa\u00e7t\u0131lar. 6 defa paketlenip s\u0131n\u0131r d\u0131\u015f\u0131 edilmedik mi? B\u00fcy\u00fck G\u00f6\u00e7 bir tuzak de\u011fil midi? D\u0131\u015far\u0131dan Ruslar, yeri geldik\u00e7e \u0130ngilizler, Frans\u0131zlar, Almanlar hep bizi vatan\u0131m\u0131zdan kovmak isteyenlerin de\u011firmenine su ta\u015f\u0131mad\u0131lar m\u0131? Ve bug\u00fcn de Hak ve \u00d6zg\u00fcrl\u00fckler hainlerini ve di\u011fer yalay\u0131c\u0131lar\u0131n eliyle tarlalar\u0131m\u0131za (vicdan\u0131m\u0131za) T\u00fcrk kimli\u011fimizi, Dini Kimli\u011fimizi, Avrupal\u0131 kimli\u011fimizi, ge\u00e7mi\u015fimizi ve gelece\u011fimizi yok edecek kenevir tohumlar\u0131 ekiliyor. Camilerde T\u00fcrk\u00e7e konu\u015fulmayacak iste\u011fine kulak verin. Mikrofon kullanamazs\u0131n\u0131z. Hoparl\u00f6rde ezan okuyamazs\u0131n\u0131z isteklerine \u015fa\u015fmay\u0131n, bunlar hep kenevir tohumlar\u0131d\u0131r.<\/p><div id=\"bghab-3660320793\" class=\"bghab-icerik-icine-35-paragraf bghab-entity-placement\"><script async src=\"\/\/pagead2.googlesyndication.com\/pagead\/js\/adsbygoogle.js?client=ca-pub-6203283170189293\" crossorigin=\"anonymous\"><\/script><ins class=\"adsbygoogle\" style=\"display:block; text-align:center;\" data-ad-client=\"ca-pub-6203283170189293\" \ndata-ad-slot=\"7303146466\" \ndata-ad-layout=\"in-article\"\ndata-ad-format=\"fluid\" data-full-width-responsive=\"true\"><\/ins>\n<script> \n(adsbygoogle = window.adsbygoogle || []).push({}); \n<\/script>\n<\/div>\n<p><strong>Bizde 26 y\u0131ldan beri ekilen kenevir tohumlar\u0131n\u0131 s\u0131ralayal\u0131m<\/strong>: \u00a0Sahte demokrasi!<\/p>\n<p>Sahte pazar ekonomisi! Totalitarizmi ve kom\u00fcnizmi s\u00f6kme konusuna de\u011finmemek; \u201csoya d\u00f6n\u00fc\u015f\u201d zulm\u00fcnden su\u00e7lular\u0131 tutuklay\u0131p yarg\u0131lamamak. \u00d6nemli konularda susmak! Meclisi polis ajanlar\u0131yla i\u015fgal etmek!\u00a0 Demokrasiyi felce u\u011fratmak! Ne oldu\u011fu belli olamayan zaman\u0131n\u0131 ya\u015fam\u0131\u015f liberalizmi a\u015f\u0131lamaya \u00e7al\u0131\u015fmak! Dinsizlik ve dinler aras\u0131 diyalog telkin etmek! \u0130ftar sofralar\u0131m\u0131zda papazlar\u0131 ba\u015f tac\u0131 etmek! \u00a0Ger\u00e7ek M\u00fcsl\u00fcmanlara kar\u015f\u0131 d\u00fc\u015fmanl\u0131k p\u00fcsk\u00fcrmek! \u00a0Halk geleneklerimizi de\u011fi\u015ftirmek!<\/p>\n<p>T\u00fcrk kimli\u011fi d\u00fc\u015fmanl\u0131\u011f\u0131 yaymak! \u00d6tekile\u015ftirme siyasetine kat\u0131lmak! T\u00fcrkleri devlet b\u00fcnyesinden s\u00f6kme siyaseti izlemek. \u201c<strong>Bulgar Etnik Modeli<\/strong>\u201d M\u00fcsl\u00fcmanlar\u0131 \u201c<strong>se\u00e7im k\u00f6lesi<\/strong>\u201d haline getirmek!<\/p>\n<p>Soros\u00e7uluk, NATO-culuk, ne oldu\u011fu belli olmayan bat\u0131c\u0131l\u0131k, Putincilik, \u201c<strong>fil<\/strong>\u201d ve \u201c<strong>fob<\/strong>\u201d furyas\u0131. T\u00fcrk ve T\u00fcrkiye d\u00fc\u015fmanl\u0131\u011f\u0131; genellikle ba\u015ftan sona b\u00fct\u00fcn etnik siyaset, dil yasa\u011f\u0131, din yasa\u011f\u0131, etnik k\u00fclt\u00fcr yasa\u011f\u0131, mitinglerde ana dilde konu\u015fma yasa\u011f\u0131, camilerde T\u00fcrk\u00e7e ibadet etme yasa\u011f\u0131, T\u00fcrk\u00e7e gazete kitap yasa\u011f\u0131 vb vb.<\/p>\n<p>Bu tuza\u011fa d\u00fc\u015f\u00fcr\u00fclen insanlar\u0131m\u0131z\u0131 ta\u015f kafa durumuna getirip, T\u00fcrkl\u00fc\u011f\u00fcm\u00fcz\u00fc ve T\u00fcrk kimli\u011fimizi unutturma; insan\u0131m\u0131zdan T\u00fcrk ve T\u00fcrkl\u00fck, M\u00fcsl\u00fcmanl\u0131k ve \u0130slam d\u00fc\u015fman\u0131 kadrolar yeti\u015ftirme; insan\u0131m\u0131z\u0131 \u00f6z kimli\u011fine, bir \u00e7ok yerde ana ve babas\u0131na d\u00fc\u015fman etme siyasetini \u00f6zendirme; ku\u015faklar\u0131m\u0131z\u0131 birbirine d\u00fc\u015f\u00fcrme; Bulgaristan\u2019da ya\u015fayan karde\u015flerimizi T\u00fcrkiye\u2019ye g\u00f6\u00e7 eden yak\u0131nlar\u0131na d\u00fc\u015fman etme propagandas\u0131na alet olma;\u00a0 hepimizde sonsuz bir kaynak olan T\u00fcrk kimli\u011fi ruhu varken, \u201cliberal\u201d, \u201centernasyonal\u201d, \u201cglobal\u201d, \u201chalklara \u00f6zg\u00fcrl\u00fck\u00e7\u00fc demokrat\u201d falan gibi anlams\u0131z, ucube kavramlarla tan\u0131mlanmay\u0131 kabul etmeye zorlanmam\u0131z unutulmam\u0131\u015ft\u0131r.<\/p><div id=\"bghab-810287739\" class=\"bghab-icerik-icine-40-paragraf bghab-entity-placement\"><script async src=\"\/\/pagead2.googlesyndication.com\/pagead\/js\/adsbygoogle.js?client=ca-pub-6203283170189293\" crossorigin=\"anonymous\"><\/script><ins class=\"adsbygoogle\" style=\"display:block; text-align:center;\" data-ad-client=\"ca-pub-6203283170189293\" \ndata-ad-slot=\"7303146466\" \ndata-ad-layout=\"in-article\"\ndata-ad-format=\"fluid\" data-full-width-responsive=\"true\"><\/ins>\n<script> \n(adsbygoogle = window.adsbygoogle || []).push({}); \n<\/script>\n<\/div>\n<p><strong>K\u00fc\u00e7\u00fck ku\u015flar\u0131n k\u0131rlang\u0131c\u0131 dinlememesinin sebebi nedir.<\/strong><\/p>\n<p>T\u00fcrk ayd\u0131nlar\u0131n\u0131 dinlememekte \u0131srar edenler var. \u015eunun \u015furas\u0131nda BGSAM Bulgaristan Stratejik Ara\u015ft\u0131rma merkezi ekibi her g\u00fcn ara\u015ft\u0131rma yap\u0131yor, her olay\u0131n kab\u0131n\u0131 soyup i\u00e7indeki taneleri birer birer ele al\u0131yor, de\u011fer yarg\u0131lar\u0131na yeni \u00e7z kazand\u0131rmaya \u00e7al\u0131\u015f\u0131yor, her an ve her yerde halk\u0131n yan\u0131nda olmaya \u00e7al\u0131\u015f\u0131yor, ka\u00e7 ki\u015fi kalk\u0131p da iyi yap\u0131yorsunuz, dedi?<\/p>\n<p>DOST partisi Ba\u015fkan Yard\u0131mc\u0131s\u0131 halk topluluklar\u0131 kar\u015f\u0131s\u0131na \u00e7\u0131k\u0131p \u201cB\u00fcy\u00fck G\u00f6\u00e7\u201d\u00fcn Peygamber \u00f6nc\u00fcl\u00fc\u011f\u00fcnde Mekke\u2019den Medine\u2019ye g\u00f6\u00e7le mukayese ediyor, tamamen sa\u00e7ma yorumlar\u0131 \u015fi\u015firip \u015fi\u015firip balon gibi sal\u0131yor. Dezenformasyon ad\u0131yla yayg\u0131n olan yanl\u0131\u015f haber yaymak su\u00e7tur. T\u00fcrk d\u00fc\u015fman\u0131 etnik siyaset\u00e7ilerin de\u011firmenine su ta\u015f\u0131yoruz. Ger\u00e7ek T\u00fcrk ayd\u0131nlar mikrofon ba\u015f\u0131na davet edilmiyor. Bulgaristan&#8217;da ya\u015fayan T\u00fcrklerin ruhu oyuluyor, medeniyeti ellerinden al\u0131n\u0131yor. Razgrad Merkez Camisi y\u0131llardan beri onar\u0131lam\u0131yor. Bir kolundan \u00dcNESKO tutmu\u015f, bir baca\u011f\u0131ndan K\u00fclt\u00fcr Bakan Vejdi Ra\u015fidov \u00e7eki\u015ftiriyorlar ve y\u0131k\u0131lmas\u0131n\u0131 bekliyorlar. Sofya \u201c<strong>Banya Ba\u015f\u0131 Camii<\/strong>\u201d onar\u0131m\u0131 hen\u00fcz bitmedi. \u0130skeleler kald\u0131r\u0131lmad\u0131. Pencere alt\u0131 ana ta\u015flar\u0131n kay\u0131p d\u00fc\u015fm\u00fc\u015f, dikkati \u00e7ekiyor. Bilemiyorum, paralar m\u0131 yanl\u0131\u015f say\u0131l\u0131yor, ayd\u0131nlar\u0131m\u0131z her i\u015ften uzak m\u0131 tutuluyor, her i\u015fimizi FET\u00d6\u2019c\u00fclere vermek mecburiyeti mi var\u2026.anlamak g\u00fc\u00e7, ortada rezillik diz boyu.<\/p>\n<p><strong>Bizim kendi aram\u0131zda d\u00fcr\u00fcstl\u00fck kap\u0131\u015fmas\u0131 var\u2026<\/strong><\/p>\n<p>Bu gidi\u015fle k\u00fclt\u00fcr\u00fc, dili, dini, maddi nimetleri, ruhu, her \u015feyi elinden al\u0131nm\u0131\u015f bir halk toplulu\u011fu olma tehlikesiyle y\u00fcz y\u00fcce gelece\u011fiz. Birisine bir \u015fey s\u00f6yl\u00fcyorsun k\u00f6t\u00fc oluyorsun. Birka\u00e7 y\u0131l \u00f6nce Sofya Ba\u015f M\u00fcft\u00fcl\u00fck Binas\u0131 onar\u0131ld\u0131. O \u015fehrin yerlilerinden Hikmet Efendi her sabah herkes uyurken \u201c<strong>Bratya Miladinov ile Pirotska<\/strong>\u201d soka\u011f\u0131 kav\u015fa\u011f\u0131na gelip uzun uzun binaya bak\u0131yordu. Sonra telefona sar\u0131l\u0131p Ba\u015f M\u00fchendis Tu\u011frul Beyi \u00e7a\u011f\u0131r\u0131yor, buras\u0131 y\u0131k\u0131ls\u0131n, \u015furas\u0131 s\u00f6k\u00fcls\u00fcn diye sitem ediyordu. Ayn\u0131 i\u015fi kimse anlamadan \u00fc\u00e7 defa yapt\u0131rd\u0131\u011f\u0131n\u0131 an\u0131ms\u0131yorum. \u015eimdi, art\u0131k Hikmet Efendi\u2019ye Ba\u015f M\u00fcft\u00fcl\u00fck binas\u0131na girmeyi yasaklam\u0131\u015flar. Gerek\u00e7e: m\u00fcft\u00fcl\u00fckte T\u00fcrk\u00e7e konu\u015fuyormu\u015f\u2026<\/p><div id=\"bghab-3787744007\" class=\"bghab-icerik-icine-45-paragraf bghab-entity-placement\"><script async src=\"\/\/pagead2.googlesyndication.com\/pagead\/js\/adsbygoogle.js?client=ca-pub-6203283170189293\" crossorigin=\"anonymous\"><\/script><ins class=\"adsbygoogle\" style=\"display:block; text-align:center;\" data-ad-client=\"ca-pub-6203283170189293\" \ndata-ad-slot=\"7303146466\" \ndata-ad-layout=\"in-article\"\ndata-ad-format=\"fluid\" data-full-width-responsive=\"true\"><\/ins>\n<script> \n(adsbygoogle = window.adsbygoogle || []).push({}); \n<\/script>\n<\/div>\n<p>\u015eimdi art\u0131k dinleyenler iyice azald\u0131. K\u00fc\u00e7\u00fck ku\u015flar\u0131n k\u0131rlang\u0131ca \u201c<strong>Ne<\/strong> <strong>\u015fom a\u011f\u0131zl\u0131 bir adams\u0131n<\/strong>\u201d dedikleri gibi, art\u0131k iyice ta\u015f kafala\u015fm\u0131\u015f bir kesim, T\u00fcrk ayd\u0131nlar\u0131na \u201c<strong>sen paranoyaks\u0131n<\/strong>, <strong>korkular \u00fcretiyorsun<\/strong>\u201d alay etmeye kalk\u0131yorlar. A. Do\u011fan korku makinesine elektrik veriyor ama telin i\u00e7inde cereyan\u0131 g\u00f6rebilen yok\u2026<\/p>\n<p>T\u00fcrkl\u00fc\u011f\u00fcm\u00fcz\u00fc olu\u015fturan her unsuru budamaya haz\u0131rlanan milliyet\u00e7i \u0131rk\u00e7\u0131 kesimin tarladaki dar\u0131lar gibi b\u00fcy\u00fcd\u00fc\u011f\u00fcn\u00fc, \u00f6rg\u00fctlendi\u011fini, birle\u015fti\u011fini, Cumhurba\u015fkanl\u0131\u011f\u0131na uzand\u0131\u011f\u0131n\u0131, son a\u015famada analar\u0131m\u0131z\u0131n ba\u015f\u00f6rt\u00fclerine el atmaya \u00e7al\u0131\u015ft\u0131\u011f\u0131n\u0131, yar\u0131n ke\u015fkek pi\u015firmeyeceksiniz, kurban kaynatmayacaks\u0131n\u0131z diye kazanlar\u0131m\u0131z\u0131 toplatmaya haz\u0131rland\u0131klar\u0131n\u0131 g\u00f6rmeyenlerin g\u00f6zlerini, vin\u00e7le a\u00e7mak m\u00fcmk\u00fcn olmayacak. Ak\u0131llar\u0131nda varsa yoksa Umre, Hac\u0131l\u0131k.. Yak\u0131nda Suudi Arabistan\u2019a gidip Kral\u2019la konu\u015fmak ve umre ve hac\u0131l\u0131k i\u00e7in halka yard\u0131m\u0131 dokunmayan, T\u00fcml\u00fc\u011f\u00fcn\u00fc satan, M\u00fcsl\u00fcmanl\u0131\u011fa ihanet edenlere \u201c<strong>vize<\/strong>\u201d verilmemesini rica etmek istiyorum. Hac i\u015fi para kazanmak i\u00e7in bir i\u015f olmamal\u0131d\u0131r!<\/p>\n<p>Biz Bulgaristan T\u00fcrkleri <strong>\u201coh her \u015fey ne g\u00fczel, her \u015fey \u00e7ok iyiyte gidiyor, her \u015fey gittik\u00e7e geli\u015fiyor, ilerliyor, ekonomi art\u0131yor, \u015fu oluyor, bu oluyor\u201d<\/strong> s\u00f6zlerine tokuz. Bu s\u00f6zlerin ard\u0131nda, y\u00f6neticilerin vur \u00e7atlas\u0131n, vur oynas\u0131n, ye i\u00e7 e\u011flen, gez toz havas\u0131 gizlendi\u011fini biliyoruz.<\/p>\n<p>Bu s\u00f6zler, \u00e7\u00fcr\u00fcy\u00fcp yok olman\u0131n k\u0131l\u0131f\u0131d\u0131r. Cahillik tohumlar\u0131 \u00fclkemizin d\u00f6rt bir yan\u0131n\u0131 sard\u0131. 50 bin T\u00fcrkiyeli gen\u00e7 \u015fu memlekette s\u00f6zde okudu, y\u00fcksek yetki belgesi ald\u0131 da, halk\u0131n durumunu de\u011ferlendirip, \u015funu s\u00f6yle yapal\u0131m deyen be\u015f ki\u015fi \u00e7\u0131kmad\u0131. Yanar m\u0131s\u0131n a\u011flar m\u0131s\u0131n!<\/p>\n<p>Avrupa Birli\u011fi bask\u0131s\u0131yla milli ekonomimiz; misyoner FET\u00d6 faaliyetleriyle dinimiz; bas\u0131n yay\u0131n, sinema, m\u00fczik yoluyla \u00f6zg\u00fcn T\u00fcrk k\u00fclt\u00fcr\u00fcm\u00fcz, e\u011fitim programlar\u0131yla anadilimiz, T\u00fcrk\u00e7e d\u0131\u015f\u0131nda de\u011fi\u015fik dil e\u011fitimleri dayatmas\u0131yla anadilimiz \u00fczerinde irili ufakl\u0131, sapl\u0131 saps\u0131z kafesler \u00f6r\u00fclm\u00fc\u015ft\u00fcr. Bulgar, Rus ve emperyalizm bizi T\u00fcrkl\u00fck-s\u00fcz b\u0131rakmak i\u00e7in da\u011fda bay\u0131rda, her yerde, hatta evimizin i\u00e7inde tuzak kurmu\u015ftur. T\u00fcrkiye\u2019ye g\u00f6\u00e7 edenlerimiz bu tuzaklardan kolunu kanad\u0131n\u0131 kurtarabilen karde\u015flerimizdir. Nedense her birimizin kapa\u011fa s\u0131k\u0131\u015ft\u0131r\u0131lm\u0131\u015f ve tuza\u011fa hapsedilmi\u015f oldu\u011fumuzu anlamam\u0131z zaman ald\u0131. Yeni durumda, T\u00fcrk olan T\u00fcrk ya evinden hi\u00e7 \u00e7\u0131kmayacak, dam\u0131na g\u00f6m\u00fclecek ya da ba\u015fka yere g\u00f6\u00e7 edecektir. Ya da gen\u00e7 Ersin gibi Varna\u2019da Y\u00fcksek \u00dcniversite diplomas\u0131yla bom ba\u015f ta\u015f kafayla d\u00f6necek ve T\u00fcrkiye&#8217;nin i\u00e7inden oyacakt\u0131r.<\/p><div id=\"bghab-1958265173\" class=\"bghab-icerik-icine-50-paragraf bghab-entity-placement\"><script async src=\"\/\/pagead2.googlesyndication.com\/pagead\/js\/adsbygoogle.js?client=ca-pub-6203283170189293\" crossorigin=\"anonymous\"><\/script><ins class=\"adsbygoogle\" style=\"display:block; text-align:center;\" data-ad-client=\"ca-pub-6203283170189293\" \ndata-ad-slot=\"7303146466\" \ndata-ad-layout=\"in-article\"\ndata-ad-format=\"fluid\" data-full-width-responsive=\"true\"><\/ins>\n<script> \n(adsbygoogle = window.adsbygoogle || []).push({}); \n<\/script>\n<\/div>\n<p>En keskin oyma aleti cahilliktir.<\/p>\n<p>Oyuk yaras\u0131 ne yaz\u0131k ki kapanmaz\u2026<\/p>\n<p>\u00c7ok \u00fczg\u00fcn\u00fcm, devam edemeyece\u011fim.<\/p>\n<p>Sa\u011fl\u0131cakla kal\u0131n\u0131z!<\/p>\n<div id=\"bghab-1794763814\" class=\"bghab-yazi-altinda bghab-entity-placement\"><div class=\"bghab-adlabel\">Reklamlar<\/div><script async src=\"https:\/\/pagead2.googlesyndication.com\/pagead\/js\/adsbygoogle.js\"><\/script>\r\n<!-- bghaber-yaz\u0131-sonu -->\r\n<ins class=\"adsbygoogle\"\r\n     style=\"display:block\"\r\n     data-ad-client=\"ca-pub-6203283170189293\"\r\n     data-ad-slot=\"4222328180\"\r\n     data-ad-format=\"auto\"\r\n     data-full-width-responsive=\"true\"><\/ins>\r\n<script>\r\n     (adsbygoogle = window.adsbygoogle || []).push({});\r\n<\/script><\/div><br style=\"clear: both; display: block; float: none;\"\/>","protected":false},"excerpt":{"rendered":"<p>\u00a0Hamiyet Y\u0131ld\u0131r\u0131m \u00c7AKIR Konu: \u00c7ocuklu\u011fumdan akl\u0131mda kalan bir masaldan esinlenerek yazd\u0131m bu yaz\u0131m\u0131. Cumartesi ak\u015fam, toplanm\u0131\u015f\u0131z M.Erbil\u2019in \u201c\u00c7ark\u0131 Felek\u201d program\u0131 d\u00f6n\u00fcyor duvarda, yar\u0131\u015fmac\u0131 o\u011flan\u0131n Varna\u2019da<\/p>\n","protected":false},"author":13,"featured_media":11082,"comment_status":"closed","ping_status":"closed","sticky":false,"template":"","format":"standard","meta":{"advanced_seo_description":"","jetpack_seo_html_title":"","jetpack_seo_noindex":false,"_jetpack_memberships_contains_paid_content":false,"footnotes":""},"categories":[6],"tags":[],"class_list":["post-19918","post","type-post","status-publish","format-standard","has-post-thumbnail","hentry","category-yorum"],"jetpack_featured_media_url":"https:\/\/i0.wp.com\/www.bghaber.org\/bghaber\/wp-content\/uploads\/2014\/08\/hamiyet.jpg?fit=146%2C208&ssl=1","jetpack_sharing_enabled":true,"jetpack_likes_enabled":true,"jetpack-related-posts":[],"jetpack_shortlink":"https:\/\/wp.me\/pc2PfJ-5bg","_links":{"self":[{"href":"https:\/\/www.bghaber.org\/bghaber\/wp-json\/wp\/v2\/posts\/19918","targetHints":{"allow":["GET"]}}],"collection":[{"href":"https:\/\/www.bghaber.org\/bghaber\/wp-json\/wp\/v2\/posts"}],"about":[{"href":"https:\/\/www.bghaber.org\/bghaber\/wp-json\/wp\/v2\/types\/post"}],"author":[{"embeddable":true,"href":"https:\/\/www.bghaber.org\/bghaber\/wp-json\/wp\/v2\/users\/13"}],"replies":[{"embeddable":true,"href":"https:\/\/www.bghaber.org\/bghaber\/wp-json\/wp\/v2\/comments?post=19918"}],"version-history":[{"count":0,"href":"https:\/\/www.bghaber.org\/bghaber\/wp-json\/wp\/v2\/posts\/19918\/revisions"}],"wp:featuredmedia":[{"embeddable":true,"href":"https:\/\/www.bghaber.org\/bghaber\/wp-json\/wp\/v2\/media\/11082"}],"wp:attachment":[{"href":"https:\/\/www.bghaber.org\/bghaber\/wp-json\/wp\/v2\/media?parent=19918"}],"wp:term":[{"taxonomy":"category","embeddable":true,"href":"https:\/\/www.bghaber.org\/bghaber\/wp-json\/wp\/v2\/categories?post=19918"},{"taxonomy":"post_tag","embeddable":true,"href":"https:\/\/www.bghaber.org\/bghaber\/wp-json\/wp\/v2\/tags?post=19918"}],"curies":[{"name":"wp","href":"https:\/\/api.w.org\/{rel}","templated":true}]}}