{"id":19890,"date":"2016-07-31T01:01:51","date_gmt":"2016-07-30T22:01:51","guid":{"rendered":"http:\/\/www.bghaber.org\/bghaber\/?p=19890"},"modified":"2016-07-31T02:13:02","modified_gmt":"2016-07-30T23:13:02","slug":"ardinoda-buyuk-yangin","status":"publish","type":"post","link":"https:\/\/www.bghaber.org\/bghaber\/ardinoda-buyuk-yangin\/","title":{"rendered":"Ardino&#8217;da B\u00fcy\u00fck Yang\u0131n"},"content":{"rendered":"<blockquote><p><img data-recalc-dims=\"1\" decoding=\"async\" src=\"https:\/\/i0.wp.com\/static.bnr.bg\/gallery\/3b\/3b4fe477effba9d1a99f09214072a701.jpg?w=640\" \/><\/p><\/blockquote>\n<p>G\u00fcney Bulgaristan\u2019\u0131n Ardino b\u00f6lgesinin Svetulka ve Ahryansko k\u00f6yleri aras\u0131nda 1000 dekarl\u0131k \u0130\u011fne Yaprakl\u0131 Orman\u0131&#8217;nda\u00a0 yang\u0131n \u00e7\u0131kt\u0131. \u015eu an\u00a0 \u0130\u00e7i\u015fleri Bakanl\u0131\u011f\u0131&#8217;ndan 140 g\u00f6revli orman i\u015f\u00e7isi ve g\u00f6n\u00fcll\u00fcler\u00a0 yang\u0131n\u0131n gani\u015flemesini \u00f6nlemek i\u00e7in \u00e7al\u0131\u015fmalar y\u00fcr\u00fct\u00fcyor.<\/p>\n<p>Yang\u0131n\u0131n s\u00f6nd\u00fcr\u00fclmesi\u00a0 amac\u0131yla iki helikopter ve 10 itfaiye arac\u0131 kullan\u0131l\u0131yor. Ba\u015fbakan Borisov, gerekirse ek teknik ara\u00e7lar ve ekipler dahil edilmesini emretti. \u015eimdiye kadar zarar g\u00f6ren insanlar yok.<\/p>\n<p>Yang\u0131n\u0131n \u00e7\u0131kmas\u0131n\u0131n d\u00fczenli olmayan\u00a0 ate\u015f yak\u0131lmas\u0131na ba\u011fl\u0131 oldu\u011fu tahmin ediliyor.<\/p>\n<p>Ormanlar Ajans\u0131\u2019ndan Bulgaristan Milli Radyosu\u2019na verilen bilgiye g\u00f6re son 10 g\u00fcnde \u00e7\u0131kan 35 orman yang\u0131n\u0131 sonucu\u00a0 3 bin dekarl\u0131k orman\u00a0 alan\u0131 tamamen yokedilmi\u015ftir.<\/p>\n<div id=\"bghab-3757971786\" class=\"bghab-yazi-altinda bghab-entity-placement\"><div class=\"bghab-adlabel\">Reklamlar<\/div><script async src=\"https:\/\/pagead2.googlesyndication.com\/pagead\/js\/adsbygoogle.js\"><\/script>\r\n<!-- bghaber-yaz\u0131-sonu -->\r\n<ins class=\"adsbygoogle\"\r\n     style=\"display:block\"\r\n     data-ad-client=\"ca-pub-6203283170189293\"\r\n     data-ad-slot=\"4222328180\"\r\n     data-ad-format=\"auto\"\r\n     data-full-width-responsive=\"true\"><\/ins>\r\n<script>\r\n     (adsbygoogle = window.adsbygoogle || []).push({});\r\n<\/script><\/div><br style=\"clear: both; display: block; float: none;\"\/>","protected":false},"excerpt":{"rendered":"<p>G\u00fcney Bulgaristan\u2019\u0131n Ardino b\u00f6lgesinin Svetulka ve Ahryansko k\u00f6yleri aras\u0131nda 1000 dekarl\u0131k \u0130\u011fne Yaprakl\u0131 Orman\u0131&#8217;nda\u00a0 yang\u0131n \u00e7\u0131kt\u0131. \u015eu an\u00a0 \u0130\u00e7i\u015fleri Bakanl\u0131\u011f\u0131&#8217;ndan 140 g\u00f6revli orman i\u015f\u00e7isi ve<\/p>\n","protected":false},"author":13,"featured_media":19891,"comment_status":"closed","ping_status":"closed","sticky":false,"template":"","format":"standard","meta":{"advanced_seo_description":"","jetpack_seo_html_title":"","jetpack_seo_noindex":false,"_jetpack_memberships_contains_paid_content":false,"footnotes":""},"categories":[9],"tags":[],"class_list":["post-19890","post","type-post","status-publish","format-standard","has-post-thumbnail","hentry","category-ekonomi"],"jetpack_featured_media_url":"https:\/\/i0.wp.com\/www.bghaber.org\/bghaber\/wp-content\/uploads\/2016\/07\/ardino-yang%C4%B1n.jpg?fit=610%2C343&ssl=1","jetpack_sharing_enabled":true,"jetpack_likes_enabled":true,"jetpack-related-posts":[],"jetpack_shortlink":"https:\/\/wp.me\/pc2PfJ-5aO","_links":{"self":[{"href":"https:\/\/www.bghaber.org\/bghaber\/wp-json\/wp\/v2\/posts\/19890","targetHints":{"allow":["GET"]}}],"collection":[{"href":"https:\/\/www.bghaber.org\/bghaber\/wp-json\/wp\/v2\/posts"}],"about":[{"href":"https:\/\/www.bghaber.org\/bghaber\/wp-json\/wp\/v2\/types\/post"}],"author":[{"embeddable":true,"href":"https:\/\/www.bghaber.org\/bghaber\/wp-json\/wp\/v2\/users\/13"}],"replies":[{"embeddable":true,"href":"https:\/\/www.bghaber.org\/bghaber\/wp-json\/wp\/v2\/comments?post=19890"}],"version-history":[{"count":0,"href":"https:\/\/www.bghaber.org\/bghaber\/wp-json\/wp\/v2\/posts\/19890\/revisions"}],"wp:featuredmedia":[{"embeddable":true,"href":"https:\/\/www.bghaber.org\/bghaber\/wp-json\/wp\/v2\/media\/19891"}],"wp:attachment":[{"href":"https:\/\/www.bghaber.org\/bghaber\/wp-json\/wp\/v2\/media?parent=19890"}],"wp:term":[{"taxonomy":"category","embeddable":true,"href":"https:\/\/www.bghaber.org\/bghaber\/wp-json\/wp\/v2\/categories?post=19890"},{"taxonomy":"post_tag","embeddable":true,"href":"https:\/\/www.bghaber.org\/bghaber\/wp-json\/wp\/v2\/tags?post=19890"}],"curies":[{"name":"wp","href":"https:\/\/api.w.org\/{rel}","templated":true}]}}