{"id":19888,"date":"2016-07-31T01:00:22","date_gmt":"2016-07-30T22:00:22","guid":{"rendered":"http:\/\/www.bghaber.org\/bghaber\/?p=19888"},"modified":"2016-07-31T02:18:20","modified_gmt":"2016-07-30T23:18:20","slug":"geleneksel-folklor-ve-sokak-sanati-karnobatta-bulustu","status":"publish","type":"post","link":"https:\/\/www.bghaber.org\/bghaber\/geleneksel-folklor-ve-sokak-sanati-karnobatta-bulustu\/","title":{"rendered":"Geleneksel Folklor ve Sokak Sanat\u0131 Karnobat\u2019ta bulu\u015ftu"},"content":{"rendered":"<p><b>22 ile 24 Temmuz g\u00fcnleri aras\u0131nda Bulgaristan\u2019\u0131n g\u00fcneydo\u011fusunda yer alan Karnobat \u015fehrinde \u00fc\u00e7\u00fcnc\u00fc kez Balkan Sanat Festivali d\u00fczenlendi. Bulgaristan, Makedonya, S\u0131rbistan ve Arnavutluk\u2019tan 30 folklor toplulu\u011fu, b\u00fct\u00fcn Balkan \u00fclkelerinden 600\u2019den fazla sanat\u00e7\u0131 kat\u0131ld\u0131.<\/b><\/p>\n<p><img data-recalc-dims=\"1\" decoding=\"async\" src=\"https:\/\/i0.wp.com\/static.bnr.bg\/gallery\/88\/88a821f13945e21faa84a297597efc34.jpg?w=640\" alt=\"\u0421\u043d\u0438\u043c\u043a\u0430\" \/><\/p>\n<p>Festival konuklar\u0131n\u0131n g\u00f6zleri \u00f6n\u00fcnde yerli yaz yemekleri haz\u0131rlan\u0131p be\u011feniye sunuldu. \u201cB\u00fcy\u00fck Kep\u00e7e\u201d ad\u0131 ile d\u00fczenlenen cac\u0131k yar\u0131\u015fmas\u0131, tan\u0131nan yemek program\u0131 sunucusu Uti B\u0131\u00e7varov\u2019un g\u00f6zetiminde ge\u00e7ti. Yar\u0131\u015fmaya kat\u0131lan be\u015f tak\u0131m, birbirinden farkl\u0131 cac\u0131k tarifleri sundu.<\/p>\n<p>Festivalin k\u00fc\u00e7\u00fck konuklar\u0131 i\u00e7in ustal\u0131k dersleri, hokkabazl\u0131k ve tiyatro at\u00f6lyeleri vard\u0131. \u015eehir park\u0131ndaki at\u00f6lyelerde ise \u00e7anak \u00e7\u00f6mlek\u00e7ilik, \u00f6rg\u00fc ve k\u0131na d\u00f6vmesi \u00f6\u011fretiliyordu.<\/p>\n<p>\u201cFestival, \u015fehrin k\u00fclt\u00fcr hayat\u0131na farkl\u0131l\u0131k kat\u0131yor, ayr\u0131ca da Balkan \u00fclkelerinin geleneklerini ve geleneksel sanat \u00e7e\u015fitlerini s\u00fcrd\u00fcren insanlar\u0131 bir araya getiriyor. Biz \u201cbrake \u00e7at\u0131\u015fmalar\u0131\u201d d\u00fczenleyerek b\u00fct\u00fcn \u00fclkeden gen\u00e7lerin kat\u0131lmalar\u0131n\u0131 ve e\u011flenmelerini sa\u011fl\u0131yoruz. Festivalin konuklar\u0131 ve j\u00fcri \u00fcyeleri aras\u0131nda d\u00fcnyada tan\u0131nan deneyimli dans\u00e7\u0131lar vard\u0131. Onlardan biri olan B-boy Slav \u00f6rne\u011fin, Brezilya\u2019da ge\u00e7en Red Bull BC 1 finallerine kat\u0131lm\u0131\u015f bulunan tek Bulgar breake dans\u00e7\u0131s\u0131d\u0131r. Uzun y\u0131llar Birle\u015fik Krall\u0131k\u2019ta \u00e7al\u0131\u015fan Juju Rock da aram\u0131zdayd\u0131. B\u00f6yle tan\u0131nan ki\u015filerin kat\u0131l\u0131m\u0131, Pazarcik, Vidin ve Blagoevgrad\u2019dan b\u00fcy\u00fck say\u0131da kat\u0131l\u0131mc\u0131 \u00e7ekti. \u0130zleyenler de sahnede g\u00f6sterilenleri b\u00fcy\u00fck heyecen ve co\u015fku ile izliyordu.<\/p>\n<p>Festivalin \u00fc\u00e7\u00fcnc\u00fc g\u00fcn\u00fc The Official Bulgarian Beatbox Battle Yar\u0131\u015fmas\u0131&#8217;n\u0131n onuncusu d\u00fczenlendi ve Bulgaristan\u2019\u0131n yeni beatbox \u015fampiyonu KillaBee oldu. Se\u00e7iciler kurulunda ise d\u00fcnyaca bilinen betabox y\u0131ld\u0131zlar\u0131 Skiller, Pechenkata ve RedOne yer ald\u0131lar.<\/p><div id=\"bghab-3995785903\" class=\"bghab-icerik-icine bghab-entity-placement\"><script async src=\"\/\/pagead2.googlesyndication.com\/pagead\/js\/adsbygoogle.js?client=ca-pub-6203283170189293\" crossorigin=\"anonymous\"><\/script><ins class=\"adsbygoogle\" style=\"display:block; text-align:center;\" data-ad-client=\"ca-pub-6203283170189293\" \ndata-ad-slot=\"7303146466\" \ndata-ad-layout=\"in-article\"\ndata-ad-format=\"fluid\" data-full-width-responsive=\"true\"><\/ins>\n<script> \n(adsbygoogle = window.adsbygoogle || []).push({}); \n<\/script>\n<\/div>\n<p><img data-recalc-dims=\"1\" decoding=\"async\" src=\"https:\/\/i0.wp.com\/static.bnr.bg\/gallery\/1e\/1e1977c82df367b7cab22be753c8329b.jpg?w=640\" alt=\"\u0421\u043d\u0438\u043c\u043a\u0430\" \/><\/p>\n<p>Karnobat\u2019ta ge\u00e7en festivalde sinema sanat\u0131 da arka planda kalmad\u0131. Y\u00f6netmen Anri Kulev\u2019in \u201cPuk\u201d filmi, pr\u00f6myerden \u00f6nce Karnobat\u2019ta g\u00f6sterildi. Bulgaristan Ulusal Televizyonu BNT\u2019nin seyyar yaz sinemas\u0131 da \u015fehre u\u011frad\u0131 ve festival konuklar\u0131na y\u00f6netmen Atanas Kiryakov\u2019un \u201cBarter\u201d filmi Kristina Grozeva ve Pet\u0131r V\u0131l\u00e7anov\u2019un \u201cUrok\u201d (Ders) filmi ve Kamen Kalev\u2019in \u201cY\u00fcz \u00fcst\u00fc\u201d filmi izletildi.<\/p>\n<div id=\"bghab-948474219\" class=\"bghab-yazi-altinda bghab-entity-placement\"><div class=\"bghab-adlabel\">Reklamlar<\/div><script async src=\"https:\/\/pagead2.googlesyndication.com\/pagead\/js\/adsbygoogle.js\"><\/script>\r\n<!-- bghaber-yaz\u0131-sonu -->\r\n<ins class=\"adsbygoogle\"\r\n     style=\"display:block\"\r\n     data-ad-client=\"ca-pub-6203283170189293\"\r\n     data-ad-slot=\"4222328180\"\r\n     data-ad-format=\"auto\"\r\n     data-full-width-responsive=\"true\"><\/ins>\r\n<script>\r\n     (adsbygoogle = window.adsbygoogle || []).push({});\r\n<\/script><\/div><br style=\"clear: both; display: block; float: none;\"\/>","protected":false},"excerpt":{"rendered":"<p>22 ile 24 Temmuz g\u00fcnleri aras\u0131nda Bulgaristan\u2019\u0131n g\u00fcneydo\u011fusunda yer alan Karnobat \u015fehrinde \u00fc\u00e7\u00fcnc\u00fc kez Balkan Sanat Festivali d\u00fczenlendi. Bulgaristan, Makedonya, S\u0131rbistan ve Arnavutluk\u2019tan 30 folklor<\/p>\n","protected":false},"author":13,"featured_media":17941,"comment_status":"closed","ping_status":"closed","sticky":false,"template":"","format":"standard","meta":{"advanced_seo_description":"","jetpack_seo_html_title":"","jetpack_seo_noindex":false,"_jetpack_memberships_contains_paid_content":false,"footnotes":""},"categories":[8],"tags":[],"class_list":["post-19888","post","type-post","status-publish","format-standard","has-post-thumbnail","hentry","category-egitim"],"jetpack_featured_media_url":"https:\/\/i0.wp.com\/www.bghaber.org\/bghaber\/wp-content\/uploads\/2016\/02\/bg.jpg?fit=480%2C318&ssl=1","jetpack_sharing_enabled":true,"jetpack_likes_enabled":true,"jetpack-related-posts":[],"jetpack_shortlink":"https:\/\/wp.me\/pc2PfJ-5aM","_links":{"self":[{"href":"https:\/\/www.bghaber.org\/bghaber\/wp-json\/wp\/v2\/posts\/19888","targetHints":{"allow":["GET"]}}],"collection":[{"href":"https:\/\/www.bghaber.org\/bghaber\/wp-json\/wp\/v2\/posts"}],"about":[{"href":"https:\/\/www.bghaber.org\/bghaber\/wp-json\/wp\/v2\/types\/post"}],"author":[{"embeddable":true,"href":"https:\/\/www.bghaber.org\/bghaber\/wp-json\/wp\/v2\/users\/13"}],"replies":[{"embeddable":true,"href":"https:\/\/www.bghaber.org\/bghaber\/wp-json\/wp\/v2\/comments?post=19888"}],"version-history":[{"count":0,"href":"https:\/\/www.bghaber.org\/bghaber\/wp-json\/wp\/v2\/posts\/19888\/revisions"}],"wp:featuredmedia":[{"embeddable":true,"href":"https:\/\/www.bghaber.org\/bghaber\/wp-json\/wp\/v2\/media\/17941"}],"wp:attachment":[{"href":"https:\/\/www.bghaber.org\/bghaber\/wp-json\/wp\/v2\/media?parent=19888"}],"wp:term":[{"taxonomy":"category","embeddable":true,"href":"https:\/\/www.bghaber.org\/bghaber\/wp-json\/wp\/v2\/categories?post=19888"},{"taxonomy":"post_tag","embeddable":true,"href":"https:\/\/www.bghaber.org\/bghaber\/wp-json\/wp\/v2\/tags?post=19888"}],"curies":[{"name":"wp","href":"https:\/\/api.w.org\/{rel}","templated":true}]}}