{"id":19884,"date":"2016-07-31T00:56:03","date_gmt":"2016-07-30T21:56:03","guid":{"rendered":"http:\/\/www.bghaber.org\/bghaber\/?p=19884"},"modified":"2016-08-01T01:42:49","modified_gmt":"2016-07-31T22:42:49","slug":"balcikteki-botanik-bahcesi-61-yasinda","status":"publish","type":"post","link":"https:\/\/www.bghaber.org\/bghaber\/balcikteki-botanik-bahcesi-61-yasinda\/","title":{"rendered":"Bal\u00e7ik\u2019teki Botanik Bah\u00e7esi 61 ya\u015f\u0131nda"},"content":{"rendered":"<p><img data-recalc-dims=\"1\" decoding=\"async\" src=\"https:\/\/i0.wp.com\/www.daytripsbulgaria.com\/files\/142348971038431.jpg?w=640\" \/><\/p>\n<p>Sofya \u00dcniversitesi Botanik Bah\u00e7esi bug\u00fcn 61. kurulu\u015f y\u0131ld\u00f6n\u00fcm\u00fcn\u00fc kutluyor. Bal\u00e7ik Botanik Bah\u00e7esi, Washington S\u00f6zle\u015fmesi olarak bilinen Nesli Tehlike Alt\u0131ndaki T\u00fcrlerin Ticaretine \u0130li\u015fkin S\u00f6zle\u015fme (CITES) gere\u011fince s\u0131n\u0131rda ele ge\u00e7irilen\u00a0 bitki t\u00fcrleri i\u00e7in kurtarma merkezi stat\u00fcs\u00fcne sahiptir ve Monako\u2019dan sonra Avrupa\u2019n\u0131n ikinci b\u00fcy\u00fck botanik bah\u00e7esidir.<\/p>\n<p>Botanik bah\u00e7esi, y\u00fcr\u00fcme ve g\u00f6rme engelli vatanda\u015flar i\u00e7in \u00f6zel patikalara sahip Bulgaristan\u2019\u0131n tek bah\u00e7esidir ki s\u00f6z konusu vatanda\u015flar burada Braille alfabesi ile yaz\u0131l\u0131 \u00f6zel tabelalar sayesinde\u00a0 bitkileri tan\u0131ma f\u0131rsat\u0131na sahiptir. Bah\u00e7e, d\u00fcnyan\u0131n farkl\u0131 b\u00f6lgelerinden 2\u00a0500\u2019den fazla bitki t\u00fcr\u00fcne sahip olurken en b\u00fcy\u00fck \u00f6zelli\u011fi de Nisan\u2019dan Ekim ay\u0131na kadar a\u00e7\u0131k havada sergilenen dev kakt\u00fcslerdir.<\/p>\n<p>Burada Metasequoia cinsi bir bonsai a\u011fac\u0131 da bulunuyor. Bu a\u011fa\u00e7 bilim adamlar\u0131 taraf\u0131ndan D\u00fcnyada yok olan bir a\u011fa\u00e7 cinsi olarak kabul edilirken Akademisyen Nikolay Stoyanov \u00c7in\u2019e yapt\u0131\u011f\u0131 bir bilimsel ke\u015fif s\u0131ras\u0131nda bu a\u011fac\u0131 canl\u0131 olarak ke\u015ffedilmi\u015ftir.<\/p>\n<p><img decoding=\"async\" src=\"http:\/\/www.dobrudzha.com\/assets\/modules\/easy2\/show.easy2gallery.php?fid=65\" \/><\/p>\n<p><img data-recalc-dims=\"1\" loading=\"lazy\" decoding=\"async\" class=\"\" src=\"https:\/\/i0.wp.com\/rent-a-yacht.bg\/wp-content\/uploads\/2013\/03\/c910f1e9aeab2a652c767f3ed74ed65d.jpg?resize=558%2C495\" width=\"558\" height=\"495\" \/><\/p>\n<div id=\"bghab-1779794537\" class=\"bghab-yazi-altinda bghab-entity-placement\"><div class=\"bghab-adlabel\">Reklamlar<\/div><script async src=\"https:\/\/pagead2.googlesyndication.com\/pagead\/js\/adsbygoogle.js\"><\/script>\r\n<!-- bghaber-yaz\u0131-sonu -->\r\n<ins class=\"adsbygoogle\"\r\n     style=\"display:block\"\r\n     data-ad-client=\"ca-pub-6203283170189293\"\r\n     data-ad-slot=\"4222328180\"\r\n     data-ad-format=\"auto\"\r\n     data-full-width-responsive=\"true\"><\/ins>\r\n<script>\r\n     (adsbygoogle = window.adsbygoogle || []).push({});\r\n<\/script><\/div><br style=\"clear: both; display: block; float: none;\"\/>","protected":false},"excerpt":{"rendered":"<p>Sofya \u00dcniversitesi Botanik Bah\u00e7esi bug\u00fcn 61. kurulu\u015f y\u0131ld\u00f6n\u00fcm\u00fcn\u00fc kutluyor. Bal\u00e7ik Botanik Bah\u00e7esi, Washington S\u00f6zle\u015fmesi olarak bilinen Nesli Tehlike Alt\u0131ndaki T\u00fcrlerin Ticaretine \u0130li\u015fkin S\u00f6zle\u015fme (CITES) gere\u011fince<\/p>\n","protected":false},"author":13,"featured_media":0,"comment_status":"closed","ping_status":"closed","sticky":false,"template":"","format":"standard","meta":{"advanced_seo_description":"","jetpack_seo_html_title":"","jetpack_seo_noindex":false,"_jetpack_memberships_contains_paid_content":false,"footnotes":""},"categories":[7],"tags":[],"class_list":["post-19884","post","type-post","status-publish","format-standard","hentry","category-saglik-spor"],"jetpack_featured_media_url":"","jetpack_sharing_enabled":true,"jetpack_likes_enabled":true,"jetpack-related-posts":[],"jetpack_shortlink":"https:\/\/wp.me\/pc2PfJ-5aI","_links":{"self":[{"href":"https:\/\/www.bghaber.org\/bghaber\/wp-json\/wp\/v2\/posts\/19884","targetHints":{"allow":["GET"]}}],"collection":[{"href":"https:\/\/www.bghaber.org\/bghaber\/wp-json\/wp\/v2\/posts"}],"about":[{"href":"https:\/\/www.bghaber.org\/bghaber\/wp-json\/wp\/v2\/types\/post"}],"author":[{"embeddable":true,"href":"https:\/\/www.bghaber.org\/bghaber\/wp-json\/wp\/v2\/users\/13"}],"replies":[{"embeddable":true,"href":"https:\/\/www.bghaber.org\/bghaber\/wp-json\/wp\/v2\/comments?post=19884"}],"version-history":[{"count":0,"href":"https:\/\/www.bghaber.org\/bghaber\/wp-json\/wp\/v2\/posts\/19884\/revisions"}],"wp:attachment":[{"href":"https:\/\/www.bghaber.org\/bghaber\/wp-json\/wp\/v2\/media?parent=19884"}],"wp:term":[{"taxonomy":"category","embeddable":true,"href":"https:\/\/www.bghaber.org\/bghaber\/wp-json\/wp\/v2\/categories?post=19884"},{"taxonomy":"post_tag","embeddable":true,"href":"https:\/\/www.bghaber.org\/bghaber\/wp-json\/wp\/v2\/tags?post=19884"}],"curies":[{"name":"wp","href":"https:\/\/api.w.org\/{rel}","templated":true}]}}