{"id":19880,"date":"2016-07-31T00:49:01","date_gmt":"2016-07-30T21:49:01","guid":{"rendered":"http:\/\/www.bghaber.org\/bghaber\/?p=19880"},"modified":"2016-07-31T00:49:01","modified_gmt":"2016-07-30T21:49:01","slug":"cumhurbaskanligi-secimleri-6-kasimda-yapilacak","status":"publish","type":"post","link":"https:\/\/www.bghaber.org\/bghaber\/cumhurbaskanligi-secimleri-6-kasimda-yapilacak\/","title":{"rendered":"Cumhurba\u015fkanl\u0131\u011f\u0131 se\u00e7imleri 6 Kas\u0131m\u2019da yap\u0131lacak"},"content":{"rendered":"<p><img data-recalc-dims=\"1\" decoding=\"async\" src=\"https:\/\/i0.wp.com\/www.bghaber.org\/bghaber\/wp-content\/uploads\/2016\/03\/bg-cumhur.jpg?w=640\" alt=\"bg cumhur\" \/><\/p>\n<p>Parlamento\u2019da cumhurba\u015fkan\u0131 ve cumhurba\u015fkan\u0131 yard\u0131mc\u0131s\u0131 se\u00e7imlerinin 6 Kas\u0131m tarihinde yap\u0131lmas\u0131 onayland\u0131. Bu tarih, GERB, Reformcu Blok, Vatansever Cephesi, Bulgaristan Demokratik Merkezi ve Ataka vekilleri taraf\u0131ndan \u00f6nerildi.<\/p>\n<p>Yasa gere\u011fi se\u00e7imler devlet ba\u015fkan\u0131n\u0131n g\u00f6rev s\u00fcresi sona ermeden en \u00e7ok \u00fc\u00e7 ve en az iki ay once d\u00fczenlenmeli.<\/p>\n<p>Rosen Plevneliev\u2019in g\u00f6rev s\u00fcresi 22 Ocak 2017\u2019de doluyor.<\/p>\n<div id=\"bghab-548268361\" class=\"bghab-yazi-altinda bghab-entity-placement\"><div class=\"bghab-adlabel\">Reklamlar<\/div><script async src=\"https:\/\/pagead2.googlesyndication.com\/pagead\/js\/adsbygoogle.js\"><\/script>\r\n<!-- bghaber-yaz\u0131-sonu -->\r\n<ins class=\"adsbygoogle\"\r\n     style=\"display:block\"\r\n     data-ad-client=\"ca-pub-6203283170189293\"\r\n     data-ad-slot=\"4222328180\"\r\n     data-ad-format=\"auto\"\r\n     data-full-width-responsive=\"true\"><\/ins>\r\n<script>\r\n     (adsbygoogle = window.adsbygoogle || []).push({});\r\n<\/script><\/div><br style=\"clear: both; display: block; float: none;\"\/>","protected":false},"excerpt":{"rendered":"<p>Parlamento\u2019da cumhurba\u015fkan\u0131 ve cumhurba\u015fkan\u0131 yard\u0131mc\u0131s\u0131 se\u00e7imlerinin 6 Kas\u0131m tarihinde yap\u0131lmas\u0131 onayland\u0131. Bu tarih, GERB, Reformcu Blok, Vatansever Cephesi, Bulgaristan Demokratik Merkezi ve Ataka vekilleri taraf\u0131ndan<\/p>\n","protected":false},"author":13,"featured_media":18349,"comment_status":"closed","ping_status":"closed","sticky":false,"template":"","format":"standard","meta":{"advanced_seo_description":"","jetpack_seo_html_title":"","jetpack_seo_noindex":false,"_jetpack_memberships_contains_paid_content":false,"footnotes":""},"categories":[4],"tags":[],"class_list":["post-19880","post","type-post","status-publish","format-standard","has-post-thumbnail","hentry","category-siyaset"],"jetpack_featured_media_url":"https:\/\/i0.wp.com\/www.bghaber.org\/bghaber\/wp-content\/uploads\/2016\/03\/bg-cumhur.jpg?fit=610%2C343&ssl=1","jetpack_sharing_enabled":true,"jetpack_likes_enabled":true,"jetpack-related-posts":[],"jetpack_shortlink":"https:\/\/wp.me\/pc2PfJ-5aE","_links":{"self":[{"href":"https:\/\/www.bghaber.org\/bghaber\/wp-json\/wp\/v2\/posts\/19880","targetHints":{"allow":["GET"]}}],"collection":[{"href":"https:\/\/www.bghaber.org\/bghaber\/wp-json\/wp\/v2\/posts"}],"about":[{"href":"https:\/\/www.bghaber.org\/bghaber\/wp-json\/wp\/v2\/types\/post"}],"author":[{"embeddable":true,"href":"https:\/\/www.bghaber.org\/bghaber\/wp-json\/wp\/v2\/users\/13"}],"replies":[{"embeddable":true,"href":"https:\/\/www.bghaber.org\/bghaber\/wp-json\/wp\/v2\/comments?post=19880"}],"version-history":[{"count":0,"href":"https:\/\/www.bghaber.org\/bghaber\/wp-json\/wp\/v2\/posts\/19880\/revisions"}],"wp:featuredmedia":[{"embeddable":true,"href":"https:\/\/www.bghaber.org\/bghaber\/wp-json\/wp\/v2\/media\/18349"}],"wp:attachment":[{"href":"https:\/\/www.bghaber.org\/bghaber\/wp-json\/wp\/v2\/media?parent=19880"}],"wp:term":[{"taxonomy":"category","embeddable":true,"href":"https:\/\/www.bghaber.org\/bghaber\/wp-json\/wp\/v2\/categories?post=19880"},{"taxonomy":"post_tag","embeddable":true,"href":"https:\/\/www.bghaber.org\/bghaber\/wp-json\/wp\/v2\/tags?post=19880"}],"curies":[{"name":"wp","href":"https:\/\/api.w.org\/{rel}","templated":true}]}}