{"id":19877,"date":"2016-07-31T00:44:54","date_gmt":"2016-07-30T21:44:54","guid":{"rendered":"http:\/\/www.bghaber.org\/bghaber\/?p=19877"},"modified":"2016-08-01T01:50:48","modified_gmt":"2016-07-31T22:50:48","slug":"bulgaristanda-radikal-islam-var","status":"publish","type":"post","link":"https:\/\/www.bghaber.org\/bghaber\/bulgaristanda-radikal-islam-var\/","title":{"rendered":"Bulgaristan\u2019da Radikal \u0130slam Var"},"content":{"rendered":"<p>\u0130slam k\u00f6ktencili\u011finin Bulgaristan\u2019\u0131n ulusal g\u00fcvenli\u011fi a\u00e7\u0131s\u0131ndan olu\u015fturdu\u011fu tehdit konulu tart\u0131\u015fma toplant\u0131s\u0131nda konu\u015fan Ba\u015fsavc\u0131 Sotir Tsatsarov, \u201cBizde radikal \u0130slam\u2019\u0131n olmad\u0131\u011f\u0131 iddias\u0131, ger\u00e7e\u011fi yans\u0131tm\u0131yor\u201d s\u00f6zlerini kulland\u0131 ve bu olayla m\u00fccadele y\u00fcr\u00fct\u00fclmesine imkan yaratacak Ceza Kanunu de\u011fi\u015fiklik \u00f6nerilerini destekledi.<\/p>\n<p>Ba\u015fsavc\u0131\u2019ya g\u00f6re \u0130slam dinini radikal hale getirmeye \u00e7al\u0131\u015fan herkes ba\u015fka ama\u00e7lar g\u00fcd\u00fcyor.<\/p>\n<p>Say\u0131n\u00a0Tsatsarov\u2019a g\u00f6re Dini \u0130nan\u00e7lar Yasas\u0131na da de\u011fi\u015fiklikler getirilmeli, \u00e7\u00fcnk\u00fc dini ina\u00e7lar\u0131n Dinler M\u00fcd\u00fcrl\u00fc\u011f\u00fc\u2019n\u00fcn yetkisi olmadan s\u0131rf mahkeme karar\u0131 ile tescil ettirilmesi uygun bir durum de\u011fil.<\/p>\n<div id=\"bghab-2772311689\" class=\"bghab-yazi-altinda bghab-entity-placement\"><div class=\"bghab-adlabel\">Reklamlar<\/div><script async src=\"https:\/\/pagead2.googlesyndication.com\/pagead\/js\/adsbygoogle.js\"><\/script>\r\n<!-- bghaber-yaz\u0131-sonu -->\r\n<ins class=\"adsbygoogle\"\r\n     style=\"display:block\"\r\n     data-ad-client=\"ca-pub-6203283170189293\"\r\n     data-ad-slot=\"4222328180\"\r\n     data-ad-format=\"auto\"\r\n     data-full-width-responsive=\"true\"><\/ins>\r\n<script>\r\n     (adsbygoogle = window.adsbygoogle || []).push({});\r\n<\/script><\/div><br style=\"clear: both; display: block; float: none;\"\/>","protected":false},"excerpt":{"rendered":"<p>\u0130slam k\u00f6ktencili\u011finin Bulgaristan\u2019\u0131n ulusal g\u00fcvenli\u011fi a\u00e7\u0131s\u0131ndan olu\u015fturdu\u011fu tehdit konulu tart\u0131\u015fma toplant\u0131s\u0131nda konu\u015fan Ba\u015fsavc\u0131 Sotir Tsatsarov, \u201cBizde radikal \u0130slam\u2019\u0131n olmad\u0131\u011f\u0131 iddias\u0131, ger\u00e7e\u011fi yans\u0131tm\u0131yor\u201d s\u00f6zlerini kulland\u0131 ve<\/p>\n","protected":false},"author":13,"featured_media":19878,"comment_status":"closed","ping_status":"closed","sticky":false,"template":"","format":"standard","meta":{"advanced_seo_description":"","jetpack_seo_html_title":"","jetpack_seo_noindex":false,"_jetpack_memberships_contains_paid_content":false,"footnotes":""},"categories":[5],"tags":[],"class_list":["post-19877","post","type-post","status-publish","format-standard","has-post-thumbnail","hentry","category-yasam"],"jetpack_featured_media_url":"https:\/\/i0.wp.com\/www.bghaber.org\/bghaber\/wp-content\/uploads\/2016\/07\/savc%C4%B1-bg.jpg?fit=400%2C264&ssl=1","jetpack_sharing_enabled":true,"jetpack_likes_enabled":true,"jetpack-related-posts":[],"jetpack_shortlink":"https:\/\/wp.me\/pc2PfJ-5aB","_links":{"self":[{"href":"https:\/\/www.bghaber.org\/bghaber\/wp-json\/wp\/v2\/posts\/19877","targetHints":{"allow":["GET"]}}],"collection":[{"href":"https:\/\/www.bghaber.org\/bghaber\/wp-json\/wp\/v2\/posts"}],"about":[{"href":"https:\/\/www.bghaber.org\/bghaber\/wp-json\/wp\/v2\/types\/post"}],"author":[{"embeddable":true,"href":"https:\/\/www.bghaber.org\/bghaber\/wp-json\/wp\/v2\/users\/13"}],"replies":[{"embeddable":true,"href":"https:\/\/www.bghaber.org\/bghaber\/wp-json\/wp\/v2\/comments?post=19877"}],"version-history":[{"count":0,"href":"https:\/\/www.bghaber.org\/bghaber\/wp-json\/wp\/v2\/posts\/19877\/revisions"}],"wp:featuredmedia":[{"embeddable":true,"href":"https:\/\/www.bghaber.org\/bghaber\/wp-json\/wp\/v2\/media\/19878"}],"wp:attachment":[{"href":"https:\/\/www.bghaber.org\/bghaber\/wp-json\/wp\/v2\/media?parent=19877"}],"wp:term":[{"taxonomy":"category","embeddable":true,"href":"https:\/\/www.bghaber.org\/bghaber\/wp-json\/wp\/v2\/categories?post=19877"},{"taxonomy":"post_tag","embeddable":true,"href":"https:\/\/www.bghaber.org\/bghaber\/wp-json\/wp\/v2\/tags?post=19877"}],"curies":[{"name":"wp","href":"https:\/\/api.w.org\/{rel}","templated":true}]}}