{"id":19875,"date":"2016-07-31T00:40:11","date_gmt":"2016-07-30T21:40:11","guid":{"rendered":"http:\/\/www.bghaber.org\/bghaber\/?p=19875"},"modified":"2016-07-31T15:26:05","modified_gmt":"2016-07-31T12:26:05","slug":"6-kasimda-sandik-basina","status":"publish","type":"post","link":"https:\/\/www.bghaber.org\/bghaber\/6-kasimda-sandik-basina\/","title":{"rendered":"Bulgaristan 6 Kas\u0131m\u2019da Sand\u0131k Ba\u015f\u0131na"},"content":{"rendered":"<p><img data-recalc-dims=\"1\" loading=\"lazy\" decoding=\"async\" class=\"\" src=\"https:\/\/i0.wp.com\/www.bghaber.org\/bghaber\/wp-content\/uploads\/2016\/01\/levent1.jpg?resize=84%2C105\" alt=\"levent1\" width=\"84\" height=\"105\" \/>\u00a0Levent RAS\u0130M<br \/>\nKonu:\u00a0 <strong>Cumhurba\u015fkan\u0131 se\u00e7im tekerle\u011fi d\u00f6nd\u00fc.<\/strong><\/p>\n<p><strong>\u00a0\u00a0\u00a0\u00a0\u00a0\u00a0\u00a0\u00a0\u00a0\u00a0\u00a0\u00a0 B\u00fcy\u00fckler hen\u00fcz karar veremedi<\/strong><\/p>\n<p><strong>\u00a0\u00a0\u00a0\u00a0\u00a0\u00a0\u00a0\u00a0\u00a0\u00a0\u00a0\u00a0 Milliyet\u00e7iler birle\u015fti<\/strong><\/p>\n<p><strong>\u00a0\u00a0\u00a0\u00a0\u00a0\u00a0\u00a0\u00a0\u00a0\u00a0\u00a0\u00a0 Son s\u00f6z M\u00fcsl\u00fcman ve yoksul se\u00e7mende<\/strong><\/p>\n<p>Sofya parlamentosu ola\u011fan genel <strong>Cumhurba\u015fkan\u0131 ve Cumhurba\u015fkan\u0131 Yard\u0131mc\u0131s\u0131 se\u00e7iminin 6 Kas\u0131m 2016 Pazar g\u00fcn\u00fc yap\u0131lmas\u0131n\u0131 onaylad\u0131<\/strong>. Se\u00e7imler b\u00fct\u00fcn Bulgaristan\u2019da ve T\u00fcrkiye Cumhuriyetinde 39 se\u00e7im sand\u0131\u011f\u0131nda, Bulgaristan vatanda\u015flar\u0131n\u0131n kald\u0131\u011f\u0131 Avrupa Birli\u011fi \u00fclkelerinde, Birle\u015fim Amerika, Kanada, Avustralya\u2019da ve t\u00fcm devletlerdeki Bulgar Konsolosluklar\u0131nda ve a\u00e7\u0131k denizlerdeki gemilerde yap\u0131lacak.<\/p><div id=\"bghab-1313677848\" class=\"bghab-icerik-icine bghab-entity-placement\"><script async src=\"\/\/pagead2.googlesyndication.com\/pagead\/js\/adsbygoogle.js?client=ca-pub-6203283170189293\" crossorigin=\"anonymous\"><\/script><ins class=\"adsbygoogle\" style=\"display:block; text-align:center;\" data-ad-client=\"ca-pub-6203283170189293\" \ndata-ad-slot=\"7303146466\" \ndata-ad-layout=\"in-article\"\ndata-ad-format=\"fluid\" data-full-width-responsive=\"true\"><\/ins>\n<script> \n(adsbygoogle = window.adsbygoogle || []).push({}); \n<\/script>\n<\/div>\n<p><strong>Birisinin gitme yenisinin gelme zaman\u0131:<\/strong><\/p>\n<p>2011\u2019de se\u00e7ilen ve 22 Ocak 2012\u2019de g\u00f6reve ba\u015flayan Cumhurba\u015fkan\u0131 <strong>Rosen Plevneliev<\/strong>\u2019in g\u00f6rev s\u00fcresi 2016\u2019da doldu. O, Bulgaristanl\u0131 T\u00fcrk M\u00fcsl\u00fcmanlar\u0131n ve soyda\u015flar\u0131n da oylar\u0131yla se\u00e7ilmi\u015fti. Son 5 y\u0131lda i\u015f reformcu siyasetten yana tutum ald\u0131. Sivil toplum \u00f6rg\u00fctlerinin totaliter-kom\u00fcnist kal\u0131t\u0131n s\u00f6k\u00fclmesi, adalet, sa\u011fl\u0131k ve e\u011fitim ba\u015fta olmak \u00fczere sosyal ya\u015famda derin d\u00f6n\u00fc\u015f\u00fcm isteklerini destekledi. \u0130\u015fsizlere el uzatan ve sosyal yoksullu\u011fu hafifletmeyi ama\u00e7layan siyaset \u00e7izgisinde taraf oldu. O, onun d\u00f6neminde Bulgaristan\u2019da kabaran ve sa\u011f ve sol cephede \u00f6rg\u00fctlenip meclise ve siyasete giren milliyet\u00e7ili\u011fi k\u0131nad\u0131. Etnik az\u0131nl\u0131klardan, onlar\u0131n dil, din ve \u00f6zg\u00fcn k\u00fclt\u00fcr haklar\u0131n\u0131n verilmesinden, devlet imk\u00e2nlar\u0131ndan daha geni\u015f desteklenmelerinden yana tav\u0131r ald\u0131.\u00a0 Sol kanattan Moskof\u00e7u \u201c<strong>Ataka<\/strong>\u201d ile sa\u011f siyasi kanata yerle\u015fen s\u00f6zde \u201c<strong>Yurtsever Cephe<\/strong>\u201d (<strong>PF<\/strong>) ve Makedon \u0130\u00e7 Devrim Hareketi (VMRO) partilerinin T\u00fcrkiye\u2019deki soyda\u015flar\u0131m\u0131z\u0131n genel se\u00e7imlere kar\u0131lmas\u0131n k\u0131s\u0131tlama getiren yasa de\u011fi\u015fikliklerine kar\u015f\u0131 \u00e7\u0131kt\u0131, veto hakk\u0131n\u0131 kulland\u0131.<\/p>\n<p><strong>Plevneliev, \u00a0kendini aratabilir:<\/strong><\/p>\n<p>D\u0131\u015f siyasette o, Avrupa ve Atlantik\u00e7i siyaset \u00e7izgisini destekledi. Bulgaristan\u2019\u0131n yerinin Bat\u0131 Blok\u2019unda oldu\u011funu savundu. \u00a0Rusya Federasyonu\u2019nun K\u0131r\u0131m\u2019\u0131 ilhak etmesini ve Do\u011fu Ukrayna\u2019y\u0131 i\u015fgalini defalarca k\u0131narken, Karadeniz \u00fczerinden Bulgaristan&#8217;a kar\u015f\u0131 s\u00fcren gece u\u00e7ak ak\u0131nlar\u0131n\u0131n ve siber sald\u0131r\u0131lar\u0131n durdurulmas\u0131n\u0131 istedi. Ba\u015fkomutanl\u0131\u011f\u0131 s\u00fcresinde NATO ile ba\u011flar\u0131m\u0131z g\u00fc\u00e7lendi. Birle\u015fik Amerika bizde birka\u00e7 talim merkezi, u\u00e7ak alan\u0131 ve savunma \u00fcss\u00fc kurdu. O, Balkanlarda daha koordineli bir Avrupa ve Atlantik siyasetinden yana \u00e7\u0131karken, T\u00fcrkiye ile s\u0131\u011f\u0131nmac\u0131lar konusu da dahil, daha s\u0131k\u0131 ve kar\u015f\u0131l\u0131kl\u0131 yararl\u0131 i\u015fbirli\u011finden yana tutum ald\u0131.<\/p>\n<p>6 Kas\u0131mda Bulgaristan&#8217;\u0131n Bat\u0131\u2019dan yana kararl\u0131, Rusya ile dengeli ve di\u011fer kom\u015fu \u00fclkelerle bar\u0131\u015f\u00e7\u0131, i\u015fbirlik\u00e7i, g\u00fcvenlik ve refah sa\u011flayacak, huzurlu bir siyaset i\u00e7in oy vermeye gidece\u011fiz. Bulgaristan\u2019da <strong>1913\u2019ten ba\u015flayarak hi\u00e7bir \u00f6nemli siyaset ve devlet y\u00f6neticisi M\u00fcsl\u00fcman T\u00fcrk se\u00e7men oyunu alamadan se\u00e7ilemedi. <\/strong>6 Kas\u0131m 2016 g\u00fcn\u00fc ve <strong>ikinci tura<\/strong> (balotaja) gidilirse yine bizim oylar\u0131m\u0131z\u0131n belirleyici olmas\u0131 en samimi dile\u011fimizdir.<\/p><div id=\"bghab-148651041\" class=\"bghab-icerik-icine-10-paragraf bghab-entity-placement\"><script async src=\"\/\/pagead2.googlesyndication.com\/pagead\/js\/adsbygoogle.js?client=ca-pub-6203283170189293\" crossorigin=\"anonymous\"><\/script><ins class=\"adsbygoogle\" style=\"display:block; text-align:center;\" data-ad-client=\"ca-pub-6203283170189293\" \ndata-ad-slot=\"7303146466\" \ndata-ad-layout=\"in-article\"\ndata-ad-format=\"fluid\" data-full-width-responsive=\"true\"><\/ins>\n<script> \n(adsbygoogle = window.adsbygoogle || []).push({}); \n<\/script>\n<\/div>\n<p><strong>Hen\u00fcz halka sunulan bir program yok:<\/strong><\/p>\n<p>Se\u00e7ime 3 ay var. Biz, Deliormanl\u0131 se\u00e7menler \u00f6ncelikle adaylar\u0131n <strong>5 y\u0131ll\u0131k programlar\u0131n\u0131 g\u00f6rmek<\/strong>, g\u00f6r\u00fc\u015fmeler d\u00fczenleyerek tart\u0131\u015fmak, istedi\u011fimiz adaylar\u0131 b\u00f6lgemize davet edip meydan mitinglerinde kendilerini dinlemek istiyoruz. D\u00fcnya de\u011fi\u015fiyor. Avrupa derin ekonomik ve mali bunal\u0131ma paralel par\u00e7alan\u0131yor. \u0130ngiltere AB\u2019den koptu. Daha \u00f6nce g\u00f6r\u00fclmemi\u015f bir sava\u015f ka\u00e7aklar\u0131 ve s\u0131\u011f\u0131nmac\u0131 seli beraberinde ter\u00f6r olaylar\u0131n\u0131 t\u0131rmand\u0131rd\u0131. Yak\u0131n Do\u011fu ve Kuzey Afrika\u2019dan akan s\u0131\u011f\u0131nmac\u0131lar\u0131n sorunlar\u0131 \u00e7\u00f6z\u00fcm beklerken,\u00a0 20. y\u00fczy\u0131l\u0131n ortalar\u0131nda emperyalizmin s\u00f6m\u00fcrge sisteminden \u00e7\u00f6z\u00fclmesiyle Bat\u0131 Avrupa\u2019ya yerle\u015fen m\u00fcltecilerin sisteme adapte olamad\u0131\u011f\u0131 da ortaya \u00e7\u0131kt\u0131. Ter\u00f6r faillerinin onlar oldu\u011fu g\u00fcn gibi ortadad\u0131r. Fransa&#8217;daki kanl\u0131 olaylar\u0131n 20\u201330 y\u0131ll\u0131k ge\u00e7mi\u015fi var. \u00d6\u00e7ken sosyal sisteme, insan haklar\u0131 ihlallerine tepkiler art\u0131yor. B\u00fct\u00fcn bunlar arpa bu\u011fday ora\u011f\u0131n\u0131 tamamlayan, karpuz i\u015flerine ge\u00e7en Deliorman\u2019dan Bat\u0131 Avrupa \u00fclkelerine i\u015fe giden karde\u015flerimizin bo\u015f elle geri gelmesine neden oluyor. S\u0131\u011f\u0131nmac\u0131lar i\u015f se\u00e7meden bo\u011faz toklu\u011funa \u00e7al\u0131\u015fmaya raz\u0131 olduklar\u0131ndan, bizimkilere sigortal\u0131 i\u015f bulup \u00e7al\u0131\u015fmak imk\u00e2ns\u0131z oldu. Bu bak\u0131ma fazla i\u015f g\u00fcc\u00fcn\u00fcn istihdam\u0131 a\u00e7\u0131s\u0131ndan bizim i\u00e7in AB \u00fcyeli\u011fi anlams\u0131zla\u015ft\u0131.<\/p>\n<p><strong>T\u00fcrkiye\u2019de \u00e7al\u0131\u015fanlar\u0131m\u0131z giderek art\u0131yor.<\/strong><\/p>\n<p>Se\u00e7imlerden bekledi\u011fimiz, ekonomik ve sosyal sorunlar\u0131 \u00e7\u00f6zecek, daha iyi bir hayat ortam\u0131 yaratma davas\u0131na \u00f6nc\u00fcl\u00fck edecek birini etmektir. Bizde Cumhurba\u015fkan\u0131n\u0131n her i\u015fe kar\u0131\u015fma ve her konuda son imzay\u0131 atma gibi bir i\u015flevi de yok. \u00a0Hi\u00e7bir \u015fey yap\u0131lm\u0131yor diyemem. K\u00f6yler aras\u0131 ve k\u00f6y kent aras\u0131 baz\u0131 yollar asfaltland\u0131. Japonya\u2019dan gelip bizde sanayi tesisi kuran yat\u0131r\u0131mc\u0131lar aram\u0131za girdiler. T\u00fcrkiye\u2019den gelen ve say\u0131lar\u0131 art\u0131k 100 bini bulan i\u015f adam\u0131 da bize istihdam sa\u011flamaya \u00e7al\u0131\u015f\u0131yor. <strong>Ekonomi Bakan\u0131 Lukarski<\/strong>, verdi\u011fi son deme\u00e7te, T\u00fcrk sermayesinin Bulgaristan kap\u0131s\u0131n\u0131 giderek daha g\u00fc\u00e7l\u00fc \u00e7ald\u0131\u011f\u0131n\u0131 belirtti. <strong>Trakya\u2019da d\u00fcnyan\u0131n en b\u00fcy\u00fck hava liman\u0131n kurulmas\u0131, Marmara ile Karadeniz\u2019i birbirine ba\u011flayacak kanal\u0131n a\u00e7\u0131lmas\u0131, \u0130stanbul ile Edirne aras\u0131nda mesafeyi k\u0131saltan h\u0131zl\u0131 trenlerin mekik dokumas\u0131 gibi olaylardan direk etkileniyoruz. Ya\u015fanan 15 Temmuz olaylar\u0131 T\u00fcrk halk\u0131n\u0131n B\u00fcy\u00fck T\u00fcrkiye sevdas\u0131ndan asla caymayaca\u011f\u0131n\u0131 do\u011frulad\u0131. <\/strong>\u00a0Biz, Deliormanl\u0131 Bulgaristan T\u00fcrkleri etkisi \u00e7emberinde bulundu\u011fumuz B\u00fcy\u00fck T\u00fcrkiye at\u0131l\u0131m\u0131yla \u00e7ok s\u0131k\u0131 bir i\u015fbirli\u011fi d\u00f6nemine girilece\u011fine inan\u0131yoruz. Etnik milliyet\u00e7ilik yapmayan T\u00fcrkiye devleti k\u00fclt\u00fcrel zenginli\u011fiyle Balkan halklar\u0131na g\u00f6n\u00fcl ferahl\u0131\u011f\u0131 veriyor.<\/p>\n<p><strong>Cumhurba\u015fkanl\u0131\u011f\u0131 se\u00e7imi i\u015fte b\u00f6yle bir ortamda yap\u0131lacak<\/strong>.<\/p><div id=\"bghab-4278449157\" class=\"bghab-icerik-icine-15-paragraf bghab-entity-placement\"><script async src=\"\/\/pagead2.googlesyndication.com\/pagead\/js\/adsbygoogle.js?client=ca-pub-6203283170189293\" crossorigin=\"anonymous\"><\/script><ins class=\"adsbygoogle\" style=\"display:block; text-align:center;\" data-ad-client=\"ca-pub-6203283170189293\" \ndata-ad-slot=\"7303146466\" \ndata-ad-layout=\"in-article\"\ndata-ad-format=\"fluid\" data-full-width-responsive=\"true\"><\/ins>\n<script> \n(adsbygoogle = window.adsbygoogle || []).push({}); \n<\/script>\n<\/div>\n<p>Bizde ard\u0131nda g\u00fc\u00e7l\u00fc bir siyasi parti olmayan hi\u00e7bir aday \u015fimdiye kadar se\u00e7im kazanamam\u0131\u015ft\u0131r. \u0130ki, \u015fu d\u00f6nemde Bulgaristan <strong>toplumu \u00e7ok par\u00e7alanm\u0131\u015f<\/strong>, yak\u0131nda birle\u015febilecek durumda de\u011fildir. B\u00f6l\u00fcnme <strong>sa\u011f ve sol kanat<\/strong> olup, bir de <strong>cepheler i\u00e7i ufalanma<\/strong> var. Siyasi arenadaki 400 partiden sekizi meclistedir.<\/p>\n<p>\u00dc\u00e7, ne sol ne de sa\u011f kanatta Cumhurba\u015fkanl\u0131\u011f\u0131 se\u00e7imlerini tek ba\u015f\u0131na kazanabilecek siyasi ki\u015filik yoktur. \u0130lave edeyim, sol cephe olu\u015fturmak isteyen ama yerinde sayan Sosyalist Parti (BSP), ABV ve \u201c21. Y\u00fczy\u0131l\u201d partileri ile anla\u015fabilirse <strong>15 A\u011fustosta ortak aday <\/strong>a\u00e7\u0131klayacaklar\u0131n\u0131 duyurdu. \u0130ktidar partisi -Bulgaristan&#8217;\u0131n Avrupa Geli\u015fimi i\u00e7in Vatanda\u015flar (GERB) aday\u0131n\u0131 <strong>1 Eyl\u00fcl\u2019den \u00f6nce<\/strong> a\u00e7\u0131klamak istemiyor.<\/p>\n<p><strong>Se\u00e7menin farkl\u0131 bir sima ar\u0131yor:<\/strong><\/p>\n<p>29 Temmuzda meclis se\u00e7im g\u00fcn\u00fcn\u00fc oylarken yerli sosyolojik ajanslar \u201c<strong>Kim Cumhurba\u015fkan\u0131 Olsun<\/strong>!\u201d anket sonu\u00e7lar\u0131n\u0131 a\u00e7\u0131kland\u0131.<\/p>\n<p>Ba\u015fbakan B.Borisov\u2019a se\u00e7menin % 35\u2019i \u201c<strong>evet<\/strong>\u201d derken % 52\u2019si \u201c<strong>hay\u0131r<\/strong>\u201d dedi.<\/p><div id=\"bghab-13896111\" class=\"bghab-icerik-icine-20-paragraf bghab-entity-placement\"><script async src=\"\/\/pagead2.googlesyndication.com\/pagead\/js\/adsbygoogle.js?client=ca-pub-6203283170189293\" crossorigin=\"anonymous\"><\/script><ins class=\"adsbygoogle\" style=\"display:block; text-align:center;\" data-ad-client=\"ca-pub-6203283170189293\" \ndata-ad-slot=\"7303146466\" \ndata-ad-layout=\"in-article\"\ndata-ad-format=\"fluid\" data-full-width-responsive=\"true\"><\/ins>\n<script> \n(adsbygoogle = window.adsbygoogle || []).push({}); \n<\/script>\n<\/div>\n<p>Sosyalist Parti lideri Bayan K. Ninova ise % 18 \u201c<strong>evet<\/strong>\u201d,\u00a0 % 65\u2019de \u201c<strong>hay\u0131r<\/strong>\u201d oy ald\u0131.<\/p>\n<p>Daha \u00f6nce yap\u0131lan bir ankette ise, \u201c<strong>21. Y\u00fczy\u0131l<\/strong>\u201d partisi Ba\u015fkan\u0131 Bayan T. Don\u00e7eva Borisov\u2019tan sonra ikinci s\u0131rada yer ald\u0131.<\/p>\n<p><strong>Se\u00e7ime giderken siyasi geli\u015fmelerde STK\u2019lar\u0131n rol\u00fc artt\u0131.<\/strong><\/p>\n<p>20 y\u0131ldan beri TV\u2019de \u015eovmen olan Slavi Trifonov bu se\u00e7imlerle birlikte bir de referandum yap\u0131lmas\u0131 i\u00e7in 700 bin imza toplam\u0131\u015ft\u0131. O, \u015fimdiki Cumhurba\u015fkan\u0131 se\u00e7imi ile birlikte yap\u0131lacak olan bu halk oylamas\u0131na <strong>6 konu<\/strong> getirdi. Bunlar\u0131n \u00fc\u00e7\u00fcn\u00fc Anayasa\u2019ya ayk\u0131r\u0131 bulan Plevneliev, Y\u00fcksek Temyiz Mahkemesine (YTM) ba\u015fvurdu. \u00dc\u00e7 soru i\u00e7in oy verilmesine <strong>hay\u0131r <\/strong>diyen mahkeme, \u00fc\u00e7\u00fcne de olumlu yan\u0131t verdi.<\/p>\n<p><strong>Halk\u0131n istedi\u011fi, fakat YTM\u2019nin onaylamad\u0131\u011f\u0131 3 soru \u015fudur:<\/strong><\/p><div id=\"bghab-1734874073\" class=\"bghab-icerik-icine-25-paragraf bghab-entity-placement\"><script async src=\"\/\/pagead2.googlesyndication.com\/pagead\/js\/adsbygoogle.js?client=ca-pub-6203283170189293\" crossorigin=\"anonymous\"><\/script><ins class=\"adsbygoogle\" style=\"display:block; text-align:center;\" data-ad-client=\"ca-pub-6203283170189293\" \ndata-ad-slot=\"7303146466\" \ndata-ad-layout=\"in-article\"\ndata-ad-format=\"fluid\" data-full-width-responsive=\"true\"><\/ins>\n<script> \n(adsbygoogle = window.adsbygoogle || []).push({}); \n<\/script>\n<\/div>\n<ul>\n<li><em>Milletvekili say\u0131s\u0131n\u0131n 240\u2019tan 120\u2019te indirilmesi;<\/em><\/li>\n<li><em>Se\u00e7imlerin elektronik yap\u0131lmas\u0131;<\/em><\/li>\n<li><em>\u0130\u00e7 \u0130\u015fleri Bakanl\u0131\u011f\u0131 il m\u00fcd\u00fcrleri ile \u0130\u00e7 \u0130\u015fleri Bakanl\u0131\u011f\u0131 \u0130\u015f Amirliklerine ba\u011fl\u0131 Belediye komiserlerinin majoriter se\u00e7imle oylar\u0131n \u00e7o\u011funu alarak 2 turda se\u00e7ilmeleri.<\/em><\/li>\n<\/ul>\n<p>700 bin imza atan vatanda\u015flar bu isteklerin \u00fclkenin demokratikle\u015fmesi, totaliter sistemin s\u00f6k\u00fclmesi yolunda \u00f6nemli ad\u0131mlar olaca\u011f\u0131 g\u00f6r\u00fc\u015f\u00fcn\u00fc savundu.<\/p>\n<p><strong>6 Kas\u0131mda, Cumhurba\u015fkanl\u0131\u011f\u0131 se\u00e7imiyle birlikte yap\u0131lacak se\u00e7imde \u015fu 3 soruya cevap aranacakt\u0131r<\/strong>:<\/p>\n<p><strong>1) Milletvekillerinin yaln\u0131z majoriter se\u00e7im sistemine g\u00f6re yani 2 turda oylar\u0131n \u00e7o\u011funu alan se\u00e7ilir usul\u00fcyle se\u00e7ilmesini destekliyor musunuz? Bu iste\u011fin anlam\u0131 se\u00e7imlerde parti listesi olmamas\u0131d\u0131r. Halk\u0131n yukar\u0131dan dayat\u0131lan adaylara oy vermeye zorlanmas\u0131na son verilmesidir.<\/strong><\/p>\n<p><strong>2) Se\u00e7im ve referandumlarda oy kullanman\u0131n zorunlu olmas\u0131 iste\u011fini destekliyor musunuz?<\/strong><\/p>\n<p><strong>3) Politik parti ve koalisyonlara devlet yard\u0131mlar\u0131n\u0131n al\u0131nan oya kar\u015f\u0131 1 (bir) leva olmas\u0131n\u0131 destekliyor musunuz?<\/strong><\/p><div id=\"bghab-1568036081\" class=\"bghab-icerik-icine-30-paragraf bghab-entity-placement\"><script async src=\"\/\/pagead2.googlesyndication.com\/pagead\/js\/adsbygoogle.js?client=ca-pub-6203283170189293\" crossorigin=\"anonymous\"><\/script><ins class=\"adsbygoogle\" style=\"display:block; text-align:center;\" data-ad-client=\"ca-pub-6203283170189293\" \ndata-ad-slot=\"7303146466\" \ndata-ad-layout=\"in-article\"\ndata-ad-format=\"fluid\" data-full-width-responsive=\"true\"><\/ins>\n<script> \n(adsbygoogle = window.adsbygoogle || []).push({}); \n<\/script>\n<\/div>\n<p>Bu isteklerin onaylanmas\u0131 i\u00e7in Slavi Trifonov ve arkada\u015flar\u0131n\u0131n se\u00e7imden \u00f6nce Sofya\u2019da \u201c<strong>Kartal K\u00f6pr\u00fc<\/strong>\u201d kav\u015fa\u011f\u0131nda 1 milyon vatanda\u015f\u0131n kat\u0131laca\u011f\u0131 bir miting d\u00fczenleyece\u011fi duyuruldu.<\/p>\n<p>Bulgaristan\u2019da 20 y\u0131ldan beri meclise \u00e7\u00f6reklenmi\u015f totaliter kal\u0131tlar\u0131n i\u015fgal ettikleri sandalyelerden kovulmas\u0131 yolunun a\u00e7\u0131lmas\u0131nda \u00e7ok \u00f6nemli bir ad\u0131m olan STK \u00e7al\u0131\u015fmalar\u0131 b\u00fcy\u00fck bask\u0131 alt\u0131nda g\u00fc\u00e7 topluyor. Bu isteklerin enc\u00fcmenliklerimiz, \u00f6\u011fretmen ve sanat derneklerimiz, kooperatiflerimiz ve T\u00fcrkiye Cumhuriyeti de soyda\u015f STK \u00f6rg\u00fctleri taraf\u0131ndan desteklenmesi zaman\u0131 gelmi\u015ftir.<\/p>\n<p>Bu i\u015fin i\u00e7indeki kavgada ve \u015fu yaz\u0131m\u0131 yazarken, akl\u0131 me\u015fgul eden bir d\u00f6rtl\u00fck var:<\/p>\n<p><strong>Al\u00e7aklara kar ya\u011f\u0131yor<\/strong><\/p>\n<p><strong>\u00dc\u015f\u00fcmedin mi?<\/strong><\/p><div id=\"bghab-3077926789\" class=\"bghab-icerik-icine-35-paragraf bghab-entity-placement\"><script async src=\"\/\/pagead2.googlesyndication.com\/pagead\/js\/adsbygoogle.js?client=ca-pub-6203283170189293\" crossorigin=\"anonymous\"><\/script><ins class=\"adsbygoogle\" style=\"display:block; text-align:center;\" data-ad-client=\"ca-pub-6203283170189293\" \ndata-ad-slot=\"7303146466\" \ndata-ad-layout=\"in-article\"\ndata-ad-format=\"fluid\" data-full-width-responsive=\"true\"><\/ins>\n<script> \n(adsbygoogle = window.adsbygoogle || []).push({}); \n<\/script>\n<\/div>\n<p><strong>Sen bu i\u015fin sonunu<\/strong><\/p>\n<p><strong>D\u00fc\u015f\u00fcnmedin mi?<\/strong><\/p>\n<p>Bulgaristan\u2019da \u015fu d\u00f6nem verdi\u011fimiz m\u00fccadele ola\u011fan\u00fcst\u00fc sert \u015fartlarda yol al\u0131yor.<\/p>\n<p><strong>Milliyet\u00e7i, \u0131rk\u00e7\u0131 kesim anti-\u0130slam temelinde birle\u015fti.<\/strong><\/p>\n<p>Se\u00e7im g\u00fcn\u00fc a\u00e7\u0131klan\u0131r a\u00e7\u0131klanmaz Milliyet\u00e7i \u0131rk\u00e7\u0131 grup ile Reformcu Grup acele edip adaylar\u0131n\u0131 ilan etti. Milliyet\u00e7i Irk\u00e7\u0131 Grupta a\u015f\u0131r\u0131 soldan (<strong>Ataka<\/strong>) partisi ile aralar\u0131nda eski se\u00e7im ortakl\u0131\u011f\u0131 da olan Makedon \u0130\u00e7 Devrim \u00d6rg\u00fct\u00fc (<strong>VMRO<\/strong>) ve g\u00fcya \u201c<strong>Yurtsever Cephe<\/strong>\u201d (<strong>PF<\/strong>) \u0131rk\u00e7\u0131 sa\u011f olu\u015fum olarak bir se\u00e7im cephesi kurdu. Kimse anla\u015fabileceklerini d\u00fc\u015f\u00fcnmemi\u015fti. 5 Y\u0131ldan beri aralar\u0131nda k\u0131yas\u0131ya kavga vard\u0131. Cumhurba\u015fkan\u0131 aday\u0131 olarak a\u00e7\u0131klanan isim, <strong>VMRO Ba\u015fkan\u0131 Krasimir Karaka\u00e7anov &#8211;<\/strong> totaliter kom\u00fcnist sivil polisin Kom\u00fcnist Partisi ve gizli servis \u201c<strong>DS<\/strong>\u201d aras\u0131ndaki kayna\u015fma k\u00f6pr\u00fcs\u00fc olan \u201c<strong>Alt\u0131nc\u0131 \u015eube<\/strong>\u201d adl\u0131 fa\u015fizan olu\u015fumun ajan\u0131 oldu\u011fu a\u00e7\u0131kland\u0131. Karaka\u00e7anov Bulgar milliyet\u00e7ili\u011fin sivri u\u00e7lar\u0131ndan biridir. T\u00fcrk ve \u0130slam d\u00fc\u015fmanl\u0131\u011f\u0131nda s\u0131n\u0131r tan\u0131maz.<\/p><div id=\"bghab-2489700025\" class=\"bghab-icerik-icine-40-paragraf bghab-entity-placement\"><script async src=\"\/\/pagead2.googlesyndication.com\/pagead\/js\/adsbygoogle.js?client=ca-pub-6203283170189293\" crossorigin=\"anonymous\"><\/script><ins class=\"adsbygoogle\" style=\"display:block; text-align:center;\" data-ad-client=\"ca-pub-6203283170189293\" \ndata-ad-slot=\"7303146466\" \ndata-ad-layout=\"in-article\"\ndata-ad-format=\"fluid\" data-full-width-responsive=\"true\"><\/ins>\n<script> \n(adsbygoogle = window.adsbygoogle || []).push({}); \n<\/script>\n<\/div>\n<p>Bu noktada y\u00fcr\u00fcrl\u00fckteki Anayasa totaliter-kom\u00fcnist rejimin kanl\u0131 cinayetlerine kat\u0131lm\u0131\u015f hain ve ajanlar\u0131n devlet g\u00f6revlerine y\u00fckselmesine izin vermemelidir. Fakat Karaka\u00e7anov bug\u00fcn de meclis ba\u015fkan yard\u0131mc\u0131s\u0131d\u0131r. O,\u00a0 Bulgaristan\u2019da a\u015f\u0131r\u0131 milliyet\u00e7ili\u011fin, \u0131rk\u00e7\u0131 kesimin teorisyeni ve ba\u015f\u0131d\u0131r. Y\u0131llardan beri, \u00a0camilerimize ve dini geleneklerimize kar\u015f\u0131 aras\u0131z sald\u0131r\u0131 siyaseti k\u0131\u015fk\u0131rtand\u0131r. Anadilimizin devlet okullar\u0131nda zorunlu dil olarak okutulmas\u0131na, \u00f6zg\u00fcn k\u00fclt\u00fcr\u00fcm\u00fcz\u00fcn geli\u015fmesinin engellenmesine, se\u00e7im kampanyalar\u0131nda T\u00fcrk\u00e7e yasa\u011f\u0131 ve para cezas\u0131 getirilmesine \u00f6nayak olan ki\u015fidir. \u015eimdi camilerimizde mikrofon ve hoparl\u00f6r kullan\u0131lmas\u0131n\u0131,\u00a0 camide T\u00fcrk\u00e7e konu\u015fulmas\u0131n\u0131 yasak getirme isteyendir. <strong>O, ayn\u0131 zamanda genel se\u00e7imlere serbest\u00e7e kat\u0131lmam\u0131z\u0131 engelleyen, T\u00fcrkiye Cumhuriyeti\u2019de sand\u0131k say\u0131s\u0131n\u0131n 136\u2019dan 39\u2019a indiren yasay\u0131 haz\u0131rlayan ve iki defa se\u00e7ime kat\u0131lmayanlar\u0131n vatanda\u015fl\u0131ktan at\u0131lmas\u0131n\u0131 isteyen ve ellerinden Bulgar kimlik ve pasaportlar\u0131n\u0131n al\u0131nmas\u0131n\u0131 ve emekli maa\u015flar\u0131n\u0131n kesilmesinde direnendir. Se\u00e7ilmesi hayat\u0131m\u0131z\u0131 karartabilir.<\/strong><\/p>\n<p>T\u00fcrkiye Cumhuriyeti ile Bulgaristan s\u0131n\u0131r\u0131na gerilen 3 metre y\u00fcksek, \u00a0be\u015f katl\u0131 tel \u00f6rg\u00fcn\u00fcn 10\u2019ar metre arayla 3 kat olmas\u0131nda direnen, bu i\u015f i\u00e7in Avrupa Birli\u011finden \u00f6denek talep eden de odur. Bulgaristan&#8217;a s\u0131\u011f\u0131nmac\u0131lara, sava\u015f ka\u00e7a\u011f\u0131 girmesini yasaklamaya \u00e7al\u0131\u015f\u0131rken, \u0130slam d\u00fc\u015fmanl\u0131\u011f\u0131 k\u00f6r\u00fckleyen milliyet\u00e7i da kendisidir. Cumhurba\u015fkan\u0131 Yard\u0131mc\u0131s\u0131 olarak ise, \u201c<strong>Ataka<\/strong>\u201d partisi \u015fefi Volen Siderov holiganl\u0131ktan yarg\u0131lan\u0131rken savunmas\u0131n\u0131 yapan av. Yavor Nonev\u2019i aday g\u00f6sterildi. 26 y\u0131ldan beri sis perdesi ard\u0131na gizlenen Bulgar milliyet\u00e7ileri art\u0131k sahneye \u00e7\u0131kt\u0131 ve iktidar katlar\u0131na uzan\u0131yorlar. Dikkat edelim. \u0130simlerimizi de\u011fi\u015ftiren toplumsal damar budur.<\/p>\n<p><strong>Reformcu Blok\u2019ta durum hen\u00fcz kesinle\u015fmedi:<\/strong><\/p>\n<p>Merkez sa\u011fda 5 siyasi parti ve hareketin birle\u015fmesinden olu\u015fan <strong>Reformcu Blok (RB)<\/strong> Cumhurba\u015fkan\u0131 se\u00e7imine merkez sa\u011fc\u0131 kendi aday\u0131 ile girmeye karar verdi. Olay\u0131 yak\u0131ndan izlemek isteyenler i\u00e7in, 5 partinin \u00e7\u0131kard\u0131\u011f\u0131 \u00f6n liste \u015fudur:<\/p>\n<ul>\n<li><strong>Vatanda\u015f Komitesi<\/strong>, GEERB partisinin eski Enerji Bakan\u0131 Tray\u00e7o Traykov\u2019u Cumhurba\u015fkan\u0131 aday\u0131, Grozdan Karacov\u2019u da Ba\u015fkan Yard\u0131mc\u0131l\u0131\u011f\u0131na aday\u0131 g\u00f6sterdi;<\/li>\n<li><strong>Yeni Bulgar Demokrasisi, <\/strong> Simeon partisinden eski meclis ba\u015fkan\u0131 Prof. Ognyan Gercikov\u2019u Cumhurba\u015fkan\u0131 aday\u0131, istihbarat \u00f6rg\u00fct\u00fc \u201c<strong>DS<\/strong>\u201d eski \u015fefi Dimo Gyavurov\u2019u da Ba\u015fkan Yard\u0131mc\u0131l\u0131\u011f\u0131na aday\u0131 g\u00f6sterdi;<\/li>\n<li><strong>Bulgaristan Vatanda\u015flar\u0131, <\/strong>bir grup entelekt\u00fcelin aday\u0131 olan Prof. Velislav Minekov\u2019u destekledi\u011fini a\u00e7\u0131klad\u0131.<\/li>\n<li><strong>Bulgaristan \u00c7ift\u00e7i Halk Birli\u011fi (BZNS) <\/strong>Bulgaristan\u2019\u0131n NATO temsilcisi olan Gen. S\u0131bi S\u0131bev\u2019e<strong> \u201cevet\u201d <\/strong><\/li>\n<li><strong>\u00d6zg\u00fcrl\u00fck ve Demokrasi <\/strong>ad\u0131yla bilinen Kas\u0131m Dal Partisi de, Ba\u015fkan Korman \u0130smailov\u2019u aday g\u00f6sterdi.<\/li>\n<\/ul>\n<p>Bu adaylar\u0131n hi\u00e7 biri kesin de\u011fildir, \u00e7\u00fcnk\u00fc Refomcu Blok tek aday \u00fczerinde anla\u015fma s\u00fcrecinde tart\u0131\u015fmalara devam ediyor. Anla\u015f\u0131lan bu defa Kas\u0131m Dal partisi cumhurba\u015fkan\u0131 se\u00e7imine kendi aday\u0131 ile kat\u0131lmayacakt\u0131r.<\/p><div id=\"bghab-822560547\" class=\"bghab-icerik-icine-45-paragraf bghab-entity-placement\"><script async src=\"\/\/pagead2.googlesyndication.com\/pagead\/js\/adsbygoogle.js?client=ca-pub-6203283170189293\" crossorigin=\"anonymous\"><\/script><ins class=\"adsbygoogle\" style=\"display:block; text-align:center;\" data-ad-client=\"ca-pub-6203283170189293\" \ndata-ad-slot=\"7303146466\" \ndata-ad-layout=\"in-article\"\ndata-ad-format=\"fluid\" data-full-width-responsive=\"true\"><\/ins>\n<script> \n(adsbygoogle = window.adsbygoogle || []).push({}); \n<\/script>\n<\/div>\n<p><strong>M\u00fcsl\u00fcman T\u00fcrkler karar vermek \u00fczere:<\/strong><\/p>\n<p>Y\u00fcne 29 Temmuz g\u00fcn\u00fc Bulgaristan Y\u00fcksek Temyiz Mahkemesi Sorumluluk, \u00d6zg\u00fcrl\u00fck ve Tolerans \u0130\u00e7in Demokrasi k\u0131sa ad\u0131 <strong>DOST <\/strong>partisine <strong>Anayasa ve yasalara uygun bir Bulgar partisi<\/strong> dedi. Kay\u0131t yapt\u0131rma hakk\u0131 tan\u0131d\u0131. B\u00f6ylece, 17 Aral\u0131k 2015\u2019te ba\u015flayan siyas\u0131 gerginlik a\u015f\u0131ld\u0131. Sofya \u015eehir Mahkemesinin ihtimaller say\u0131klayarak verdi\u011fi karar\u0131 Y\u00fcksek Mahkeme as\u0131ls\u0131z ve gerek\u00e7esiz buldu ve kabul etmedi.<\/p>\n<p>\u015eimdi \u00f6n\u00fcm\u00fcze, daha \u00f6nce meydana gelip \u00f6n\u00fcm\u00fcze dikilmemi\u015f bir durum \u201c<strong>ben buyum<\/strong>\u201d deyip geldi dikildi. 710 binimiz T\u00fcrkiye Cumhuriyeti\u2019de, b\u00fcy\u00fck b\u00f6l\u00fcm\u00fcm\u00fcz Almanya, \u0130spanya, \u0130ngiltere, Hollanda, Birle\u015fik, Amerika, Kanada ve Avustralya\u2019ya da\u011f\u0131lm\u0131\u015f\u0131z. Bu yetmezmi\u015f gibi, bir de memlekette, hem de s\u00f6zde ayn\u0131 dava u\u011frunda olup, <strong>Do\u011fanc\u0131, Mestanc\u0131, Kormanc\u0131<\/strong> diye \u00fc\u00e7e ayr\u0131lm\u0131\u015f bulunuyoruz.<\/p>\n<p>Konmanc\u0131lardan yani Kas\u0131m Dalc\u0131lar\u2019dan ba\u015flayarak a\u00e7arsak boh\u00e7ay\u0131,\u00a0 onlar\u0131n koalisyon orta\u011f\u0131 ve en yak\u0131n dostlar\u0131 olan G\u00fc\u00e7l\u00fc Bulgaristan Partisi Ba\u015fkan\u0131 Radan K\u0131nev\u2019in\u00a0 16 Temmuz 2016 sabah\u0131 \u201c<strong>T\u00fcrkiye\u2019de askeri darbe oldu, soyda\u015flar\u0131n se\u00e7ime kat\u0131lmas\u0131 yasaklanmal\u0131, meclisi hemen toplayal\u0131m<\/strong>\u201d dedi\u011fini unutmamak gerekir.<\/p>\n<p>\u015eahsen bana sorarsan\u0131z, Hak ve \u00d6zg\u00fcrl\u00fckler Partisinden \u00a0(H\u00d6H-DPS) \u201c<strong>dosyac\u0131lar\u0131n yan\u0131nda i\u015fimiz olmaz<\/strong>\u201d gerek\u00e7esiyle ayr\u0131lan bu iki siyaset\u00e7i, asl\u0131nda T\u00fcrk toplulu\u011fu aras\u0131nda inand\u0131r\u0131c\u0131 tav\u0131r alamad\u0131. Kiminle konu\u015fsak, \u201c<strong>ajan olmayan adama Bulgaristan\u2019da parti kurdurmazlar<\/strong>\u201d diyor ve kestirip at\u0131yor.<\/p><div id=\"bghab-2139101927\" class=\"bghab-icerik-icine-50-paragraf bghab-entity-placement\"><script async src=\"\/\/pagead2.googlesyndication.com\/pagead\/js\/adsbygoogle.js?client=ca-pub-6203283170189293\" crossorigin=\"anonymous\"><\/script><ins class=\"adsbygoogle\" style=\"display:block; text-align:center;\" data-ad-client=\"ca-pub-6203283170189293\" \ndata-ad-slot=\"7303146466\" \ndata-ad-layout=\"in-article\"\ndata-ad-format=\"fluid\" data-full-width-responsive=\"true\"><\/ins>\n<script> \n(adsbygoogle = window.adsbygoogle || []).push({}); \n<\/script>\n<\/div>\n<p>Bir de son izlenimlere bak\u0131ld\u0131\u011f\u0131nda, bu sene \u201c<strong>iftar sofras\u0131 a\u00e7amayan<\/strong>\u201d, \u201c<strong>ya\u011fmur duas\u0131na<\/strong>\u201d kat\u0131lmayan, camiye girip \u00e7\u0131kmayan, fitre vermeyen, meclise yan gelmi\u015f \u00a0susarken, T\u00fcrk\u00e7e konu\u015fan\u0131 cezaland\u0131ran kanun teklifine bile isyan etmeyen bu parti suyunu tamamen \u00e7ekti gibi.<\/p>\n<p><strong>Bilirsiniz, bir fidan dikilirken bir kofa su d\u00f6k\u00fcl\u00fcr. <\/strong><\/p>\n<p>Bu k\u00f6klen suyudur. Anla\u015f\u0131lan suyun d\u00f6k\u00fcld\u00fc\u011f\u00fc yerde bo\u015fluk ve \u00e7ukur varm\u0131\u015f ki, i\u015fe yaramad\u0131. Kas\u0131m \u201cOpel Jeep\u201d le hava atarken, Korman do\u011fru d\u00fcr\u00fcst bir araca bile binemedi.<\/p>\n<p>T\u00fcrkiye halk\u0131n\u0131n, sivil toplum \u00f6rg\u00fctleri ve t\u00fcm g\u00f6\u00e7men ordusuyla birlikte Ba\u015fkomutan \u00e7a\u011fr\u0131s\u0131na uyarak kar\u015f\u0131 darbeyi suya d\u00fc\u015f\u00fcrd\u00fc\u011f\u00fc o tarih yazan geceden sonra Bulgar \u201c<strong>BTV<\/strong>\u201d davet edilen K. Dal, \u201c<strong>Biz, L. Mestanla yani DOST partisiyle se\u00e7im ortakl\u0131\u011f\u0131 yapmay\u0131z, o bir ajan<\/strong>\u201d s\u00f6zlerini kulland\u0131 ki, kar\u015f\u0131m\u0131zda y\u0131llard\u0131r selamla\u015fmayan az\u0131l\u0131 \u0131rk\u00e7\u0131lar\u0131n bize kar\u015f\u0131 kurdu\u011fu cephe g\u00f6z\u00fcn\u00fc \u00e7\u0131karacak. Se\u00e7im koalisyonunda bulu\u015famayan siyaset\u00e7iler 21. y\u00fczy\u0131lda siyaset yapamaz\u2026<\/p>\n<p><strong>DOST partisine gelince siyasi pozisyon bekliyoruz.<\/strong><\/p><div id=\"bghab-2052414555\" class=\"bghab-icerik-icine-55-paragraf bghab-entity-placement\"><script async src=\"\/\/pagead2.googlesyndication.com\/pagead\/js\/adsbygoogle.js?client=ca-pub-6203283170189293\" crossorigin=\"anonymous\"><\/script><ins class=\"adsbygoogle\" style=\"display:block; text-align:center;\" data-ad-client=\"ca-pub-6203283170189293\" \ndata-ad-slot=\"7303146466\" \ndata-ad-layout=\"in-article\"\ndata-ad-format=\"fluid\" data-full-width-responsive=\"true\"><\/ins>\n<script> \n(adsbygoogle = window.adsbygoogle || []).push({}); \n<\/script>\n<\/div>\n<p>\u00d6nce \u015fu iyi bilinmeli ki, oylar H\u00d6H-DPS\u2019den DOST partisine kendili\u011finden akmayacakt\u0131r. H\u00d6H y\u00f6netiminin yerli \u00f6rg\u00fctlerdeki 260 g\u00f6revli ajan\u0131 gece g\u00fcnd\u00fcz sava\u015f\u0131m veriyor. K\u00f6y k\u00f6y sar\u0131ca ar\u0131 gibi dola\u015f\u0131yorlar.<\/p>\n<p><strong>Her oy i\u00e7in m\u00fccadele sanki ba\u015flad\u0131. <\/strong><\/p>\n<p>Halk onlardan y\u00fcz \u00e7evirmi\u015f olsa da, y\u00fczlerine yeni maske takm\u0131\u015flar ya\u011fl\u0131 ball\u0131 konu\u015fuyor, kimseye kahve \u00e7ay \u00f6detmiyorlar.<\/p>\n<p>Karma b\u00f6lgelerde H\u00d6H\u2019\u00fcn sa\u00e7t\u0131\u011f\u0131 tohumlar\u0131n hepsi \u00e7\u00fcr\u00fcd\u00fc demek zor. T\u00fcrkiye\u2019deki soyda\u015flar\u0131m\u0131z\u0131n, hele 15 Temmuz uyan\u0131\u015f\u0131ndan, hele Bursa&#8217;daki FET\u00d6\u2019c\u00fc H\u00d6H\u2019\u00e7\u00fc tabakan\u0131n temizlenmesinden sonra durum de\u011fi\u015fmelidir. Bulgaristanl\u0131 T\u00fcrklerin FET\u00d6 bask\u0131s\u0131ndan kurtulmas\u0131n\u0131 bekliyoruz. A. Do\u011fanc\u0131 bir siyasi tav\u0131r savunan \u201c<strong>Bulgaristan Zaman<\/strong>\u201d yay\u0131nlar\u0131n\u0131n 6 Kas\u0131ma kadar kapat\u0131lmas\u0131n\u0131 ve yerine daha objektif bir tav\u0131r alan yay\u0131nlar\u0131 bekliyoruz. H\u00d6H art\u0131k T\u00fcrkiye\u2019den oy alamaz diyenler burada da \u00e7ok kalabal\u0131k. Yeni Ba\u015fkan Mustafa Karaday\u0131 T\u00fcrkl\u00fck bayra\u011f\u0131 dalgaland\u0131rabilecek bir lider vas\u0131flar\u0131 ta\u015f\u0131m\u0131yor. T\u00fcrk halk\u0131 kendine tepeden bakan kimseye oy vermez. T\u00fcrklerle bir iki yemek yemek T\u00fcrk k\u00fclt\u00fcr\u00fcne sahip olmak i\u00e7in yeterli olamaz.<\/p>\n<p><strong>\u015eu da var<\/strong>. DOST partisinde en \u00f6zl\u00fc, en derin d\u00fc\u015f\u00fcnceli ve siyasi olgunluk sergileyen ki\u015filik olarak Ba\u015fkan Yard\u0131mc\u0131s\u0131 Prof. Mariyana Georgieva\u2019y\u0131 g\u00f6rebiliyoruz.<\/p><div id=\"bghab-2532269852\" class=\"bghab-icerik-icine-60-paragraf bghab-entity-placement\"><script async src=\"\/\/pagead2.googlesyndication.com\/pagead\/js\/adsbygoogle.js?client=ca-pub-6203283170189293\" crossorigin=\"anonymous\"><\/script><ins class=\"adsbygoogle\" style=\"display:block; text-align:center;\" data-ad-client=\"ca-pub-6203283170189293\" \ndata-ad-slot=\"7303146466\" \ndata-ad-layout=\"in-article\"\ndata-ad-format=\"fluid\" data-full-width-responsive=\"true\"><\/ins>\n<script> \n(adsbygoogle = window.adsbygoogle || []).push({}); \n<\/script>\n<\/div>\n<p>Ba\u015fkan Yard\u0131mc\u0131l\u0131\u011f\u0131na soyunmu\u015f olan \u015eabanali Ahmet gibi \u201c<strong>siyaset\u00e7ilerin<\/strong>\u201d \u2013 havanda su d\u00f6vd\u00fc\u011f\u00fc ortada. Bu tiplerin, A.Do\u011fan s\u00fcr\u00fcs\u00fcnden geldi\u011fi i\u00e7in, havada ya\u011fmur yakacak y\u00fcreklilikle halk alevini b\u00fcy\u00fck ate\u015fte toplayabilece\u011fine inanm\u0131yoruz.<\/p>\n<p>\u00c7\u00f6k\u00fc\u015f\u00fcm\u00fcz\u00fc, H\u00d6H idesini, \u201c<strong>Bulgar Etnik Modelini<\/strong>\u201d hainler mezarl\u0131\u011f\u0131na g\u00f6mecek \u00e7ok g\u00fc\u00e7l\u00fc ki\u015filiklerin halk kar\u015f\u0131s\u0131na \u00e7\u0131kmas\u0131 gerek. K\u00fcrs\u00fcden, yeri g\u00f6\u011f\u00fc inleten ger\u00e7ek sel halinde akmal\u0131d\u0131r. \u00dc\u00e7 koyun g\u00fctt\u00fcm, masal\u0131n\u0131 anlatanlardan a\u00e7, susam\u0131\u015f ve suskun halk\u0131m\u0131z\u0131 y\u00f6nlendirecek, y\u00f6netecek \u00e7oban \u00e7\u0131kmaz.<\/p>\n<p>Bulgaristan T\u00fcrk ayd\u0131nlar\u0131 aras\u0131ndan, halk davam\u0131z, kimlik davam\u0131z, var olma at\u0131l\u0131mlar\u0131m\u0131z u\u011fruna can vermeye haz\u0131r gen\u00e7 lider adaylar\u0131 g\u00f6rmek istiyoruz. T\u00fcm ayd\u0131nlar seferber edilmelidir! D\u00fcne kadar hain ba\u015f\u0131 Ahmet Do\u011fan\u2019a \u00e7anak a\u00e7anlara hi\u00e7bir kimse inanmaz. Bu durumun a\u015f\u0131labilmesi i\u00e7in g\u00fc\u00e7l\u00fc bir otoriteye gerek var. Parti kurmak bir \u015fey de\u011fil. \u00dc\u00e7 be\u015f verirsin, bir iki el \u00f6persin, biraz da vaatte bulununca olur biter. \u00d6nemli olan kurulan partiyi siyasi m\u00fccadele arenas\u0131na ta\u015f\u0131mak. Particilik k\u00f6r sofra ba\u015f\u0131nda sohbet edip uyumak de\u011fildir. \u00a0Zaferden zafere ko\u015fmak! Beklenen budur.<\/p>\n<p><strong>T\u00fcrkiye\u2019deki \u00e7al\u0131\u015fmalara gelince:<\/strong><\/p>\n<p>Son d\u00f6nemde Bursa\u2019da i\u015fitilen \u015fudur: \u201c<strong>\u00dcflediler s\u00f6nd\u00fck, \u00fcflediler parlad\u0131k!<\/strong>\u201d FET\u00d6\u2019c\u00fc ve H\u00d6H\u2019\u00e7\u00fc siyaset \u00e7izgisinden kopamayanlar tavsiye edilmeli ve kitle yeni motorla takviye edilip harekete ge\u00e7irilmelidir. Biz, bug\u00fcne kadar Bursa\u2019da i\u015flerin neden girmedi\u011fini biliyorduk. Bursa \u00e7ok k\u00fc\u00e7\u00fck hesaplar pe\u015findeydi. \u0130nsanlar\u0131m\u0131za k\u0131r\u0131nt\u0131 toplatt\u0131.<\/p><div id=\"bghab-2424557721\" class=\"bghab-icerik-icine-65-paragraf bghab-entity-placement\"><script async src=\"\/\/pagead2.googlesyndication.com\/pagead\/js\/adsbygoogle.js?client=ca-pub-6203283170189293\" crossorigin=\"anonymous\"><\/script><ins class=\"adsbygoogle\" style=\"display:block; text-align:center;\" data-ad-client=\"ca-pub-6203283170189293\" \ndata-ad-slot=\"7303146466\" \ndata-ad-layout=\"in-article\"\ndata-ad-format=\"fluid\" data-full-width-responsive=\"true\"><\/ins>\n<script> \n(adsbygoogle = window.adsbygoogle || []).push({}); \n<\/script>\n<\/div>\n<p>Osmanl\u0131 zaman\u0131nda toplad\u0131\u011f\u0131 vergileri g\u00f6t\u00fcr\u00fcp hazineye teslim etmeyen ve sonra g\u00f6\u00e7 edip \u00e7ok zengin olanlar de\u011fildi mi, 1989\u2019dan sonra gidenlere t\u00fct\u00fcn ektirip paras\u0131n\u0131 \u00f6demeyenler!? A. Do\u011fanla birlik olup \u201c<strong>Philp Morris<\/strong>\u201dten \u201c<strong>Cebel Basma T\u00fcr\u00fcn<\/strong>\u201d paralar\u0131n\u0131 \u0130svi\u00e7re Bankalar\u0131na faize yat\u0131ran ve sonra \u00e7\u00f6zmeyelim faizinden zarar ederiz kafas\u0131yla insanlar\u0131m\u0131z\u0131 a\u00e7 b\u0131rakan, hamile gelinlerin kara asfalt \u00fczerinde yatarak grev yapmas\u0131na neden olan onlar de\u011fimlidir.<\/p>\n<p>Uzatmayal\u0131m. G\u00f6ky\u00fcz\u00fc en kara bulutlarla kapl\u0131 oldu\u011funda bile, g\u00fcne\u015f bir g\u00fcn de\u011fil\u00a0her g\u00fcn do\u011fdu. Bulgaristan dolay\u0131nda, yorgun ve yoksul insanlar\u0131m\u0131z etraf\u0131nda d\u00f6nen t\u00fcm dolaplar\u0131 biliyoruz. \u0130\u015fler yoluna girmez ve Bursal\u0131 karde\u015flerimiz \u015fekerlemeden uyanamazsa, \u00f6yle bir pat\u0131rt\u0131 kopacak ki, 15 Temmuz gecesi gibi hepsi birer birer soka\u011fa f\u0131rlayacakt\u0131r.<\/p>\n<p>Bulgaristan T\u00fcrkl\u00fc\u011f\u00fc ate\u015finin kendili\u011finden alevlenme zaman\u0131 \u00e7oktan gelmi\u015ftir. Bu \u00f6nce Bursal\u0131lar i\u00e7in de ge\u00e7erlidir\u2026<\/p>\n<p>\u0130stanbul\u2019da <strong>BULT\u00dcRK<\/strong> Bulgaristan T\u00fcrkleri K\u00fclt\u00fcr ve Hizmet Derne\u011fi meydanlardad\u0131r. Halk etkinliklerinde gece g\u00fcnd\u00fcz \u0130stanbul&#8217;da ba\u015f\u0131 \u00e7ekiyor. Ger\u00e7ekleri halka a\u015f\u0131lamak i\u00e7in toplant\u0131dan toplant\u0131ya ko\u015fuyor. Sa\u011f olsun Ba\u015fkan\u0131m\u0131z Rafet Ulut\u00fcrk\u2019\u00fcn bayrak elinden d\u00fc\u015fm\u00fcyor.<\/p>\n<p>BGSAM Bulgaristan Stratejik Ara\u015ft\u0131rma Merkezi de Bulgaristan\u2019daki se\u00e7menle T\u00fcrkiye Cumhuriyetindeki soyda\u015f se\u00e7meni bir sand\u0131kta bulu\u015fturma \u00e7al\u0131\u015fmalar\u0131na yo\u011funluk kazand\u0131r\u0131yor.<\/p>\n<p>Bursa&#8217;daki yeni durumda H\u00d6H partisinden tamamen kopma \u00e7al\u0131\u015fmalar\u0131 yeni bir a\u015famaya ta\u015f\u0131nmal\u0131d\u0131r. Bulgaristan\u2019da hak ve \u00f6zg\u00fcrl\u00fcklerimiz i\u00e7in tek y\u00fcrek olu\u015fturmal\u0131y\u0131z. Cumhurba\u015fkanl\u0131\u011f\u0131 se\u00e7imleri bir provad\u0131r, en az 600 bin oyla milliyet\u00e7i cepheyi ve solcular\u0131 daha ilk turda sollamak zorunday\u0131z.<\/p>\n<p>S\u00f6zlerimiz Ankara, \u0130zmir ve \u0130zmit i\u00e7in de ge\u00e7erlidir. T\u00fcrkiye\u2019deki 710 bin se\u00e7menden en az 400 bin oy al\u0131nd\u0131\u011f\u0131 halde biz ikinci Turda Cumhurba\u015fkan\u0131 Yard\u0131mc\u0131s\u0131 g\u00f6revine talep olabiliriz. En az 1000 (bin) otob\u00fcsle Kap\u0131 Kuleye y\u0131\u011f\u0131l\u0131p g\u00fcc\u00fcm\u00fcz\u00fc yaln\u0131z Sofiya makamlar\u0131na de\u011fil, t\u00fcm AP y\u00f6netimine g\u00f6stermeli ve haklar\u0131m\u0131z\u0131 fitil fitil s\u00f6k\u00fcp almal\u0131y\u0131z.<\/p>\n<p>A. Do\u011fan y\u00f6netimini \u00e7\u00f6p sand\u0131\u011f\u0131na atmak i\u00e7in biz Slavi Trifonov\u2019un majoriter se\u00e7im sistemi halk oylamas\u0131na da oy verelim.<\/p>\n<p><strong>Bu se\u00e7imde hayat\u0131m\u0131z\u0131 de\u011fi\u015ftirecek oyun kurmal\u0131y\u0131z.<\/strong><\/p>\n<p>Birlikte olmal\u0131y\u0131z. Bir yandan L. Mestan geni\u015f kapsaml\u0131 ve ayd\u0131nlar\u0131 kucaklayacak se\u00e7im ekibi haz\u0131rlarken,\u00a0 k\u00f6y ve kentlerde yeni bir me\u015fale yakmak zorunday\u0131z. Biz birle\u015fmeden, bulu\u015fmadan, kenetlenmeden, \u00c7ingeneler ve Pomaklar pe\u015fimizden gelmez.<\/p>\n<p>6 Kas\u0131mda kesin kararl\u0131 sand\u0131k ba\u015f\u0131na!<\/p>\n<p>Kal\u0131n sa\u011fl\u0131cakla, Devam edece\u011fiz.<\/p>\n<div id=\"bghab-4128870898\" class=\"bghab-yazi-altinda bghab-entity-placement\"><div class=\"bghab-adlabel\">Reklamlar<\/div><script async src=\"https:\/\/pagead2.googlesyndication.com\/pagead\/js\/adsbygoogle.js\"><\/script>\r\n<!-- bghaber-yaz\u0131-sonu -->\r\n<ins class=\"adsbygoogle\"\r\n     style=\"display:block\"\r\n     data-ad-client=\"ca-pub-6203283170189293\"\r\n     data-ad-slot=\"4222328180\"\r\n     data-ad-format=\"auto\"\r\n     data-full-width-responsive=\"true\"><\/ins>\r\n<script>\r\n     (adsbygoogle = window.adsbygoogle || []).push({});\r\n<\/script><\/div><br style=\"clear: both; display: block; float: none;\"\/>","protected":false},"excerpt":{"rendered":"<p>\u00a0Levent RAS\u0130M Konu:\u00a0 Cumhurba\u015fkan\u0131 se\u00e7im tekerle\u011fi d\u00f6nd\u00fc. \u00a0\u00a0\u00a0\u00a0\u00a0\u00a0\u00a0\u00a0\u00a0\u00a0\u00a0\u00a0 B\u00fcy\u00fckler hen\u00fcz karar veremedi \u00a0\u00a0\u00a0\u00a0\u00a0\u00a0\u00a0\u00a0\u00a0\u00a0\u00a0\u00a0 Milliyet\u00e7iler birle\u015fti \u00a0\u00a0\u00a0\u00a0\u00a0\u00a0\u00a0\u00a0\u00a0\u00a0\u00a0\u00a0 Son s\u00f6z M\u00fcsl\u00fcman ve yoksul se\u00e7mende Sofya parlamentosu ola\u011fan<\/p>\n","protected":false},"author":13,"featured_media":19916,"comment_status":"closed","ping_status":"closed","sticky":false,"template":"","format":"standard","meta":{"advanced_seo_description":"","jetpack_seo_html_title":"","jetpack_seo_noindex":false,"_jetpack_memberships_contains_paid_content":false,"footnotes":""},"categories":[6],"tags":[],"class_list":["post-19875","post","type-post","status-publish","format-standard","has-post-thumbnail","hentry","category-yorum"],"jetpack_featured_media_url":"https:\/\/i0.wp.com\/www.bghaber.org\/bghaber\/wp-content\/uploads\/2016\/07\/lrasim1.jpg?fit=196%2C238&ssl=1","jetpack_sharing_enabled":true,"jetpack_likes_enabled":true,"jetpack-related-posts":[],"jetpack_shortlink":"https:\/\/wp.me\/pc2PfJ-5az","_links":{"self":[{"href":"https:\/\/www.bghaber.org\/bghaber\/wp-json\/wp\/v2\/posts\/19875","targetHints":{"allow":["GET"]}}],"collection":[{"href":"https:\/\/www.bghaber.org\/bghaber\/wp-json\/wp\/v2\/posts"}],"about":[{"href":"https:\/\/www.bghaber.org\/bghaber\/wp-json\/wp\/v2\/types\/post"}],"author":[{"embeddable":true,"href":"https:\/\/www.bghaber.org\/bghaber\/wp-json\/wp\/v2\/users\/13"}],"replies":[{"embeddable":true,"href":"https:\/\/www.bghaber.org\/bghaber\/wp-json\/wp\/v2\/comments?post=19875"}],"version-history":[{"count":0,"href":"https:\/\/www.bghaber.org\/bghaber\/wp-json\/wp\/v2\/posts\/19875\/revisions"}],"wp:featuredmedia":[{"embeddable":true,"href":"https:\/\/www.bghaber.org\/bghaber\/wp-json\/wp\/v2\/media\/19916"}],"wp:attachment":[{"href":"https:\/\/www.bghaber.org\/bghaber\/wp-json\/wp\/v2\/media?parent=19875"}],"wp:term":[{"taxonomy":"category","embeddable":true,"href":"https:\/\/www.bghaber.org\/bghaber\/wp-json\/wp\/v2\/categories?post=19875"},{"taxonomy":"post_tag","embeddable":true,"href":"https:\/\/www.bghaber.org\/bghaber\/wp-json\/wp\/v2\/tags?post=19875"}],"curies":[{"name":"wp","href":"https:\/\/api.w.org\/{rel}","templated":true}]}}