{"id":19861,"date":"2016-07-29T22:56:47","date_gmt":"2016-07-29T19:56:47","guid":{"rendered":"http:\/\/www.bghaber.org\/bghaber\/?p=19861"},"modified":"2019-04-14T15:16:02","modified_gmt":"2019-04-14T12:16:02","slug":"basin-bildirisi-3","status":"publish","type":"post","link":"https:\/\/www.bghaber.org\/bghaber\/basin-bildirisi-3\/","title":{"rendered":"BULT\u00dcRK&#8217;\u00fcn Demokrasi N\u00f6beti Hakk\u0131nda Bas\u0131n Bildirisi"},"content":{"rendered":"<p><em>Tarih: 20 Temmuz 2016 <\/em><\/p>\n<p><img data-recalc-dims=\"1\" height=\"360\" width=\"640\" decoding=\"async\" src=\"https:\/\/i0.wp.com\/www.bghaber.org\/bghaber\/wp-content\/uploads\/2016\/07\/f1d4d590-0ffd-4a71-8e28-2be13aed90ba-768x432.jpg?resize=640%2C360\" alt=\"f1d4d590-0ffd-4a71-8e28-2be13aed90ba\" \/><\/p>\n<p>15 Temmuz 2016 gecesi ya\u015fanan ve \u00fclkemizi demokrasi d\u0131\u015f\u0131na \u00e7ekerek bir kaosa s\u00fcr\u00fcklemesi beklenen darbe giri\u015fimini Bulgaristan T\u00fcrkleri olarak t\u00fcm i\u00e7tenli\u011fimizle k\u0131n\u0131yor ve yapma te\u015febb\u00fcs\u00fcnde bulunanlar\u0131 lanetliyoruz.<\/p>\n<p>Milli birlik ve b\u00fct\u00fcnl\u00fc\u011f\u00fcm\u00fcze kasteden, sinsice devletimizin kurumlar\u0131na yerle\u015fmi\u015f uluslararas\u0131 uzant\u0131lar\u0131 olan bir yap\u0131 taraf\u0131ndan organize edilerek uygulamaya konan darbe giri\u015fimi, \u00e7ok \u015f\u00fck\u00fcr ki Y\u00fcce T\u00fcrk Milleti taraf\u0131ndan fark edilmi\u015f ve can\u0131 pahas\u0131na da olsa darbecilere meydan okuyarak Ba\u015fkomutan s\u0131fat\u0131n\u0131 da ta\u015f\u0131yan Sn. Cumhurba\u015fkan\u0131 Recep Tayyip ERDO\u011eAN\u2019n\u0131n arkas\u0131nda bir ve b\u00fct\u00fcn olarak dimdik durdu\u011funu t\u00fcm d\u00fcnyaya g\u00f6stermi\u015ftir.<\/p>\n<p>Bulgaristan G\u00f6\u00e7meni olan bizler; devletine ve \u00fclkesine sahip \u00e7\u0131karak Cumhurba\u015fkan\u0131m\u0131z\u0131n bir tek s\u00f6z\u00fcyle demokrasi kar\u015f\u0131tlar\u0131na gereken dersi vermi\u015f, vatan\u0131n b\u00fct\u00fcnl\u00fc\u011f\u00fcn\u00fc tehdit eden askeri darbe te\u015febb\u00fcs\u00fcn\u00fcn p\u00fcsk\u00fcrt\u00fclmesinde \u015fanl\u0131 bir rol \u00fcstlenen T\u00fcrk Milletinin par\u00e7as\u0131 olmaktan b\u00fcy\u00fck onur duymaktay\u0131z.<\/p>\n<p>D\u0131\u015f g\u00fc\u00e7ler taraf\u0131ndan y\u00f6nlendirilerek uygulamaya konmu\u015f olan ve vatan\u0131m\u0131z\u0131n birlik ve bekas\u0131na kasteden darbe giri\u015fimine kar\u015f\u0131 BULT\u00dcRK Derne\u011fi olarak bizler de \u201cDemokrasi N\u00f6beti\u201d faaliyetlerine i\u015ftirak ederek, meydanlarda yerimizi almaktay\u0131z. \u00dclkemizin gelece\u011fine sahip \u00e7\u0131kma ad\u0131na gerek T\u00fcrkiye\u2019deki Bulgaristan T\u00fcrkleri, gerekse yurt d\u0131\u015f\u0131ndaki Bulgaristan T\u00fcrkleri her zaman devletinin ve milletinin yan\u0131nda yer alm\u0131\u015ft\u0131r. Bundan sonra da vatan\u0131n ve milletin b\u00f6l\u00fcnmez b\u00fct\u00fcnl\u00fc\u011f\u00fcn\u00fcn yan\u0131nda yer alacakt\u0131r.<\/p><div id=\"bghab-2328783771\" class=\"bghab-icerik-icine bghab-entity-placement\"><script async src=\"\/\/pagead2.googlesyndication.com\/pagead\/js\/adsbygoogle.js?client=ca-pub-6203283170189293\" crossorigin=\"anonymous\"><\/script><ins class=\"adsbygoogle\" style=\"display:block; text-align:center;\" data-ad-client=\"ca-pub-6203283170189293\" \ndata-ad-slot=\"7303146466\" \ndata-ad-layout=\"in-article\"\ndata-ad-format=\"fluid\" data-full-width-responsive=\"true\"><\/ins>\n<script> \n(adsbygoogle = window.adsbygoogle || []).push({}); \n<\/script>\n<\/div>\n<p>T\u00fcrkiye Cumhuriyeti\u2019nin daha g\u00fc\u00e7l\u00fc ve ba\u011f\u0131ms\u0131z bir \u00fclke olarak varl\u0131\u011f\u0131n\u0131 s\u00fcrd\u00fcrmesi ad\u0131na elimizden gelen gayreti g\u00f6sterece\u011fimizi ve bu u\u011furda devletimiz taraf\u0131ndan verilecek her t\u00fcrl\u00fc g\u00f6rev ve sorumlulu\u011fu b\u00fcy\u00fck bir hassasiyetle yerine getirmeye haz\u0131r oldu\u011fumuzu bildiririz.<\/p>\n<p>&nbsp;<\/p>\n<p>&nbsp;<\/p>\n<p>&nbsp;<\/p>\n<p style=\"text-align: right;\">\u00a0\u00a0\u00a0\u00a0\u00a0\u00a0\u00a0\u00a0\u00a0\u00a0\u00a0\u00a0\u00a0\u00a0\u00a0\u00a0\u00a0\u00a0\u00a0\u00a0\u00a0\u00a0\u00a0\u00a0\u00a0\u00a0\u00a0\u00a0\u00a0\u00a0\u00a0\u00a0\u00a0\u00a0\u00a0\u00a0\u00a0\u00a0\u00a0\u00a0\u00a0\u00a0\u00a0\u00a0\u00a0\u00a0\u00a0\u00a0\u00a0\u00a0\u00a0\u00a0\u00a0\u00a0\u00a0\u00a0\u00a0\u00a0\u00a0\u00a0\u00a0\u00a0\u00a0\u00a0\u00a0\u00a0\u00a0\u00a0\u00a0\u00a0\u00a0\u00a0\u00a0\u00a0\u00a0\u00a0\u00a0\u00a0\u00a0\u00a0\u00a0\u00a0\u00a0\u00a0\u00a0\u00a0\u00a0\u00a0\u00a0\u00a0\u00a0\u00a0\u00a0 Rafet ULUT\u00dcRK<\/p><div id=\"bghab-953603802\" class=\"bghab-icerik-icine-10-paragraf bghab-entity-placement\"><script async src=\"\/\/pagead2.googlesyndication.com\/pagead\/js\/adsbygoogle.js?client=ca-pub-6203283170189293\" crossorigin=\"anonymous\"><\/script><ins class=\"adsbygoogle\" style=\"display:block; text-align:center;\" data-ad-client=\"ca-pub-6203283170189293\" \ndata-ad-slot=\"7303146466\" \ndata-ad-layout=\"in-article\"\ndata-ad-format=\"fluid\" data-full-width-responsive=\"true\"><\/ins>\n<script> \n(adsbygoogle = window.adsbygoogle || []).push({}); \n<\/script>\n<\/div>\n<p style=\"text-align: right;\">Bulgaristan T\u00fcrkleri<\/p>\n<p style=\"text-align: right;\">K\u00fclt\u00fcr ve Hizmet Derne\u011fi<\/p>\n<p style=\"text-align: right;\">BULT\u00dcRK Genel Ba\u015fkan<\/p>\n<p><strong><u>\u0130leti\u015fim :<\/u><\/strong><\/p>\n<p>Y\u0131ld\u0131r\u0131m Mah.\u00a0\u015eehit Kamil Balkan Cad. Nu: 114\/A<\/p><div id=\"bghab-1994930769\" class=\"bghab-icerik-icine-15-paragraf bghab-entity-placement\"><script async src=\"\/\/pagead2.googlesyndication.com\/pagead\/js\/adsbygoogle.js?client=ca-pub-6203283170189293\" crossorigin=\"anonymous\"><\/script><ins class=\"adsbygoogle\" style=\"display:block; text-align:center;\" data-ad-client=\"ca-pub-6203283170189293\" \ndata-ad-slot=\"7303146466\" \ndata-ad-layout=\"in-article\"\ndata-ad-format=\"fluid\" data-full-width-responsive=\"true\"><\/ins>\n<script> \n(adsbygoogle = window.adsbygoogle || []).push({}); \n<\/script>\n<\/div>\n<p>34045\u2013Bayrampa\u015fa\/\u0130stanbul \u00a0Telefon :+90 212 511 63 47<\/p>\n<p><a href=\"http:\/\/www.bulturk.org.tr\/\">www.bulturk.org.tr<\/a>\u00a0\u00a0<a href=\"http:\/\/www.bghaber.org\/\">www.bghaber.org<\/a>\u00a0 \u00a0<a href=\"mailto:bilgi@bulturk.org.tr\">bilgi@bulturk.org.tr<\/a><\/p>\n<p style=\"text-align: right;\"><img data-recalc-dims=\"1\" height=\"360\" width=\"640\" decoding=\"async\" src=\"https:\/\/i0.wp.com\/www.bghaber.org\/bghaber\/wp-content\/uploads\/2016\/07\/0cf4c08c-0369-47ca-a9af-a08b25256712-1-768x432.jpg?resize=640%2C360\" alt=\"0cf4c08c-0369-47ca-a9af-a08b25256712\" \/><\/p>\n<p>Vatan\u0131m\u0131za ve Milletimize, huzur ve istikrar\u0131m\u0131za, birlik ve beraberli\u011fimize, se\u00e7tiklerimize kar\u015f\u0131 yap\u0131lan hain darbe giri\u015fiminin kar\u015f\u0131s\u0131nday\u0131z. 15 Temmuz\u2019da yap\u0131lan bu sald\u0131r\u0131y\u0131 \u015fiddetle k\u0131n\u0131yoruz.<\/p>\n<p>Rafet ULUT\u00dcRK<\/p>\n<p>Genel Ba\u015fkan<\/p><div id=\"bghab-1961382897\" class=\"bghab-icerik-icine-20-paragraf bghab-entity-placement\"><script async src=\"\/\/pagead2.googlesyndication.com\/pagead\/js\/adsbygoogle.js?client=ca-pub-6203283170189293\" crossorigin=\"anonymous\"><\/script><ins class=\"adsbygoogle\" style=\"display:block; text-align:center;\" data-ad-client=\"ca-pub-6203283170189293\" \ndata-ad-slot=\"7303146466\" \ndata-ad-layout=\"in-article\"\ndata-ad-format=\"fluid\" data-full-width-responsive=\"true\"><\/ins>\n<script> \n(adsbygoogle = window.adsbygoogle || []).push({}); \n<\/script>\n<\/div>\n<p style=\"text-align: right;\"><img data-recalc-dims=\"1\" height=\"360\" width=\"640\" decoding=\"async\" src=\"https:\/\/i0.wp.com\/www.bghaber.org\/bghaber\/wp-content\/uploads\/2016\/07\/Nobet-9-768x432.jpg?resize=640%2C360\" alt=\"Nobet-9\" \/><\/p>\n<p style=\"text-align: right;\"><img data-recalc-dims=\"1\" decoding=\"async\" src=\"https:\/\/i0.wp.com\/www.bghaber.org\/bghaber\/wp-content\/uploads\/2016\/07\/11.jpg?w=640\" alt=\"11\" \/><\/p>\n<p>Vatan\u0131m\u0131za ve Milletimize, huzur ve istikrar\u0131m\u0131za, birlik ve beraberli\u011fimize, se\u00e7tiklerimize kar\u015f\u0131 yap\u0131lan hain darbe giri\u015fiminin kar\u015f\u0131s\u0131nday\u0131z. 15 Temmuz\u2019da yap\u0131lan bu sald\u0131r\u0131y\u0131 \u015fiddetle k\u0131n\u0131yoruz.<\/p>\n<p>Rafet ULUT\u00dcRK<\/p>\n<p>&nbsp;<\/p>\n<div id=\"bghab-3054253058\" class=\"bghab-yazi-altinda bghab-entity-placement\"><div class=\"bghab-adlabel\">Reklamlar<\/div><script async src=\"https:\/\/pagead2.googlesyndication.com\/pagead\/js\/adsbygoogle.js\"><\/script>\r\n<!-- bghaber-yaz\u0131-sonu -->\r\n<ins class=\"adsbygoogle\"\r\n     style=\"display:block\"\r\n     data-ad-client=\"ca-pub-6203283170189293\"\r\n     data-ad-slot=\"4222328180\"\r\n     data-ad-format=\"auto\"\r\n     data-full-width-responsive=\"true\"><\/ins>\r\n<script>\r\n     (adsbygoogle = window.adsbygoogle || []).push({});\r\n<\/script><\/div><br style=\"clear: both; display: block; float: none;\"\/>","protected":false},"excerpt":{"rendered":"<p>Tarih: 20 Temmuz 2016 15 Temmuz 2016 gecesi ya\u015fanan ve \u00fclkemizi demokrasi d\u0131\u015f\u0131na \u00e7ekerek bir kaosa s\u00fcr\u00fcklemesi beklenen darbe giri\u015fimini Bulgaristan T\u00fcrkleri olarak t\u00fcm i\u00e7tenli\u011fimizle<\/p>\n","protected":false},"author":13,"featured_media":19906,"comment_status":"closed","ping_status":"closed","sticky":false,"template":"","format":"standard","meta":{"advanced_seo_description":"","jetpack_seo_html_title":"","jetpack_seo_noindex":false,"_jetpack_memberships_contains_paid_content":false,"footnotes":""},"categories":[6],"tags":[],"class_list":["post-19861","post","type-post","status-publish","format-standard","has-post-thumbnail","hentry","category-yorum"],"jetpack_featured_media_url":"https:\/\/i0.wp.com\/www.bghaber.org\/bghaber\/wp-content\/uploads\/2016\/07\/Nobet-9.jpg?fit=1280%2C720&ssl=1","jetpack_sharing_enabled":true,"jetpack_likes_enabled":true,"jetpack-related-posts":[],"jetpack_shortlink":"https:\/\/wp.me\/pc2PfJ-5al","_links":{"self":[{"href":"https:\/\/www.bghaber.org\/bghaber\/wp-json\/wp\/v2\/posts\/19861","targetHints":{"allow":["GET"]}}],"collection":[{"href":"https:\/\/www.bghaber.org\/bghaber\/wp-json\/wp\/v2\/posts"}],"about":[{"href":"https:\/\/www.bghaber.org\/bghaber\/wp-json\/wp\/v2\/types\/post"}],"author":[{"embeddable":true,"href":"https:\/\/www.bghaber.org\/bghaber\/wp-json\/wp\/v2\/users\/13"}],"replies":[{"embeddable":true,"href":"https:\/\/www.bghaber.org\/bghaber\/wp-json\/wp\/v2\/comments?post=19861"}],"version-history":[{"count":0,"href":"https:\/\/www.bghaber.org\/bghaber\/wp-json\/wp\/v2\/posts\/19861\/revisions"}],"wp:featuredmedia":[{"embeddable":true,"href":"https:\/\/www.bghaber.org\/bghaber\/wp-json\/wp\/v2\/media\/19906"}],"wp:attachment":[{"href":"https:\/\/www.bghaber.org\/bghaber\/wp-json\/wp\/v2\/media?parent=19861"}],"wp:term":[{"taxonomy":"category","embeddable":true,"href":"https:\/\/www.bghaber.org\/bghaber\/wp-json\/wp\/v2\/categories?post=19861"},{"taxonomy":"post_tag","embeddable":true,"href":"https:\/\/www.bghaber.org\/bghaber\/wp-json\/wp\/v2\/tags?post=19861"}],"curies":[{"name":"wp","href":"https:\/\/api.w.org\/{rel}","templated":true}]}}