{"id":19852,"date":"2016-07-29T11:47:56","date_gmt":"2016-07-29T08:47:56","guid":{"rendered":"http:\/\/www.bghaber.org\/bghaber\/?p=19852"},"modified":"2016-07-29T11:47:56","modified_gmt":"2016-07-29T08:47:56","slug":"bulgaristan-ve-yunanistandan-ortak-askeri-tatbikat","status":"publish","type":"post","link":"https:\/\/www.bghaber.org\/bghaber\/bulgaristan-ve-yunanistandan-ortak-askeri-tatbikat\/","title":{"rendered":"Bulgaristan ve Yunanistan&#8217;dan Ortak Askeri Tatbikat"},"content":{"rendered":"<p><img data-recalc-dims=\"1\" loading=\"lazy\" decoding=\"async\" class=\"\" src=\"https:\/\/i0.wp.com\/img.haberler.com\/haber\/917\/bulgaristan-ve-yunanistan-dan-ortak-askeri-8649917_300.jpg?resize=531%2C298\" alt=\"Bulgaristan ve Yunanistan'dan Ortak Askeri Tatbikat - Sofya\" width=\"531\" height=\"298\" \/><\/p>\n<p><a class=\"keyword\" title=\"Bulgaristan Haberleri\" href=\"http:\/\/www.haberler.com\/bulgaristan\/\" rel=\"nofollow\">Bulgaristan<\/a> ve <a class=\"keyword\" title=\"Yunanistan Haberleri\" href=\"http:\/\/www.haberler.com\/yunanistan\/\" rel=\"nofollow\">Yunanistan<\/a>&#8216;\u0131n, ortak s\u0131n\u0131r b\u00f6lgesinde m\u00fc\u015fterek askeri tatbikat yapmay\u0131 planlad\u0131klar\u0131 bildirildi.<\/p>\n<p>Bulgaristan Savunma Bakan\u0131 Nikolay Nen\u00e7ev, ba\u015fkent <a class=\"keyword\" title=\"Sofya Haberleri\" href=\"http:\/\/www.haberler.com\/sofya\/\" rel=\"nofollow\">Sofya<\/a>&#8216;da <a class=\"keyword\" title=\"Yunanistan Haberleri\" href=\"http:\/\/www.haberler.com\/yunanistan\/\" rel=\"nofollow\">Yunanistan<\/a> Savunma Bakan\u0131 Panas Kammenos ile bir araya geldi.<\/p>\n<p>Nen\u00e7ev, Me\u00e7hul Asker An\u0131t\u0131 \u00f6n\u00fcnde askeri t\u00f6renle kar\u015f\u0131lad\u0131\u011f\u0131 Kammenos ile yapt\u0131\u011f\u0131 g\u00f6r\u00fc\u015fmenin ard\u0131ndan d\u00fczenlenen ortak bas\u0131n toplant\u0131s\u0131nda, <a class=\"keyword\" title=\"Yunanistan Haberleri\" href=\"http:\/\/www.haberler.com\/yunanistan\/\" rel=\"nofollow\">Yunanistan<\/a>&#8216;\u0131n \u00f6zel harekat timleri ile iki \u00fclkenin ortak s\u0131n\u0131r b\u00f6lgesinde, m\u00fc\u015fterek bir askeri tatbikat\u0131n yap\u0131lmas\u0131n\u0131n planland\u0131\u011f\u0131n\u0131 belirtti.<\/p>\n<p>Tatbikat\u0131n amac\u0131n\u0131n &#8220;g\u00fc\u00e7 ve birlik g\u00f6sterisi olaca\u011f\u0131n\u0131&#8221; ifade eden Nen\u00e7ev, &#8220;Savunma sanayi ve askeri istihbarat alan\u0131nda da \u00f6nemli bir i\u015fbirli\u011finin temelini atm\u0131\u015f bulunduk.&#8221; dedi.<\/p>\n<p>Nen\u00e7ev, <a class=\"keyword\" title=\"Bulgaristan Haberleri\" href=\"http:\/\/www.haberler.com\/bulgaristan\/\" rel=\"nofollow\">Bulgaristan<\/a> ve <a class=\"keyword\" title=\"Yunanistan Haberleri\" href=\"http:\/\/www.haberler.com\/yunanistan\/\" rel=\"nofollow\">Yunanistan<\/a>&#8216;\u0131n <a class=\"keyword\" title=\"Avrupa Birli\u011fi Haberleri\" href=\"http:\/\/www.haberler.com\/avrupa-birligi\/\" rel=\"nofollow\">Avrupa Birli\u011fi<\/a>&#8216;nin (<a class=\"keyword\" title=\"AB Haberleri\" href=\"http:\/\/www.haberler.com\/ab\/\" rel=\"nofollow\">AB<\/a>) s\u0131n\u0131r\u0131nda iki \u00fclke oldu\u011funa i\u015faret ederek, &#8220;<a class=\"keyword\" title=\"Bulgaristan Haberleri\" href=\"http:\/\/www.haberler.com\/bulgaristan\/\" rel=\"nofollow\">Bulgaristan<\/a> ve <a class=\"keyword\" title=\"Yunanistan Haberleri\" href=\"http:\/\/www.haberler.com\/yunanistan\/\" rel=\"nofollow\">Yunanistan<\/a>&#8216;\u0131n sadece kendi d\u0131\u015f s\u0131n\u0131rlar\u0131n\u0131 de\u011fil, <a class=\"keyword\" title=\"AB Haberleri\" href=\"http:\/\/www.haberler.com\/ab\/\" rel=\"nofollow\">AB<\/a>&#8216;nin d\u0131\u015f s\u0131n\u0131rlar\u0131n\u0131 da birlikte koruduklar\u0131 herkes\u00e7e anla\u015f\u0131lmal\u0131d\u0131r.&#8221; diye konu\u015ftu.<\/p><div id=\"bghab-1184019355\" class=\"bghab-icerik-icine bghab-entity-placement\"><script async src=\"\/\/pagead2.googlesyndication.com\/pagead\/js\/adsbygoogle.js?client=ca-pub-6203283170189293\" crossorigin=\"anonymous\"><\/script><ins class=\"adsbygoogle\" style=\"display:block; text-align:center;\" data-ad-client=\"ca-pub-6203283170189293\" \ndata-ad-slot=\"7303146466\" \ndata-ad-layout=\"in-article\"\ndata-ad-format=\"fluid\" data-full-width-responsive=\"true\"><\/ins>\n<script> \n(adsbygoogle = window.adsbygoogle || []).push({}); \n<\/script>\n<\/div>\n<p>Yunan Bakan Kammenos, <a class=\"keyword\" title=\"Bulgaristan Haberleri\" href=\"http:\/\/www.haberler.com\/bulgaristan\/\" rel=\"nofollow\">Bulgaristan<\/a> ve <a class=\"keyword\" title=\"Yunanistan Haberleri\" href=\"http:\/\/www.haberler.com\/yunanistan\/\" rel=\"nofollow\">Yunanistan<\/a>&#8216;\u0131n savunma sanayisinde de \u00f6nemli bir i\u015fbirli\u011fi planlad\u0131klar\u0131n\u0131 s\u00f6yledi.<\/p>\n<p>&#8220;<a class=\"keyword\" title=\"Bulgaristan Haberleri\" href=\"http:\/\/www.haberler.com\/bulgaristan\/\" rel=\"nofollow\">Bulgaristan<\/a> ve <a class=\"keyword\" title=\"Yunanistan Haberleri\" href=\"http:\/\/www.haberler.com\/yunanistan\/\" rel=\"nofollow\">Yunanistan<\/a> do\u011fu ve bat\u0131 aras\u0131nda \u00e7elik bir ba\u011f olu\u015fturuyor.&#8221; ifadesini kullanan Kammenos, bu konumda bulunan iki \u00fclkenin aras\u0131ndaki s\u0131k\u0131 i\u015fbirli\u011finin<a class=\"keyword\" title=\"Avrupa Haberleri\" href=\"http:\/\/www.haberler.com\/avrupa\/\" rel=\"nofollow\">Avrupa<\/a>&#8216;n\u0131n istikrar\u0131na katk\u0131 sa\u011flad\u0131\u011f\u0131n\u0131 bildirdi.<\/p>\n<p>G\u00f6r\u00fc\u015fmede yasa d\u0131\u015f\u0131 g\u00f6\u00e7\u00fcn \u00fcstesinden gelinmesinin de ele al\u0131nd\u0131\u011f\u0131n\u0131 aktaran Kammenos, &#8220;Aram\u0131zdaki i\u015fbirli\u011fi g\u00f6\u00e7 sorununun \u00e7\u00f6z\u00fcm\u00fcne katk\u0131 sa\u011flar. Kar\u015f\u0131l\u0131kl\u0131 i\u015fbirli\u011fimiz, <a class=\"keyword\" title=\"AB Haberleri\" href=\"http:\/\/www.haberler.com\/ab\/\" rel=\"nofollow\">AB<\/a> ve <a class=\"keyword\" title=\"NATO Haberleri\" href=\"http:\/\/www.haberler.com\/nato\/\" rel=\"nofollow\">NATO<\/a>&#8216;nun g\u00fcvenli\u011fine katk\u0131 sa\u011flad\u0131\u011f\u0131m\u0131z\u0131 g\u00f6steriyor.&#8221; de\u011ferlendirmesinde bulundu.<\/p>\n<div id=\"bghab-3220895432\" class=\"bghab-yazi-altinda bghab-entity-placement\"><div class=\"bghab-adlabel\">Reklamlar<\/div><script async src=\"https:\/\/pagead2.googlesyndication.com\/pagead\/js\/adsbygoogle.js\"><\/script>\r\n<!-- bghaber-yaz\u0131-sonu -->\r\n<ins class=\"adsbygoogle\"\r\n     style=\"display:block\"\r\n     data-ad-client=\"ca-pub-6203283170189293\"\r\n     data-ad-slot=\"4222328180\"\r\n     data-ad-format=\"auto\"\r\n     data-full-width-responsive=\"true\"><\/ins>\r\n<script>\r\n     (adsbygoogle = window.adsbygoogle || []).push({});\r\n<\/script><\/div><br style=\"clear: both; display: block; float: none;\"\/>","protected":false},"excerpt":{"rendered":"<p>Bulgaristan ve Yunanistan&#8216;\u0131n, ortak s\u0131n\u0131r b\u00f6lgesinde m\u00fc\u015fterek askeri tatbikat yapmay\u0131 planlad\u0131klar\u0131 bildirildi. Bulgaristan Savunma Bakan\u0131 Nikolay Nen\u00e7ev, ba\u015fkent Sofya&#8216;da Yunanistan Savunma Bakan\u0131 Panas Kammenos ile<\/p>\n","protected":false},"author":13,"featured_media":19853,"comment_status":"closed","ping_status":"closed","sticky":false,"template":"","format":"standard","meta":{"advanced_seo_description":"","jetpack_seo_html_title":"","jetpack_seo_noindex":false,"_jetpack_memberships_contains_paid_content":false,"footnotes":""},"categories":[8],"tags":[],"class_list":["post-19852","post","type-post","status-publish","format-standard","has-post-thumbnail","hentry","category-egitim"],"jetpack_featured_media_url":"https:\/\/i0.wp.com\/www.bghaber.org\/bghaber\/wp-content\/uploads\/2016\/07\/bulgaristan-ve-yunanistan-dan-ortak-askeri-8649917_300.png?fit=292%2C164&ssl=1","jetpack_sharing_enabled":true,"jetpack_likes_enabled":true,"jetpack-related-posts":[],"jetpack_shortlink":"https:\/\/wp.me\/pc2PfJ-5ac","_links":{"self":[{"href":"https:\/\/www.bghaber.org\/bghaber\/wp-json\/wp\/v2\/posts\/19852","targetHints":{"allow":["GET"]}}],"collection":[{"href":"https:\/\/www.bghaber.org\/bghaber\/wp-json\/wp\/v2\/posts"}],"about":[{"href":"https:\/\/www.bghaber.org\/bghaber\/wp-json\/wp\/v2\/types\/post"}],"author":[{"embeddable":true,"href":"https:\/\/www.bghaber.org\/bghaber\/wp-json\/wp\/v2\/users\/13"}],"replies":[{"embeddable":true,"href":"https:\/\/www.bghaber.org\/bghaber\/wp-json\/wp\/v2\/comments?post=19852"}],"version-history":[{"count":0,"href":"https:\/\/www.bghaber.org\/bghaber\/wp-json\/wp\/v2\/posts\/19852\/revisions"}],"wp:featuredmedia":[{"embeddable":true,"href":"https:\/\/www.bghaber.org\/bghaber\/wp-json\/wp\/v2\/media\/19853"}],"wp:attachment":[{"href":"https:\/\/www.bghaber.org\/bghaber\/wp-json\/wp\/v2\/media?parent=19852"}],"wp:term":[{"taxonomy":"category","embeddable":true,"href":"https:\/\/www.bghaber.org\/bghaber\/wp-json\/wp\/v2\/categories?post=19852"},{"taxonomy":"post_tag","embeddable":true,"href":"https:\/\/www.bghaber.org\/bghaber\/wp-json\/wp\/v2\/tags?post=19852"}],"curies":[{"name":"wp","href":"https:\/\/api.w.org\/{rel}","templated":true}]}}