{"id":19850,"date":"2016-07-29T11:42:28","date_gmt":"2016-07-29T08:42:28","guid":{"rendered":"http:\/\/www.bghaber.org\/bghaber\/?p=19850"},"modified":"2016-07-29T11:42:28","modified_gmt":"2016-07-29T08:42:28","slug":"voleybol-23-yas-alti-kadinlar-dunya-sampiyonasi","status":"publish","type":"post","link":"https:\/\/www.bghaber.org\/bghaber\/voleybol-23-yas-alti-kadinlar-dunya-sampiyonasi\/","title":{"rendered":"Voleybol: 23 Ya\u015f Alt\u0131 Kad\u0131nlar D\u00fcnya \u015eampiyonas\u0131"},"content":{"rendered":"<p>23 Ya\u015f Alt\u0131 Kad\u0131nlar D\u00fcnya Voleybol \u015eampiyonas\u0131 Elemeleri&#8217;nde <a class=\"keyword\" title=\"T\u00fcrkiye Haberleri\" href=\"http:\/\/www.haberler.com\/turkiye\/\" rel=\"nofollow\">T\u00fcrkiye<\/a>, grubundaki ilk ma\u00e7\u0131nda <a class=\"keyword\" title=\"H\u0131rvatistan Haberleri\" href=\"http:\/\/www.haberler.com\/hirvatistan\/\" rel=\"nofollow\">H\u0131rvatistan<\/a>&#8216;\u0131 3-0 yendi.<\/p>\n<p>Ay-y\u0131ld\u0131zl\u0131lar, <a class=\"keyword\" title=\"S\u0131rbistan Haberleri\" href=\"http:\/\/www.haberler.com\/sirbistan\/\" rel=\"nofollow\">S\u0131rbistan<\/a>&#8216;\u0131n Vrnjacka Banja kentinde oynanan ma\u00e7\u0131n setlerini 25-18, 25-11 ve 25-16&#8217;l\u0131k skorlarla kazand\u0131.<\/p>\n<p>Milli tak\u0131m, grubundaki ikinci ma\u00e7\u0131n\u0131 yar\u0131n <a class=\"keyword\" title=\"Polonya Haberleri\" href=\"http:\/\/www.haberler.com\/polonya\/\" rel=\"nofollow\">Polonya<\/a> ile yapacak.<\/p>\n<p>T\u00fcrkiye, elemelerde <a class=\"keyword\" title=\"H\u0131rvatistan Haberleri\" href=\"http:\/\/www.haberler.com\/hirvatistan\/\" rel=\"nofollow\">H\u0131rvatistan<\/a> ve <a class=\"keyword\" title=\"Polonya Haberleri\" href=\"http:\/\/www.haberler.com\/polonya\/\" rel=\"nofollow\">Polonya<\/a>&#8216;n\u0131n yan\u0131 s\u0131ra <a class=\"keyword\" title=\"Bulgaristan Haberleri\" href=\"http:\/\/www.haberler.com\/bulgaristan\/\" rel=\"nofollow\">Bulgaristan<\/a>, <a class=\"keyword\" title=\"\u0130talya Haberleri\" href=\"http:\/\/www.haberler.com\/italya\/\" rel=\"nofollow\">\u0130talya<\/a> ve ev sahibi<a class=\"keyword\" title=\"S\u0131rbistan Haberleri\" href=\"http:\/\/www.haberler.com\/sirbistan\/\" rel=\"nofollow\">S\u0131rbistan<\/a> ile ayn\u0131 grupta yer al\u0131yor.<\/p>\n<p>Tek devreli lig usul\u00fcne g\u00f6re oynanacak ma\u00e7lar sonucunda grubu ilk iki s\u0131rada bitiren ekipler, 27 A\u011fustos-3 <a class=\"keyword\" title=\"Eyl\u00fcl Haberleri\" href=\"http:\/\/www.haberler.com\/eylul\/\" rel=\"nofollow\">Eyl\u00fcl<\/a> 2017&#8217;de <a class=\"keyword\" title=\"Slovenya Haberleri\" href=\"http:\/\/www.haberler.com\/slovenya\/\" rel=\"nofollow\">Slovenya<\/a>&#8216;da d\u00fczenlenecek D\u00fcnya \u015eampiyonas\u0131&#8217;nda m\u00fccadele etme hakk\u0131 kazanacak.<\/p><div id=\"bghab-2621333708\" class=\"bghab-icerik-icine bghab-entity-placement\"><script async src=\"\/\/pagead2.googlesyndication.com\/pagead\/js\/adsbygoogle.js?client=ca-pub-6203283170189293\" crossorigin=\"anonymous\"><\/script><ins class=\"adsbygoogle\" style=\"display:block; text-align:center;\" data-ad-client=\"ca-pub-6203283170189293\" \ndata-ad-slot=\"7303146466\" \ndata-ad-layout=\"in-article\"\ndata-ad-format=\"fluid\" data-full-width-responsive=\"true\"><\/ins>\n<script> \n(adsbygoogle = window.adsbygoogle || []).push({}); \n<\/script>\n<\/div>\n<div id=\"bghab-513301735\" class=\"bghab-yazi-altinda bghab-entity-placement\"><div class=\"bghab-adlabel\">Reklamlar<\/div><script async src=\"https:\/\/pagead2.googlesyndication.com\/pagead\/js\/adsbygoogle.js\"><\/script>\r\n<!-- bghaber-yaz\u0131-sonu -->\r\n<ins class=\"adsbygoogle\"\r\n     style=\"display:block\"\r\n     data-ad-client=\"ca-pub-6203283170189293\"\r\n     data-ad-slot=\"4222328180\"\r\n     data-ad-format=\"auto\"\r\n     data-full-width-responsive=\"true\"><\/ins>\r\n<script>\r\n     (adsbygoogle = window.adsbygoogle || []).push({});\r\n<\/script><\/div><br style=\"clear: both; display: block; float: none;\"\/>","protected":false},"excerpt":{"rendered":"<p>23 Ya\u015f Alt\u0131 Kad\u0131nlar D\u00fcnya Voleybol \u015eampiyonas\u0131 Elemeleri&#8217;nde T\u00fcrkiye, grubundaki ilk ma\u00e7\u0131nda H\u0131rvatistan&#8216;\u0131 3-0 yendi. Ay-y\u0131ld\u0131zl\u0131lar, S\u0131rbistan&#8216;\u0131n Vrnjacka Banja kentinde oynanan ma\u00e7\u0131n setlerini 25-18, 25-11<\/p>\n","protected":false},"author":13,"featured_media":5571,"comment_status":"closed","ping_status":"closed","sticky":false,"template":"","format":"standard","meta":{"advanced_seo_description":"","jetpack_seo_html_title":"","jetpack_seo_noindex":false,"_jetpack_memberships_contains_paid_content":false,"footnotes":""},"categories":[7],"tags":[],"class_list":["post-19850","post","type-post","status-publish","format-standard","has-post-thumbnail","hentry","category-saglik-spor"],"jetpack_featured_media_url":"https:\/\/i0.wp.com\/www.bghaber.org\/bghaber\/wp-content\/uploads\/2013\/08\/turkiye-voleybol-takimi.jpeg?fit=400%2C267&ssl=1","jetpack_sharing_enabled":true,"jetpack_likes_enabled":true,"jetpack-related-posts":[],"jetpack_shortlink":"https:\/\/wp.me\/pc2PfJ-5aa","_links":{"self":[{"href":"https:\/\/www.bghaber.org\/bghaber\/wp-json\/wp\/v2\/posts\/19850","targetHints":{"allow":["GET"]}}],"collection":[{"href":"https:\/\/www.bghaber.org\/bghaber\/wp-json\/wp\/v2\/posts"}],"about":[{"href":"https:\/\/www.bghaber.org\/bghaber\/wp-json\/wp\/v2\/types\/post"}],"author":[{"embeddable":true,"href":"https:\/\/www.bghaber.org\/bghaber\/wp-json\/wp\/v2\/users\/13"}],"replies":[{"embeddable":true,"href":"https:\/\/www.bghaber.org\/bghaber\/wp-json\/wp\/v2\/comments?post=19850"}],"version-history":[{"count":0,"href":"https:\/\/www.bghaber.org\/bghaber\/wp-json\/wp\/v2\/posts\/19850\/revisions"}],"wp:featuredmedia":[{"embeddable":true,"href":"https:\/\/www.bghaber.org\/bghaber\/wp-json\/wp\/v2\/media\/5571"}],"wp:attachment":[{"href":"https:\/\/www.bghaber.org\/bghaber\/wp-json\/wp\/v2\/media?parent=19850"}],"wp:term":[{"taxonomy":"category","embeddable":true,"href":"https:\/\/www.bghaber.org\/bghaber\/wp-json\/wp\/v2\/categories?post=19850"},{"taxonomy":"post_tag","embeddable":true,"href":"https:\/\/www.bghaber.org\/bghaber\/wp-json\/wp\/v2\/tags?post=19850"}],"curies":[{"name":"wp","href":"https:\/\/api.w.org\/{rel}","templated":true}]}}