{"id":19848,"date":"2016-07-29T11:40:23","date_gmt":"2016-07-29T08:40:23","guid":{"rendered":"http:\/\/www.bghaber.org\/bghaber\/?p=19848"},"modified":"2016-07-29T11:40:23","modified_gmt":"2016-07-29T08:40:23","slug":"bulgaristanda-dini-ozgurlukler-sorunu","status":"publish","type":"post","link":"https:\/\/www.bghaber.org\/bghaber\/bulgaristanda-dini-ozgurlukler-sorunu\/","title":{"rendered":"Bulgaristan&#8217;da Dini \u00d6zg\u00fcrl\u00fckler Sorunu"},"content":{"rendered":"<p><a class=\"keyword\" title=\"Bulgaristan Haberleri\" href=\"http:\/\/www.haberler.com\/bulgaristan\/\" rel=\"nofollow\">Bulgaristan<\/a>&#8216;da Dini \u00d6nderler \u015euras\u0131, \u00fclkede M\u00fcsl\u00fcmanlar\u0131n dini \u00f6zg\u00fcrl\u00fcklerini k\u0131s\u0131tlayan yasa tasar\u0131lar\u0131n\u0131n parlamentoda kabul edilmesinin, sosyal huzura katk\u0131 sa\u011flamayaca\u011f\u0131n\u0131 a\u00e7\u0131klad\u0131.<\/p>\n<p>\u00dclkede 1990 y\u0131l\u0131ndan bu yana ba\u015f m\u00fcft\u00fcl\u00fck ve Y\u00fcksek \u0130slam \u015euras\u0131 ba\u015fkanl\u0131\u011f\u0131 yapan din adamlar\u0131ndan olu\u015fan Dini \u00d6nderler \u015euras\u0131&#8217;ndan yap\u0131lan a\u00e7\u0131klamada, \u0130slam&#8217;a uygun giyim ve cemaatlerle ilgili yasa tasar\u0131lar\u0131ndan duyulan rahats\u0131zl\u0131k dile getirildi.<\/p>\n<p>A\u00e7\u0131klamada, parlamentonun g\u00fcndemindeki baz\u0131 yasa tasar\u0131lar\u0131n\u0131n, uluslararas\u0131 hukuk ve anayasa taraf\u0131ndan g\u00fcvence alt\u0131na al\u0131nm\u0131\u015f dini \u00f6zg\u00fcrl\u00fckleri k\u0131s\u0131tlama amac\u0131 ta\u015f\u0131d\u0131\u011f\u0131 belirtildi.<\/p>\n<p>Ulusal g\u00fcvenlik konusunda \u015fah\u0131s ve ak\u0131mlar\u0131n radikal eylemlerine kar\u015f\u0131 at\u0131lan bir\u00e7ok ad\u0131m\u0131n olumlu kar\u015f\u0131land\u0131\u011f\u0131na, <a class=\"keyword\" title=\"Bulgaristan Haberleri\" href=\"http:\/\/www.haberler.com\/bulgaristan\/\" rel=\"nofollow\">Bulgaristan<\/a>&#8216;da da \u00f6nlemlerin al\u0131nmas\u0131 gerekti\u011fine i\u015faret edilen a\u00e7\u0131klamada, yasaklar\u0131n, k\u00f6t\u00fcl\u00fckleri ortadan kald\u0131rmad\u0131\u011f\u0131, ba\u015fka bir ortamda ve ba\u015fka bir \u015fekilde var olmalar\u0131n\u0131 sa\u011flad\u0131\u011f\u0131 kaydedildi.<\/p>\n<p>&#8211; Dini \u00f6zg\u00fcrl\u00fckleri k\u0131s\u0131tlayan yasa tasar\u0131lar\u0131<\/p><div id=\"bghab-851980774\" class=\"bghab-icerik-icine bghab-entity-placement\"><script async src=\"\/\/pagead2.googlesyndication.com\/pagead\/js\/adsbygoogle.js?client=ca-pub-6203283170189293\" crossorigin=\"anonymous\"><\/script><ins class=\"adsbygoogle\" style=\"display:block; text-align:center;\" data-ad-client=\"ca-pub-6203283170189293\" \ndata-ad-slot=\"7303146466\" \ndata-ad-layout=\"in-article\"\ndata-ad-format=\"fluid\" data-full-width-responsive=\"true\"><\/ins>\n<script> \n(adsbygoogle = window.adsbygoogle || []).push({}); \n<\/script>\n<\/div>\n<p>Bulgaristan&#8217;daki \u00fc\u00e7 partili koalisyon h\u00fck\u00fcmetine d\u0131\u015far\u0131dan kilit destek veren \u0131rk\u00e7\u0131 ve a\u015f\u0131r\u0131 milliyet\u00e7i Vatansever Cephe (PF) Koalisyonu taraf\u0131ndan parlamentoya sunulan &#8220;hangi ama\u00e7la olursa olsun y\u00fcz\u00fc kapatan aksesuarlar\u0131n yasaklanmas\u0131&#8221; ve &#8220;a\u015f\u0131r\u0131 dinci propaganda yapanlar\u0131n hapis ve para cezas\u0131na \u00e7arpt\u0131r\u0131lmas\u0131&#8221; yasa tasar\u0131lar\u0131 kabul edilmi\u015fti.<\/p>\n<p>PF, ge\u00e7en hafta son olarak \u00fclkedeki b\u00fct\u00fcn dini t\u00f6renlerin Bulgarca yap\u0131lmas\u0131n\u0131 \u00f6ng\u00f6ren yasa tasar\u0131s\u0131n\u0131 parlamentoya sunmu\u015ftu.<\/p>\n<div id=\"bghab-3148166094\" class=\"bghab-yazi-altinda bghab-entity-placement\"><div class=\"bghab-adlabel\">Reklamlar<\/div><script async src=\"https:\/\/pagead2.googlesyndication.com\/pagead\/js\/adsbygoogle.js\"><\/script>\r\n<!-- bghaber-yaz\u0131-sonu -->\r\n<ins class=\"adsbygoogle\"\r\n     style=\"display:block\"\r\n     data-ad-client=\"ca-pub-6203283170189293\"\r\n     data-ad-slot=\"4222328180\"\r\n     data-ad-format=\"auto\"\r\n     data-full-width-responsive=\"true\"><\/ins>\r\n<script>\r\n     (adsbygoogle = window.adsbygoogle || []).push({});\r\n<\/script><\/div><br style=\"clear: both; display: block; float: none;\"\/>","protected":false},"excerpt":{"rendered":"<p>Bulgaristan&#8216;da Dini \u00d6nderler \u015euras\u0131, \u00fclkede M\u00fcsl\u00fcmanlar\u0131n dini \u00f6zg\u00fcrl\u00fcklerini k\u0131s\u0131tlayan yasa tasar\u0131lar\u0131n\u0131n parlamentoda kabul edilmesinin, sosyal huzura katk\u0131 sa\u011flamayaca\u011f\u0131n\u0131 a\u00e7\u0131klad\u0131. \u00dclkede 1990 y\u0131l\u0131ndan bu yana ba\u015f<\/p>\n","protected":false},"author":13,"featured_media":19207,"comment_status":"closed","ping_status":"closed","sticky":false,"template":"","format":"standard","meta":{"advanced_seo_description":"","jetpack_seo_html_title":"","jetpack_seo_noindex":false,"_jetpack_memberships_contains_paid_content":false,"footnotes":""},"categories":[8],"tags":[],"class_list":["post-19848","post","type-post","status-publish","format-standard","has-post-thumbnail","hentry","category-egitim"],"jetpack_featured_media_url":"https:\/\/i0.wp.com\/www.bghaber.org\/bghaber\/wp-content\/uploads\/2016\/06\/bg-meslis.jpg?fit=610%2C343&ssl=1","jetpack_sharing_enabled":true,"jetpack_likes_enabled":true,"jetpack-related-posts":[],"jetpack_shortlink":"https:\/\/wp.me\/pc2PfJ-5a8","_links":{"self":[{"href":"https:\/\/www.bghaber.org\/bghaber\/wp-json\/wp\/v2\/posts\/19848","targetHints":{"allow":["GET"]}}],"collection":[{"href":"https:\/\/www.bghaber.org\/bghaber\/wp-json\/wp\/v2\/posts"}],"about":[{"href":"https:\/\/www.bghaber.org\/bghaber\/wp-json\/wp\/v2\/types\/post"}],"author":[{"embeddable":true,"href":"https:\/\/www.bghaber.org\/bghaber\/wp-json\/wp\/v2\/users\/13"}],"replies":[{"embeddable":true,"href":"https:\/\/www.bghaber.org\/bghaber\/wp-json\/wp\/v2\/comments?post=19848"}],"version-history":[{"count":0,"href":"https:\/\/www.bghaber.org\/bghaber\/wp-json\/wp\/v2\/posts\/19848\/revisions"}],"wp:featuredmedia":[{"embeddable":true,"href":"https:\/\/www.bghaber.org\/bghaber\/wp-json\/wp\/v2\/media\/19207"}],"wp:attachment":[{"href":"https:\/\/www.bghaber.org\/bghaber\/wp-json\/wp\/v2\/media?parent=19848"}],"wp:term":[{"taxonomy":"category","embeddable":true,"href":"https:\/\/www.bghaber.org\/bghaber\/wp-json\/wp\/v2\/categories?post=19848"},{"taxonomy":"post_tag","embeddable":true,"href":"https:\/\/www.bghaber.org\/bghaber\/wp-json\/wp\/v2\/tags?post=19848"}],"curies":[{"name":"wp","href":"https:\/\/api.w.org\/{rel}","templated":true}]}}