{"id":19845,"date":"2016-07-29T00:06:31","date_gmt":"2016-07-28T21:06:31","guid":{"rendered":"http:\/\/www.bghaber.org\/bghaber\/?p=19845"},"modified":"2016-07-29T00:06:31","modified_gmt":"2016-07-28T21:06:31","slug":"tehlike-bitmedi-sadece-yatisti-simdi-tedbir-zamani","status":"publish","type":"post","link":"https:\/\/www.bghaber.org\/bghaber\/tehlike-bitmedi-sadece-yatisti-simdi-tedbir-zamani\/","title":{"rendered":"Tehlike Bitmedi, Sadece Yat\u0131\u015ft\u0131, \u015eimdi Tedbir Zaman\u0131"},"content":{"rendered":"<div id=\"yiv2635866055yui_3_16_0_ym19_1_1469727924079_4857\"><\/div>\n<div id=\"yiv2635866055yui_3_16_0_ym19_1_1469727924079_4861\"><span id=\"yiv2635866055yui_3_16_0_ym19_1_1469727924079_4862\"><img data-recalc-dims=\"1\" loading=\"lazy\" decoding=\"async\" class=\"\" src=\"https:\/\/i0.wp.com\/www.bghaber.org\/bghaber\/wp-content\/uploads\/2015\/11\/Alptekin11.jpg?resize=100%2C135\" alt=\"alptekin-cevherli\" width=\"100\" height=\"135\" \/>\u00a0Alptekin CEVHERL\u0130<\/span><\/div>\n<div id=\"yiv2635866055yui_3_16_0_ym19_1_1469727924079_4863\"><span id=\"yiv2635866055yui_3_16_0_ym19_1_1469727924079_4864\">+++<\/span><\/div>\n<div id=\"yiv2635866055yui_3_16_0_ym19_1_1469727924079_4865\"><span id=\"yiv2635866055yui_3_16_0_ym19_1_1469727924079_4866\">Ge\u00e7ti\u011fimiz hafta, 15 Temmuz gecesi \u00fclkemiz ba\u015far\u0131s\u0131z olmu\u015f bir darbe veya isyan giri\u015fimi ile kar\u015f\u0131la\u015ft\u0131. Milletimizin, can\u0131n\u0131 hi\u00e7e sayarak vatan, millet ve devlet u\u011fruna sokaklara h\u00e2kim olmas\u0131 ve ba\u015fta Cumhurba\u015fkan\u0131m\u0131z olmak \u00fczere iktidar\u0131 ve muhalefeti ile T\u00fcrk Milleti\u2019nin bir b\u00fct\u00fcn olarak \u2018darbeye hay\u0131r\u2019 demesi Bat\u0131 kaynakl\u0131 bu giri\u015fimi ba\u015far\u0131s\u0131zl\u0131\u011fa u\u011fratm\u0131\u015f, sonu\u00e7ta T\u00fcrkiye kazanm\u0131\u015ft\u0131r.<\/span><\/div>\n<div id=\"yiv2635866055yui_3_16_0_ym19_1_1469727924079_4867\"><span id=\"yiv2635866055yui_3_16_0_ym19_1_1469727924079_4868\">Ancak \u015fu da bir ger\u00e7ektir ki, H\u00fck\u00fcmetimizin, halk\u0131m\u0131z\u0131n ve muhalefetimizin bu ba\u015far\u0131s\u0131nda en b\u00fcy\u00fck pay, can\u0131n\u0131 hi\u00e7e sayarak kendi \u00fclkesini ve halk\u0131n\u0131 bombalayan u\u00e7ak, tank ve helikopterlerle m\u00fccadele ederken \u015fehit olanlar\u0131nd\u0131r.<\/span><\/div>\n<div id=\"yiv2635866055yui_3_16_0_ym19_1_1469727924079_4869\"><span id=\"yiv2635866055yui_3_16_0_ym19_1_1469727924079_4870\">Peki, tehlike ge\u00e7mi\u015f midir? Ne yaz\u0131k ki, elbette hay\u0131r!<\/span><\/div>\n<div id=\"yiv2635866055yui_3_16_0_ym19_1_1469727924079_4871\"><span id=\"yiv2635866055yui_3_16_0_ym19_1_1469727924079_4872\">Halk\u0131m\u0131z\u0131n g\u00fcnlerdir meydanlarda n\u00f6bet tutmas\u0131, darbeci asker, polis, yarg\u0131 mensubu, gazeteci, \u00f6\u011fretmen vd. tutuklanmas\u0131 ya da g\u00f6revden el \u00e7ektirilmesi olumlu mudur? Elbette\u2026<\/span><\/div>\n<div id=\"yiv2635866055yui_3_16_0_ym19_1_1469727924079_4873\"><span id=\"yiv2635866055yui_3_16_0_ym19_1_1469727924079_4874\">Peki, yeterli midir? Hay\u0131r! (Belki \u00f6\u011fretmenler hususunda, evet)<\/span><\/div>\n<div id=\"yiv2635866055yui_3_16_0_ym19_1_1469727924079_4875\"><span id=\"yiv2635866055yui_3_16_0_ym19_1_1469727924079_4876\">Y\u0131llard\u0131r e\u011fitim, \u00e7evre, yabanc\u0131 dil \u00f6\u011fretimi vb. herkesin \u00fczerinde kolayl\u0131kla ittifak edebilece\u011fi konularda \u015fiddet kar\u015f\u0131t\u0131, bar\u0131\u015f\u00e7\u0131l g\u00f6r\u00fcnt\u00fc \u00e7izen bir ekibin asl\u0131nda gizli bir maksad\u0131n\u0131n oldu\u011funu anlamak i\u00e7in y\u00fczlerce \u015fehit, binlerce yaral\u0131 vermememiz gerekiyor muydu?<\/span><\/div>\n<div id=\"yiv2635866055yui_3_16_0_ym19_1_1469727924079_4877\"><span id=\"yiv2635866055yui_3_16_0_ym19_1_1469727924079_4878\">\u00c7\u00fcnk\u00fc M\u00fcsl\u00fcman\u2019\u0131n feraseti vard\u0131r.<\/span><\/div>\n<div id=\"yiv2635866055yui_3_16_0_ym19_1_1469727924079_4879\"><span id=\"yiv2635866055yui_3_16_0_ym19_1_1469727924079_4880\">Fakat art\u0131k \u015fu anda ge\u00e7mi\u015fe ah, vah etmek yerine; gelecek i\u00e7in ne yap\u0131lmas\u0131n\u0131n gerekti\u011fini konu\u015fmak san\u0131r\u0131m daha faydal\u0131 olacakt\u0131r.<\/span><\/div>\n<div id=\"yiv2635866055yui_3_16_0_ym19_1_1469727924079_4881\"><span id=\"yiv2635866055yui_3_16_0_ym19_1_1469727924079_4882\">Ter\u00f6r \u00d6rg\u00fct\u00fc ele ba\u015f\u0131n\u0131n TSK i\u00e7inde yuvalanmalar\u0131 i\u00e7in kendilerine f\u0131rsat verilmedi\u011fi d\u00f6nemde s\u00f6yledi\u011fi; \u201cT\u00fcrk Silahl\u0131 Kuvvetleri\u2019ne kar\u015f\u0131 s\u0131rt\u0131m\u0131z\u0131 Amerika&#8217;ya d\u00f6nmeliyiz\u201d s\u00f6z\u00fc dikkate al\u0131nmas\u0131 gereken ciddi bir maksat if\u015fas\u0131d\u0131r. D\u00fc\u015f\u00fcn\u00fcn ki kendi \u00fclkesinin ordusuna kar\u015f\u0131 yabanc\u0131 bir \u00fclkenin, hem de farkl\u0131 dinden bir \u00fclkenin ordusuna g\u00fcven duyan bir din adam\u0131 olabilir mi?<\/span><\/div>\n<div id=\"yiv2635866055yui_3_16_0_ym19_1_1469727924079_4883\"><span id=\"yiv2635866055yui_3_16_0_ym19_1_1469727924079_4884\">Bu nedenle d\u00fc\u015fman g\u00f6rd\u00fc\u011f\u00fc TSK\u2019ya kar\u015f\u0131 Bat\u0131\u2019n\u0131n da deste\u011fi ile s\u0131zma harek\u00e2t\u0131 d\u00fczenlemesi ka\u00e7\u0131n\u0131lmaz olacakt\u0131r. Ve ge\u00e7en onlarca y\u0131lda bunu bir g\u00fczel becerebildikleri 15 Temmuz 2016 gecesi ortaya \u00e7\u0131km\u0131\u015ft\u0131r.<\/span><\/div>\n<div id=\"yiv2635866055yui_3_16_0_ym19_1_1469727924079_4885\"><span id=\"yiv2635866055yui_3_16_0_ym19_1_1469727924079_4886\">Peki, bu ad\u0131 cemaat, yap\u0131lanma tipi tarikat, faaliyet \u015fekli ihanet olan yap\u0131 ile nas\u0131l m\u00fccadele edilir?<\/span><\/div>\n<div id=\"yiv2635866055yui_3_16_0_ym19_1_1469727924079_4887\"><span id=\"yiv2635866055yui_3_16_0_ym19_1_1469727924079_4888\">T\u00fcrkiye Cumhuriyeti tarihi g\u00f6stermi\u015ftir ki; polisiye tedbirler k\u0131sa s\u00fcrede ba\u015far\u0131 sa\u011flamakta, ancak uzun vadede rakibin daha g\u00fc\u00e7l\u00fc gelmesine engel olamamaktad\u0131r. 27 May\u0131s sonras\u0131 AP, 12 Eyl\u00fcl sonras\u0131 DYP ve SHP, 28 \u015eubat sonras\u0131 AK Parti\u2019nin ba\u015far\u0131lar\u0131 bunun en a\u00e7\u0131k \u00f6rne\u011fidir. Dolay\u0131s\u0131yla bundan 15- 20 y\u0131l sonra bu zihniyetin yine milletin ba\u015f\u0131na bela olmamalar\u0131 i\u00e7in farkl\u0131 bir m\u00fccadele pl\u00e2n\u0131 uygulamak gerekir, gereklidir!<\/span><\/div>\n<div id=\"yiv2635866055yui_3_16_0_ym19_1_1469727924079_4889\"><span id=\"yiv2635866055yui_3_16_0_ym19_1_1469727924079_4890\">Bu \u00f6rg\u00fct, gen\u00e7leri ve \u00e7ocuklar\u0131 dini kullanarak kendisine ba\u011flad\u0131\u011f\u0131na g\u00f6re; bunlarla m\u00fccadelede de ba\u015flang\u0131\u00e7 noktas\u0131 dini de\u011ferler \u00fczerinden y\u00fcr\u00fctt\u00fckleri yalan \u2013 yanl\u0131\u015f bilgilerin d\u00fczeltilmesi ve itikad\u00ee ve iman\u00ee anlamda fahi\u015f yanl\u0131\u015flar\u0131n\u0131n a\u00e7\u0131\u011fa vurularak halk\u0131m\u0131z\u0131n bunlar\u0131n asl\u0131nda klasik \u0130sl\u00e2m anlay\u0131\u015f\u0131 yerine Bat\u0131 taraf\u0131ndan geli\u015ftirilen ve maksada ula\u015fmak i\u00e7in her yolun mubah g\u00f6r\u00fcld\u00fc\u011f\u00fc Protestan bir \u0130sl\u00e2m anlay\u0131\u015f\u0131n\u0131 yerle\u015ftirmek istedikleri delilleriyle ispatlanmal\u0131d\u0131r!<\/span><\/div>\n<div id=\"yiv2635866055yui_3_16_0_ym19_1_1469727924079_4891\"><span id=\"yiv2635866055yui_3_16_0_ym19_1_1469727924079_4892\">Nedir bu Protestan \u0130sl\u00e2m anlay\u0131\u015f\u0131?<\/span><\/div>\n<div id=\"yiv2635866055yui_3_16_0_ym19_1_1469727924079_4893\"><span id=\"yiv2635866055yui_3_16_0_ym19_1_1469727924079_4894\"><span id=\"yiv2635866055yui_3_16_0_ym19_1_1469727924079_4895\">1-<span id=\"yiv2635866055yui_3_16_0_ym19_1_1469727924079_4896\">\u00a0\u00a0\u00a0\u00a0 <\/span><\/span><\/span><span id=\"yiv2635866055yui_3_16_0_ym19_1_1469727924079_4897\">Dinler Aras\u0131 Diyalog masal\u0131d\u0131r.<\/span><\/div>\n<div id=\"yiv2635866055yui_3_16_0_ym19_1_1469727924079_4898\"><span id=\"yiv2635866055yui_3_16_0_ym19_1_1469727924079_4899\"><span id=\"yiv2635866055yui_3_16_0_ym19_1_1469727924079_4900\">2-<span id=\"yiv2635866055yui_3_16_0_ym19_1_1469727924079_4901\">\u00a0\u00a0\u00a0\u00a0 <\/span><\/span><\/span><span id=\"yiv2635866055yui_3_16_0_ym19_1_1469727924079_4902\">Kutlu Do\u011fum Haftas\u0131d\u0131r.<\/span><\/div>\n<div id=\"yiv2635866055yui_3_16_0_ym19_1_1469727924079_4903\"><span id=\"yiv2635866055yui_3_16_0_ym19_1_1469727924079_4904\"><span id=\"yiv2635866055yui_3_16_0_ym19_1_1469727924079_4905\">3-<span id=\"yiv2635866055yui_3_16_0_ym19_1_1469727924079_4906\">\u00a0\u00a0\u00a0\u00a0 <\/span><\/span><\/span><span id=\"yiv2635866055yui_3_16_0_ym19_1_1469727924079_4907\">Cev\u015fen modas\u0131d\u0131r.<\/span><\/div>\n<div id=\"yiv2635866055yui_3_16_0_ym19_1_1469727924079_4908\"><span id=\"yiv2635866055yui_3_16_0_ym19_1_1469727924079_4909\"><span id=\"yiv2635866055yui_3_16_0_ym19_1_1469727924079_4910\">4-<span id=\"yiv2635866055yui_3_16_0_ym19_1_1469727924079_4911\">\u00a0\u00a0\u00a0\u00a0 <\/span><\/span><\/span><span id=\"yiv2635866055yui_3_16_0_ym19_1_1469727924079_4912\">Salya \u2013 s\u00fcm\u00fck dindar profilidir.<\/span><\/div>\n<div id=\"yiv2635866055yui_3_16_0_ym19_1_1469727924079_4913\"><span id=\"yiv2635866055yui_3_16_0_ym19_1_1469727924079_4914\"><span id=\"yiv2635866055yui_3_16_0_ym19_1_1469727924079_4915\">5-<span id=\"yiv2635866055yui_3_16_0_ym19_1_1469727924079_4916\">\u00a0\u00a0\u00a0\u00a0 <\/span><\/span><\/span><span id=\"yiv2635866055yui_3_16_0_ym19_1_1469727924079_4917\">Namaz\u0131n\u0131 k\u0131l, orucunu tut, bir de cemaate ba\u011f\u0131\u015f yap, senden iyi M\u00fcsl\u00fcman yok anlay\u0131\u015f\u0131d\u0131r.<\/span><\/div>\n<div id=\"yiv2635866055yui_3_16_0_ym19_1_1469727924079_4918\"><span id=\"yiv2635866055yui_3_16_0_ym19_1_1469727924079_4919\"><span id=\"yiv2635866055yui_3_16_0_ym19_1_1469727924079_4920\">6-<span id=\"yiv2635866055yui_3_16_0_ym19_1_1469727924079_4921\">\u00a0\u00a0\u00a0\u00a0 <\/span><\/span><\/span><span id=\"yiv2635866055yui_3_16_0_ym19_1_1469727924079_4922\">Beklenen \u0130sa hayalidir.<\/span><\/div>\n<div id=\"yiv2635866055yui_3_16_0_ym19_1_1469727924079_4923\"><span id=\"yiv2635866055yui_3_16_0_ym19_1_1469727924079_4924\">Bu 6 ana yanl\u0131\u015f \u00fczerinden kurgulanan bu ter\u00f6r yap\u0131s\u0131 ile m\u00fccadelede Diyanet \u0130\u015fleri Ba\u015fkanl\u0131\u011f\u0131\u2019m\u0131za b\u00fcy\u00fck g\u00f6revler d\u00fc\u015fmektedir.<\/span><\/div>\n<div id=\"yiv2635866055yui_3_16_0_ym19_1_1469727924079_4925\"><span id=\"yiv2635866055yui_3_16_0_ym19_1_1469727924079_4926\">1-2 dini grup veya fikirsel yap\u0131 hari\u00e7 neredeyse b\u00fct\u00fcn \u2018kendini M\u00fcsl\u00fcman olarak tan\u0131mlayan\u2019 kesimleri etkileyen ya da en az\u0131ndan kar\u015f\u0131s\u0131nda olmaktan al\u0131koyan bu g\u00fcruha kar\u015f\u0131 yap\u0131lacak en mant\u0131kl\u0131 hareket; ellerindeki \u2018dindar insan\u2019 kozunu almakt\u0131r.<\/span><\/div>\n<div id=\"yiv2635866055yui_3_16_0_ym19_1_1469727924079_4927\"><span id=\"yiv2635866055yui_3_16_0_ym19_1_1469727924079_4928\"><span id=\"yiv2635866055yui_3_16_0_ym19_1_1469727924079_4929\">1-<span id=\"yiv2635866055yui_3_16_0_ym19_1_1469727924079_4930\">\u00a0\u00a0\u00a0\u00a0 <\/span><\/span><\/span><span id=\"yiv2635866055yui_3_16_0_ym19_1_1469727924079_4931\">Dinler aras\u0131 diyalog masal\u0131n\u0131n bir Vatikan Projesi oldu\u011fu, 3\u2019\u00fcnc\u00fc bin y\u0131lda Asya K\u0131tas\u0131\u2019n\u0131n H\u0131ristiyanla\u015ft\u0131r\u0131lmas\u0131 i\u00e7in \u00fcretildi\u011fi ger\u00e7e\u011fi halka a\u00e7\u0131k a\u00e7\u0131k anlat\u0131lmal\u0131d\u0131r. Kur\u2019an-\u0131 Kerim\u2019deki \u201cK\u00e2firleri dost edinmeyin\u201d mealindeki ayet ba\u015fta olmak \u00fczere \u201cAllah indinde tek din \u0130sl\u00e2m\u2019d\u0131r\u201d h\u00fck\u00fcmleri ba\u015fta Cuma hutbeleri olmak \u00fczere tekrar tekrar anlat\u0131lmal\u0131 ve izah edilmelidir.<\/span><\/div>\n<div id=\"yiv2635866055yui_3_16_0_ym19_1_1469727924079_4932\"><span id=\"yiv2635866055yui_3_16_0_ym19_1_1469727924079_4933\"><span id=\"yiv2635866055yui_3_16_0_ym19_1_1469727924079_4934\">2-<span id=\"yiv2635866055yui_3_16_0_ym19_1_1469727924079_4935\">\u00a0\u00a0\u00a0\u00a0 <\/span><\/span><\/span><span id=\"yiv2635866055yui_3_16_0_ym19_1_1469727924079_4936\">Peygamber Efendimiz Hz. Muhammed\u2019in do\u011fum g\u00fcn\u00fc kutlamas\u0131 Hicri takvime g\u00f6re Mevlid Kandilleri\u2019nde ger\u00e7ekle\u015fmektedir. Ancak 1989 y\u0131l\u0131ndan beri M\u00fcmtazer T\u00fcrk\u00f6ne\u2019nin de \u00f6nc\u00fcl\u00fc\u011f\u00fc do\u011frultusunda Miladi takvime g\u00f6re de kutlu do\u011fum haftas\u0131 ad\u0131 alt\u0131nda kutlanmaktad\u0131r. Hatta ilk kutlamalar Fethullah G\u00fclen\u2019in do\u011fum tarihi olan 27 Nisan\u2019da yap\u0131lmaya ba\u015flanm\u0131\u015f, ancak tepki \u00e7ekince hafta olarak 20 Nisan\u2019a \u00e7ekilmi\u015ftir. Sonu\u00e7 olarak y\u00fczy\u0131llard\u0131r s\u00fcregelen Mevlid kandilinde yap\u0131lmayan kutlama, panel ve etkinlikler Kutlu Do\u011fum Haftas\u0131 ad\u0131 alt\u0131nda yap\u0131lmakta, Peygamberimizin do\u011fumu H\u0131ristiyan takvimi ile g\u00fcya kutlanmaktad\u0131r.<\/span><\/div>\n<div id=\"yiv2635866055yui_3_16_0_ym19_1_1469727924079_4937\"><span id=\"yiv2635866055yui_3_16_0_ym19_1_1469727924079_4938\"><span id=\"yiv2635866055yui_3_16_0_ym19_1_1469727924079_4939\">3-<span id=\"yiv2635866055yui_3_16_0_ym19_1_1469727924079_4940\">\u00a0\u00a0\u00a0\u00a0 <\/span><\/span><\/span><span id=\"yiv2635866055yui_3_16_0_ym19_1_1469727924079_4941\">Cev\u015fen, \u015eii ve S\u00fcnni hadis kaynaklar\u0131nda asla olmamas\u0131na ra\u011fmen Peygamber Efendimize atfedilerek yaz\u0131lan bir tak\u0131m dua ve Esma\u2019\u00fcl H\u00fcsna oldu\u011fu varsay\u0131lan isimlerin yaz\u0131lmas\u0131 sonucu ki\u015fiyi korudu\u011fu kabul edilen bir muskad\u0131r. \u015eah \u0130smail\u2019in askerlerine kur\u015fun i\u015flemesin diye zorla cev\u015fen takt\u0131rd\u0131\u011f\u0131 ancak Yavuz Sultan Selim\u2019in ordusu kar\u015f\u0131s\u0131nda a\u011f\u0131r ma\u011flubiyetler ald\u0131\u011f\u0131 bilinmektedir. Bu bidat anlat\u0131lmal\u0131d\u0131r.<\/span><\/div>\n<div id=\"yiv2635866055yui_3_16_0_ym19_1_1469727924079_4942\"><span id=\"yiv2635866055yui_3_16_0_ym19_1_1469727924079_4943\"><span id=\"yiv2635866055yui_3_16_0_ym19_1_1469727924079_4944\">4-<span id=\"yiv2635866055yui_3_16_0_ym19_1_1469727924079_4945\">\u00a0\u00a0\u00a0\u00a0 <\/span><\/span><\/span><span id=\"yiv2635866055yui_3_16_0_ym19_1_1469727924079_4946\">Salya-s\u00fcm\u00fck M\u00fcsl\u00fcman olmaz. M\u00fcsl\u00fcman onurlu ve \u00f6rnek insand\u0131r. Feraset sahibidir. Biz neyiz, biz kimiz ki gibi Allah\u2019\u0131n kendisine verdiklerine kar\u015f\u0131 nank\u00f6rl\u00fck yapmayan insand\u0131r. Bir lokma, bir h\u0131rka anlay\u0131\u015f\u0131n\u0131 M\u00fcsl\u00fcmanlar aras\u0131nda yay\u0131p geri kalmas\u0131n\u0131 pl\u00e2nlayanlara kar\u015f\u0131, Hz. Peygamber\u2019in vakur, onurlu ve \u00f6rnek davran\u0131\u015flar\u0131 anlat\u0131lmal\u0131d\u0131r.<\/span><\/div>\n<div id=\"yiv2635866055yui_3_16_0_ym19_1_1469727924079_4947\"><span id=\"yiv2635866055yui_3_16_0_ym19_1_1469727924079_4948\"><span id=\"yiv2635866055yui_3_16_0_ym19_1_1469727924079_4949\">5-<span id=\"yiv2635866055yui_3_16_0_ym19_1_1469727924079_4950\">\u00a0\u00a0\u00a0\u00a0 <\/span><\/span><\/span><span id=\"yiv2635866055yui_3_16_0_ym19_1_1469727924079_4951\">Bat\u0131 Avrupa\u2019n\u0131n dini \u015fekilcili\u011fe indirgedi\u011fi ve \u2018Protestan ahlak\u0131\u2019 olarak da tan\u0131mlanan \u015fekil \u015fartlar\u0131n\u0131 yerine getir, bol para kazan; \u00f6z \u00f6nemli de\u011fil anlay\u0131\u015f\u0131n\u0131n getirdi\u011fi nokta ile ferasetsiz \u0130sl\u00e2m\u2019\u0131n geldi\u011fi nokta a\u00e7\u0131k\u00e7a g\u00f6zler \u00f6n\u00fcne serilmelidir. Her namaz k\u0131lan\u0131n M\u00fcsl\u00fcman zannedildi\u011fi Protestan \u0130sl\u00e2m modelinin sonunda M\u00fcsl\u00fcmanlar\u0131n aras\u0131na s\u0131zan misyonerlerin ve y\u0131k\u0131c\u0131 tiplerin anla\u015f\u0131lamamas\u0131 sonucu M\u00fcsl\u00fcman T\u00fcrk halk\u0131na sava\u015f u\u00e7a\u011f\u0131 ile ate\u015f eden \u2018s\u00f6zde\u2019 be\u015f vakit namaz\u0131nda niyaz\u0131nda cemaat tipleri ortaya \u00e7\u0131km\u0131\u015ft\u0131r.<\/span><\/div>\n<div id=\"yiv2635866055yui_3_16_0_ym19_1_1469727924079_4952\"><span id=\"yiv2635866055yui_3_16_0_ym19_1_1469727924079_4953\"><span id=\"yiv2635866055yui_3_16_0_ym19_1_1469727924079_4954\">6-<span id=\"yiv2635866055yui_3_16_0_ym19_1_1469727924079_4955\">\u00a0\u00a0\u00a0\u00a0 <\/span><\/span><\/span><span id=\"yiv2635866055yui_3_16_0_ym19_1_1469727924079_4956\">Kur\u2019an-\u0131 Kerim\u2019de de sabit bir \u015fekilde anlat\u0131ld\u0131\u011f\u0131 gibi son peygamber Hz. Muhammed\u2019dir. Ba\u015fka peygamber gelmesini beklemek, Hz. \u0130sa\u2019y\u0131 H\u0131ristiyanlar gibi beklemek veya gelsin de bizleri kurtars\u0131n demek beyhude bir bekleyi\u015f olup, her \u015feyin sahibi olarak yarat\u0131lm\u0131\u015f insana yak\u0131\u015fmayan e\u015fya s\u0131fat\u0131n\u0131 yans\u0131tmaktad\u0131r. Son peygamber zaten 1400 y\u0131l \u00f6nce gelmi\u015ftir.<\/span><\/div>\n<div id=\"yiv2635866055yui_3_16_0_ym19_1_1469727924079_4957\"><span id=\"yiv2635866055yui_3_16_0_ym19_1_1469727924079_4958\">Velhas\u0131l kel\u00e2m 15 \u2013 20 y\u0131l sonra tekrar bu ihanet ile kar\u015f\u0131la\u015fmak istemiyorsak, bu 6 m\u00fchim konu \u00fczerinde derhal \u00e7al\u0131\u015f\u0131lmas\u0131 gerekmektedir. Aksi takdirde \u00e7ocuklar\u0131m\u0131z\u0131n, gelecekte hem bu g\u00fczel \u00fclkemizi, hem de ahiretlerini kaybetme ihtimali y\u00fcksektir. <\/span><\/div>\n<div id=\"bghab-71411289\" class=\"bghab-yazi-altinda bghab-entity-placement\"><div class=\"bghab-adlabel\">Reklamlar<\/div><script async src=\"https:\/\/pagead2.googlesyndication.com\/pagead\/js\/adsbygoogle.js\"><\/script>\r\n<!-- bghaber-yaz\u0131-sonu -->\r\n<ins class=\"adsbygoogle\"\r\n     style=\"display:block\"\r\n     data-ad-client=\"ca-pub-6203283170189293\"\r\n     data-ad-slot=\"4222328180\"\r\n     data-ad-format=\"auto\"\r\n     data-full-width-responsive=\"true\"><\/ins>\r\n<script>\r\n     (adsbygoogle = window.adsbygoogle || []).push({});\r\n<\/script><\/div><br style=\"clear: both; display: block; float: none;\"\/>","protected":false},"excerpt":{"rendered":"<p>\u00a0Alptekin CEVHERL\u0130 +++ Ge\u00e7ti\u011fimiz hafta, 15 Temmuz gecesi \u00fclkemiz ba\u015far\u0131s\u0131z olmu\u015f bir darbe veya isyan giri\u015fimi ile kar\u015f\u0131la\u015ft\u0131. Milletimizin, can\u0131n\u0131 hi\u00e7e sayarak vatan, millet ve<\/p>\n","protected":false},"author":13,"featured_media":17095,"comment_status":"closed","ping_status":"closed","sticky":false,"template":"","format":"standard","meta":{"advanced_seo_description":"","jetpack_seo_html_title":"","jetpack_seo_noindex":false,"_jetpack_memberships_contains_paid_content":false,"footnotes":""},"categories":[6],"tags":[],"class_list":["post-19845","post","type-post","status-publish","format-standard","has-post-thumbnail","hentry","category-yorum"],"jetpack_featured_media_url":"https:\/\/i0.wp.com\/www.bghaber.org\/bghaber\/wp-content\/uploads\/2015\/11\/Alptekin11.jpg?fit=298%2C401&ssl=1","jetpack_sharing_enabled":true,"jetpack_likes_enabled":true,"jetpack-related-posts":[],"jetpack_shortlink":"https:\/\/wp.me\/pc2PfJ-5a5","_links":{"self":[{"href":"https:\/\/www.bghaber.org\/bghaber\/wp-json\/wp\/v2\/posts\/19845","targetHints":{"allow":["GET"]}}],"collection":[{"href":"https:\/\/www.bghaber.org\/bghaber\/wp-json\/wp\/v2\/posts"}],"about":[{"href":"https:\/\/www.bghaber.org\/bghaber\/wp-json\/wp\/v2\/types\/post"}],"author":[{"embeddable":true,"href":"https:\/\/www.bghaber.org\/bghaber\/wp-json\/wp\/v2\/users\/13"}],"replies":[{"embeddable":true,"href":"https:\/\/www.bghaber.org\/bghaber\/wp-json\/wp\/v2\/comments?post=19845"}],"version-history":[{"count":0,"href":"https:\/\/www.bghaber.org\/bghaber\/wp-json\/wp\/v2\/posts\/19845\/revisions"}],"wp:featuredmedia":[{"embeddable":true,"href":"https:\/\/www.bghaber.org\/bghaber\/wp-json\/wp\/v2\/media\/17095"}],"wp:attachment":[{"href":"https:\/\/www.bghaber.org\/bghaber\/wp-json\/wp\/v2\/media?parent=19845"}],"wp:term":[{"taxonomy":"category","embeddable":true,"href":"https:\/\/www.bghaber.org\/bghaber\/wp-json\/wp\/v2\/categories?post=19845"},{"taxonomy":"post_tag","embeddable":true,"href":"https:\/\/www.bghaber.org\/bghaber\/wp-json\/wp\/v2\/tags?post=19845"}],"curies":[{"name":"wp","href":"https:\/\/api.w.org\/{rel}","templated":true}]}}