{"id":19840,"date":"2016-07-28T23:58:14","date_gmt":"2016-07-28T20:58:14","guid":{"rendered":"http:\/\/www.bghaber.org\/bghaber\/?p=19840"},"modified":"2016-07-29T00:02:06","modified_gmt":"2016-07-28T21:02:06","slug":"turkiye-isgal-edilemez","status":"publish","type":"post","link":"https:\/\/www.bghaber.org\/bghaber\/turkiye-isgal-edilemez\/","title":{"rendered":"T\u00fcrkiye \u0130\u015fgal Edilemez"},"content":{"rendered":"<p>Rafet ULUT\u00dcRK<\/p>\n<p><img data-recalc-dims=\"1\" loading=\"lazy\" decoding=\"async\" class=\"\" src=\"https:\/\/i0.wp.com\/www.bghaber.org\/bghaber\/wp-content\/uploads\/2016\/07\/5dc15d43-a156-4c04-a137-4ee9b7e9c1a6-768x576.jpg?resize=640%2C480\" alt=\"5dc15d43-a156-4c04-a137-4ee9b7e9c1a6\" width=\"640\" height=\"480\" \/>Konu:\u00a0<strong>T\u00fcrkiye&#8217;nin\u00a0tavr\u0131 b\u00fcy\u00fck devlete yak\u0131\u015f\u0131r bir tav\u0131rd\u0131.<\/strong><\/p>\n<p>Size, 200\u2013300 y\u0131ldan beri uyutuldu\u011fumuzu s\u00f6yledi\u011fimde, l\u00fctfen \u00fcz\u00fclmeyiniz. \u00c7\u00fcnk\u00fc hi\u00e7 kimse bu d\u00fcnyada kendinden \u00f6nce olmu\u015f bitmi\u015f olan \u00fcst\u00fcne sorumlu tutulamaz. Bunu b\u00f6yle yazarken, atalar\u0131m ad\u0131na kendimin de pek huzurlu oldu\u011fumu s\u00f6yleyemem. Osmanl\u0131dan sonra biz T\u00fcrkler d\u00fcnya y\u00f6netiminden uzakla\u015ft\u0131r\u0131lm\u0131\u015ft\u0131rk.<\/p>\n<p>Bizler de, d\u00fc\u011f\u00fcnde, dernekte toplanan ya\u015fl\u0131lar hep \u201c<strong>Osmanl\u0131 neden \u00e7\u00f6km\u00fc\u015f acaba<\/strong>\u201d sorusuna cevap ar\u0131yordu. Fazla d\u00fc\u015f\u00fcnmeden bulu\u015fma noktalar\u0131 hep \u201c<strong>par\u00e7alay\u0131p par\u00e7alay\u0131p kaymakl\u0131 kahve ile i\u00e7mi\u015fler<\/strong>\u201d olurdu. Bilin\u00e7li olarak par\u00e7aland\u0131\u011f\u0131m\u0131z\u0131 art\u0131k kabul etmi\u015f durumday\u0131z. Osmanl\u0131dan kopar\u0131lan toprak par\u00e7alar\u0131ndan as\u0131rlarca s\u00fcr\u00fcld\u00fc\u011f\u00fcm\u00fcz ortadad\u0131r. Arkam\u0131zda kalan topraklardaki tek enser \u00fczerinde T\u00fcrk, \u0130slam, M\u00fcsl\u00fcman izi b\u0131rakmamaya \u00e7al\u0131\u015ft\u0131lar. \u0130lgin\u00e7tir, kimli\u011fimizi per\u00e7inle\u015ftiren tek \u00e7ivi \u00e7akt\u0131rmamak i\u00e7in bug\u00fcn de ellerinden geleni arkalar\u0131na b\u0131rakm\u0131yorlar.<\/p>\n<p>Tarih\u00e7ilerin atas\u0131 Halil \u0130nalc\u0131k ge\u00e7en hafta vefat etmeseydi, \u201c<strong>15\u201316 Temmuz 2016\u2019da T\u00fcrkiye\u2019nin kara sayfas\u0131 \u015f\u00fck\u00fcr kapand\u0131<\/strong>\u201d yazacakt\u0131. Allah rahmet eylesin, yatt\u0131 yer nur olsun! O gece \u00e7ok b\u00fcy\u00fck bir olay oldu. T\u00fcrkiye Ba\u015fkan\u0131 Say\u0131n R.Tayyip Erdo\u011fan\u2019\u0131 \u00f6ld\u00fcr\u00fcp, meclisi de yerle bir ederek, silahl\u0131 kuvvetlerimiz i\u00e7inde ele ge\u00e7irdikleri hainler ile devletimizi esir edip par\u00e7alara b\u00f6lerek i\u015fgal etmek istedikleri kabak \u00e7i\u00e7e\u011fi gibi a\u00e7t\u0131.<\/p><div id=\"bghab-863475120\" class=\"bghab-icerik-icine bghab-entity-placement\"><script async src=\"\/\/pagead2.googlesyndication.com\/pagead\/js\/adsbygoogle.js?client=ca-pub-6203283170189293\" crossorigin=\"anonymous\"><\/script><ins class=\"adsbygoogle\" style=\"display:block; text-align:center;\" data-ad-client=\"ca-pub-6203283170189293\" \ndata-ad-slot=\"7303146466\" \ndata-ad-layout=\"in-article\"\ndata-ad-format=\"fluid\" data-full-width-responsive=\"true\"><\/ins>\n<script> \n(adsbygoogle = window.adsbygoogle || []).push({}); \n<\/script>\n<\/div>\n<p>T\u00fcrkiye\u2019mizi k\u00fcresel emperyalist g\u00fc\u00e7lere ve yerli hain <strong>\u201cimamlara\u201d<\/strong> hibe etmek isteyenlerin kalk\u0131\u015fmas\u0131 halk\u0131m\u0131z taraf\u0131ndan \u00e7\u00f6kertildi. Bu i\u015fin ba\u015f\u0131 ge\u00e7inen k\u00f6r-cahil Feto asl\u0131nda bir sembold\u00fc. Eline silah al\u0131p kan ak\u0131tan FETO markas\u0131yd\u0131. O, kan ak\u0131tanlara beyaz eldiven oldu. T\u00fcrkiye\u2019de \u015feriat d\u00fczeni kurmak istiyor su\u00e7undan aranan bu s\u00f6zde din adam\u0131n\u0131 C\u0130A y\u0131llar \u00f6nce ele ge\u00e7irip ABD\u2019ye g\u00f6t\u00fcrd\u00fc. K\u00fcresel casusluk ve hainlik merkezinin kar\u015f\u0131s\u0131nda bir eve yerle\u015ftirdi. T\u00fcrkiye\u2019yi par\u00e7alay\u0131p T\u00fcrkleri katletme plan\u0131 i\u00e7in 20\u201325 milyar Dolar avans da verdi. O bu paran\u0131n bir k\u0131sm\u0131n\u0131 \u201c<strong>F<\/strong>\u201d serisinden 1 US Dolara bozdurup \u00fclkemizde ajan \u015febekesi ve hainler s\u00fcr\u00fcs\u00fc olu\u015fturdu. Ad\u0131 hainlik olan vir\u00fcs\u00fc damar\u0131m\u0131za, ci\u011ferimize yerle\u015ftirip birlik oldular ve 15 Temmuz 2016 rezilli\u011fini sergilediler.<\/p>\n<p><strong>Planlar\u0131:<\/strong> FET\u00d6 \u00e7etesi 1997\u2019ye kadar T\u00fcrkiye\u2019de Gladyo\u2019nun \u201c<strong>A<\/strong>\u201d plan\u0131na kat\u0131ld\u0131. Ama\u00e7 anavatan\u0131m\u0131z\u0131 i\u00e7inden oymakt\u0131, bilincimizi \u00f6ld\u00fcr\u00fcp hepimizden ruhsuz ta\u015f kafalar yaratmakt\u0131. Bug\u00fcn kapat\u0131lan 1.700 okul ve yerle\u015fke bunun i\u00e7in kuruldu. Okullar, camiler, medreseler ruhsuz hainler yeti\u015ftirdi. Silahl\u0131 kuvvetlere, polis ve jandarmaya, adliyeye s\u0131zd\u0131lar. T\u00fcrkiye Ba\u015fkan\u0131 Say\u0131n R.Tayyip Erdo\u011fan\u2019\u0131n \u201c<strong>t\u00fcm\u00f6r<\/strong>\u201d, Genel Kurmay Ba\u015fkan\u0131 Akar\u2019\u0131n \u201c<strong>zahirli y\u0131lan<\/strong>\u201d s\u00f6z\u00fcyle ifade ettikleri budur. Demokrasi mitingleri \u00f6l\u00fcm sa\u00e7an bu vir\u00fcslerden ar\u0131nmam\u0131z, ruh yenilememiz, kendi topra\u011f\u0131m\u0131zda birlikte kanatlan\u0131p y\u00fcceldik\u00e7e y\u00fccelmemiz i\u00e7in yap\u0131l\u0131yor.<\/p>\n<p>2001\u2019den sonra \u201c<strong>B<\/strong>\u201d plan\u0131na ge\u00e7tiler. AK Partinin yolunu kesmeye \u00e7al\u0131\u015ft\u0131lar. Darbe ard\u0131na darbe giri\u015fiminde bulundular. Biz toparland\u0131k\u00e7a onlar kudurdular. T\u00fcrkler gibi ya\u015famak isteyerek ayaklanan M\u00fcsl\u00fcmanlar\u0131n \u201c<strong>Arap Bahar\u0131<\/strong>\u201dndan uzak tutulduk. Gazeli karde\u015flerimize su bile g\u00f6nderemez olduk. Suriye\u2019de ta\u015f \u00fcst\u00fcnde ta\u015f b\u0131rakmayanlar hep bizi su\u00e7lad\u0131. E\u011fittikleri DEA\u015e \u00e7etecileri cami bombalama ve M\u00fcsl\u00fcman katillerinden d\u00fc\u015f\u00fcld\u00fc. Bize g\u00f6zda\u011f\u0131 vermek i\u00e7in \u015fehirlerimizde g\u00fcn a\u015f\u0131r\u0131 bomba patlatt\u0131lar. G\u00fcney Do\u011fuyu ate\u015fe verdiler.<\/p>\n<p><strong>Ama\u00e7lar\u0131 <\/strong>T\u00fcrklerden ruhsuz millet yaratmakt\u0131. Ezilmi\u015f halklara model olarak kullan\u0131lacakt\u0131k. 15 Temmuz gecesinin hedefinde ruhsuz T\u00fcrk ve i\u015fgal edilmi\u015f T\u00fcrkiye yaratmakt\u0131.<\/p>\n<p>\u201c<strong>Ezel<\/strong>\u201d filminde \u00fcnl\u00fc akt\u00f6r Tuncel Kurti\u2019nin \u201c<strong>Tarih tekerr\u00fcrden ibaret<\/strong>!\u201d deyi\u015fi hep akl\u0131mdad\u0131r. \u00d6yle bir s\u00f6ylemi\u015fti ki\u2026<\/p><div id=\"bghab-1870464674\" class=\"bghab-icerik-icine-10-paragraf bghab-entity-placement\"><script async src=\"\/\/pagead2.googlesyndication.com\/pagead\/js\/adsbygoogle.js?client=ca-pub-6203283170189293\" crossorigin=\"anonymous\"><\/script><ins class=\"adsbygoogle\" style=\"display:block; text-align:center;\" data-ad-client=\"ca-pub-6203283170189293\" \ndata-ad-slot=\"7303146466\" \ndata-ad-layout=\"in-article\"\ndata-ad-format=\"fluid\" data-full-width-responsive=\"true\"><\/ins>\n<script> \n(adsbygoogle = window.adsbygoogle || []).push({}); \n<\/script>\n<\/div>\n<p>Ba\u015fkomutan\u0131m\u0131z Erdo\u011fan\u2019\u0131n \u201c<strong>Demokrasiye inanan t\u00fcm halk\u0131m\u0131 meydanlara davet ediyorum<\/strong>!\u201d \u00e7a\u011fr\u0131s\u0131na T\u00fcrkiye\u2019de sa\u011f-sol hepimiz hemen uyduk. O an, o karanl\u0131k gece ayd\u0131nlanmaya ba\u015flad\u0131. Dernek\u00e7i arkada\u015flar\u0131mla birlikte ufuk a\u011farana kadar Bayrampa\u015fa Belediye Meydan\u0131\u2019nda kald\u0131k.\u00a0 O gece, \u00c7anakkale Savunmas\u0131na kat\u0131lm\u0131\u015f, bizim Karamatlar k\u00f6y\u00fcnden (Slivarka) Kamil Dede gibileri hep akl\u0131mdayd\u0131. \u00c7ocuk ya\u015fta etraf\u0131na topland\u0131\u011f\u0131m\u0131zda dua eder gibi \u201c<strong>Allah kimseye bir daha g\u00f6stermesin<\/strong>\u201d diyordu. Biz o zaman \u00e7ok k\u00fc\u00e7\u00fckt\u00fck ve neyi g\u00f6rmememiz gerekti\u011fini anlayam\u0131yorduk. 1985\u2019te \u201c<strong>soya d\u00f6n\u00fc\u015f<\/strong>\u201d zulm\u00fc ba\u015flad\u0131\u011f\u0131nda Kamil Dede art\u0131k Allah\u0131n rahmetine kavu\u015fmu\u015ftu. Belki de ima etti\u011fi o karanl\u0131\u011f\u0131 g\u00f6rmedi. Beraberce g\u00f6\u00e7seydik, haftalarca arabalar\u0131n lastikleri aras\u0131nda a\u00e7 susuz yatsayd\u0131k, eminim yine \u201c<strong>Allah kimseye bir daha g\u00f6stermesin<\/strong>\u201d diyecekti.<\/p>\n<p>Fakat biz art\u0131k \u00e7eyrek y\u00fczy\u0131l buraday\u0131z. Anavatan evlad\u0131 olduk. G\u00f6\u00e7 etmek akl\u0131m\u0131zdan ge\u00e7mezdi. Kovuldukta geldik. Ba\u015fa gelen \u00e7ekilir, demek istedim. Kamil Dede sa\u011f olsayd\u0131 \u015fu duruma, TBMM\u2019nin jetlerle bombalanmas\u0131na, \u00a0tanklar\u0131n \u00e7ocuk ve kad\u0131nlar\u0131 ezmesine, T\u00fcrk silah\u0131n\u0131n sokakta y\u00fcr\u00fcyen vatanda\u015fa \u00e7ekilmesine, \u00a0Cumhurba\u015fkan\u0131m\u0131z\u0131 \u00f6ld\u00fcr\u00fcp anavatan\u0131m\u0131z\u0131 T\u00fcrk halk\u0131n\u0131n TSK silahlar\u0131yla, T\u00fcrk vicdan\u0131na, vatana ihanet etmi\u015fler taraf\u0131ndan i\u015fgal edilmek istenmesine ne derdi?<\/p>\n<p>\u201c<strong>\u015eimdi ba\u015fa gelen o zamankinden \u00e7ok daha k\u00f6t\u00fc<\/strong>\u201d demez miydi!<\/p>\n<p>1919\u2019da Churchill\u00a0 \u201c<strong>Anadolu\u2019yu T\u00fcrklere b\u0131rakmayaca\u011f\u0131z<\/strong>!\u201d demi\u015fti. Su uyur d\u00fc\u015fman uyumaz diyenler hakl\u0131. 100 y\u0131l sonra yeti\u015ftirdikleri hainler bizim jetlerimizle T\u00fcrkl\u00fc\u011f\u00fcn kalbi Ankara\u2019m\u0131z\u0131 bombalad\u0131. \u00c7ok ac\u0131 bir ger\u00e7ek. 100 y\u0131l \u00f6nce ve 100 y\u0131l sonra d\u00fc\u015fman hep ayn\u0131, hedef hep yok edilmemiz ve Anadolu\u2019muzun, Trakya\u2019m\u0131z\u0131n, A\u011f\u0131r\u0131 Da\u011f\u0131m\u0131z\u0131n i\u015fgal edilmesi. Bu d\u00fc\u015fmanlar\u0131n her lokmam\u0131zda g\u00f6zleri var\u2026<\/p>\n<p>Oyunlar\u0131n\u0131, \u201c<strong>ismi var cismi yok<\/strong>\u201d dedi\u011fimiz Gladio ve C\u0130A ile birlikte \u00f6ren ruhsuz FET\u00d6 &#8211; cu, paralelci hainler T\u00fcrk Halk\u0131na ve T\u00fcrk Devletine \u00f6l\u00fcmc\u00fcl ate\u015f a\u00e7t\u0131. Silah eden T\u00fcrk askeri de\u011fil, asker k\u0131l\u0131\u011f\u0131nda FET\u00d6 hainleriydi. Katiller, birmilyonluk silahl\u0131 kuvvetimizin ancak binde biriydi. E\u015fleri \u00f6m\u00fcr boyu hainlik kar\u015f\u0131l\u0131\u011f\u0131 al\u0131nan US Dolar sayan 1684 ordusu TSK\u2019den at\u0131ld\u0131. \u00c7\u0131ld\u0131r\u0131nca ba\u015fkald\u0131ran 30 jet ve 3 gemiydi. Yap\u0131lmak istenen bir askeri darbe de\u011fildi.<\/p><div id=\"bghab-3159515924\" class=\"bghab-icerik-icine-15-paragraf bghab-entity-placement\"><script async src=\"\/\/pagead2.googlesyndication.com\/pagead\/js\/adsbygoogle.js?client=ca-pub-6203283170189293\" crossorigin=\"anonymous\"><\/script><ins class=\"adsbygoogle\" style=\"display:block; text-align:center;\" data-ad-client=\"ca-pub-6203283170189293\" \ndata-ad-slot=\"7303146466\" \ndata-ad-layout=\"in-article\"\ndata-ad-format=\"fluid\" data-full-width-responsive=\"true\"><\/ins>\n<script> \n(adsbygoogle = window.adsbygoogle || []).push({}); \n<\/script>\n<\/div>\n<p>T\u00fcrkiye Cumhuriyeti\u2018ni biz idare edece\u011fiz, bizim dedi\u011fimiz olacak h\u0131rs\u0131na kap\u0131lm\u0131\u015flard\u0131. Anavatan\u0131m\u0131z\u0131 i\u015fgal edilmek istediler. Hepimizi k\u00fcresel sermayenin ve b\u00f6lge ta\u015feronu olan FET\u00d6\/PDY\/PKK \u00e7etesinin k\u00f6lesi etmeyi denediler.<\/p>\n<p><strong>Ba\u015fkomutana uyan halk\u0131m\u0131z k\u00fcresel sermayeye k\u00f6lelik planlar\u0131n\u0131 \u00e7\u00f6kertti. <\/strong><\/p>\n<p>Art\u0131k korkacak bir \u015fey yok! Anavatan\u0131m\u0131z\u0131 i\u015fgal edemediler. Direndik. Dik durduk. Kazand\u0131k. 15 Temmuz gecesi devasa kahramanl\u0131klar gecesiydi. \u015eehitlerimizin \u00c7anakkale \u015fehitlerinden hi\u00e7bir fark\u0131 yoktur! Y\u00fcz y\u0131l \u00f6nce ve \u015fimdi par\u00e7alan\u0131p yok edilmek, birbirimize d\u00fc\u015f\u00fcr\u00fclerek, ezilip k\u00f6lele\u015ftirilmek istendik. Bu defa da yapamad\u0131lar, yenildiler, pes ettiler, hesap verecekler.<\/p>\n<p><strong>S\u00f6zde dostlar\u0131m\u0131z, \u201cinsan haklar\u0131\u201d , aman \u201cidam etmeyin\u201d feryad\u0131na d\u00fc\u015ft\u00fcler. <\/strong><\/p>\n<p>Bu ter\u00f6rist \u00f6rg\u00fct ve \u00fcyelerine gereken cevab\u0131; yine kahraman ordumuzun \u015ferefli ve onurlu mensuplar\u0131 kahraman emniyet mensuplar\u0131m\u0131z ile omuz omuza kucak kuca\u011fa olmak \u00fczere canlar\u0131 pahas\u0131na bu kahramanlar\u0131n sahibi B\u00fcy\u00fck T\u00fcrk Milletiyle beraber 265 \u015fehit ve 2 500 e yak\u0131n gazilerimizin bulundu\u011fu b\u00fcy\u00fck halk direni\u015fiyle verilmi\u015ftir.<\/p><div id=\"bghab-1047827540\" class=\"bghab-icerik-icine-20-paragraf bghab-entity-placement\"><script async src=\"\/\/pagead2.googlesyndication.com\/pagead\/js\/adsbygoogle.js?client=ca-pub-6203283170189293\" crossorigin=\"anonymous\"><\/script><ins class=\"adsbygoogle\" style=\"display:block; text-align:center;\" data-ad-client=\"ca-pub-6203283170189293\" \ndata-ad-slot=\"7303146466\" \ndata-ad-layout=\"in-article\"\ndata-ad-format=\"fluid\" data-full-width-responsive=\"true\"><\/ins>\n<script> \n(adsbygoogle = window.adsbygoogle || []).push({}); \n<\/script>\n<\/div>\n<p>\u0130stikbal, istiklal ve vatan s\u00f6z konusu oldu\u011funda en aziz varl\u0131klar\u0131, canlar\u0131 d\u00e2hil, her t\u00fcrl\u00fc k\u0131ymetlerini inan\u00e7lar\u0131 u\u011furuna seve seve kar\u015f\u0131l\u0131ks\u0131z olarak veren b\u00fcy\u00fck T\u00fcrk milleti t\u00fcm d\u00fcnyaya, dostlar\u0131na g\u00fcven ve g\u0131pta d\u00fc\u015fmanlar\u0131na ise panik ve korku verecek bir kahramanl\u0131k g\u00f6stermi\u015ftir.<\/p>\n<p>Bu d\u00fcnyada en b\u00fcy\u00fck adalet cana k\u0131yan\u0131n, masumlar\u0131 pusudan katledenlerin idam\u0131d\u0131r. Tek tarafl\u0131 adalet olmaz. Adil olan bilin\u00e7li \u00f6ld\u00fcrenin \u00f6l\u00fcm\u00fc kabul etmesi ve seyir edenlerin ders almas\u0131d\u0131r.<\/p>\n<p><strong>\u0130tiraf etmek zorunday\u0131z. Ger\u00e7ek \u00e7ok ac\u0131\u2026 <\/strong><\/p>\n<p>T\u00fcrkiye\u2019miz kendi omurgas\u0131 olan silahl\u0131 kuvvetlerin i\u00e7ine s\u0131zan ter\u00f6rist vir\u00fcs taraf\u0131ndan \u00f6l\u00fcmc\u00fcl bir sald\u0131r\u0131ya maruz kald\u0131. Halk\u0131n % 52\u2019nin oyuyla se\u00e7ilen Cumhurba\u015fkan\u0131 Say\u0131n R.Tayyip Erdo\u011fan katledilmek istendi. Sald\u0131r\u0131y\u0131 ger\u00e7ekle\u015ftiren ter\u00f6r \u00e7etesi imam, general, albay, pilot, savc\u0131, yarg\u0131\u00e7 k\u0131l\u0131kl\u0131yd\u0131. 10 y\u0131ldan beri s\u00fcrekli maske de\u011fi\u015firdiler. Ak\u0131l hocalar\u0131n\u0131n emirlerine uydular, \u00f6l\u00fcm sa\u00e7t\u0131lar ama yenildiler. B\u00fcy\u00fck depremde y\u0131k\u0131lmayan T\u00fcrk Milleti sars\u0131nt\u0131larla da bir \u015fey olmaz. Zaman vir\u00fcs\u00fcn toplum h\u00fccrelerinin her birinden s\u00f6k\u00fcp imha etme zaman\u0131d\u0131r. T\u00fcr devleti geri ad\u0131m atmam\u0131\u015f ve atmayacakt\u0131r, bunlar\u0131 i\u011finlerinden tek tek \u00e7\u0131karacak ve ger\u00e7ek adaleti t\u00fcm d\u00fcnyaya g\u00f6stereceklerdir.<\/p>\n<p><b>T\u00fcrkiye&#8217;yi<\/b><strong>\u00a0neden istemiyorlar! Hi\u00e7 d\u00fc\u015f\u00fcnd\u00fcn\u00fcz m\u00fc? Bizden korkuyorlar! <\/strong><\/p><div id=\"bghab-4010262248\" class=\"bghab-icerik-icine-25-paragraf bghab-entity-placement\"><script async src=\"\/\/pagead2.googlesyndication.com\/pagead\/js\/adsbygoogle.js?client=ca-pub-6203283170189293\" crossorigin=\"anonymous\"><\/script><ins class=\"adsbygoogle\" style=\"display:block; text-align:center;\" data-ad-client=\"ca-pub-6203283170189293\" \ndata-ad-slot=\"7303146466\" \ndata-ad-layout=\"in-article\"\ndata-ad-format=\"fluid\" data-full-width-responsive=\"true\"><\/ins>\n<script> \n(adsbygoogle = window.adsbygoogle || []).push({}); \n<\/script>\n<\/div>\n<p>\u015eu Yak\u0131n Do\u011fu ve Balkan \u00fclkelerinde, Orta Asya T\u00fcrk Cumhuriyetlerinde, 56 devletli \u0130slam d\u00fcnyas\u0131nda, Arap Bahar\u0131 y\u0131k\u0131m\u0131ndan ge\u00e7en Akdeniz k\u0131y\u0131 kom\u015fular\u0131m\u0131zda bir T\u00fcrkiye ile gururlanma ya\u015fan\u0131yor. Bu r\u00fczgar 2002\u2019den beri estik\u00e7e ferahlad\u0131.<\/p>\n<p><strong>Avrupa bunal\u0131mlar\u0131ndan s\u0131yr\u0131lamazken T\u00fcrkiye\u2019nin dirili\u015fi hepsini i\u00e7ini burdu. <\/strong><\/p>\n<p>Ba\u011fdat, \u015eam, Beyrut, Tripoli yerle bir edildi ama d\u00fcnya \u00e7ap\u0131nda hesaplar yapanlar\u0131n planlar\u0131 hep bo\u015fa \u00e7\u0131kt\u0131. \u00d6ld\u00fcrmek istedikleri \u0130slam uygarl\u0131\u011f\u0131 \u00f6ld\u00fcr\u00fclemedi. \u0130slams\u0131z bir d\u00fcnya kurma hayalleri kursaklar\u0131nda kald\u0131.<\/p>\n<p><strong>Arada B\u00fcy\u00fck T\u00fcrkiye oldu\u011fu i\u00e7in yar\u0131m as\u0131r haz\u0131rlad\u0131klar\u0131 Medeniyetler \u00c7at\u0131\u015fmas\u0131 da soldu.<\/strong> D\u00fcnya bah\u00e7esini istedikleri gibi ama sadece kendi \u00e7i\u00e7eklerinin oldu\u011fu bir bah\u00e7e tasar\u0131mlamak istediler.<\/p>\n<p><strong>D\u00fcnyan\u0131n en b\u00fcy\u00fck hava liman\u0131 T\u00fcrkiye\u2019de kuruluyor, h\u0131zl\u0131 trenler Anadolu\u2019yu ba\u015ftanba\u015fa dola\u015f\u0131yor, Bo\u011faz\u2019\u0131 alttan \u00fcstten ge\u00e7iliyor haberlerini onlar\u0131 kudurttu. <\/strong><\/p><div id=\"bghab-1740429590\" class=\"bghab-icerik-icine-30-paragraf bghab-entity-placement\"><script async src=\"\/\/pagead2.googlesyndication.com\/pagead\/js\/adsbygoogle.js?client=ca-pub-6203283170189293\" crossorigin=\"anonymous\"><\/script><ins class=\"adsbygoogle\" style=\"display:block; text-align:center;\" data-ad-client=\"ca-pub-6203283170189293\" \ndata-ad-slot=\"7303146466\" \ndata-ad-layout=\"in-article\"\ndata-ad-format=\"fluid\" data-full-width-responsive=\"true\"><\/ins>\n<script> \n(adsbygoogle = window.adsbygoogle || []).push({}); \n<\/script>\n<\/div>\n<p>Ve bu \u00f6yle bir kudurma ki, olabilir ya emperyalizm \u00e7a\u011f\u0131na mezar kazma devrini ba\u015flatt\u0131. Y\u00fcz y\u0131l \u00f6nce mazlum halklar\u0131n milli kurtulu\u015f m\u00fccadelesi \u00e7a\u011f\u0131 da Anadolu\u2019da ba\u015flam\u0131\u015ft\u0131.<\/p>\n<p><strong>O zaman \u00f6nder B\u00fcy\u00fck Atat\u00fcrk\u2019t\u00fc. \u015eimdi T\u00fcrkiye Ba\u015fkan\u0131 Erdo\u011fan! D\u00fcnya halklar\u0131na \u00f6rnek olmak ne g\u00fczel\u2026 <\/strong><\/p>\n<p><strong>K\u00fcresel sermaye T\u00fcrkiye\u2019yi elden ka\u00e7\u0131rmak istemiyor<\/strong>.<\/p>\n<p>\u0130\u00e7imize yuvalanan vir\u00fcs anavatan\u0131m\u0131z\u0131n Yak\u0131n Do\u011fu ve Balkanlar\u0131n en b\u00fcy\u00fck ve en g\u00fc\u00e7l\u00fc devleti olmas\u0131n\u0131 istemiyor. \u00a0T\u00fcrkiye\u2019nin medeni birikimi \u00e7ok zengin ve birbirine kenetlenmi\u015f bir halk\u0131 var. Bu ger\u00e7ek onlar\u0131 rahats\u0131z ediyor.15 Temmuz gecesi halk\u0131m\u0131z\u0131n Cumhuriyet ilkelerinden, demokrasiden ve \u00f6zg\u00fcrl\u00fcklerimizden bir k\u0131ym\u0131k \u00f6d\u00fcn vermek istemedi\u011fini bir daha kan\u0131tlad\u0131. Karanl\u0131k gecede T\u00fcrkiye ba\u015ftanba\u015fa \u00c7anakkale oldu. <strong>Biz Bulgaristanl\u0131 M\u00fcsl\u00fcman T\u00fcrkler de Kamil Dedelerimizin ruhuyla y\u00fcr\u00fcd\u00fck meydanlara ve bizim de B\u00fcy\u00fck Milletin ruhundan ve bedeninden bir par\u00e7a oldu\u011fumuzu herkese g\u00f6rd\u00fc. <\/strong><\/p>\n<p><strong>\u015e\u00f6yle bir ger\u00e7ek daha var. Vatan savunma sava\u015f\u0131nda parti ve ideolojik ayr\u0131l\u0131k olmaz. <\/strong><\/p><div id=\"bghab-1712773076\" class=\"bghab-icerik-icine-35-paragraf bghab-entity-placement\"><script async src=\"\/\/pagead2.googlesyndication.com\/pagead\/js\/adsbygoogle.js?client=ca-pub-6203283170189293\" crossorigin=\"anonymous\"><\/script><ins class=\"adsbygoogle\" style=\"display:block; text-align:center;\" data-ad-client=\"ca-pub-6203283170189293\" \ndata-ad-slot=\"7303146466\" \ndata-ad-layout=\"in-article\"\ndata-ad-format=\"fluid\" data-full-width-responsive=\"true\"><\/ins>\n<script> \n(adsbygoogle = window.adsbygoogle || []).push({}); \n<\/script>\n<\/div>\n<p>\u0130ki haftadan beri meydanlar hepimizin. Hepimiz vatanseveriz! Hepimiz Erdo\u011fanc\u0131y\u0131z! Hepimiz T\u00fcrk milliyet\u00e7isiyiz. Hepimiz Atat\u00fcrk\u00e7\u00fcy\u00fcz. Hepimiz anti &#8211; FET\u00d6. Hepimiz anti-emperyalistiz. Hep birlikte \u201cNe mutlu T\u00fcrk\u00fcm diyene!\u201d diyoruz.<\/p>\n<p>Bu halk\u0131n vatan\u0131 i\u00e7in her an ve her yerde \u015fehit olmaya haz\u0131r oldu\u011funu g\u00f6rmeyen kalmad\u0131. Art\u0131k bilin\u00e7lendikse bilin\u00e7lendik. Biz Bulgaristan\u2019dan ka\u00e7arken, bizi ata vatan\u0131m\u0131zdan kovanlar, \u201c<strong>\u015f\u00fck\u00fcr kurtulduk<\/strong>\u201d demi\u015flerdi. Ne var ki, o g\u00fcn bu g\u00fcn, hi\u00e7bir an rahata kavu\u015famad\u0131lar. \u00d6ld\u00fcrmek isteyenin \u00f6nce kendisini \u00f6ld\u00fcrd\u00fc\u011f\u00fcn\u00fc ge\u00e7 fark ettiler.<\/p>\n<p><strong>Art\u0131k her an \u00f6lmekte ve yok olmakta olduklar\u0131n\u0131n fark\u0131ndalar. <\/strong><\/p>\n<p>Ard\u0131m\u0131zdan y\u00fcz\u00fcst\u00fc d\u00fc\u015ft\u00fcler ve bir daha dikilip dirilemediler. Ne NATO ne de Avrupa Birli\u011fi i\u00e7inde hayal ettiklerini bulamad\u0131lar. Hi\u00e7 birinin ruhu sakinle\u015fmedi. Birbirlerinin evlerini yakmaya, \u00e7ocuklar\u0131n\u0131 ka\u00e7\u0131rmaya, \u00e7ingenelerle mahalle kavgalar\u0131na devam ediyorlar.<\/p>\n<p><strong>T\u00fcrkiye v\u00fccuduna giren vir\u00fcs\u00fc s\u00f6k\u00fcyor<\/strong>.<\/p><div id=\"bghab-1404535748\" class=\"bghab-icerik-icine-40-paragraf bghab-entity-placement\"><script async src=\"\/\/pagead2.googlesyndication.com\/pagead\/js\/adsbygoogle.js?client=ca-pub-6203283170189293\" crossorigin=\"anonymous\"><\/script><ins class=\"adsbygoogle\" style=\"display:block; text-align:center;\" data-ad-client=\"ca-pub-6203283170189293\" \ndata-ad-slot=\"7303146466\" \ndata-ad-layout=\"in-article\"\ndata-ad-format=\"fluid\" data-full-width-responsive=\"true\"><\/ins>\n<script> \n(adsbygoogle = window.adsbygoogle || []).push({}); \n<\/script>\n<\/div>\n<p>Bu durumdan da \u00e7ok daha g\u00fc\u00e7l\u00fc \u00e7\u0131kmal\u0131y\u0131z.\u00a0 Ya\u015fanan trajik olay b\u00fcy\u00fck bir \u00e7eli\u015fkinin \u00fcr\u00fcn\u00fcd\u00fcr. Kar\u015f\u0131lar\u0131nda aya\u011fa kalkm\u0131\u015f, dirilen bir T\u00fcrkiye g\u00f6rd\u00fck\u00e7e hazmedemediler. \u201c<strong>Meydanlar\u0131 asla bo\u015f b\u0131rakmayaca\u011f\u0131z.<\/strong>\u201d Bu vir\u00fcs bir bit olsa bin sirke b\u0131rak\u0131r. Kehle olsa kans\u0131z ya\u015far. Kene olsa kan\u0131m\u0131z\u0131 emer. \u00d6dev: vir\u00fcs\u00fc yok edinceye kadar durmadan sava\u015fmakt\u0131r. Sava\u015f\u0131rken sava\u015fmaya al\u0131\u015fmamak. Amans\u0131z ve ac\u0131mas\u0131z olmakt\u0131r. Merhametsiz olmaya al\u0131\u015fmal\u0131y\u0131z. Yok, edebildi\u011fimize asla ac\u0131mamal\u0131y\u0131z. Onlar bize ac\u0131mad\u0131lar. Hepimizi yok etmek ve anavatan\u0131m\u0131z\u0131 i\u015fgal edip, bizi vatans\u0131z b\u0131rakmak istediler. <strong>T\u00fcrkl\u00fc\u011f\u00fcn \u015fanl\u0131 tarihi benzer ibret dersleriyle doludur. <\/strong>Hi\u00e7biri unutulmamal\u0131d\u0131r. Hele yak\u0131n tarihimiz\u2026<\/p>\n<p><strong>Bizi y\u00fcreklendiren ba\u015fkomutan emridir<\/strong>.<\/p>\n<p>Biz, BULT\u00dcRK olarak bu gecede Bayrampa\u015fa\u2019da her gece oldu\u011fu gibi n\u00f6betteyiz. D\u00fc\u015fman bu sald\u0131r\u0131da hi\u00e7bir meydan\u0131, soka\u011f\u0131, kav\u015fa\u011f\u0131, mahalleyi, kasaba ve b\u00fcy\u00fck \u015fehri ele ge\u00e7iremedi. T\u00fcrk halk\u0131n\u0131n ruhunu k\u0131ramad\u0131, arzulad\u0131\u011f\u0131 karga\u015fay\u0131 yaratamad\u0131. \u015eimdi daha b\u00fcy\u00fck vazifemiz var Bu meydanlarda aralar\u0131m\u0131z\u0131 s\u0131kla\u015ft\u0131rmal\u0131y\u0131z T\u00fcrk-K\u00fcrt, Alevi-Sunni ay\u0131rmalar\u0131na izin vermemeliyiz. B\u00fcy\u00fck T\u00fcrk halk\u0131 meydan n\u00f6betlerinde \u00fclkenin egemeni oldu\u011funu b\u00fct\u00fcn d\u00fcnyaya g\u00f6sterdi. Her t\u00fcrl\u00fc darbe ve i\u015fgal kalk\u0131\u015fmalar\u0131n\u0131 bast\u0131r\u0131p ezebilece\u011fimizi kan\u0131tlad\u0131k. Ayn\u0131 ate\u015fte, ayn\u0131 gururla yan\u0131p yan\u0131p y\u00fcceliyoruz.<\/p>\n<p>Bug\u00fcn ne Avrupa\u2019da ne de Asya\u2019da Ba\u015fkomutan \u00e7a\u011fr\u0131s\u0131na uyarak meydanlar\u0131 dolduracak 80 milyonluk ba\u015fka bir halk yoktur. 2 hafta meydanlarda gece n\u00f6beti tutan bir halk\u0131z. Hi\u00e7bir halk bir anda 100 milyon bayrakla soka\u011fa \u00e7\u0131kmam\u0131\u015ft\u0131r. D\u00fcnyada biz gibi birbirine kenetlenmi\u015f ba\u015fka bir halk yoktur. D\u00fc\u015fman FET\u00d6\/PDY veya PKK \u00e7eteleri her t\u00fcrl\u00fc k\u0131l\u0131\u011fa girebilirler, fakat <strong>T\u00fcrkiye halk\u0131n\u0131 hi\u00e7bir zaman yenemezler, asla yenemeyeceklerdir<\/strong>.<\/p>\n<p>15 Temmuz gecesi, \u201c<strong>\u00fcst ak\u0131l\u0131n<\/strong>\u201d son 50 y\u0131lda haz\u0131rlayabildi\u011fi en tehlikeli en zalim katliam\u0131 ya\u015fad\u0131k. Ter\u00f6r \u00f6rg\u00fct\u00fc FET\u00d6- ihanet \u00e7etesi bir uygulay\u0131c\u0131 olarak yenildi. TV\u2019leri, gazete ve dergileri kapat\u0131ld\u0131, borsa \u015fifleri al\u0131nd\u0131, subaylar\u0131 TSK\u2019den at\u0131ld\u0131, yarg\u0131\u00e7 ve savc\u0131lar\u0131 tutukland\u0131, okullar\u0131 kapat\u0131ld\u0131. Bizim soludu\u011fumuz havay\u0131 soluma, bakt\u0131\u011f\u0131m\u0131z y\u00f6ne bakma, bizimle selamla\u015f\u0131p bayramla\u015fma hakk\u0131n\u0131 yitirdiler.<\/p><div id=\"bghab-4274405997\" class=\"bghab-icerik-icine-45-paragraf bghab-entity-placement\"><script async src=\"\/\/pagead2.googlesyndication.com\/pagead\/js\/adsbygoogle.js?client=ca-pub-6203283170189293\" crossorigin=\"anonymous\"><\/script><ins class=\"adsbygoogle\" style=\"display:block; text-align:center;\" data-ad-client=\"ca-pub-6203283170189293\" \ndata-ad-slot=\"7303146466\" \ndata-ad-layout=\"in-article\"\ndata-ad-format=\"fluid\" data-full-width-responsive=\"true\"><\/ins>\n<script> \n(adsbygoogle = window.adsbygoogle || []).push({}); \n<\/script>\n<\/div>\n<p>Ruh ve bedenlerinin daha \u00e7ocuk ya\u015fta \u00e7arp\u0131t\u0131l\u0131p k\u00f6reltilmi\u015f oldu\u011funu g\u00f6rebildik. Onlar bu toplumda g\u00f6rev alamaz, asla h\u00fck\u00fcm edemez. \u00a0Anavatan\u0131m\u0131z\u0131 fiziki i\u015fgale kalk\u0131\u015ft\u0131lar. T\u00fcrkiye\u2019nin \u00fcretmesinden, b\u00fcy\u00fcmesinden, bilimde ilerlemesinden, Yak\u0131n Do\u011fu ve Balkanlar\u0131n son s\u00f6ze sahip devlet olmas\u0131ndan korktular. B\u00fcy\u00fckl\u00fc\u011f\u00fcm\u00fcz\u00fc paraya de\u011fi\u015ftiler. Zehirlenmeyi ve zehirlemeyi kabul ettiler. \u00a0Ta\u015f kafalar\u0131nca T\u00fcrkiye\u2019yi emperyalizme ezdirip \u00a0\u201c<strong>yola sokmak<\/strong>\u201d istediler. <strong>Anavatan\u0131m\u0131z\u0131 i\u015fgal edip bizi k\u00f6le etmek istediler.<\/strong><\/p>\n<p><strong>Emperyalizmin i\u00e7imize a\u015f\u0131lad\u0131\u011f\u0131 \u00f6l\u00fcmc\u00fcl vir\u00fcsle ar\u0131k y\u00fczle\u015ftik<\/strong>.<\/p>\n<p>Ejderhay\u0131 g\u00f6rd\u00fck.Kan kaybettik \u015eehitlerimiz, 2 binden fazla yaral\u0131m\u0131z var. Bombalanan b\u00f6lgelerde b\u00fcy\u00fck maddi kay\u0131plar\u0131m\u0131z oldu. Fakat asla korkmad\u0131k. Korkutulamad\u0131k. Bilenlerin bilmeyenlere anlatmas\u0131 gereken baz\u0131 \u00f6zellikler var: TSK i\u00e7inde ele ge\u00e7irilmi\u015f, dev\u015firilmi\u015f, ruhlar\u0131n\u0131 satm\u0131\u015f olanlar \u00fclkemizin imk\u00e2nlar\u0131n\u0131 kullanarak devletimize sald\u0131rd\u0131, T\u00fcrkiye liderini, devlet ba\u015fkan\u0131m\u0131z Say\u0131n R.T. Erdo\u011fan\u2019\u0131 katletmek, \u00f6ld\u00fcrmek istediler.<\/p>\n<p><strong>Bize sald\u0131ranlar ak\u0131llar\u0131n\u0131 kaybetmi\u015f ruh hastalar\u0131yd\u0131. <\/strong><\/p>\n<p><strong>15 Temmuz gecesi iyice \u00e7\u0131lg\u0131nla\u015ft\u0131lar. Esir d\u00fc\u015f\u00fcp k\u00f6lele\u015ftirilseydik, hepimiz vatans\u0131z ve anavatans\u0131z kalacakt\u0131k! Yak\u0131n ve uzak d\u00fc\u015fmanlar\u0131m\u0131z bayram edecekti. <\/strong><\/p><div id=\"bghab-2085621136\" class=\"bghab-icerik-icine-50-paragraf bghab-entity-placement\"><script async src=\"\/\/pagead2.googlesyndication.com\/pagead\/js\/adsbygoogle.js?client=ca-pub-6203283170189293\" crossorigin=\"anonymous\"><\/script><ins class=\"adsbygoogle\" style=\"display:block; text-align:center;\" data-ad-client=\"ca-pub-6203283170189293\" \ndata-ad-slot=\"7303146466\" \ndata-ad-layout=\"in-article\"\ndata-ad-format=\"fluid\" data-full-width-responsive=\"true\"><\/ins>\n<script> \n(adsbygoogle = window.adsbygoogle || []).push({}); \n<\/script>\n<\/div>\n<p>Bulgaristan\u2019daki karde\u015flerimiz de iyi g\u00fcn g\u00f6remezdi. T\u00fcrkiye devletinin yenik d\u00fc\u015fmesi ne kadar k\u00f6t\u00fc bir \u015fey bir d\u00fc\u015f\u00fcnsene\u2026 Olay bu kadar ciddidir.<\/p>\n<p><strong>Bizi ata-vatan\u0131m\u0131zdan atan<\/strong>, Bulgarlarla birlikte totalitarizmin-emperyalizmin\u00a0 \u201c<strong>\u00fcst ak\u0131l\u0131d\u0131r<\/strong>\u201d. Biz T\u00fcrkler,\u00a0 1699 Karlov\u00e7a anla\u015fmas\u0131ndan beri, 1878 Plevne Sava\u015f\u0131ndan beri, \u00a0\u00f6z topraklar\u0131m\u0131zdan kovuluyoruz. Kendi ellerimizle yaratt\u0131\u011f\u0131m\u0131z \u00a02 bin camili vatan\u0131m\u0131z fiziki olarak i\u015fgal edildi. B\u00fcy\u00fck bir kovulma ve tutunma d\u00f6nemi ya\u015fad\u0131k. \u00c7ok k\u0131r\u0131ld\u0131k. \u00c7ok ezildik. \u00c7ok \u00e7ektik. Dilimizi, dinimizi yasaklad\u0131lar, askere gittik d\u00f6v\u00fcld\u00fck. Hapse d\u00fc\u015ft\u00fck d\u00f6v\u00fcld\u00fck\u2026<\/p>\n<p>Tarihsel var olabilme ve hayata ya\u015fama hakk\u0131 kazand\u0131rma sava\u015f\u0131m\u0131nda T\u00fcrkiye Cumhuriyeti devlet kimli\u011fi, \u00a0meclisimiz bombalanarak devlet olarak yok edilmek istenmemiz, ancak 20 Temmuz 1402 tarihinde ya\u015fanan hepimize Ankara Sava\u015f\u0131n\u0131 trajedisini hat\u0131rlat\u0131r.<\/p>\n<p>Olas\u0131 sonu\u00e7lar\u0131 a\u00e7\u0131s\u0131ndan olay o kadar vahimdir. Devlet olarak likide edilmemiz istendi.<\/p>\n<p>\u00c7ok ac\u0131 bir ger\u00e7ek.<\/p><div id=\"bghab-1575663133\" class=\"bghab-icerik-icine-55-paragraf bghab-entity-placement\"><script async src=\"\/\/pagead2.googlesyndication.com\/pagead\/js\/adsbygoogle.js?client=ca-pub-6203283170189293\" crossorigin=\"anonymous\"><\/script><ins class=\"adsbygoogle\" style=\"display:block; text-align:center;\" data-ad-client=\"ca-pub-6203283170189293\" \ndata-ad-slot=\"7303146466\" \ndata-ad-layout=\"in-article\"\ndata-ad-format=\"fluid\" data-full-width-responsive=\"true\"><\/ins>\n<script> \n(adsbygoogle = window.adsbygoogle || []).push({}); \n<\/script>\n<\/div>\n<p><strong>Buradan Devlet Ba\u015fkan\u0131m\u0131za seslenmek isterim bu olay t\u00fcm ders kitaplar\u0131n\u0131n birinci sayfas\u0131nda i\u015flenmelidir. <\/strong><\/p>\n<p>Bakanlar Kurulu karar\u0131yla \u0130stanbul\u2019un en y\u00fcksek tepesine kurulacak \u015eehitler An\u0131t\u0131 20 milyonluk ana-kentimizin hatta d\u00fcnyan\u0131n en b\u00fcy\u00fck an\u0131t\u0131 olmal\u0131!<\/p>\n<p>\u0130ngiltere\u2019den Pasifik Okyanusu \u00f6tesinden kafas\u0131n\u0131 kald\u0131ran bile\u011fi b\u00fck\u00fclmez halk\u0131m\u0131n elinde dalgalanan ay y\u0131ld\u0131zl\u0131 bayra\u011f\u0131m\u0131z\u0131 g\u00f6rmelidir. Y\u00fck olmaktan s\u0131yr\u0131lmak aya sahte bayrak dikmek de\u011fildir.<\/p>\n<p>Cumhurba\u015fkan\u0131m\u0131z Say\u0131n R.T. Erdo\u011fan\u2019\u0131n \u00f6ld\u00fcr\u00fclmek istendi. Ac\u0131mas\u0131z niyetlerinde ilk ad\u0131m gibiydi. O kadar al\u00e7ak, o kadar amans\u0131z, o kadar vah\u015fi ve o kadar gaddard\u0131lar.<\/p>\n<p>Abd\u00fclhamit han hazretlerinin dedi\u011fi gibi; <strong>\u201cB\u0130Z DEVET SAH\u0130PLER\u0130Y\u0130Z: <u>HAK \u0130STEYEN OLURSA HAKKINI VERMEM\u0130Z LAZIM<\/u>. AMMA <u>BA\u015eKALDIRAN OLURSA BA\u015eLARINI ALMAMIZ LAZIM<\/u>\u201d <\/strong>bu uygulama bir an \u00f6nce ba\u015flanmal\u0131d\u0131r.<\/p><div id=\"bghab-1128109354\" class=\"bghab-icerik-icine-60-paragraf bghab-entity-placement\"><script async src=\"\/\/pagead2.googlesyndication.com\/pagead\/js\/adsbygoogle.js?client=ca-pub-6203283170189293\" crossorigin=\"anonymous\"><\/script><ins class=\"adsbygoogle\" style=\"display:block; text-align:center;\" data-ad-client=\"ca-pub-6203283170189293\" \ndata-ad-slot=\"7303146466\" \ndata-ad-layout=\"in-article\"\ndata-ad-format=\"fluid\" data-full-width-responsive=\"true\"><\/ins>\n<script> \n(adsbygoogle = window.adsbygoogle || []).push({}); \n<\/script>\n<\/div>\n<p>Bunlar \u0130slams\u0131z ve M\u00fcsl\u00fcmans\u0131z bir d\u00fcnya hayal etmi\u015flerdi.<\/p>\n<p><strong>Hedefinde B\u00fcy\u00fck T\u00fcrkiye oldu\u011funu g\u00f6rmeyen kalmad\u0131. <\/strong><\/p>\n<p>\u00c7anakkale ac\u0131s\u0131n\u0131 unutamad\u0131klar\u0131 her hallerinde belliydi. T\u00fcrk\u00fcn yenilmez oldu\u011funu unutmam\u0131\u015flard\u0131. Bu defa FET\u00d6 ter\u00f6r \u00e7etesiyle denediler. \u00d6l\u00fcmle y\u00fczle\u015ftik Birlik olmak, kenetlenmek ve el ele tutunmu\u015f ilerlemek zorunday\u0131z.<\/p>\n<p><strong>Meydanlar ve bayraklar ebediyen bizimdir! <\/strong><\/p>\n<p><strong>D\u00fcnya g\u00fczeli bu vatan, bu memleket bizimdir. <\/strong><\/p><div id=\"bghab-681429556\" class=\"bghab-icerik-icine-65-paragraf bghab-entity-placement\"><script async src=\"\/\/pagead2.googlesyndication.com\/pagead\/js\/adsbygoogle.js?client=ca-pub-6203283170189293\" crossorigin=\"anonymous\"><\/script><ins class=\"adsbygoogle\" style=\"display:block; text-align:center;\" data-ad-client=\"ca-pub-6203283170189293\" \ndata-ad-slot=\"7303146466\" \ndata-ad-layout=\"in-article\"\ndata-ad-format=\"fluid\" data-full-width-responsive=\"true\"><\/ins>\n<script> \n(adsbygoogle = window.adsbygoogle || []).push({}); \n<\/script>\n<\/div>\n<p><strong>Ba\u015fka T\u00fcrkiye yok ba\u015fka anavatan yok.<\/strong><\/p>\n<p><strong>T\u00fcm d\u00fcnyada ya\u015fayan T\u00fcrkler ve t\u00fcm mazlum halklar\u0131n vatan\u0131 T\u00fcrkiye\u2019dir. <\/strong><\/p>\n<p><strong>B\u00dcY\u00dcK T\u00dcRK\u0130YE BUNLARIN HEPS\u0130N\u0130 KU\u00c7AKLAYACAKTIR.<\/strong><\/p>\n<p><img data-recalc-dims=\"1\" loading=\"lazy\" decoding=\"async\" class=\"\" src=\"https:\/\/i0.wp.com\/www.bghaber.org\/bghaber\/wp-content\/uploads\/2016\/07\/eb36d27a-39c9-4931-a794-9d6d9506f8d1-768x432.jpg?resize=640%2C360\" alt=\"eb36d27a-39c9-4931-a794-9d6d9506f8d1\" width=\"640\" height=\"360\" \/><\/p>\n<p>&nbsp;<\/p>\n<div id=\"bghab-2177055571\" class=\"bghab-yazi-altinda bghab-entity-placement\"><div class=\"bghab-adlabel\">Reklamlar<\/div><script async src=\"https:\/\/pagead2.googlesyndication.com\/pagead\/js\/adsbygoogle.js\"><\/script>\r\n<!-- bghaber-yaz\u0131-sonu -->\r\n<ins class=\"adsbygoogle\"\r\n     style=\"display:block\"\r\n     data-ad-client=\"ca-pub-6203283170189293\"\r\n     data-ad-slot=\"4222328180\"\r\n     data-ad-format=\"auto\"\r\n     data-full-width-responsive=\"true\"><\/ins>\r\n<script>\r\n     (adsbygoogle = window.adsbygoogle || []).push({});\r\n<\/script><\/div><br style=\"clear: both; display: block; float: none;\"\/>","protected":false},"excerpt":{"rendered":"<p>Rafet ULUT\u00dcRK Konu:\u00a0T\u00fcrkiye&#8217;nin\u00a0tavr\u0131 b\u00fcy\u00fck devlete yak\u0131\u015f\u0131r bir tav\u0131rd\u0131. Size, 200\u2013300 y\u0131ldan beri uyutuldu\u011fumuzu s\u00f6yledi\u011fimde, l\u00fctfen \u00fcz\u00fclmeyiniz. \u00c7\u00fcnk\u00fc hi\u00e7 kimse bu d\u00fcnyada kendinden \u00f6nce olmu\u015f bitmi\u015f<\/p>\n","protected":false},"author":13,"featured_media":19843,"comment_status":"closed","ping_status":"closed","sticky":false,"template":"","format":"standard","meta":{"advanced_seo_description":"","jetpack_seo_html_title":"","jetpack_seo_noindex":false,"_jetpack_memberships_contains_paid_content":false,"footnotes":""},"categories":[6],"tags":[],"class_list":["post-19840","post","type-post","status-publish","format-standard","has-post-thumbnail","hentry","category-yorum"],"jetpack_featured_media_url":"https:\/\/i0.wp.com\/www.bghaber.org\/bghaber\/wp-content\/uploads\/2016\/07\/5dc15d43-a156-4c04-a137-4ee9b7e9c1a6.jpg?fit=1280%2C960&ssl=1","jetpack_sharing_enabled":true,"jetpack_likes_enabled":true,"jetpack-related-posts":[],"jetpack_shortlink":"https:\/\/wp.me\/pc2PfJ-5a0","_links":{"self":[{"href":"https:\/\/www.bghaber.org\/bghaber\/wp-json\/wp\/v2\/posts\/19840","targetHints":{"allow":["GET"]}}],"collection":[{"href":"https:\/\/www.bghaber.org\/bghaber\/wp-json\/wp\/v2\/posts"}],"about":[{"href":"https:\/\/www.bghaber.org\/bghaber\/wp-json\/wp\/v2\/types\/post"}],"author":[{"embeddable":true,"href":"https:\/\/www.bghaber.org\/bghaber\/wp-json\/wp\/v2\/users\/13"}],"replies":[{"embeddable":true,"href":"https:\/\/www.bghaber.org\/bghaber\/wp-json\/wp\/v2\/comments?post=19840"}],"version-history":[{"count":0,"href":"https:\/\/www.bghaber.org\/bghaber\/wp-json\/wp\/v2\/posts\/19840\/revisions"}],"wp:featuredmedia":[{"embeddable":true,"href":"https:\/\/www.bghaber.org\/bghaber\/wp-json\/wp\/v2\/media\/19843"}],"wp:attachment":[{"href":"https:\/\/www.bghaber.org\/bghaber\/wp-json\/wp\/v2\/media?parent=19840"}],"wp:term":[{"taxonomy":"category","embeddable":true,"href":"https:\/\/www.bghaber.org\/bghaber\/wp-json\/wp\/v2\/categories?post=19840"},{"taxonomy":"post_tag","embeddable":true,"href":"https:\/\/www.bghaber.org\/bghaber\/wp-json\/wp\/v2\/tags?post=19840"}],"curies":[{"name":"wp","href":"https:\/\/api.w.org\/{rel}","templated":true}]}}