{"id":19832,"date":"2016-07-28T23:49:32","date_gmt":"2016-07-28T20:49:32","guid":{"rendered":"http:\/\/www.bghaber.org\/bghaber\/?p=19832"},"modified":"2018-05-09T17:57:11","modified_gmt":"2018-05-09T14:57:11","slug":"bulturkten-turk-ve-dunya-kamuoyuna-duyurulur","status":"publish","type":"post","link":"https:\/\/www.bghaber.org\/bghaber\/bulturkten-turk-ve-dunya-kamuoyuna-duyurulur\/","title":{"rendered":"Bult\u00fcrk\u2019ten T\u00fcrk ve D\u00fcnya Kamuoyuna Duyurulur"},"content":{"rendered":"<p>Vatan\u0131m\u0131za ve Milletimize, huzur ve istikrar\u0131m\u0131za, birlik ve beraberli\u011fimize, se\u00e7tiklerimize kar\u015f\u0131 yap\u0131lan hain darbe giri\u015fiminin kar\u015f\u0131s\u0131nday\u0131z. 15 Temmuz\u2019da yap\u0131lan bu sald\u0131r\u0131y\u0131 \u015fiddetle k\u0131n\u0131yoruz.<\/p>\n<p>Rafet ULUT\u00dcRK<\/p>\n<p>Genel Ba\u015fkan<\/p>\n<p><strong><img data-recalc-dims=\"1\" height=\"360\" width=\"640\" decoding=\"async\" src=\"https:\/\/i0.wp.com\/www.bghaber.org\/bghaber\/wp-content\/uploads\/2016\/07\/nobet0003-768x432.jpg?resize=640%2C360\" alt=\"nobet0003\" \/><\/strong><\/p>\n<p><strong>Bulgaristan T\u00fcrkleri K\u00fclt\u00fcr ve Hizmet Derne\u011fi (BULT\u00dcRK) olarak bizler T\u00fcrkiye\u2019de ya\u015fayan T\u00fcrk as\u0131ll\u0131 vatanda\u015flar\u0131z.<\/strong><br \/>\n15 temmuz 2016 g\u00fcn\u00fc T\u00fcrkiye Cumhuriyeti Cumhurba\u015fkan\u0131m\u0131z ve T\u00fcrkiye Cumhuriyeti H\u00fck\u00fcmetimizle birlikte T\u00fcrkiye B\u00fcy\u00fck millet meclisimize, buyuk T\u00fcrk Milletine kar\u015f\u0131 yap\u0131lan menfur ve m\u00fcessif ter\u00f6r sald\u0131r\u0131sini,( kalk\u0131\u015fmay\u0131 ) en \u015fiddetli \u015fekilde tel&#8217;in ediyoruz.<br \/>\nBult\u00fcrk; bu menfur kalk\u0131\u015fmay\u0131 T\u00fcrk milletinin \u015ferefli ordusu i\u00e7erisine s\u0131zm\u0131\u015f olan hain ter\u00f6r \u00f6rg\u00fct\u00fc (FETO) ter\u00f6r \u00f6rg\u00fct\u00fc elemanlar\u0131nca yap\u0131lm\u0131\u015f olmas\u0131, bizlerin kahraman ordumuza ve g\u00fcvenlik g\u00fc\u00e7lerimize olan ba\u011f\u0131l\u0131l\u0131k ve sadakatimize zarar vermemi\u015ftir.<br \/>\nBu ter\u00f6rist \u00f6rg\u00fct ve \u00fcyelerine gereken cevab\u0131; yine kahraman ordumuzun \u015ferefli ve onurlu mensuplar\u0131 kahraman emniyet mensuplar\u0131m\u0131z ile omuz omuza kucak kuca\u011fa olmak \u00fczere canlar\u0131 pahas\u0131na bu kahramanlar\u0131n sahibi buyuk T\u00fcrk Milletiyle beraber 265 \u015fehit ve 2 500 e yak\u0131n gazilerimizin bulundu\u011fu b\u00fcy\u00fck halk direni\u015fiyle verilmi\u015ftir.<br \/>\nistikbal, istiklal ve vatan s\u00f6z konusu oldu\u011funda en aziz varl\u0131klar\u0131, canlar\u0131 dahil, her t\u00fcrl\u00fc k\u0131ymetlerini inan\u00e7lar\u0131 u\u011furuna seve seve kar\u015f\u0131l\u0131ks\u0131z olarak veren buyuk T\u00fcrk milleti t\u00fcm d\u00fcnyaya, dostlar\u0131na g\u00fcven ve g\u0131pta d\u00fc\u015fmanlar\u0131na ise panik ve korku verecek bir kahramanl\u0131k g\u00f6stermi\u015ftir.<\/p>\n<p><img data-recalc-dims=\"1\" height=\"1024\" width=\"576\" decoding=\"async\" src=\"https:\/\/i0.wp.com\/www.bghaber.org\/bghaber\/wp-content\/uploads\/2016\/07\/Nobet-13-576x1024.jpg?resize=576%2C1024\" alt=\"Nobet-13\" \/><\/p>\n<p>Buyuk T\u00fcrk Milleti ; itidalli ve sa\u011fduyulu yakla\u015f\u0131mlar\u0131yla yeniden bir \u00c7anakkale zaferinin e\u015fini kazanarak demokrasi havarisi \u00fclke ve devletlere adeta bir demokrasi dersi vererek &#8221; vatan s\u00f6z konusu oldu\u011funda geri kalan her \u015feyin teferruat&#8221; oldu\u011funu zihinlere kaz\u0131nm\u0131\u015ft\u0131r.<br \/>\n2023-2071 buyuk hedeflerine emin ad\u0131mlarla y\u00fcr\u00fcyen<br \/>\nB\u00fcy\u00fck T\u00fcrk Milletinin milli iradesiyle %52&#8217;lik bir halk deste\u011fi ile se\u00e7ilmi\u015f olan ve t\u00fcm d\u00fcnya devletlerine <strong>&#8220;D\u00fcnyan\u0131n 5&#8217;ten buyuk oldu\u011funu&#8221;<\/strong> buyuk bir cesaret ve secaat&#8217;le hayk\u0131ran ilan eden T\u00fcrkiye Cumhuriyetimizin ilk se\u00e7ilmi\u015f sivil Cumhurba\u015fkan\u0131 olan d\u00fcnya liderimiz Say\u0131n Recep Tayyip ERDO\u011eAN\u2019a, ba\u011f\u0131l\u0131l\u0131k ve sadakatimizi T\u00fcrkiye Cumhuriyeti \u00a0H\u00fckumetimiz, parlamentoda g\u00f6revli T\u00fcrkiye Cumhuriyeti Devleti ve b\u00fcy\u00fck T\u00fcrk Milletini tan\u0131y\u0131p. Bu u\u011furda muas\u0131r medeniyetler seviyesine \u00e7\u0131kmas\u0131na yard\u0131m ederek milletinin ve devletinin \u00e0li menfaatlerini savunan k\u0131ymetli milletvekilleri ve meclisimize sonsuz ba\u011f\u0131l\u0131l\u0131k ve sadakatlerimizi T\u00fcrk ve d\u00fcnya kamuoyuna ilan ediyoruz.<\/p><div id=\"bghab-214035444\" class=\"bghab-icerik-icine bghab-entity-placement\"><script async src=\"\/\/pagead2.googlesyndication.com\/pagead\/js\/adsbygoogle.js?client=ca-pub-6203283170189293\" crossorigin=\"anonymous\"><\/script><ins class=\"adsbygoogle\" style=\"display:block; text-align:center;\" data-ad-client=\"ca-pub-6203283170189293\" \ndata-ad-slot=\"7303146466\" \ndata-ad-layout=\"in-article\"\ndata-ad-format=\"fluid\" data-full-width-responsive=\"true\"><\/ins>\n<script> \n(adsbygoogle = window.adsbygoogle || []).push({}); \n<\/script>\n<\/div>\n<p>BULT\u00dcRK &#8220;&#8221;En iyi darbe ve orfi \u0130dareden, en k\u00f6t\u00fc demokratik y\u00f6netimin, demokrasi idaresinin iyidir&#8221;&#8221; d\u00fc\u015f\u00fcncesine y\u00f6netim kurulumuz ve t\u00fcm \u00fcyelerimiz ad\u0131na inand\u0131\u011f\u0131n\u0131, T\u00fcrk ve d\u00fcnya kamuoyuna sayg\u0131lar\u0131yla arz eder. Bu vesileyle demokrasiye sahip \u00e7\u0131kmak gayesiyle sonuna kadar demokrasi n\u00f6betlerine eksiksiz olarak istanbulumuzun ve bulundu\u011fumuz her yer ve ortamda kat\u0131l\u0131p katki saglayacagini taahh\u00fct eder.<\/p>\n<p style=\"text-align: center;\">Sayg\u0131lar\u0131m\u0131zla,<\/p>\n<p style=\"text-align: right;\">BULT\u00dcRK<\/p>\n<p style=\"text-align: right;\">Genel Ba\u015fkan\u0131<\/p>\n<p style=\"text-align: right;\">Rafet ULUT\u00dcRK<\/p><div id=\"bghab-4091664941\" class=\"bghab-icerik-icine-10-paragraf bghab-entity-placement\"><script async src=\"\/\/pagead2.googlesyndication.com\/pagead\/js\/adsbygoogle.js?client=ca-pub-6203283170189293\" crossorigin=\"anonymous\"><\/script><ins class=\"adsbygoogle\" style=\"display:block; text-align:center;\" data-ad-client=\"ca-pub-6203283170189293\" \ndata-ad-slot=\"7303146466\" \ndata-ad-layout=\"in-article\"\ndata-ad-format=\"fluid\" data-full-width-responsive=\"true\"><\/ins>\n<script> \n(adsbygoogle = window.adsbygoogle || []).push({}); \n<\/script>\n<\/div>\n<p><img data-recalc-dims=\"1\" height=\"360\" width=\"640\" decoding=\"async\" src=\"https:\/\/i0.wp.com\/www.bghaber.org\/bghaber\/wp-content\/uploads\/2016\/07\/nobet0001-768x432.jpg?resize=640%2C360\" alt=\"nobet0001\" \/><\/p>\n<div id=\"bghab-337687449\" class=\"bghab-yazi-altinda bghab-entity-placement\"><div class=\"bghab-adlabel\">Reklamlar<\/div><script async src=\"https:\/\/pagead2.googlesyndication.com\/pagead\/js\/adsbygoogle.js\"><\/script>\r\n<!-- bghaber-yaz\u0131-sonu -->\r\n<ins class=\"adsbygoogle\"\r\n     style=\"display:block\"\r\n     data-ad-client=\"ca-pub-6203283170189293\"\r\n     data-ad-slot=\"4222328180\"\r\n     data-ad-format=\"auto\"\r\n     data-full-width-responsive=\"true\"><\/ins>\r\n<script>\r\n     (adsbygoogle = window.adsbygoogle || []).push({});\r\n<\/script><\/div><br style=\"clear: both; display: block; float: none;\"\/>","protected":false},"excerpt":{"rendered":"<p>Vatan\u0131m\u0131za ve Milletimize, huzur ve istikrar\u0131m\u0131za, birlik ve beraberli\u011fimize, se\u00e7tiklerimize kar\u015f\u0131 yap\u0131lan hain darbe giri\u015fiminin kar\u015f\u0131s\u0131nday\u0131z. 15 Temmuz\u2019da yap\u0131lan bu sald\u0131r\u0131y\u0131 \u015fiddetle k\u0131n\u0131yoruz. Rafet ULUT\u00dcRK<\/p>\n","protected":false},"author":13,"featured_media":19911,"comment_status":"closed","ping_status":"closed","sticky":false,"template":"","format":"standard","meta":{"advanced_seo_description":"","jetpack_seo_html_title":"","jetpack_seo_noindex":false,"_jetpack_memberships_contains_paid_content":false,"footnotes":""},"categories":[4],"tags":[37,785],"class_list":["post-19832","post","type-post","status-publish","format-standard","has-post-thumbnail","hentry","category-siyaset","tag-bulturk","tag-bulturk-dernegi"],"jetpack_featured_media_url":"https:\/\/i0.wp.com\/www.bghaber.org\/bghaber\/wp-content\/uploads\/2016\/07\/nobet0003.jpg?fit=1280%2C720&ssl=1","jetpack_sharing_enabled":true,"jetpack_likes_enabled":true,"jetpack-related-posts":[],"jetpack_shortlink":"https:\/\/wp.me\/pc2PfJ-59S","_links":{"self":[{"href":"https:\/\/www.bghaber.org\/bghaber\/wp-json\/wp\/v2\/posts\/19832","targetHints":{"allow":["GET"]}}],"collection":[{"href":"https:\/\/www.bghaber.org\/bghaber\/wp-json\/wp\/v2\/posts"}],"about":[{"href":"https:\/\/www.bghaber.org\/bghaber\/wp-json\/wp\/v2\/types\/post"}],"author":[{"embeddable":true,"href":"https:\/\/www.bghaber.org\/bghaber\/wp-json\/wp\/v2\/users\/13"}],"replies":[{"embeddable":true,"href":"https:\/\/www.bghaber.org\/bghaber\/wp-json\/wp\/v2\/comments?post=19832"}],"version-history":[{"count":0,"href":"https:\/\/www.bghaber.org\/bghaber\/wp-json\/wp\/v2\/posts\/19832\/revisions"}],"wp:featuredmedia":[{"embeddable":true,"href":"https:\/\/www.bghaber.org\/bghaber\/wp-json\/wp\/v2\/media\/19911"}],"wp:attachment":[{"href":"https:\/\/www.bghaber.org\/bghaber\/wp-json\/wp\/v2\/media?parent=19832"}],"wp:term":[{"taxonomy":"category","embeddable":true,"href":"https:\/\/www.bghaber.org\/bghaber\/wp-json\/wp\/v2\/categories?post=19832"},{"taxonomy":"post_tag","embeddable":true,"href":"https:\/\/www.bghaber.org\/bghaber\/wp-json\/wp\/v2\/tags?post=19832"}],"curies":[{"name":"wp","href":"https:\/\/api.w.org\/{rel}","templated":true}]}}