{"id":19825,"date":"2016-07-27T19:25:25","date_gmt":"2016-07-27T16:25:25","guid":{"rendered":"http:\/\/www.bghaber.org\/bghaber\/?p=19825"},"modified":"2016-07-27T19:26:08","modified_gmt":"2016-07-27T16:26:08","slug":"dunya-musluman-alimler-birliginden-darbeye-karsi-basin-aciklamasi","status":"publish","type":"post","link":"https:\/\/www.bghaber.org\/bghaber\/dunya-musluman-alimler-birliginden-darbeye-karsi-basin-aciklamasi\/","title":{"rendered":"D\u00fcnya M\u00fcsl\u00fcman \u00c2limler Birli\u011fi\u2019nden Bas\u0131n A\u00e7\u0131klamas\u0131"},"content":{"rendered":"<h2>D\u00fcnya M\u00fcsl\u00fcman Alimler Birli\u011fi Genel Sekreteri Karada\u011fi, &#8216;Bu giri\u015fimde hedef al\u0131nan sadece T\u00fcrkiye Cumhuriyeti ve halk\u0131 de\u011fil, bilakis b\u00fct\u00fcn \u0130slam alemi ve kuvvetleridir&#8217; dedi.<\/h2>\n<p class=\"clearfix\"><img data-recalc-dims=\"1\" height=\"400\" width=\"640\" decoding=\"async\" src=\"https:\/\/i0.wp.com\/www.bghaber.org\/bghaber\/wp-content\/uploads\/2016\/07\/D%C3%BCnya-M%C3%BCsl%C3%BCman-%C3%82limler-Birli%C4%9Fi%E2%80%99nden-Darbeye-Kar%C5%9F%C4%B1-Bas%C4%B1n-A%C3%A7%C4%B1klamas%C4%B1-1-768x480.jpg?resize=640%2C400\" alt=\"D\u00fcnya-M\u00fcsl\u00fcman-\u00c2limler-Birli\u011fi\u2019nden-Darbeye-Kar\u015f\u0131-Bas\u0131n-A\u00e7\u0131klamas\u0131-1\" \/><\/p>\n<p class=\"clearfix\">D\u00fcnya M\u00fcsl\u00fcman Alimler Birli\u011fi Genel Sekreteri Muhyiddin Ali Karada\u011fi, Fatih Camii&#8217;nde yapt\u0131\u011f\u0131 a\u00e7\u0131klamada, alimlerin, \u0130slam \u00fcmmetinin ba\u015fkanlar\u0131n\u0131n ve \u015ferefli ki\u015filerin T\u00fcrkiye&#8217;deki darbe giri\u015fimini yak\u0131ndan takip etti\u011fini belirtti.<\/p>\n<div id=\"icerikDiv_18147122\" class=\"iliskiIcerik ltr\">\n<p>Ya\u015fananlar esnas\u0131nda b\u00fcy\u00fck korku olu\u015ftu\u011funa dikkati \u00e7eken Karada\u011fi, <strong>&#8220;Allah m\u00fcminlere g\u00fcven ve selamet b\u0131rak\u0131p onlara imanlar\u0131n\u0131 ve sebatlar\u0131n\u0131 az\u0131k olarak b\u0131rakm\u0131\u015ft\u0131r. G\u00fcnahkarlar\u0131 ve onlar\u0131 destekleyenleri ise \u00f6fkeleriyle beraber b\u00fct\u00fcn hay\u0131rlardan mahrum b\u0131rakm\u0131\u015ft\u0131r. \u00dclkeleri ve birlikleri farkl\u0131 olmas\u0131na ra\u011fmen, \u0130slam alimleri faziletinden ve minnettarl\u0131\u011f\u0131ndan dolay\u0131 b\u00fct\u00fcn \u015f\u00fck\u00fcr ve g\u00fczel \u00f6vg\u00fcleri Allah&#8217;a ediyor. Verdi\u011fi nimeti tamamlamas\u0131n\u0131, T\u00fcrkiye&#8217;yi korumas\u0131n\u0131 ve b\u00fct\u00fcn \u015ferleri T\u00fcrkiye ve \u0130slam \u00fclkelerinden al\u0131koymas\u0131n\u0131 Allah&#8217;tan diliyoruz&#8221;<\/strong> ifadelerini kulland\u0131.<\/p>\n<p>Karada\u011fi, T\u00fcrkiye&#8217;deki y\u00f6netimin ve halk\u0131n Allah&#8217;\u0131n izniyle bu komplodan kurtuldu\u011funu dile getirerek, \u015fu de\u011ferlendirmelerde bulundu:<\/p>\n<p><strong>&#8220;Nas\u0131l ki alimler M\u0131s\u0131r, Yemen ve di\u011fer \u0130slam \u00fclkelerindeki halklar\u0131n \u00f6zg\u00fcrl\u00fcklerine kar\u015f\u0131 yap\u0131lan su\u00e7lu darbeleri k\u0131nam\u0131\u015f ve kabul etmemi\u015fse T\u00fcrkiye halk\u0131n\u0131n se\u00e7imine ve \u00f6zg\u00fcrl\u00fc\u011f\u00fcne kar\u015f\u0131 yap\u0131lan hangi darbe olursa olsun, kabul etmeyerek k\u0131nam\u0131\u015ft\u0131r. Alimler, T\u00fcrkiye halk\u0131n\u0131n darbeyi k\u0131rmakta verdi\u011fi bu m\u00fccadeleyi takdir ediyor. Siyasi partilerin de t\u00fcm ihtilaflar\u0131 bir kenara b\u0131rakarak genel maslahat\u0131 d\u00fc\u015f\u00fcn\u00fcp halk\u0131n iradesinin yan\u0131nda yer almalar\u0131n\u0131 da tebrik ediyoruz.&#8221;<\/strong><\/p>\n<p>Darbe giri\u015fimi esnas\u0131nda camilerin rol\u00fcne de vurgu yapan Karada\u011fi, Diyanet \u0130\u015fleri Ba\u015fkanl\u0131\u011f\u0131&#8217;na da te\u015fekk\u00fcrlerini iletti.<\/p>\n<p>Karada\u011fi, ya\u015fananlar esnas\u0131nda darbeye kar\u015f\u0131 olan bas\u0131n kurulu\u015flar\u0131n\u0131 da tebrik ederek, T\u00fcrkiye ve di\u011fer \u0130slam \u00fclkelerindeki, bu t\u00fcr giri\u015fimleri destekleyen \u00fclkeleri k\u0131nad\u0131.<\/p><div id=\"bghab-406595924\" class=\"bghab-icerik-icine bghab-entity-placement\"><script async src=\"\/\/pagead2.googlesyndication.com\/pagead\/js\/adsbygoogle.js?client=ca-pub-6203283170189293\" crossorigin=\"anonymous\"><\/script><ins class=\"adsbygoogle\" style=\"display:block; text-align:center;\" data-ad-client=\"ca-pub-6203283170189293\" \ndata-ad-slot=\"7303146466\" \ndata-ad-layout=\"in-article\"\ndata-ad-format=\"fluid\" data-full-width-responsive=\"true\"><\/ins>\n<script> \n(adsbygoogle = window.adsbygoogle || []).push({}); \n<\/script>\n<\/div>\n<p><strong>&#8220;HEDEF T\u00dcRK\u0130YE VE \u0130SLAM ALEM\u0130YD\u0130&#8221;\u00a0<\/strong><\/p>\n<p>Enfal Suresi&#8217;nin &#8220;\u015e\u00fcphe yok ki, inkar edenler mallar\u0131n\u0131, (insanlar\u0131) Allah yolundan al\u0131koymak i\u00e7in harcarlar ve harcayacaklard\u0131r. Sonra bu mallar onlara bir i\u00e7 ac\u0131s\u0131 olacak, sonra da yenilgiye u\u011frayacaklard\u0131r. \u0130nkar edenler toplan\u0131p cehenneme s\u00fcr\u00fcleceklerdir&#8221; ayetini okuyan Karada\u011fi, s\u00f6zlerini \u015f\u00f6yle s\u00fcrd\u00fcrd\u00fc:<\/p>\n<p>&#8220;\u00dcmmetin alimleri, T\u00fcrkiye&#8217;de ve di\u011fer \u0130slam \u00fclkelerindeki olaylar kar\u015f\u0131s\u0131nda Bat\u0131&#8217;n\u0131n sergiledi\u011fi \u00e7ifte standard\u0131 k\u0131n\u0131yor. Bat\u0131, bir taraftan darbecilerin yapt\u0131\u011f\u0131 katliam ve zulme g\u00f6z yummakta ve di\u011fer taraftan T\u00fcrk ve di\u011fer h\u00fck\u00fcmetlerin hakl\u0131 olarak y\u00fcr\u00fctt\u00fc\u011f\u00fc yarg\u0131 ve adil mahkeme prosed\u00fcrlerini k\u0131namaktad\u0131r.\u00a0Bu giri\u015fimde hedef al\u0131nan sadece T\u00fcrkiye Cumhuriyeti ve halk\u0131 de\u011fil, bilakis b\u00fct\u00fcn \u0130slam alemi ve kuvvetleridir.&#8221;<\/p>\n<p><strong>&#8220;ALLAH T\u00dcRK\u0130YE&#8217;Y\u0130 KORUSUN&#8221;<\/strong><\/p>\n<p>Karada\u011fi, Bat\u0131&#8217;n\u0131n T\u00fcrkiye&#8217;nin darbecilere ve FET\u00d6 \u00fcyelerine kar\u015f\u0131 ald\u0131\u011f\u0131 \u00f6nlemlere temkinli yakla\u015fmas\u0131n\u0131 da ele\u015ftirerek, &#8220;Allah T\u00fcrkiye&#8217;yi korusun ve komplocular\u0131n ve hainlerin planlar\u0131n\u0131 bo\u015fa \u00e7\u0131kars\u0131n ve di\u011fer \u0130slam \u00fclkelerini iman ve \u0130slam ile y\u00fckseltsin. Muhakkak ki o buna kadir ve velidir. Alemlerin Rabbi olan Allah&#8217;a hamd olsun&#8221; diye konu\u015ftu.<\/p><div id=\"bghab-3709162798\" class=\"bghab-icerik-icine-10-paragraf bghab-entity-placement\"><script async src=\"\/\/pagead2.googlesyndication.com\/pagead\/js\/adsbygoogle.js?client=ca-pub-6203283170189293\" crossorigin=\"anonymous\"><\/script><ins class=\"adsbygoogle\" style=\"display:block; text-align:center;\" data-ad-client=\"ca-pub-6203283170189293\" \ndata-ad-slot=\"7303146466\" \ndata-ad-layout=\"in-article\"\ndata-ad-format=\"fluid\" data-full-width-responsive=\"true\"><\/ins>\n<script> \n(adsbygoogle = window.adsbygoogle || []).push({}); \n<\/script>\n<\/div>\n<p>Bas\u0131n a\u00e7\u0131klamas\u0131na,\u00a0\u00e7ok say\u0131da devleti temsilen alimler de kat\u0131ld\u0131.<\/p>\n<\/div>\n<div id=\"bghab-92815390\" class=\"bghab-yazi-altinda bghab-entity-placement\"><div class=\"bghab-adlabel\">Reklamlar<\/div><script async src=\"https:\/\/pagead2.googlesyndication.com\/pagead\/js\/adsbygoogle.js\"><\/script>\r\n<!-- bghaber-yaz\u0131-sonu -->\r\n<ins class=\"adsbygoogle\"\r\n     style=\"display:block\"\r\n     data-ad-client=\"ca-pub-6203283170189293\"\r\n     data-ad-slot=\"4222328180\"\r\n     data-ad-format=\"auto\"\r\n     data-full-width-responsive=\"true\"><\/ins>\r\n<script>\r\n     (adsbygoogle = window.adsbygoogle || []).push({});\r\n<\/script><\/div><br style=\"clear: both; display: block; float: none;\"\/>","protected":false},"excerpt":{"rendered":"<p>D\u00fcnya M\u00fcsl\u00fcman Alimler Birli\u011fi Genel Sekreteri Karada\u011fi, &#8216;Bu giri\u015fimde hedef al\u0131nan sadece T\u00fcrkiye Cumhuriyeti ve halk\u0131 de\u011fil, bilakis b\u00fct\u00fcn \u0130slam alemi ve kuvvetleridir&#8217; dedi. D\u00fcnya<\/p>\n","protected":false},"author":13,"featured_media":19826,"comment_status":"closed","ping_status":"closed","sticky":false,"template":"","format":"standard","meta":{"advanced_seo_description":"","jetpack_seo_html_title":"","jetpack_seo_noindex":false,"_jetpack_memberships_contains_paid_content":false,"footnotes":""},"categories":[4],"tags":[],"class_list":["post-19825","post","type-post","status-publish","format-standard","has-post-thumbnail","hentry","category-siyaset"],"jetpack_featured_media_url":"https:\/\/i0.wp.com\/www.bghaber.org\/bghaber\/wp-content\/uploads\/2016\/07\/D%C3%BCnya-M%C3%BCsl%C3%BCman-%C3%82limler-Birli%C4%9Fi%E2%80%99nden-Darbeye-Kar%C5%9F%C4%B1-Bas%C4%B1n-A%C3%A7%C4%B1klamas%C4%B1-1.jpg?fit=1280%2C800&ssl=1","jetpack_sharing_enabled":true,"jetpack_likes_enabled":true,"jetpack-related-posts":[],"jetpack_shortlink":"https:\/\/wp.me\/pc2PfJ-59L","_links":{"self":[{"href":"https:\/\/www.bghaber.org\/bghaber\/wp-json\/wp\/v2\/posts\/19825","targetHints":{"allow":["GET"]}}],"collection":[{"href":"https:\/\/www.bghaber.org\/bghaber\/wp-json\/wp\/v2\/posts"}],"about":[{"href":"https:\/\/www.bghaber.org\/bghaber\/wp-json\/wp\/v2\/types\/post"}],"author":[{"embeddable":true,"href":"https:\/\/www.bghaber.org\/bghaber\/wp-json\/wp\/v2\/users\/13"}],"replies":[{"embeddable":true,"href":"https:\/\/www.bghaber.org\/bghaber\/wp-json\/wp\/v2\/comments?post=19825"}],"version-history":[{"count":0,"href":"https:\/\/www.bghaber.org\/bghaber\/wp-json\/wp\/v2\/posts\/19825\/revisions"}],"wp:featuredmedia":[{"embeddable":true,"href":"https:\/\/www.bghaber.org\/bghaber\/wp-json\/wp\/v2\/media\/19826"}],"wp:attachment":[{"href":"https:\/\/www.bghaber.org\/bghaber\/wp-json\/wp\/v2\/media?parent=19825"}],"wp:term":[{"taxonomy":"category","embeddable":true,"href":"https:\/\/www.bghaber.org\/bghaber\/wp-json\/wp\/v2\/categories?post=19825"},{"taxonomy":"post_tag","embeddable":true,"href":"https:\/\/www.bghaber.org\/bghaber\/wp-json\/wp\/v2\/tags?post=19825"}],"curies":[{"name":"wp","href":"https:\/\/api.w.org\/{rel}","templated":true}]}}