{"id":19812,"date":"2016-07-26T19:24:42","date_gmt":"2016-07-26T16:24:42","guid":{"rendered":"http:\/\/www.bghaber.org\/bghaber\/?p=19812"},"modified":"2019-06-19T20:46:22","modified_gmt":"2019-06-19T17:46:22","slug":"ihanet","status":"publish","type":"post","link":"https:\/\/www.bghaber.org\/bghaber\/ihanet\/","title":{"rendered":"\u00a0 \u0130hanet"},"content":{"rendered":"<p>Raziye \u00c7ak\u0131r<\/p>\n<p>Konu:\u00a0 <strong>G\u00fczel \u015fiirler zor g\u00fcnlerin eseridir.<\/strong><\/p>\n<p>Yaratan renkleri yarat\u0131rken siyah\u0131 unutmu\u015f. Nede olsa yarat\u0131\u011f\u0131m di\u011fer temel renkler birbirine kar\u0131\u015facak ve yeni bin bir de\u011fi\u015fik renk do\u011facak, diye d\u00fc\u015f\u00fcnm\u00fc\u015f olabilir.<\/p>\n<p>Bizim oralarda ya da buralarda hangisi hangisine dola\u015fm\u0131\u015f bilmem ama ihanetin rengi olarak S\u0130YAH ortaya \u00e7\u0131km\u0131\u015f. \u0130nsanlar\u0131n bir\u00e7oklar\u0131 hatta \u00f6nce karay\u0131 kara diye ard\u0131ndan da ad\u0131 g\u00fczel diye siyah\u0131 sevmi\u015fler.<\/p>\n<p>\u00c7a\u011flar de\u011fi\u015firken, temel renkler bir uygarl\u0131ktan \u00f6tekine yuvarlan\u0131rken siyah\u0131 da beraberinde ta\u015f\u0131m\u0131\u015flar. Git gide g\u00f6z\u00fc a\u015f\u0131lan insanlar karanl\u0131\u011f\u0131n i\u00e7inden ihanet \u00e7\u0131kt\u0131\u011f\u0131n\u0131, ihanetten hezimet do\u011fdu\u011funu ve hezimetten de bug\u00fcnk\u00fc dilimizde TA\u015eKAFA dedi\u011fimiz modern tipler yarat\u0131labildi\u011fini ve yak\u0131n tarihe kadar onlara MANKURLAR dendi\u011fini \u00f6\u011frenmi\u015fler.<\/p><div id=\"bghab-1702298447\" class=\"bghab-icerik-icine bghab-entity-placement\"><script async src=\"\/\/pagead2.googlesyndication.com\/pagead\/js\/adsbygoogle.js?client=ca-pub-6203283170189293\" crossorigin=\"anonymous\"><\/script><ins class=\"adsbygoogle\" style=\"display:block; text-align:center;\" data-ad-client=\"ca-pub-6203283170189293\" \ndata-ad-slot=\"7303146466\" \ndata-ad-layout=\"in-article\"\ndata-ad-format=\"fluid\" data-full-width-responsive=\"true\"><\/ins>\n<script> \n(adsbygoogle = window.adsbygoogle || []).push({}); \n<\/script>\n<\/div>\n<p>\u00d6\u011frenmekle de kalmay\u0131p bir\u00e7ok uyar\u0131 \u015fiiri, lanet destan\u0131 ve uyand\u0131r\u0131c\u0131 ve koruyucu \u00f6yk\u00fc yazm\u0131\u015flar, okumu\u015flar ve sonunda insan\u0131n en b\u00fcy\u00fck darbeyi en yak\u0131n\u0131nda olandan ald\u0131\u011f\u0131 sonucuna varabilmi\u015fler.<\/p>\n<p>T\u00fcrkiye tarihinde ya\u015fanan en ac\u0131, en kanl\u0131 ve karanl\u0131k \u0130HANET olan 15 Temmuz gecesini 16 Temmuz ufkuna ba\u011flayan destans\u0131 facian\u0131n tekrarlanmamas\u0131 dileklerimle MANKURLAT \u015fiirini se\u00e7tim.<\/p>\n<p>&nbsp;<\/p>\n<p><strong>MANKURLAR<\/strong><\/p>\n<ol>\n<li>Burhanettin Akba\u015f<\/li>\n<\/ol>\n<p>Bir deri deyip ge\u00e7me Colaman<\/p><div id=\"bghab-4034504301\" class=\"bghab-icerik-icine-10-paragraf bghab-entity-placement\"><script async src=\"\/\/pagead2.googlesyndication.com\/pagead\/js\/adsbygoogle.js?client=ca-pub-6203283170189293\" crossorigin=\"anonymous\"><\/script><ins class=\"adsbygoogle\" style=\"display:block; text-align:center;\" data-ad-client=\"ca-pub-6203283170189293\" \ndata-ad-slot=\"7303146466\" \ndata-ad-layout=\"in-article\"\ndata-ad-format=\"fluid\" data-full-width-responsive=\"true\"><\/ins>\n<script> \n(adsbygoogle = window.adsbygoogle || []).push({}); \n<\/script>\n<\/div>\n<p>D\u00fc\u015fman\u0131n verdi\u011fi sudan i\u00e7me Colaman<\/p>\n<p>Unutursun anan\u0131 atan\u0131<\/p>\n<p>Unutursun Kutlu Da\u011f\u2019da yatan\u0131<\/p>\n<p>Unutursan bayra\u011f\u0131n\u0131, vatan\u0131<\/p>\n<p>Aman Colaman, i\u00e7me yanars\u0131n<\/p><div id=\"bghab-3947916874\" class=\"bghab-icerik-icine-15-paragraf bghab-entity-placement\"><script async src=\"\/\/pagead2.googlesyndication.com\/pagead\/js\/adsbygoogle.js?client=ca-pub-6203283170189293\" crossorigin=\"anonymous\"><\/script><ins class=\"adsbygoogle\" style=\"display:block; text-align:center;\" data-ad-client=\"ca-pub-6203283170189293\" \ndata-ad-slot=\"7303146466\" \ndata-ad-layout=\"in-article\"\ndata-ad-format=\"fluid\" data-full-width-responsive=\"true\"><\/ins>\n<script> \n(adsbygoogle = window.adsbygoogle || []).push({}); \n<\/script>\n<\/div>\n<p>Aldan\u0131rs\u0131n, d\u00fc\u015fmanlara kanars\u0131n<\/p>\n<p>&nbsp;<\/p>\n<p>Mankurtlu\u011fun sonu vah\u015fi esaret<\/p>\n<p>Bozk\u0131rlar\u0131n efendisi<\/p>\n<p>Bozkurt ruhuna yak\u0131\u015f\u0131rd\u0131 h\u00fcrriyet<\/p><div id=\"bghab-2149770546\" class=\"bghab-icerik-icine-20-paragraf bghab-entity-placement\"><script async src=\"\/\/pagead2.googlesyndication.com\/pagead\/js\/adsbygoogle.js?client=ca-pub-6203283170189293\" crossorigin=\"anonymous\"><\/script><ins class=\"adsbygoogle\" style=\"display:block; text-align:center;\" data-ad-client=\"ca-pub-6203283170189293\" \ndata-ad-slot=\"7303146466\" \ndata-ad-layout=\"in-article\"\ndata-ad-format=\"fluid\" data-full-width-responsive=\"true\"><\/ins>\n<script> \n(adsbygoogle = window.adsbygoogle || []).push({}); \n<\/script>\n<\/div>\n<p>O bozkurtlar k\u00f6leli\u011fi bilmezler<\/p>\n<p>\u00d6l\u00fcrler de milletini silmezler<\/p>\n<p>K\u00f6lelerin ruhu toktur Colaman<\/p>\n<p>Ve tarih seyreyledi, seni yazd\u0131<\/p>\n<p>E\u015findeki ne kopuzdu, ne de sazd\u0131<\/p><div id=\"bghab-1310564230\" class=\"bghab-icerik-icine-25-paragraf bghab-entity-placement\"><script async src=\"\/\/pagead2.googlesyndication.com\/pagead\/js\/adsbygoogle.js?client=ca-pub-6203283170189293\" crossorigin=\"anonymous\"><\/script><ins class=\"adsbygoogle\" style=\"display:block; text-align:center;\" data-ad-client=\"ca-pub-6203283170189293\" \ndata-ad-slot=\"7303146466\" \ndata-ad-layout=\"in-article\"\ndata-ad-format=\"fluid\" data-full-width-responsive=\"true\"><\/ins>\n<script> \n(adsbygoogle = window.adsbygoogle || []).push({}); \n<\/script>\n<\/div>\n<p>Ba\u015f\u0131ndaki yaralar g\u00fcnden g\u00fcne azd\u0131<\/p>\n<p>Sen \u00f6l\u00fcrken \u00f6ld\u00fcr\u00fcrs\u00fcn<\/p>\n<p>Vatan\u0131n\u0131 b\u00f6ld\u00fcr\u00fcrs\u00fcn<\/p>\n<p>D\u00fc\u015fmanlar\u0131 g\u00fcld\u00fcr\u00fcrs\u00fcn Colaman<\/p>\n<p>&nbsp;<\/p><div id=\"bghab-2029141684\" class=\"bghab-icerik-icine-30-paragraf bghab-entity-placement\"><script async src=\"\/\/pagead2.googlesyndication.com\/pagead\/js\/adsbygoogle.js?client=ca-pub-6203283170189293\" crossorigin=\"anonymous\"><\/script><ins class=\"adsbygoogle\" style=\"display:block; text-align:center;\" data-ad-client=\"ca-pub-6203283170189293\" \ndata-ad-slot=\"7303146466\" \ndata-ad-layout=\"in-article\"\ndata-ad-format=\"fluid\" data-full-width-responsive=\"true\"><\/ins>\n<script> \n(adsbygoogle = window.adsbygoogle || []).push({}); \n<\/script>\n<\/div>\n<p>Seni bizden kimler ald\u0131<\/p>\n<p>Y\u00fcre\u011fini kimler \u00e7ald\u0131<\/p>\n<p>Ak bulakl\u0131 da\u011flar\u0131n gitti<\/p>\n<p>Salk\u0131m salk\u0131m ba\u011flar\u0131n gitti<\/p>\n<p>Ak p\u00fcr\u00e7ekli anan yand\u0131 nar\u0131na<\/p><div id=\"bghab-3984669310\" class=\"bghab-icerik-icine-35-paragraf bghab-entity-placement\"><script async src=\"\/\/pagead2.googlesyndication.com\/pagead\/js\/adsbygoogle.js?client=ca-pub-6203283170189293\" crossorigin=\"anonymous\"><\/script><ins class=\"adsbygoogle\" style=\"display:block; text-align:center;\" data-ad-client=\"ca-pub-6203283170189293\" \ndata-ad-slot=\"7303146466\" \ndata-ad-layout=\"in-article\"\ndata-ad-format=\"fluid\" data-full-width-responsive=\"true\"><\/ins>\n<script> \n(adsbygoogle = window.adsbygoogle || []).push({}); \n<\/script>\n<\/div>\n<p>Ne bakars\u0131n Kutlu Da\u011f\u2019\u0131n kar\u0131na<\/p>\n<p>Ba\u015fta duran ak\u0131l gitti Colaman<\/p>\n<p>&nbsp;<\/p>\n<p>Vatan i\u00e7in gerektir bozkurt y\u00fcrekler<\/p>\n<p>\u0130ncelmeye gelmez ki g\u00fc\u00e7l\u00fc bilekler<\/p><div id=\"bghab-2143341609\" class=\"bghab-icerik-icine-40-paragraf bghab-entity-placement\"><script async src=\"\/\/pagead2.googlesyndication.com\/pagead\/js\/adsbygoogle.js?client=ca-pub-6203283170189293\" crossorigin=\"anonymous\"><\/script><ins class=\"adsbygoogle\" style=\"display:block; text-align:center;\" data-ad-client=\"ca-pub-6203283170189293\" \ndata-ad-slot=\"7303146466\" \ndata-ad-layout=\"in-article\"\ndata-ad-format=\"fluid\" data-full-width-responsive=\"true\"><\/ins>\n<script> \n(adsbygoogle = window.adsbygoogle || []).push({}); \n<\/script>\n<\/div>\n<p>&nbsp;<\/p>\n<p>\u00c7a\u011f\u0131r Borkurt ruhunu, bu sesi Tanr\u0131 duysun<\/p>\n<p>T\u00fcrk\u2019e bak\u0131p <strong>\u201cbenim ordum budur\u201d<\/strong> diye buyursun<\/p>\n<p>Yine b\u00fcy\u00fck millet olal\u0131m<\/p>\n<p>G\u00f6k gitsin, k\u0131z\u0131l \u00e7\u0131ks\u0131n d\u00fc\u015fmana<\/p><div id=\"bghab-3742463706\" class=\"bghab-icerik-icine-45-paragraf bghab-entity-placement\"><script async src=\"\/\/pagead2.googlesyndication.com\/pagead\/js\/adsbygoogle.js?client=ca-pub-6203283170189293\" crossorigin=\"anonymous\"><\/script><ins class=\"adsbygoogle\" style=\"display:block; text-align:center;\" data-ad-client=\"ca-pub-6203283170189293\" \ndata-ad-slot=\"7303146466\" \ndata-ad-layout=\"in-article\"\ndata-ad-format=\"fluid\" data-full-width-responsive=\"true\"><\/ins>\n<script> \n(adsbygoogle = window.adsbygoogle || []).push({}); \n<\/script>\n<\/div>\n<p>Beng\u00fc ta\u015flar dikelim al bayrakl\u0131, g\u00f6k bayrakl\u0131 vatana.<\/p>\n<p>&nbsp;<\/p>\n<p>Mankur kavram\u0131n\u0131 d\u00fcnya edebiyat\u0131na b\u00fcy\u00fck K\u0131rg\u0131z yarat\u0131c\u0131 \u00c7ingiz Aytmatov ta\u015f\u0131m\u0131\u015f. \u00c7in giz Han\u2019\u0131n sava\u015flarda esir ald\u0131\u011f\u0131 esirlerin sa\u00e7\u0131n\u0131 kaz\u0131t\u0131p ba\u015f\u0131na deveboynu derisi ge\u00e7irerek TA\u015eKAFALI HA\u0130N yaratma i\u015fini b\u00fcy\u00fck bir ustal\u0131kla anlat\u0131r.<\/p>\n<p>Ne yaz\u0131k ki, as\u0131rlar birbirini kovalarken develerin say\u0131s\u0131 ve boyun derileri azald\u0131\u011f\u0131ndan olacak, yeni yeni ta\u015f kafa ki\u015fi, ta\u015f kafa ulus ve ta\u015f kafa halk yaratma y\u00f6ntemleri zenginle\u015ftik\u00e7e zenginle\u015fmi\u015f. G\u00fcn\u00fcm\u00fcz\u00fcn bu i\u015flerin en b\u00fcy\u00fck ta\u015feronu Feytullah G\u00fclen 15 Temmuz 2016 gecesi siyah cin boyas\u0131n\u0131 sal\u0131verdi. 1952\u2019lerden beri toplayan bir \u00e7\u0131banba\u015f\u0131 patlad\u0131 ve akarken toplumu yok etmek istedi.<\/p>\n<p>Bug\u00fcn geldi\u011fimiz noktada, tarihin hi\u00e7bir devresinde olmad\u0131\u011f\u0131 kadar millet yap\u0131m\u0131z \u00e7\u00f6z\u00fclme, kademe kademe yok olma tehlikesiyle kar\u015f\u0131 kar\u015f\u0131ya getirilemi\u015fti.<\/p><div id=\"bghab-2315064887\" class=\"bghab-icerik-icine-50-paragraf bghab-entity-placement\"><script async src=\"\/\/pagead2.googlesyndication.com\/pagead\/js\/adsbygoogle.js?client=ca-pub-6203283170189293\" crossorigin=\"anonymous\"><\/script><ins class=\"adsbygoogle\" style=\"display:block; text-align:center;\" data-ad-client=\"ca-pub-6203283170189293\" \ndata-ad-slot=\"7303146466\" \ndata-ad-layout=\"in-article\"\ndata-ad-format=\"fluid\" data-full-width-responsive=\"true\"><\/ins>\n<script> \n(adsbygoogle = window.adsbygoogle || []).push({}); \n<\/script>\n<\/div>\n<p>\u00c7\u00fcnk\u00fc T\u00fcrk millet yap\u0131s\u0131 ve bunun siyasi, idari kurumu olan T\u00fcrkiye Cumhuriyeti devlet kurumu, i\u00e7erden ve d\u0131\u015far\u0131dan, PKK, FET\u00d6-cu ve paralelci ter\u00f6ristlerden gizli ve iyi planlanm\u0131\u015f, \u00e7ok y\u00f6nl\u00fc olarak kuvvetlendirilmi\u015f, toplumun her h\u00fccresine s\u0131zm\u0131\u015f projelerle bombard\u0131man alt\u0131na al\u0131nm\u0131\u015ft\u0131.<\/p>\n<p>15 Temmuz gecesi tanklar\u0131 \u00e7\u0131plak ellerle durduran halk\u0131m\u0131z\u0131n d\u00fcnyaya verdi\u011fi \u00f6rnek budur. T\u00fcrk halk\u0131n\u0131n yasal savunma hakk\u0131n\u0131 kullanmas\u0131 kutsald\u0131.<\/p>\n<p>Darbeye ge\u00e7it yok!<\/p>\n<p>MANKURLU\u011eA ge\u00e7it yok anlam\u0131ndayd\u0131.<\/p>\n<p>B\u00fcy\u00fckl\u00fc\u011f\u00fcm\u00fcz\u00fcn bayra\u011f\u0131 oldu.<\/p><div id=\"bghab-3785537350\" class=\"bghab-icerik-icine-55-paragraf bghab-entity-placement\"><script async src=\"\/\/pagead2.googlesyndication.com\/pagead\/js\/adsbygoogle.js?client=ca-pub-6203283170189293\" crossorigin=\"anonymous\"><\/script><ins class=\"adsbygoogle\" style=\"display:block; text-align:center;\" data-ad-client=\"ca-pub-6203283170189293\" \ndata-ad-slot=\"7303146466\" \ndata-ad-layout=\"in-article\"\ndata-ad-format=\"fluid\" data-full-width-responsive=\"true\"><\/ins>\n<script> \n(adsbygoogle = window.adsbygoogle || []).push({}); \n<\/script>\n<\/div>\n<p>Hepimiz g\u00f6rd\u00fck ki, i\u00e7 ve d\u0131\u015f d\u00fc\u015fmanlar \u2013 imamlar, kimi y\u00fczba\u015f\u0131lar, olas\u0131 albaylar ve baz\u0131 generaller T\u00fcrkiye\u2019yi Mankurtla\u015ft\u0131r\u0131lm\u0131\u015f k\u00f6leler \u00fclkesi haline getirmek amac\u0131yla son derece modern, \u015feytanca, ak\u0131ll\u0131ca \u00e7al\u0131\u015fmalar y\u00fcr\u00fctm\u00fc\u015ft\u00fc. T\u00fcrk milli yap\u0131s\u0131n\u0131, T\u00fcrk devlet kurumunu, cumhuriyetimizi koruyacak, ayakta tutacak hatta geli\u015ftirerek devam ettirecek dinamikler, kurumlar, de\u011ferler, ki\u015fi ve topluluklar gittik\u00e7e zay\u0131flat\u0131lm\u0131\u015f, halk\u0131n yenilmez iradesi d\u0131\u015f\u0131nda neredeyse her \u015fey pes edilmi\u015fti.<\/p>\n<p>O bak\u0131ma, T\u00fcrk milleti, 79 milyonumuz omuz omuza verdi. Al bayra\u011f\u0131m\u0131z alt\u0131nda topland\u0131.<\/p>\n<p><strong>\u0130hanet\u00e7ileri lanetliyor. <\/strong><\/p>\n<p>Ruhsuzlara idam cezas\u0131 istiyor. Var olma m\u00fccadelesine taze kan topluyor. Bu direni\u015flerin i\u00e7inde biz Bulgaristanl\u0131, Balkanl\u0131 soyda\u015flar da var\u0131z.<\/p>\n<p>\u00dcz\u00fclerek yaz\u0131yorum, olay\u0131n \u00f6z\u00fcn\u00fc yeni yeni kavrayabiliyoruz. \u00a0Koyula\u015fan karanl\u0131\u011f\u0131 yeni yeni duyarl\u0131y\u0131z. G\u00f6\u00e7menli\u011fi s\u0131rt\u0131m\u0131zdan atarken bir\u00e7ok \u015feyi fark edememi\u015fiz. Oysa, T\u00fcrk milli varl\u0131\u011f\u0131n\u0131 yok etme s\u00fcreci daha annemiz bizi be\u015fikte sallarken ba\u015flam\u0131\u015f!<\/p><div id=\"bghab-2419703346\" class=\"bghab-icerik-icine-60-paragraf bghab-entity-placement\"><script async src=\"\/\/pagead2.googlesyndication.com\/pagead\/js\/adsbygoogle.js?client=ca-pub-6203283170189293\" crossorigin=\"anonymous\"><\/script><ins class=\"adsbygoogle\" style=\"display:block; text-align:center;\" data-ad-client=\"ca-pub-6203283170189293\" \ndata-ad-slot=\"7303146466\" \ndata-ad-layout=\"in-article\"\ndata-ad-format=\"fluid\" data-full-width-responsive=\"true\"><\/ins>\n<script> \n(adsbygoogle = window.adsbygoogle || []).push({}); \n<\/script>\n<\/div>\n<p>Derinlerden ve sessizce, hissettirilmeden, yava\u015f yava\u015f karart\u0131ld\u0131\u011f\u0131 i\u00e7in d\u00fcnyam\u0131z, biz soyda\u015flarda dahil, b\u00fcy\u00fck kitle fark\u0131na varamam\u0131\u015f\u0131z, hatta derneklerimiz ve yurtsever siyaset\u00e7ilerimizden gelen ciddi uyar\u0131larla bir yere kadar hep alaya alm\u0131\u015f\u0131z, onlar\u0131 k\u00fc\u00e7\u00fcmsemi\u015fiz, hi\u00e7 bir \u015fey olmaz diyerek ince alaya alm\u0131\u015f\u0131z.<\/p>\n<p>Art\u0131k tuzaklar\u0131n derinli\u011fi ve karanl\u0131\u011f\u0131n koyulu\u011fu ortaya \u00e7\u0131kt\u0131. Gafil avland\u0131k. Kar\u015f\u0131m\u0131za \u00e7\u0131kanlar mankurt imam,\u00a0 mankurt ayd\u0131n tipi, mankurt pilot, mankurt subaylar, mankurt savc\u0131 ve yarg\u0131\u00e7lar ordusudur. Hainler devlet tepesine t\u0131rman\u0131rken zaman zaman soluklanabilirler, istedikleri an duraklayabilirlerdi, fakat art\u0131k yoku\u015ftan yuvarland\u0131lar ve hi\u00e7 birine durak yok ve olamaz!<\/p>\n<p>Sanki her an aram\u0131zda de\u011fillerdi! Mavi g\u00f6kten inip d\u00fcnyam\u0131z\u0131 karanl\u0131klarda bo\u011fmak istediler.<\/p>\n<p>Ama bo\u011fmad\u0131lar.<\/p>\n<p>Biz, karanl\u0131\u011f\u0131n d\u00fc\u015fmanlar\u0131y\u0131z ve n\u00f6bet ba\u015f\u0131nday\u0131z, her ak\u015fam dimdik ayaktay\u0131z. Cumhurumuz yeter tamam diyene kadar buralarday\u0131z.<\/p><div id=\"bghab-1835948113\" class=\"bghab-icerik-icine-65-paragraf bghab-entity-placement\"><script async src=\"\/\/pagead2.googlesyndication.com\/pagead\/js\/adsbygoogle.js?client=ca-pub-6203283170189293\" crossorigin=\"anonymous\"><\/script><ins class=\"adsbygoogle\" style=\"display:block; text-align:center;\" data-ad-client=\"ca-pub-6203283170189293\" \ndata-ad-slot=\"7303146466\" \ndata-ad-layout=\"in-article\"\ndata-ad-format=\"fluid\" data-full-width-responsive=\"true\"><\/ins>\n<script> \n(adsbygoogle = window.adsbygoogle || []).push({}); \n<\/script>\n<\/div>\n<div id=\"bghab-4244921959\" class=\"bghab-yazi-altinda bghab-entity-placement\"><div class=\"bghab-adlabel\">Reklamlar<\/div><script async src=\"https:\/\/pagead2.googlesyndication.com\/pagead\/js\/adsbygoogle.js\"><\/script>\r\n<!-- bghaber-yaz\u0131-sonu -->\r\n<ins class=\"adsbygoogle\"\r\n     style=\"display:block\"\r\n     data-ad-client=\"ca-pub-6203283170189293\"\r\n     data-ad-slot=\"4222328180\"\r\n     data-ad-format=\"auto\"\r\n     data-full-width-responsive=\"true\"><\/ins>\r\n<script>\r\n     (adsbygoogle = window.adsbygoogle || []).push({});\r\n<\/script><\/div><br style=\"clear: both; display: block; float: none;\"\/>","protected":false},"excerpt":{"rendered":"<p>Raziye \u00c7ak\u0131r Konu:\u00a0 G\u00fczel \u015fiirler zor g\u00fcnlerin eseridir. Yaratan renkleri yarat\u0131rken siyah\u0131 unutmu\u015f. Nede olsa yarat\u0131\u011f\u0131m di\u011fer temel renkler birbirine kar\u0131\u015facak ve yeni bin bir<\/p>\n","protected":false},"author":13,"featured_media":31122,"comment_status":"closed","ping_status":"closed","sticky":false,"template":"","format":"standard","meta":{"advanced_seo_description":"","jetpack_seo_html_title":"","jetpack_seo_noindex":false,"_jetpack_memberships_contains_paid_content":false,"footnotes":""},"categories":[6],"tags":[],"class_list":["post-19812","post","type-post","status-publish","format-standard","has-post-thumbnail","hentry","category-yorum"],"jetpack_featured_media_url":"https:\/\/i0.wp.com\/www.bghaber.org\/bghaber\/wp-content\/uploads\/2018\/06\/k%C3%BC%C3%A7%C3%BCk-vesikal%C4%B1k.jpg?fit=332%2C500&ssl=1","jetpack_sharing_enabled":true,"jetpack_likes_enabled":true,"jetpack-related-posts":[],"jetpack_shortlink":"https:\/\/wp.me\/sc2PfJ-ihanet","_links":{"self":[{"href":"https:\/\/www.bghaber.org\/bghaber\/wp-json\/wp\/v2\/posts\/19812","targetHints":{"allow":["GET"]}}],"collection":[{"href":"https:\/\/www.bghaber.org\/bghaber\/wp-json\/wp\/v2\/posts"}],"about":[{"href":"https:\/\/www.bghaber.org\/bghaber\/wp-json\/wp\/v2\/types\/post"}],"author":[{"embeddable":true,"href":"https:\/\/www.bghaber.org\/bghaber\/wp-json\/wp\/v2\/users\/13"}],"replies":[{"embeddable":true,"href":"https:\/\/www.bghaber.org\/bghaber\/wp-json\/wp\/v2\/comments?post=19812"}],"version-history":[{"count":0,"href":"https:\/\/www.bghaber.org\/bghaber\/wp-json\/wp\/v2\/posts\/19812\/revisions"}],"wp:featuredmedia":[{"embeddable":true,"href":"https:\/\/www.bghaber.org\/bghaber\/wp-json\/wp\/v2\/media\/31122"}],"wp:attachment":[{"href":"https:\/\/www.bghaber.org\/bghaber\/wp-json\/wp\/v2\/media?parent=19812"}],"wp:term":[{"taxonomy":"category","embeddable":true,"href":"https:\/\/www.bghaber.org\/bghaber\/wp-json\/wp\/v2\/categories?post=19812"},{"taxonomy":"post_tag","embeddable":true,"href":"https:\/\/www.bghaber.org\/bghaber\/wp-json\/wp\/v2\/tags?post=19812"}],"curies":[{"name":"wp","href":"https:\/\/api.w.org\/{rel}","templated":true}]}}