{"id":19809,"date":"2016-07-26T00:20:27","date_gmt":"2016-07-25T21:20:27","guid":{"rendered":"http:\/\/www.bghaber.org\/bghaber\/?p=19809"},"modified":"2016-07-26T00:20:27","modified_gmt":"2016-07-25T21:20:27","slug":"bulgar-universiteleri-turk-ogrencileri-bekliyor","status":"publish","type":"post","link":"https:\/\/www.bghaber.org\/bghaber\/bulgar-universiteleri-turk-ogrencileri-bekliyor\/","title":{"rendered":"Bulgar \u00fcniversiteleri T\u00fcrk \u00f6\u011frencileri bekliyor"},"content":{"rendered":"<p>Sofya \u00dcniversitesi\u2019nden bir heyet Bulgaristan\u2019daki \u00fcniversite e\u011fitimi hakk\u0131nda bilgi vermek ve \u00fcniversitelerinin tan\u0131t\u0131m\u0131n\u0131 yapmak amac\u0131yla \u00f6nceki g\u00fcn Edirne\u2019ye geldi.<\/p>\n<p><img data-recalc-dims=\"1\" loading=\"lazy\" decoding=\"async\" class=\"\" src=\"https:\/\/i0.wp.com\/www.bghaber.org\/bghaber\/wp-content\/uploads\/2016\/07\/bulgar-edrn.jpg?resize=640%2C424\" alt=\"bulgar edrn\" width=\"640\" height=\"424\" \/><\/p>\n<p>\u0130lk olarak \u00f6zel bir okulda \u00f6\u011frencilerle bulu\u015farak Bulgaristan \u00fcniversiteleri ve e\u011fitim olanaklar\u0131 hakk\u0131nda bilgilendirme yapan heyet daha sonra bas\u0131n mensuplar\u0131yla bir araya geldi. Bulgaristan Edirne Ba\u015fkonsolosu Vasil Valchev\u2019in de kat\u0131ld\u0131\u011f\u0131 bas\u0131n toplant\u0131s\u0131nda Sofya \u00dcniversitesi Yabanc\u0131 \u00d6\u011frenciler ve Dil \u00d6\u011fretim Departman\u0131 Y\u00f6neticisi Do\u00e7. Dr. Svetozara Halacheva, S\u00dc Klasik ve Yeni Filolojiler Fak\u00fcltesi Dekan\u0131 Prof. Dr. Madlen Danova, S\u00dc Okul \u00d6ncesi ve \u00c7ocuk Geli\u015fimi Fak\u00fcltesi \u00d6\u011fretim G\u00f6revlisi Do\u00e7. Dr. Danail Danov, S\u00dc DEO temsilcileri Svetla Shenkova ve Penka Mihailova Bulgaristan\u2019daki devlet \u00fcniversiteleri ve e\u011fitim olanaklar\u0131 hakk\u0131nda bilgi verdiler.<\/p>\n<p>Uzun y\u0131llard\u0131r T\u00fcrk \u00f6\u011frencilerin Bulgaristan\u2019da e\u011fitim almaya ilgi g\u00f6sterdiklerini belirten S\u00dc Yabanc\u0131 \u00d6\u011frenciler Departman\u0131 Y\u00f6neticisi Do\u00e7. Dr. Svetozara Halacheva konu\u015fmas\u0131nda \u015funlar\u0131 kaydetti:<\/p>\n<p>\u201cBizler sundu\u011fumuz yeni imkanlar\u0131 ve \u00fcniversitemizde a\u00e7\u0131lan yeni b\u00f6l\u00fcmleri tan\u0131tmak amac\u0131yla buraday\u0131z. Benim d\u00fc\u015f\u00fcncem T\u00fcrk \u00f6\u011frenciler Bulgaristan\u2019da e\u011fitim g\u00f6rmeye y\u00f6nelecekler. \u00c7\u00fcnk\u00fc \u00f6ncelikle AB diplomas\u0131na sahip olacaklar. Ayr\u0131ca Bulgaristan\u2019daki e\u011fitim kalitesinin y\u00fcksek olmas\u0131 bunda \u00f6nemli bir fakt\u00f6r. Bunun haricinde iki \u00fclke aras\u0131ndaki uzun y\u0131llard\u0131r devam eden iyi ili\u015fkilerin de \u00f6nemi b\u00fcy\u00fck. Bu seneden itibaren Sofya \u00dcniversitesi haz\u0131rl\u0131k s\u0131n\u0131f\u0131 i\u00e7in uzaktan e\u011fitim imkan\u0131 sunmaya ba\u015fl\u0131yor. Bu uzaktan e\u011fitimin amac\u0131 gelecekteki T\u00fcrk \u00f6\u011frenciler i\u00e7in kolayl\u0131k sunacak olmas\u0131. \u00d6\u011frenciler haz\u0131rl\u0131k s\u0131n\u0131f\u0131n\u0131 tamamlamalar\u0131 i\u00e7in Bulgaristan\u2019a gelmeleri gerekmeyecek. Kendi ya\u015fad\u0131klar\u0131 yerden haz\u0131rl\u0131k s\u0131n\u0131f\u0131 e\u011fitimi alabilecekler. Umar\u0131m bu sayede Bulgaristan\u2019daki \u00fcniversitelere b\u00fcy\u00fck ilgi olacakt\u0131r. Haz\u0131rl\u0131k s\u0131n\u0131f\u0131 e\u011fitimini Bulgaristan\u2019da almak isteyen \u00f6\u011frencilere de departman olarak yurt imkan\u0131 sa\u011fl\u0131yoruz. Ayr\u0131ca terc\u00fcmanlar vas\u0131tas\u0131yla \u00f6\u011frencilerimizin aileleri ile s\u00fcrekli ileti\u015fim halinde oluyoruz ve onlara bilgi veriyoruz.\u201d<\/p>\n<p>Fak\u00fcltelerinin b\u00fcnyesinde 20\u2019den fazla yabanc\u0131 dil e\u011fitimi verildi\u011fine dikkat \u00e7eken S\u00dc Klasik ve Yeni Filolojiler Fak\u00fcltesi Dekan\u0131 Prof. Dr. Madlen Danova ise; \u201cFak\u00fcltemiz b\u00fcnyesinde AB \u00fcyesi olmayan \u00fclkelerden olan \u00f6\u011frenciler ve T\u00fcrk \u00f6\u011frenciler i\u00e7in \u00f6nemli bir b\u00f6l\u00fcm bulunmakta. Ben de bu b\u00f6l\u00fcm\u00fcn ba\u015fkan\u0131y\u0131m.\u201d dedi ve b\u00f6l\u00fcm\u00fc \u015f\u00f6yle tan\u0131tt\u0131:<\/p><div id=\"bghab-505166402\" class=\"bghab-icerik-icine bghab-entity-placement\"><script async src=\"\/\/pagead2.googlesyndication.com\/pagead\/js\/adsbygoogle.js?client=ca-pub-6203283170189293\" crossorigin=\"anonymous\"><\/script><ins class=\"adsbygoogle\" style=\"display:block; text-align:center;\" data-ad-client=\"ca-pub-6203283170189293\" \ndata-ad-slot=\"7303146466\" \ndata-ad-layout=\"in-article\"\ndata-ad-format=\"fluid\" data-full-width-responsive=\"true\"><\/ins>\n<script> \n(adsbygoogle = window.adsbygoogle || []).push({}); \n<\/script>\n<\/div>\n<p>\u201cBu b\u00f6l\u00fcm\u00fcn ismi Avrupa Birli\u011fi ve Avrupa Entegrasyonu. Bu b\u00f6l\u00fcmde 8 y\u0131ldan beri 100\u2019den fazla \u00f6\u011frenci e\u011fitim ald\u0131. Bahsetti\u011fim b\u00f6l\u00fcm asl\u0131nda i\u00e7inde 7 tane farkl\u0131 b\u00f6l\u00fcm\u00fc bar\u0131nd\u0131r\u0131yor. Bunlar; Uluslar aras\u0131 \u0130li\u015fkiler, Ekonomi Bilimi, Tarih, Gazetecilik, Hukuk, Avrupa Hukuku gibi b\u00f6l\u00fcmler. E\u011fer T\u00fcrkiye\u2019den \u00f6\u011frenciler Bulgaristan\u2019da e\u011fitim almay\u0131 tercih ederlerse bundan \u00e7ok memnun olaca\u011f\u0131z. \u00dcniversitemizde e\u011fitim veren hocalar\u0131m\u0131z hakk\u0131nda biraz bilgi vermek istiyorum. \u00d6\u011fretim g\u00f6revlilerimizin aras\u0131nda eski ba\u015fbakanlardan Prof. Bliznashki gibi isimler var. Ayn\u0131 \u015fekilde Milli E\u011fitim eski bakanlar\u0131ndan Rumyana Kolarova da \u00fcniversitemizde \u00f6\u011fretim g\u00f6revlisi.\u00a0 Bu nedenle Avrupa Birli\u011fi ve Avrupa Entegrasyonu b\u00f6l\u00fcm\u00fcn\u00fcn \u00e7ok \u00f6nemli oldu\u011funu d\u00fc\u015f\u00fcn\u00fcyorum. Bu b\u00f6l\u00fcm\u00fc bitiren \u00f6\u011frenciler ba\u015fka Avrupa \u00fclkelerinde ba\u015far\u0131l\u0131 bir \u015fekilde y\u00fcksek lisans programlar\u0131na devam ettiler. Ayr\u0131ca fak\u00fcltemizde neredeyse 40 tane yabanc\u0131 dil e\u011fitimi veriliyor. 24 tane de y\u00fcksek lisans program\u0131 sunuyoruz. \u00dcniversitemizin y\u0131ll\u0131k \u00fccretleri 2200-3500 euro aras\u0131nda de\u011fi\u015fiklik g\u00f6steriyor. \u00d6\u011frenciler ekstra hi\u00e7bir \u00fccret \u00f6demeden bir d\u00f6nemlik Erasmus (Avrupa \u00f6\u011frenci de\u011fi\u015fim) program\u0131ndan da faydalanabiliyorlar. Sofya \u00dcniversitesi\u2019nden al\u0131nan diplomalar\u0131n denkli\u011fiyle ilgili de bir sorun kesinlikle bulunmamakta \u00e7\u00fcnk\u00fc \u00fcniversitemiz 128 y\u0131ll\u0131k k\u00f6kl\u00fc bir \u00fcniversite\u201d<\/p>\n<p><strong>\u201cVizede s\u0131k\u0131nt\u0131 olmayacak\u201d<\/strong><\/p>\n<p>Kendisinin de Sofya \u00dcniversitesi\u2019nden mezun oldu\u011funu ve Bulgaristan\u2019daki \u00fcniversite e\u011fitiminin \u00e7ok kaliteli oldu\u011funu belirten Bulgaristan Edirne Ba\u015fkonsolosu Vasil Valchev de yapt\u0131\u011f\u0131 konu\u015fmada; \u201cBulgaristan\u2019daki di\u011fer \u00fcniversitelerde oldu\u011fu gibi Sofya \u00dcniversitesi\u2019nin de \u00e7ok kaliteli bir e\u011fitim verdi\u011fini garanti edebilirim. Ben de Sofya \u00dcniversitesi mezunuyum ve bundan \u00e7ok memnunum. Bulgaristan\u2019da e\u011fitim alacak T\u00fcrk \u00f6\u011frencilerin vize konusunda kafalar\u0131nda soru i\u015fareti olmas\u0131n. Biz \u00f6\u011frenci vizelerinin en h\u0131zl\u0131 \u015fekilde verilmesi i\u00e7in elimizden geleni yapaca\u011f\u0131z. Bunun garantisini veriyorum. Konsoloslu\u011fumuzu istedikleri zaman aray\u0131p bilgi alabilirler\u201d dedi<\/p>\n<div id=\"bghab-73611271\" class=\"bghab-yazi-altinda bghab-entity-placement\"><div class=\"bghab-adlabel\">Reklamlar<\/div><script async src=\"https:\/\/pagead2.googlesyndication.com\/pagead\/js\/adsbygoogle.js\"><\/script>\r\n<!-- bghaber-yaz\u0131-sonu -->\r\n<ins class=\"adsbygoogle\"\r\n     style=\"display:block\"\r\n     data-ad-client=\"ca-pub-6203283170189293\"\r\n     data-ad-slot=\"4222328180\"\r\n     data-ad-format=\"auto\"\r\n     data-full-width-responsive=\"true\"><\/ins>\r\n<script>\r\n     (adsbygoogle = window.adsbygoogle || []).push({});\r\n<\/script><\/div><br style=\"clear: both; display: block; float: none;\"\/>","protected":false},"excerpt":{"rendered":"<p>Sofya \u00dcniversitesi\u2019nden bir heyet Bulgaristan\u2019daki \u00fcniversite e\u011fitimi hakk\u0131nda bilgi vermek ve \u00fcniversitelerinin tan\u0131t\u0131m\u0131n\u0131 yapmak amac\u0131yla \u00f6nceki g\u00fcn Edirne\u2019ye geldi. \u0130lk olarak \u00f6zel bir okulda \u00f6\u011frencilerle<\/p>\n","protected":false},"author":13,"featured_media":19810,"comment_status":"closed","ping_status":"closed","sticky":false,"template":"","format":"standard","meta":{"advanced_seo_description":"","jetpack_seo_html_title":"","jetpack_seo_noindex":false,"_jetpack_memberships_contains_paid_content":false,"footnotes":""},"categories":[8],"tags":[],"class_list":["post-19809","post","type-post","status-publish","format-standard","has-post-thumbnail","hentry","category-egitim"],"jetpack_featured_media_url":"https:\/\/i0.wp.com\/www.bghaber.org\/bghaber\/wp-content\/uploads\/2016\/07\/bulgar-edrn.jpg?fit=640%2C424&ssl=1","jetpack_sharing_enabled":true,"jetpack_likes_enabled":true,"jetpack-related-posts":[],"jetpack_shortlink":"https:\/\/wp.me\/pc2PfJ-59v","_links":{"self":[{"href":"https:\/\/www.bghaber.org\/bghaber\/wp-json\/wp\/v2\/posts\/19809","targetHints":{"allow":["GET"]}}],"collection":[{"href":"https:\/\/www.bghaber.org\/bghaber\/wp-json\/wp\/v2\/posts"}],"about":[{"href":"https:\/\/www.bghaber.org\/bghaber\/wp-json\/wp\/v2\/types\/post"}],"author":[{"embeddable":true,"href":"https:\/\/www.bghaber.org\/bghaber\/wp-json\/wp\/v2\/users\/13"}],"replies":[{"embeddable":true,"href":"https:\/\/www.bghaber.org\/bghaber\/wp-json\/wp\/v2\/comments?post=19809"}],"version-history":[{"count":0,"href":"https:\/\/www.bghaber.org\/bghaber\/wp-json\/wp\/v2\/posts\/19809\/revisions"}],"wp:featuredmedia":[{"embeddable":true,"href":"https:\/\/www.bghaber.org\/bghaber\/wp-json\/wp\/v2\/media\/19810"}],"wp:attachment":[{"href":"https:\/\/www.bghaber.org\/bghaber\/wp-json\/wp\/v2\/media?parent=19809"}],"wp:term":[{"taxonomy":"category","embeddable":true,"href":"https:\/\/www.bghaber.org\/bghaber\/wp-json\/wp\/v2\/categories?post=19809"},{"taxonomy":"post_tag","embeddable":true,"href":"https:\/\/www.bghaber.org\/bghaber\/wp-json\/wp\/v2\/tags?post=19809"}],"curies":[{"name":"wp","href":"https:\/\/api.w.org\/{rel}","templated":true}]}}