{"id":19792,"date":"2016-07-25T19:48:36","date_gmt":"2016-07-25T16:48:36","guid":{"rendered":"http:\/\/www.bghaber.org\/bghaber\/?p=19792"},"modified":"2016-07-25T20:21:35","modified_gmt":"2016-07-25T17:21:35","slug":"turkler-ozlemlerine-kavusuyor","status":"publish","type":"post","link":"https:\/\/www.bghaber.org\/bghaber\/turkler-ozlemlerine-kavusuyor\/","title":{"rendered":"T\u00fcrkler \u00d6zlemlerine Kavu\u015fuyor"},"content":{"rendered":"<p><strong>Erta\u015f \u00c7AKIR<\/strong><\/p>\n<p>Konu: <strong>Demokratlar darbeci zihniyete kar\u015f\u0131 sava\u015f\u0131yor<\/strong>.<\/p>\n<p><strong>Demokrasiyle bulu\u015fma g\u00fcn\u00fc<\/strong>.<\/p>\n<p>Edirne\u2019den Karsa demokrasi n\u00f6beti 10. g\u00fcn\u00fcndedir.\u201cGev\u015femeden\u201d ilerliyor. Halk\u0131m\u0131z demokrasiyle kucakla\u015f\u0131yor. D\u00fcnya T\u00fcrk-g\u00fcc\u00fcn\u00fcn topta tankta de\u011fil, e\u011filmez bile\u011finde ve y\u00fcce iradesinde oldu\u011funu g\u00f6rd\u00fc. 1919\u2019da Efeye Akdeniz\u2019e d\u00f6k\u00fclenler bir as\u0131r sonra Ankara\u2019da teslim oldular.<\/p>\n<p>B\u00fcy\u00fck halk dirili\u015finde 21. y\u00fczy\u0131l ufku parlad\u0131. Bu \u015fafakta t\u00fcm soyda\u015flar, Bulgaristanl\u0131 T\u00fcrkler de kat\u0131ld\u0131lar. Biz de, 79 milyonun i\u00e7indeydik! Birimiz demokrasi n\u00f6betlerinin gece tutuldu\u011funu bilmezdik. Darbe gece geldi. Sabah olmadan yenildi. Karde\u015flik, demokrasi ve bar\u0131\u015f n\u00f6betleri gece boyu tutuluyor. Bir as\u0131r par\u00e7alanmaya \u00e7al\u0131\u015f\u0131lan T\u00fcrkiye&#8217;nin 81 ilde bir yumrukta birle\u015fti\u011fini g\u00f6r\u00fcnce \u00e7\u0131ld\u0131rd\u0131. Bu ilkti bu T\u00fcrk tarihinde yeni bir ufuk g\u00f6r\u00fcnd\u00fc.<\/p><div id=\"bghab-2042840793\" class=\"bghab-icerik-icine bghab-entity-placement\"><script async src=\"\/\/pagead2.googlesyndication.com\/pagead\/js\/adsbygoogle.js?client=ca-pub-6203283170189293\" crossorigin=\"anonymous\"><\/script><ins class=\"adsbygoogle\" style=\"display:block; text-align:center;\" data-ad-client=\"ca-pub-6203283170189293\" \ndata-ad-slot=\"7303146466\" \ndata-ad-layout=\"in-article\"\ndata-ad-format=\"fluid\" data-full-width-responsive=\"true\"><\/ins>\n<script> \n(adsbygoogle = window.adsbygoogle || []).push({}); \n<\/script>\n<\/div>\n<p>Demokrasi n\u00f6betlerinde birle\u015febilenler bayraklar\u0131 \u015fark\u0131 s\u00f6yl\u00fcyor ter\u00f6ristlere kar\u015f\u0131 muzaffer sava\u015fta.<\/p>\n<p><strong>Birlik ve beraberli\u011fimiz yak\u0131nm\u0131\u015f<\/strong><\/p>\n<p>K\u00f6t\u00fc g\u00fcn dostlar\u0131y\u0131z biz. 26 y\u0131l \u00f6nce ana-vatana gelirken T\u00fcrkiye&#8217;nin birlik ve b\u00fct\u00fcnl\u00fc\u011f\u00fcnden asla ku\u015fku etmiyorduk. \u00c7ok uzun ve \u00e7ok karanl\u0131k bir geceden geldi\u011fimize kar\u015f\u0131m\u0131zda yaln\u0131z ayd\u0131nl\u0131k oldu\u011funa inan\u0131yorduk. 15&#8217;i \u2013 16 Temmuz 2016 ba\u011flayan gecesi bizim i\u00e7in bir hayat akademisi oldu. Yeniden uyand\u0131k ana-vatan topra\u011f\u0131nda. T\u00fcrkiye\u2019mizde ordumuzun\u00a0ba\u011fr\u0131nda y\u0131lan oldu\u011fu akl\u0131m\u0131z\u0131n ucundan ge\u00e7miyordu. Karanl\u0131k g\u00fc\u00e7ler, T\u00fcrkiye\u2019mizle birlikte Bulgaristan\u2019daki karde\u015flerimizin gelece\u011fini de karartmak \u00fczereymi\u015f me\u011fer.<\/p>\n<p>Y\u0131llardan beri camilerimizde, mescitlerimizde, enc\u00fcmenliklerimizde y\u00fcr\u00fct\u00fclen insanlar\u0131m\u0131z\u0131n kafas\u0131na mankurtluk k\u00fclah\u0131 ge\u00e7irme faaliyetleri iyi sonu\u00e7suz kald\u0131. Onlar\u0131n k\u00f6reltme etkinlikleri neticesinde Bulgaristanl\u0131 M\u00fcsl\u00fcman T\u00fcrkler halk M\u00fcsl\u00fcmanl\u0131\u011f\u0131ndan git gide kopar\u0131lmak istendi. \u0130slam dininin sihri bir m\u0131knat\u0131s \u201c<strong>levha<\/strong>\u201d ve \u201c<strong>F<\/strong>\u201d ve \u201c<strong>G<\/strong>\u201d serisinden dolarlara, deterjan paketleri i\u00e7indeki \u201c<strong>mavi gran\u00fcllere<\/strong>\u201d kilitlendi. \u00a0Bu \u0130slam hikmetinden \u00f6yle bir kopmad\u0131r ki, imamlar\u0131m\u0131z FET\u00d6 \u00f6rg\u00fct\u00fc elemanlar\u0131n\u0131n tesiri alt\u0131na d\u00fc\u015ft\u00fcklerinde, halk\u0131m\u0131za din hizmeti sunmaktan cayd\u0131. \u00dclkemizde \u015fu an 431 cami imams\u0131zd\u0131r. Fatiha okuyacak hocas\u0131z kal\u0131yoruz. Boh\u00e7as\u0131n\u0131 s\u0131kan din adamlar\u0131 memleketten ka\u00e7\u0131yor.<\/p>\n<p>FET\u00d6 okullar\u0131ndan \u00e7\u0131kan din e\u011fitimli gen\u00e7ler parag\u00f6z! \u00a0Almanya, Hollanda, \u0130talya ve di\u011fer Bat\u0131 Avrupa \u00fclkelerine ka\u00e7\u0131p oradaki camilerde hizmet veriyorlar. Bu karamsar tablonun i\u00e7inde, 2016\u2019da kapkara \u00e7izgiler var.<\/p><div id=\"bghab-1694031500\" class=\"bghab-icerik-icine-10-paragraf bghab-entity-placement\"><script async src=\"\/\/pagead2.googlesyndication.com\/pagead\/js\/adsbygoogle.js?client=ca-pub-6203283170189293\" crossorigin=\"anonymous\"><\/script><ins class=\"adsbygoogle\" style=\"display:block; text-align:center;\" data-ad-client=\"ca-pub-6203283170189293\" \ndata-ad-slot=\"7303146466\" \ndata-ad-layout=\"in-article\"\ndata-ad-format=\"fluid\" data-full-width-responsive=\"true\"><\/ins>\n<script> \n(adsbygoogle = window.adsbygoogle || []).push({}); \n<\/script>\n<\/div>\n<p>Son a\u00e7\u0131klamalara g\u00f6re, <strong>Mestanl\u0131 \u015eumen ve Ruse \u0130mam Hatip Okullar\u0131<\/strong> 2016 \u2013 2017 ders y\u0131l\u0131n\u0131 \u201c<strong>0<\/strong>\u201d s\u0131f\u0131r y\u0131l ilan etti. Bu ders y\u0131l\u0131 i\u00e7in \u00f6\u011frenci kayd\u0131 yap\u0131lm\u0131yor. Ders g\u00f6r\u00fclmeyecek, e\u011fitim yap\u0131lmayacak. 1950\u2019lerden sonra birer iki\u015fer kapanan ilkokul ve okullar\u0131m\u0131zdan sonra, \u015fimdi de s\u00f6zde demokrasi ortam\u0131nda \u00fc\u00e7 imam hatip okulumuz birden kap\u0131 kap\u0131yor. Bulgar milliyet\u00e7iler camilerde Bulgar dilinde ibadet edilecek diye bask\u0131 yap\u0131yor. 20. y\u00fczy\u0131l\u0131n kuduzlu\u011fu 21. y\u00fczy\u0131la ta\u015ft\u0131. Bu defa camilerimize ve irfan ocaklar\u0131m\u0131za kibrit suyu d\u00f6ken FET\u00d6 hainleri oldu.<\/p>\n<p><strong>Dinimiz rafa kald\u0131r\u0131l\u0131yor?<\/strong><\/p>\n<p>Osmanl\u0131\u2019n\u0131n \u0130slam bah\u00e7esi olan Balkanlar\u2019da, bu arada Bulgaristan\u2019da daha 1990\u2019lar\u0131n ba\u015f\u0131nda dinimize mezar kazma \u00e7abalar\u0131 ba\u015flad\u0131. Biz bu i\u015fi sizden iyi biliriz havas\u0131yla ortaya \u00e7\u0131kan \u201cZaman\u201dc\u0131lar, \u201c\u00dcmit\u00e7iler\u201d, \u0130slam Enstit\u00fcs\u00fcne s\u0131zan k\u00f6r hocalar, ilk onur belgesini \u00f6mr\u00fcnde abdes almam\u0131\u015f ve camiye girmemi\u015f olan, Bulgaristan T\u00fcrkleri haini Ahmet Do\u011fan\u2019a verdiler. Ard\u0131ndan \u0130slam d\u00fc\u015fman\u0131 s\u00f6zde bilim doktorlar\u0131, do\u00e7ent ve profes\u00f6rler \u00f6d\u00fcllendirildi. Her toplant\u0131m\u0131za ho\u015fg\u00f6r\u00fc ve papazlar da \u00e7a\u011fr\u0131lmaya ba\u015fland\u0131. \u0130ftar yemeklerinde bir rak\u0131 i\u00e7medikleri kald\u0131. \u0130slam\u2019\u0131n kutsall\u0131 \u00fcst\u00fcne tez yazanlar\u0131n hepsi \u201cbilim adam\u0131\u201d oldu.<\/p>\n<p><strong>Biz bu darbeyi y\u0131llard\u0131k beklemi\u015ftik<\/strong><\/p>\n<p>Olay Feytullah G\u00fclen haininin \u0130SLAM D\u00dcNYASINI TEMS\u0130LEN Papan\u0131n elini \u00f6pmesiyle ba\u015flam\u0131\u015ft\u0131. O, Roma\u2019ya gidip Papa\u2019n\u0131n elini bizim ad\u0131m\u0131za da \u00f6pm\u00fc\u015ft\u00fc ki, biz ona b\u00f6yle bir vazife vermemi\u015ftik. Papa\u2019dan ald\u0131\u011f\u0131 \u00f6devde, emperyalizmin \u00fclkemizdeki menfaatlerini savunmak i\u00e7in de yerel i\u015fbirlik\u00e7iler bulmak ve onlar\u0131 halk\u0131m\u0131z\u0131n i\u00e7ine \u00e7akmakt\u0131.<\/p><div id=\"bghab-3761339421\" class=\"bghab-icerik-icine-15-paragraf bghab-entity-placement\"><script async src=\"\/\/pagead2.googlesyndication.com\/pagead\/js\/adsbygoogle.js?client=ca-pub-6203283170189293\" crossorigin=\"anonymous\"><\/script><ins class=\"adsbygoogle\" style=\"display:block; text-align:center;\" data-ad-client=\"ca-pub-6203283170189293\" \ndata-ad-slot=\"7303146466\" \ndata-ad-layout=\"in-article\"\ndata-ad-format=\"fluid\" data-full-width-responsive=\"true\"><\/ins>\n<script> \n(adsbygoogle = window.adsbygoogle || []).push({}); \n<\/script>\n<\/div>\n<p>FET\u00d6-c\u00fc misyonerler bu \u00f6devi, Moskova ajan\u0131, ihanet\u00e7i hain Ahmet Do\u011fan\u2019la gizli i\u015fbirli\u011fi yaparak ger\u00e7ekle\u015ftirdiler. Onlar\u0131n sayesinde \u0130slam camilerde bile yanl\u0131\u015f anla\u015f\u0131lan bir din oldu. \u201c<strong>Ataka<\/strong>\u201d \u00e7etecileri Sofya \u201c<strong>Banya Ba\u015f\u0131 Cami<\/strong>\u201dne sald\u0131rd\u0131klar\u0131nda \u201c<strong>Zaman<\/strong>\u201d misyoncular\u0131 a\u011f\u0131zlar\u0131n\u0131 a\u00e7mad\u0131lar. K\u00f6y ve kasabalar\u0131m\u0131zda ho\u015fg\u00f6r\u00fc maskesi takan bu \u00f6zel g\u00f6revli din k\u00e2firleri, Bulgaristanl\u0131 M\u00fcsl\u00fcman T\u00fcrk etnik halk toplulu\u011funu dinle aldatmaya \u00e7al\u0131\u015ft\u0131lar. Biz memleketimizde dinler aras\u0131 diyalog giri\u015fimlerini de onlardan duyduk ve M\u00fcsl\u00fcmanl\u0131\u011f\u0131m\u0131z\u0131n gelece\u011finin hedef al\u0131nd\u0131\u011f\u0131n\u0131 anlayana kadar y\u0131llar ge\u00e7ti.<\/p>\n<p><strong>20 y\u0131lda b\u00fct\u00fcn\u00a0Bulgaristan&#8217;a\u00a0yay\u0131ld\u0131lar.<\/strong><\/p>\n<p>FET\u00d6 ajan \u00e7etesinin Bulgaristan M\u00fcsl\u00fcmanl\u0131\u011f\u0131na bu denli b\u00fcy\u00fck bir darbe indirmesi bekleniyordu. \u201cKom\u00fcnist ajan\u0131\u201d dedikleri Ba\u015f M\u00fcft\u00fcy\u00fc makam\u0131ndan atarken, onun yerine m\u00fcft\u00fcl\u00fcklere kendi kadrolar\u0131n\u0131 yerle\u015ftirme hesaplar\u0131n\u0131 \u00e7ok ince yapm\u0131\u015flard\u0131.<\/p>\n<p>\u0130lgili makamlar defalarca uyar\u0131lm\u0131\u015ft\u0131. 1990\u2019dan beri Bulgaristan\u2019da Feytullah G\u00fclen\u2019in t\u00fcm eserleri hi\u00e7 eksiksiz T\u00fcrk\u00e7e ve Bulgarca bas\u0131ld\u0131. K\u00f6fte ziyafeti gecelerinde gen\u00e7lerin kafalar\u0131na a\u015f\u0131land\u0131. Bu eserlerinde sapk\u0131n bir dini anlay\u0131\u015f\u0131 oldu\u011fu ve ana-vatan\u0131m\u0131z\u0131 bir askeri diktat\u00f6rl\u00fc\u011fe s\u00fcr\u00fckledi\u011fi, memleketimizde de T\u00fcrkl\u00fck ocaklar\u0131n\u0131 kurutmaya \u00e7al\u0131\u015ft\u0131\u011f\u0131 art\u0131k ortaya \u00e7\u0131kt\u0131.<\/p>\n<p>Bu kitaplardaki en ayd\u0131n sayfalarda bile bilim, modern d\u00fcnya g\u00f6r\u00fc\u015f\u00fc, demokratik anlay\u0131\u015f, \u00e7a\u011fda\u015f insan haklar\u0131, farkl\u0131 etniklerin ortak medeniyette bulu\u015fma kuram\u0131 \u00a0ve elektronik \u00e7a\u011f ba\u015ftan ba\u015fa karart\u0131ld\u0131. Halk\u0131m\u0131z G\u00fclen paras\u0131yla bizde cami kurulmas\u0131na \u0131\u015f\u0131k yakmad\u0131. O haram parayla da\u011f\u0131t\u0131lan \u201c<strong>Bulgaristan Zaman<\/strong>\u201d gazetesi y\u0131llarca d\u00fcnyam\u0131z\u0131 \u00e7arp\u0131tt\u0131. \u00c7ocuklar\u0131m\u0131z\u0131n beynine y\u0131llar y\u0131l\u0131 zehir damlatan \u201c<strong>\u00dcmit<\/strong>\u201d dergisi, imam hatip okullar\u0131m\u0131zda \u201c0\u201d s\u0131f\u0131r y\u0131l ilan etmesiyle hedefine ula\u015fm\u0131\u015f kabul edilebilir. \u00a0<strong>Bu yay\u0131nlar Avrupal\u0131 d\u00fc\u015f\u00fcncesiyle mayalanm\u0131\u015f d\u00fcnya g\u00f6r\u00fc\u015f\u00fcm\u00fcz\u00fc her g\u00fcn biraz daha k\u00f6reltti.<\/strong><\/p><div id=\"bghab-209885915\" class=\"bghab-icerik-icine-20-paragraf bghab-entity-placement\"><script async src=\"\/\/pagead2.googlesyndication.com\/pagead\/js\/adsbygoogle.js?client=ca-pub-6203283170189293\" crossorigin=\"anonymous\"><\/script><ins class=\"adsbygoogle\" style=\"display:block; text-align:center;\" data-ad-client=\"ca-pub-6203283170189293\" \ndata-ad-slot=\"7303146466\" \ndata-ad-layout=\"in-article\"\ndata-ad-format=\"fluid\" data-full-width-responsive=\"true\"><\/ins>\n<script> \n(adsbygoogle = window.adsbygoogle || []).push({}); \n<\/script>\n<\/div>\n<p><strong>Moskova ve Washington misyonerleri bizde bulu\u015ftu<\/strong><\/p>\n<p>Bununla birlikte, FET\u00d6 \u2013 \u00fclkemizin anakentlerinde \u2013 Sofya ve Plovdiv (Filibe)\u00a0 &#8211; lise d\u00fczeyinde yat\u0131l\u0131 \u201c<strong>Drujba<\/strong>\u201d okullar\u0131 a\u00e7t\u0131. Bu okullar bir defa, Bulgaristan T\u00fcrkleri ve \u00c7ingeneleri aras\u0131nda paras\u0131 olanlar\u0131 paras\u0131zlardan ay\u0131rd\u0131. Ancak milletvekili, b\u00fcy\u00fck toprak sahipleri, t\u00fcccar ve baz\u0131 y\u00fcksek memurlar\u0131n \u00e7ocuklar\u0131n\u0131 paral\u0131 e\u011fitime toplad\u0131. Sefil k\u00f6yl\u00fc aileleri evlatlar\u0131ndan hi\u00e7 birine y\u00fcz g\u00f6stermedi. Ba\u015fka bir anlat\u0131mla Hak ve \u00d6zg\u00fcrl\u00fck Hareketi y\u00f6netim elit grubu \u00e7ocuklar\u0131n\u0131 halktan kopar\u0131p \u00f6zel mutfakl\u0131 e\u011fitim oca\u011f\u0131na toplad\u0131. Bulgaristan\u2019a paral\u0131 e\u011fitim uygulamas\u0131 getiren bu hainler, H\u00d6H omuzlamas\u0131yla Avrupa Birli\u011fi fonlar\u0131m\u0131zdan da pay ald\u0131lar. Paras\u0131 olmayana okul yok zihniyetini yerle\u015ftirirken, ahalimizi par\u00e7alad\u0131lar, ancak Bulgar T\u00fcrk karma ailelerin \u00e7ocuklar\u0131na \u00f6n verdiler, ayr\u0131cal\u0131kl\u0131 grup olu\u015fturdular ve onlar\u0131 emperyalizmin ajan yeti\u015ftirme, misyoner e\u011fitme enstit\u00fclerine g\u00f6nderdiler ve halk\u0131m\u0131z\u0131n ba\u015f d\u00fc\u015fman\u0131 durumuna getirebildiler. B\u00f6ylece A. Do\u011fan haininin \u201cBulgar Etnik Modeli\u201dni hayata ge\u00e7irmi\u015f oldular. Bulgaristan T\u00fcrklerinin hayat hakk\u0131n\u0131 ellerinden alma hedefinde Moskova ve Washington misyonerleri birle\u015febildi. Hedeflerinde uyanma, dirilme, okuma, bilgilenme azmimizi yok etmek vard\u0131. Bu nedenle bu okullarda okuyan t\u00fcm \u00f6\u011frenciler \u00e7ok iyi takip edilmelidir.<\/p>\n<p><strong>FET\u00d6 okullar\u0131nda \u00f6\u011frenciler polis olmak istiyor<\/strong><\/p>\n<p>FET\u00d6 misyonerleri halk\u0131m\u0131z\u0131n ufkunu karartt\u0131. Okul ad\u0131ndaki bu kafa y\u0131kama merkezinde e\u011fitim \u0130ngilizce verildi\u011fi gibi, k\u0131z ve erkek \u00f6\u011frenciler ayr\u0131 yerle\u015fkelerde kal\u0131yor. Beyin y\u0131kama y\u00f6ntemleri de farkl\u0131d\u0131r. Son hedefte insan beynini betonla\u015ft\u0131rmak ve ta\u015f kafa yeti\u015ftirmek i\u00e7in yaz\u0131lm\u0131\u015f olan bu \u00f6zel kitaplar paras\u0131z da\u011f\u0131t\u0131l\u0131yor.<\/p>\n<p><strong>D\u0131\u015f \u00fclkelerden getirilen \u00f6zel hocalar<\/strong> derslerinde farkl\u0131 sunduklar\u0131 bilgileri birbirine ba\u011flayamayan d\u00fc\u015f\u00fcncesiz gen\u00e7 tipler yeti\u015ftiriyor. Y\u0131llar i\u00e7inde bizde de ta\u015f kafa yeti\u015ftirme y\u00f6ntemleri uyguland\u0131\u011f\u0131 ortaya \u00e7\u0131kt\u0131. Bu \u201c<strong>bilim<\/strong>\u201d merkezlerinde yap\u0131lan anketlerden al\u0131nan sonu\u00e7larda, \u00f6\u011frencilerin <strong>% 90\u2019n\u0131n\u0131n polis,<\/strong> kovu\u015fturma g\u00f6revlisi, sigorta \u015firketi memuru, gardiyan, savc\u0131 vb olmak istemesi \u00f6\u011frencilerin sistemli olarak tek tarafl\u0131 y\u00f6nlendirildi\u011fine kan\u0131tt\u0131r.<\/p><div id=\"bghab-3029218442\" class=\"bghab-icerik-icine-25-paragraf bghab-entity-placement\"><script async src=\"\/\/pagead2.googlesyndication.com\/pagead\/js\/adsbygoogle.js?client=ca-pub-6203283170189293\" crossorigin=\"anonymous\"><\/script><ins class=\"adsbygoogle\" style=\"display:block; text-align:center;\" data-ad-client=\"ca-pub-6203283170189293\" \ndata-ad-slot=\"7303146466\" \ndata-ad-layout=\"in-article\"\ndata-ad-format=\"fluid\" data-full-width-responsive=\"true\"><\/ins>\n<script> \n(adsbygoogle = window.adsbygoogle || []).push({}); \n<\/script>\n<\/div>\n<p><strong>FET\u00d6 \u00f6rg\u00fct\u00fcn\u00fcn \u00fclkemizdeki liselerinde din dersi okutulmuyor.<\/strong><\/p>\n<p>Verilen t\u00fcm derslerde geli\u015ftirilmek istenen d\u00fcnya g\u00f6r\u00fc\u015f\u00fc sap\u0131k bir din anlay\u0131\u015f\u0131na dayan\u0131yor. Politika ile din birbirine kayna\u015ft\u0131r\u0131l\u0131r iken de\u011fer sistemlerinde ke\u015fmeke\u015f yarat\u0131lm\u0131\u015f oluyor.<\/p>\n<p><strong>FET\u00d6 misyonerlerini her ad\u0131mda g\u00f6rmeye al\u0131\u015fm\u0131\u015ft\u0131k<\/strong><\/p>\n<p>FET\u00d6 misyoncusu \u00e7arp\u0131k g\u00f6r\u00fc\u015fl\u00fc din uzmanlar\u0131n\u0131n imam hatip liselerimize girdi\u011fi, Ramazan\u2019da camilerimize \u00e7\u00f6reklendi\u011fi, Kurban Bayramlar\u0131\u2019nda ba\u015f kasap rol\u00fcne soyundu\u011funu herkes\u00e7e bilinir. Bunlar bizde ekme\u011fini kazanmadan yiyen ki\u015filerdir.<\/p>\n<p>Son 26 y\u0131lda \u00fclkemizde y\u00fcr\u00fctt\u00fckleri etkinlikler ahalimizin halk dini k\u00fclt\u00fcr\u00fcne darbe \u00fcst\u00fcne darbe indirdi. Dinimizi dilimizi bozdular. Anla\u015f\u0131lmaz duruma geldi. Din hizmetleri paraya bindi.<\/p><div id=\"bghab-8362238\" class=\"bghab-icerik-icine-30-paragraf bghab-entity-placement\"><script async src=\"\/\/pagead2.googlesyndication.com\/pagead\/js\/adsbygoogle.js?client=ca-pub-6203283170189293\" crossorigin=\"anonymous\"><\/script><ins class=\"adsbygoogle\" style=\"display:block; text-align:center;\" data-ad-client=\"ca-pub-6203283170189293\" \ndata-ad-slot=\"7303146466\" \ndata-ad-layout=\"in-article\"\ndata-ad-format=\"fluid\" data-full-width-responsive=\"true\"><\/ins>\n<script> \n(adsbygoogle = window.adsbygoogle || []).push({}); \n<\/script>\n<\/div>\n<p>Bu bak\u0131ma, 15 Temmuz\u2019dan sonra destans\u0131 g\u00fcnler ya\u015fayan T\u00fcrkiye\u2019de Bulgaristanl\u0131 soyda\u015flar\u0131m\u0131z\u0131n, sivil toplum \u00f6rg\u00fctlerimizin sesi her zamankinden daha g\u00fcr y\u00fckseliyorsa, bizim de FET\u00d6 din ve e\u011fitim tuza\u011f\u0131ndan, yalanc\u0131lardan, y\u0131lanlardan kurtulmak istedi\u011fimiz ifade buluyor demektir. Bu arada FET\u00d6 \u2013 k\u00f6fteci \u00f6rg\u00fct\u00fcn\u00fcn Bulgaristan \u00dcniversitelerinde ve Y\u00fcksek Enstit\u00fclerinde okuyan \u00f6\u011frencilerle etkin \u00e7al\u0131\u015fmalar\u0131 da kesin son verilmesi zaman\u0131 gelmi\u015ftir. Bu \u00f6\u011frenci gruplar\u0131 aras\u0131ndaki \u00e7al\u0131\u015fmalarla FET\u00d6 ajan \u00e7etesi e\u011fitimine ve ter\u00f6rist a\u011f\u0131 kurulmas\u0131na kararl\u0131 bir \u015fekilde son verilmesinde \u0131srarl\u0131y\u0131z. 15\u201316 Temmuz gecesi, T\u00fcrkiye\u2019de demokrasi ve bar\u0131\u015f aleyhtarlar\u0131n\u0131n kalk\u0131\u015fmas\u0131, ba\u015far\u0131s\u0131z bile olsa, bu darbe giri\u015fimi bizim de hayat\u0131m\u0131z\u0131 direk olarak etkiledi, g\u00f6z\u00fcm\u00fcz\u00fc a\u00e7t\u0131. T\u00fcrkiye halk\u0131na kur\u015fun \u00e7eken bu hainlerden bize fayda gelmez.<\/p>\n<p><strong>FET\u00d6 \u00f6rg\u00fct\u00fc bir ter\u00f6r \u00f6rg\u00fct\u00fcd\u00fcr<\/strong>.<\/p>\n<p>FET\u00d6 ajan a\u011f\u0131 T\u00fcrkiye\u2019de halk\u0131n kendi kendini y\u00f6netmesine silah \u00e7ekip son vermeye \u00e7al\u0131\u015ft\u0131\u011f\u0131na g\u00f6re, tam bir ter\u00f6r \u00f6rg\u00fct\u00fcd\u00fcr. Meclisin bombalanmas\u0131 kudurmu\u015f ter\u00f6rc\u00fclerin eseridir. Ama\u00e7lar\u0131 u\u011fruna kalk\u0131\u015fm\u0131\u015f, ayaklanm\u0131\u015f, kan d\u00f6km\u00fc\u015f, meclisi ve bakanl\u0131klar\u0131 bombalam\u0131\u015f, sivilleri tanklarla ezmi\u015f, medyaya el atm\u0131\u015f ve k\u00f6pr\u00fcleri kapatm\u0131\u015ft\u0131r. Yasal kendini, devletini, cumhuriyeti ve demokrasiyi savunma hakk\u0131n\u0131 kullanan halk\u0131m\u0131z darbeci ter\u00f6r\u00fc ezmi\u015f ge\u00e7mi\u015ftir. Kalk\u0131\u015fan kara g\u00fc\u00e7leri halk\u0131m\u0131z durdurup bast\u0131rd\u0131. Mikroplar\u0131 bize de s\u0131\u00e7ram\u0131\u015fa benziyor. Ge\u00e7en hafta Bulgaristan\u2019\u0131n Pazarc\u0131k \u015fehrinde, Ba\u015fsavc\u0131 Tzazarov, polis \u015fefleri ve bas\u0131n ve kamuoyu temsilcileri \u00f6n\u00fcnde, Bulgaristan\u2019da \u201c<strong>sapk\u0131n bir din anlay\u0131\u015f\u0131na ortam olu\u015fturdu\u011funu<\/strong>\u201d s\u00f6yledi. Din kurslar\u0131nda ter\u00f6rist e\u011fitildi\u011fini iddia etmek istemiyorum, fakat sap\u0131k e\u011fitim \u00e7al\u0131\u015fmalar\u0131n\u0131n Bulgaristan M\u00fcsl\u00fcmanlar\u0131na adresli ele\u015ftirel ve sitemli s\u00f6ylemlerin hele son d\u00f6nemde artmas\u0131na neden oldu. Yine son g\u00fcnlerde, Bulgaristan T\u00fcrklerinin camilerinden imamlar\u0131n g\u00f6rev b\u0131rak\u0131p Bat\u0131 Avrupa \u00fclkelerindeki camilerde i\u015f bulmas\u0131 da dikkati \u00e7ekti.<\/p>\n<p><strong>Cin b\u00fcy\u00fcs\u00fcyle y\u00f6netilmek istenen kitle.<\/strong><\/p>\n<p>Totalitarizm d\u00f6neminde ola\u011fan\u00fcst\u00fc \u015fiddetli bask\u0131, ter\u00f6r ve zul\u00fcm g\u00f6rm\u00fc\u015f Bulgaristan M\u00fcsl\u00fcman taban\u0131n\u0131n y\u00f6netilmesi i\u00e7in Fytullahc\u0131 imamlar\u0131n uygulad\u0131\u011f\u0131 usullerden biri de camiye gidenleri arka odaysa al\u0131p ya da \u00f6zel ikili g\u00f6r\u00fc\u015fmeye davet edip m\u0131knat\u0131sl\u0131 bir cisim \u00fczerinde yemin ettirmekti. Art\u0131k hayatta ba\u015f\u0131na hi\u00e7bir k\u00f6t\u00fcl\u00fck gelmeyece\u011fine ili\u015fkin cin b\u00fcy\u00fcs\u00fc yap\u0131l\u0131yordu. Zul\u00fcmden yeni \u00e7\u0131kan insanlar\u0131m\u0131z b\u00fcy\u00fcde dermen aramaya yatk\u0131nd\u0131. B\u00fcy\u00fcn\u00fcn yap\u0131lmas\u0131yla, insan\u0131m\u0131z\u0131n uyan\u0131kl\u0131l\u0131\u011f\u0131n\u0131 s\u00f6nd\u00fcrd\u00fc\u011f\u00fc gibi, ge\u00e7mi\u015fi unutma ve ba\u015fa gelen yeni belalara da tarafs\u0131z kalma gibi sap\u0131kl\u0131klar a\u015f\u0131lan\u0131yordu. Mevlitlerde yap\u0131lan konu\u015fmalarda \u201c<strong>olan olmu\u015f, olacaklar da belli<\/strong>\u201d gibi sa\u00e7mal\u0131klar\u0131n \u00e7ok defa tekrarlanmas\u0131, kitlemizin dire\u015fkenli\u011fini t\u00f6rp\u00fclemek i\u00e7in yap\u0131l\u0131yordu. Oru\u00e7 ay\u0131nda Bulgaristan M\u00fcsl\u00fcmanlar\u0131n\u0131n d\u00fczenledi\u011fi iftarda, mevlit ve bayramlarda, hatta ya\u011fmur dualar\u0131nda mutlaka T\u00fcrkiye\u2019den bir imama s\u00f6z verilmesi gelene\u011fi dayat\u0131l\u0131rken i\u015fin \u00f6z\u00fc \u00e7arp\u0131t\u0131l\u0131yordu. Sanki en \u00f6nemli konu\u015fmay\u0131 bizi tan\u0131mayan yabanc\u0131 din adam\u0131n\u0131n yapaca\u011f\u0131, ancak onlar\u0131n ger\u00e7ekleri s\u00f6yledi\u011fi havas\u0131, DOST partisi y\u00f6netiminde Ba\u015fkan Yard\u0131mc\u0131s\u0131 g\u00f6revine y\u00fckselen \u015eabanali Ahmet ve H\u00fcseyin Haf\u0131zov\u2019un konu\u015fma ve etkinliklerinde de izleniyor. \u00d6zellikle, \u015eabanali Ahmet\u2019in B\u00fcy\u00fck G\u00f6\u00e7\u2019\u00fcn bu y\u0131lki y\u0131ld\u00f6n\u00fcm\u00fc anma t\u00f6renlerinde T\u00fcrkiye Trakya\u2019s\u0131 k\u00f6y ve kasaba halk\u0131n\u0131n k\u0131r gezileri ve alan t\u00f6renlerinde yapt\u0131klar\u0131 konu\u015fmalarda sivrildi. \u00a0Bizim ger\u00e7ekli\u011fimizle yak\u0131ndan uzaktan ilgisi olmayan bu konu\u015fmalar\u0131n, sap\u0131k bir din anlay\u0131\u015f\u0131ndan kaynakland\u0131\u011f\u0131 geni\u015f olarak yorumland\u0131. Siyasetle din birbirine kar\u0131\u015f\u0131rsa i\u015fin i\u00e7inden \u00e7\u0131kamay\u0131z deyenler oldu. \u00a0\u00d6ne s\u00fcr\u00fclen g\u00f6r\u00fc\u015fler, b\u00fcy\u00fclenmi\u015f ki\u015filerin do\u011fal ve toplum yasalar\u0131ndan tamamen uzak bir d\u00fcnya g\u00f6r\u00fc\u015f\u00fcnden kaynakland\u0131\u011f\u0131 i\u00e7in \u00f6zellikle gen\u00e7ler aras\u0131nda geni\u015f tepkilere neden oldu. T\u00fcrkiye kamuoyunun Bulgaristan\u2019da ya\u015fayan M\u00fcsl\u00fcmanlarla ilgili esass\u0131z bir anlay\u0131\u015fla etkilenmesi sonucunu do\u011fdu.<\/p><div id=\"bghab-3016130013\" class=\"bghab-icerik-icine-35-paragraf bghab-entity-placement\"><script async src=\"\/\/pagead2.googlesyndication.com\/pagead\/js\/adsbygoogle.js?client=ca-pub-6203283170189293\" crossorigin=\"anonymous\"><\/script><ins class=\"adsbygoogle\" style=\"display:block; text-align:center;\" data-ad-client=\"ca-pub-6203283170189293\" \ndata-ad-slot=\"7303146466\" \ndata-ad-layout=\"in-article\"\ndata-ad-format=\"fluid\" data-full-width-responsive=\"true\"><\/ins>\n<script> \n(adsbygoogle = window.adsbygoogle || []).push({}); \n<\/script>\n<\/div>\n<p><strong>Aram\u0131zda gizli i\u015fler yapan ki\u015filer var.<\/strong><\/p>\n<p>15-16 Temmuz gece olaylar\u0131, T\u00fcrk halk\u0131n\u0131n darbeleri suya d\u00fc\u015f\u00fcrme i\u015finde de d\u00fcnyaya \u00f6rnek oldu\u011funu g\u00f6sterdi. Darbecilerin yak\u0131n ve uzak \u00fclkelerdeki kol ve bacaklar\u0131n\u0131n kesilip etkisiz hale getirilmesi g\u00fcndeme \u00e7at\u0131lma meydanlar\u0131nda geldi. Bulgaristanl\u0131 soyda\u015flar bu kavgan\u0131n i\u00e7indeydi. BULT\u00dcRK k\u00fclt\u00fcr ve Hizmet Derne\u011fi Bayrampa\u015fa ve Taksim demokrasi n\u00f6betlerinin hepsine kat\u0131ld\u0131. Olaya bizim \u00fclkemiz a\u00e7\u0131s\u0131ndan bak\u0131ld\u0131\u011f\u0131nda, 40 y\u0131l demokrasiye susam\u0131\u015f, 40 y\u0131l \u00f6zg\u00fcrl\u00fck ve do\u011fal ve insan haklar\u0131 u\u011fruna \u00e7ok a\u011f\u0131r ko\u015fullarda sava\u015fm\u0131\u015f insanlar\u0131m\u0131z, 1989\u2019de g\u00f6\u00e7le par\u00e7alan\u0131rken dinimize susam\u0131\u015ft\u0131, T\u00fcrk\u00e7emiz \u00f6zlemiyle ba\u011fr\u0131 yanm\u0131\u015ft\u0131. FET\u00d6 ajanlar\u0131 \u00fclkemize, cami ve imam hatip okullar\u0131m\u0131za, ananelerimize ve geleneksel kutlamalar\u0131m\u0131za b\u00f6ylesi bilgiye, geleneklerimizle ya\u015famaya a\u00e7 bir ortamda gelip su gibi aram\u0131za girdiler. \u0130nsanlar\u0131m\u0131z aras\u0131nda kendilerine adam se\u00e7tiler. Kutsal bildi\u011fimiz her \u015feyimizi etkilemeye \u00e7al\u0131\u015ft\u0131lar. G\u00f6zlerimizi k\u00f6rletip bizim yenid\u00fcnyay\u0131 g\u00f6rebilmemizi engellemeye \u00e7al\u0131\u015ft\u0131lar. Bizimle u\u011fra\u015f\u0131rken misyoner kadrolar\u0131 aras\u0131nda uyanma oldu. Bu halka sapk\u0131n din de\u011fil ana dilini \u00f6\u011fretmek gerek, i\u015fin ba\u015f\u0131 anadil ve \u00f6z k\u00fclt\u00fcrd\u00fcr deyenler ortaya at\u0131ld\u0131, fakat hemen g\u00f6revden al\u0131nd\u0131lar. Ne ki bir\u00e7oklar\u0131 da aram\u0131zda yuva kurdu. Yerle\u015fenler n\u00fcfus sahibi oldu. \u015eimdi ortaya \u00e7\u0131kt\u0131\u011f\u0131na g\u00f6re, bunlar\u0131n hepsi bir ajan a\u011f\u0131 olu\u015fturdu\u011fundan ma\u011fda, Pensilvanya\u2019daki G\u00fclen haini taraf\u0131ndan bir ahtapot gibi y\u00f6netilip y\u00f6nlendiriliyor. Bu \u00f6rg\u00fct\u00fcn bir illegal \u00f6rg\u00fct oldu\u011fu ortaya \u00e7\u0131kt\u0131. Biz, bu illegal olu\u015fumlar yok edilmezse, bitirilmezse \u00e7al\u0131\u015fmalar\u0131na aras\u0131z devam eder ve bizi bitirmek ister kan\u0131s\u0131nday\u0131z.\u00a0 Bulgar savc\u0131l\u0131\u011f\u0131 baz\u0131 tespitlerde bulunsa da, ba\u015far\u0131l\u0131 \u00e7al\u0131\u015fma yapaca\u011f\u0131na inanm\u0131yoruz. Bir \u015fey yap\u0131lsa bile daha \u00f6nce oldu\u011fu gibi dinimize kar\u015f\u0131, bize kar\u015f\u0131 olur ve ajanlar bu defa da s\u0131yr\u0131l\u0131p ka\u00e7ar ve kay\u0131plara kar\u0131\u015f\u0131r. Bir\u00e7ok karde\u015fimiz aldat\u0131ld\u0131. Belki de t\u00fcm \u00a0ihtimaller g\u00f6z \u00f6n\u00fcnde bulunduruldu\u011fundan, son g\u00fcnlerde misyonerlerle ilgili \u201c<strong>y\u0131lan<\/strong>\u201d benzetmesi kullan\u0131l\u0131yor, bir deli\u011fe dal\u0131p yeni f\u0131rsat belirince \u00a0y\u00fczlerce encekle yine sald\u0131rabilece\u011fine i\u015faret ediliyor. Biz devaml\u0131 T.C.\u2019ye gidip geliyoruz. Bu ba\u011flarda, FET\u00d6 gizli \u00f6rg\u00fct ili\u015fkilerine olup olmad\u0131\u011f\u0131na da \u00f6zellikle bakmak gerekir.<\/p>\n<p><strong>Demokratlar darbeci zihniyete kar\u015f\u0131 sava\u015f\u0131m\u0131na her yerde ve her an kat\u0131lmaya haz\u0131r\u0131z. Biz kendi \u00f6zlemlerimizle ve h\u00fcr ya\u015famak istiyoruz.<\/strong><\/p>\n<p>&nbsp;<\/p>\n<div id=\"bghab-3564779092\" class=\"bghab-yazi-altinda bghab-entity-placement\"><div class=\"bghab-adlabel\">Reklamlar<\/div><script async src=\"https:\/\/pagead2.googlesyndication.com\/pagead\/js\/adsbygoogle.js\"><\/script>\r\n<!-- bghaber-yaz\u0131-sonu -->\r\n<ins class=\"adsbygoogle\"\r\n     style=\"display:block\"\r\n     data-ad-client=\"ca-pub-6203283170189293\"\r\n     data-ad-slot=\"4222328180\"\r\n     data-ad-format=\"auto\"\r\n     data-full-width-responsive=\"true\"><\/ins>\r\n<script>\r\n     (adsbygoogle = window.adsbygoogle || []).push({});\r\n<\/script><\/div><br style=\"clear: both; display: block; float: none;\"\/>","protected":false},"excerpt":{"rendered":"<p>Erta\u015f \u00c7AKIR Konu: Demokratlar darbeci zihniyete kar\u015f\u0131 sava\u015f\u0131yor. Demokrasiyle bulu\u015fma g\u00fcn\u00fc. Edirne\u2019den Karsa demokrasi n\u00f6beti 10. g\u00fcn\u00fcndedir.\u201cGev\u015femeden\u201d ilerliyor. Halk\u0131m\u0131z demokrasiyle kucakla\u015f\u0131yor. D\u00fcnya T\u00fcrk-g\u00fcc\u00fcn\u00fcn topta tankta<\/p>\n","protected":false},"author":13,"featured_media":0,"comment_status":"closed","ping_status":"closed","sticky":false,"template":"","format":"standard","meta":{"advanced_seo_description":"","jetpack_seo_html_title":"","jetpack_seo_noindex":false,"_jetpack_memberships_contains_paid_content":false,"footnotes":""},"categories":[6],"tags":[],"class_list":["post-19792","post","type-post","status-publish","format-standard","hentry","category-yorum"],"jetpack_featured_media_url":"","jetpack_sharing_enabled":true,"jetpack_likes_enabled":true,"jetpack-related-posts":[],"jetpack_shortlink":"https:\/\/wp.me\/pc2PfJ-59e","_links":{"self":[{"href":"https:\/\/www.bghaber.org\/bghaber\/wp-json\/wp\/v2\/posts\/19792","targetHints":{"allow":["GET"]}}],"collection":[{"href":"https:\/\/www.bghaber.org\/bghaber\/wp-json\/wp\/v2\/posts"}],"about":[{"href":"https:\/\/www.bghaber.org\/bghaber\/wp-json\/wp\/v2\/types\/post"}],"author":[{"embeddable":true,"href":"https:\/\/www.bghaber.org\/bghaber\/wp-json\/wp\/v2\/users\/13"}],"replies":[{"embeddable":true,"href":"https:\/\/www.bghaber.org\/bghaber\/wp-json\/wp\/v2\/comments?post=19792"}],"version-history":[{"count":0,"href":"https:\/\/www.bghaber.org\/bghaber\/wp-json\/wp\/v2\/posts\/19792\/revisions"}],"wp:attachment":[{"href":"https:\/\/www.bghaber.org\/bghaber\/wp-json\/wp\/v2\/media?parent=19792"}],"wp:term":[{"taxonomy":"category","embeddable":true,"href":"https:\/\/www.bghaber.org\/bghaber\/wp-json\/wp\/v2\/categories?post=19792"},{"taxonomy":"post_tag","embeddable":true,"href":"https:\/\/www.bghaber.org\/bghaber\/wp-json\/wp\/v2\/tags?post=19792"}],"curies":[{"name":"wp","href":"https:\/\/api.w.org\/{rel}","templated":true}]}}