{"id":19789,"date":"2016-07-25T19:40:25","date_gmt":"2016-07-25T16:40:25","guid":{"rendered":"http:\/\/www.bghaber.org\/bghaber\/?p=19789"},"modified":"2016-07-25T19:41:04","modified_gmt":"2016-07-25T16:41:04","slug":"buyukelci-gokce-turkiye-insanlarin-bir-darbeyi-nasil-durdurabilecegine","status":"publish","type":"post","link":"https:\/\/www.bghaber.org\/bghaber\/buyukelci-gokce-turkiye-insanlarin-bir-darbeyi-nasil-durdurabilecegine\/","title":{"rendered":"B\u00fcy\u00fckel\u00e7i G\u00f6k\u00e7e: T\u00fcrkiye, insanlar\u0131n bir darbeyi nas\u0131l durdurabilece\u011fine  \u00a0\u00a0\u00a0\u00a0\u00a0\u00a0\u00a0\u00a0\u00a0\u00a0\u00a0\u00a0\u00a0\u00a0\u00a0\u00a0\u00a0\u00a0\u00a0\u00a0\u00a0\u00a0\u00a0\u00a0\u00a0\u00a0\u00a0\u00a0\u00a0\u00a0 \u00f6rnek verdi."},"content":{"rendered":"<p>Konu<strong>:\u00a0 D\u00fcnyay\u0131 sarsan 15 Temmuz gecesi.<\/strong><\/p>\n<p>Bulgar bas\u0131n\u0131ndan al\u0131nm\u0131\u015ft\u0131r.<\/p>\n<p><img data-recalc-dims=\"1\" loading=\"lazy\" decoding=\"async\" class=\"\" src=\"https:\/\/i0.wp.com\/www.bghaber.org\/bghaber\/wp-content\/uploads\/2016\/07\/gokce-sofya.jpg?resize=640%2C358\" alt=\"gokce sofya\" width=\"640\" height=\"358\" \/><\/p>\n<p>T\u00fcrkiye Cumhuriyeti Sofya B\u00fcy\u00fckel\u00e7isi S\u00fcleyman G\u00f6k\u00e7e \u201c<strong>Darik Radyo\u201d<\/strong>da konu\u015ftu.<\/p>\n<p>\u201c<strong>Darik Radyosu<\/strong>\u201dna konu\u015fan T\u00fcrkiye Cumhuriyeti Bulgaristan B\u00fcy\u00fckel\u00e7isi S\u00fcleyman G\u00f6k\u00e7e, T\u00fcrkiye\u2019de uygulanan Ola\u011fan\u00fcst\u00fc Hal (OHAL) hedefinde temel insan hak ve \u00f6zg\u00fcrl\u00fcklerini s\u0131n\u0131rlamak yoktur, hedef bir devlet darbesi yapmaya kalk\u0131\u015fan ter\u00f6r \u00f6rg\u00fct\u00fcn\u00fcn m\u00fcmk\u00fcn oldu\u011fu kadar daha k\u0131sa bir s\u00fcrede bertaraf etmektir, dedi.<\/p>\n<p>\u201cOHAL \u00fc\u015f ayl\u0131k bir s\u00fcre yani 90 g\u00fcn i\u015fin il\u00e2n edildi fakat ola\u011fan\u00fcst\u00fc halin etkisi ter\u00f6r \u00f6rg\u00fct\u00fcne ve onun yanda\u015flar\u0131na kar\u015f\u0131 m\u00fccadelede ba\u015far\u0131 elde edilince tamamen durdurulacakt\u0131r\u201d deyen B\u00fcy\u00fckel\u00e7i G\u00f6k\u00e7e \u015f\u00f6yle devam etti. \u201cAnayasa y\u00fcr\u00fcrl\u00fcktedir, meclis \u00e7al\u0131\u015f\u0131yor, ekonomide i\u015fler normal geli\u015fiyor, bankalar a\u00e7\u0131kt\u0131r, borsa a\u00e7\u0131kt\u0131k, polis saati getirilmemi\u015ftir.\u201d<\/p><div id=\"bghab-2900310274\" class=\"bghab-icerik-icine bghab-entity-placement\"><script async src=\"\/\/pagead2.googlesyndication.com\/pagead\/js\/adsbygoogle.js?client=ca-pub-6203283170189293\" crossorigin=\"anonymous\"><\/script><ins class=\"adsbygoogle\" style=\"display:block; text-align:center;\" data-ad-client=\"ca-pub-6203283170189293\" \ndata-ad-slot=\"7303146466\" \ndata-ad-layout=\"in-article\"\ndata-ad-format=\"fluid\" data-full-width-responsive=\"true\"><\/ins>\n<script> \n(adsbygoogle = window.adsbygoogle || []).push({}); \n<\/script>\n<\/div>\n<p><strong>Erdo\u011fan T\u00fcrkiye\u2019de OHAL il\u00e2n etti.<\/strong><\/p>\n<p>T\u00fcrkiye Ba\u015fbakan\u0131\u2019n\u0131n eski ve yeni ola\u011fan\u00fcst\u00fc hallerle ilgili yapt\u0131\u011f\u0131 kar\u015f\u0131la\u015ft\u0131rmaya de\u011finen G\u00f6k\u00e7e \u015f\u00f6yle dedi: \u201cDaha \u00f6nce T\u00fcrkiye\u2019de halk\u0131n kontrol alt\u0131nda tutulabilmesi i\u00e7in halka kar\u015f\u0131 OHAL uygulanm\u0131\u015ft\u0131r. H\u00fck\u00fcmet kendi kendini s\u0131n\u0131rlamak, kendini kontrol etmek ve yasalara uygun olarak hareket etmek i\u00e7in, \u015fimdiki OHAL\u2019\u0130 kendine kar\u015f\u0131 uygulama karar\u0131 ald\u0131..\u201d<\/p>\n<p>Avrupa \u0130nsan Haklar\u0131 S\u00f6zle\u015fmesi T\u00fcrkiye\u2019de neden uygulanmayacak ve tutuklular\u0131n kaderi ne olacak sorusuna B\u00fcy\u00fckel\u00e7i G\u00f6k\u00e7e \u015fu yan\u0131t\u0131 verdi: \u201cYasalar uygulanacakt\u0131r. \u00d6ng\u00f6r\u00fclen etkinlikler Anayasa\u2019ya ve Avrupa \u0130nsan Halkas\u0131 S\u00f6zle\u015fmesi istemlerine uygun olarak mecliste g\u00f6r\u00fc\u015f\u00fclm\u00fc\u015f ve onaylanm\u0131\u015ft\u0131r.\u201d<\/p>\n<p>OHAL il\u00e2n edilmesi Anayasam\u0131z\u0131n 15. maddesine uygundur deyen B\u00fcy\u00fckel\u00e7i G\u00f6k\u00e7e, Frans\u0131z h\u00fck\u00fcmeti ola\u011fan\u00fcst\u00fc hali 6 ay \u00f6nce uygulad\u0131 ve 6 ay daha uzatt\u0131, hat\u0131rlatmas\u0131nda bulundu ve OHAL istenir bir durum olmasa da, ihtimal d\u0131\u015f\u0131 de\u011fildir vurgulamas\u0131 yapt\u0131.<\/p>\n<p><strong>T\u00fcrkiye\u2019de haklar\u0131nda su\u00e7lama olmayan tutuklular da 30 g\u00fcn g\u00f6zalt\u0131nda tutulabilecek.<\/strong><\/p><div id=\"bghab-1601822489\" class=\"bghab-icerik-icine-10-paragraf bghab-entity-placement\"><script async src=\"\/\/pagead2.googlesyndication.com\/pagead\/js\/adsbygoogle.js?client=ca-pub-6203283170189293\" crossorigin=\"anonymous\"><\/script><ins class=\"adsbygoogle\" style=\"display:block; text-align:center;\" data-ad-client=\"ca-pub-6203283170189293\" \ndata-ad-slot=\"7303146466\" \ndata-ad-layout=\"in-article\"\ndata-ad-format=\"fluid\" data-full-width-responsive=\"true\"><\/ins>\n<script> \n(adsbygoogle = window.adsbygoogle || []).push({}); \n<\/script>\n<\/div>\n<p>B\u00fcy\u00fckel\u00e7i G\u00f6k\u00e7e \u015f\u00f6yle dedi: \u201cBiz \u00e7ok geni\u015f bir yard\u0131mc\u0131 a\u011f\u0131ndan s\u00f6z ediyoruz, \u00f6yle ki bu \u015febekenin eleman\u0131 olan ya da ona yard\u0131mda bulunan ki\u015fileri kontrol alt\u0131nda tutmak zorunday\u0131z. G\u00f6zden kulaktan uzak kalmamas\u0131 gereken 50 \u2013 60 bin ki\u015fiden s\u00f6z ediyorum. Tutuklananlar\u0131n say\u0131s\u0131 4 binden az fazlad\u0131r. Onlar mahkeme karar\u0131yla i\u00e7erdedir. \u00d6teki 6 bin ki\u015fi ise, uygulanan koruma \u00f6nlemi sonucu g\u00f6zalt\u0131ndad\u0131r. Onlar savc\u0131 emriyle toplanm\u0131\u015ft\u0131r. \u00d6yle ki, s\u00f6z\u00fc edilen b\u00fcy\u00fck rakama giren di\u011fer ki\u015filer ne tutuklu ne de g\u00f6zalt\u0131ndad\u0131r. Onlar, \u00f6\u011fretmen, kamu g\u00f6revlisi vb mesleklerden olup kimileri g\u00f6revden serbest b\u0131rak\u0131lm\u0131\u015f,\u00a0 di\u011ferleri ise ancak bir s\u00fcre i\u00e7in uzakla\u015ft\u0131r\u0131lm\u0131\u015ft\u0131r. Haklar\u0131, \u00f6zg\u00fcrl\u00fckleri ve maa\u015flar\u0131 korunur.\u201d<\/p>\n<p>\u201cT\u00fcrkiye, vatanda\u015flar\u0131n, sivil halk\u0131n bir darbeyi nas\u0131l durdurabildi\u011fini d\u00fcnyaya g\u00f6sterdi,\u201d diyen diplomat G\u00f6k\u00e7e radyo konu\u015fmas\u0131n\u0131 \u015f\u00f6yle tamamlad\u0131: \u201cBu bir olgunla\u015fma s\u00fcrecidir, demokrasi zaferlerini bir gecede kazanam\u0131yor. Onun \u00fcst\u00fcn gelmesi i\u00e7in \u00e7aba g\u00f6stermek, d\u00fc\u015f\u00fcnmek, kurbanlar vermek, \u00e7al\u0131\u015fmak gerekir. Demokrasi hi\u00e7bir topluma para\u015f\u00fctle indirilemez.\u201d<\/p>\n<div id=\"bghab-2490319635\" class=\"bghab-yazi-altinda bghab-entity-placement\"><div class=\"bghab-adlabel\">Reklamlar<\/div><script async src=\"https:\/\/pagead2.googlesyndication.com\/pagead\/js\/adsbygoogle.js\"><\/script>\r\n<!-- bghaber-yaz\u0131-sonu -->\r\n<ins class=\"adsbygoogle\"\r\n     style=\"display:block\"\r\n     data-ad-client=\"ca-pub-6203283170189293\"\r\n     data-ad-slot=\"4222328180\"\r\n     data-ad-format=\"auto\"\r\n     data-full-width-responsive=\"true\"><\/ins>\r\n<script>\r\n     (adsbygoogle = window.adsbygoogle || []).push({});\r\n<\/script><\/div><br style=\"clear: both; display: block; float: none;\"\/>","protected":false},"excerpt":{"rendered":"<p>Konu:\u00a0 D\u00fcnyay\u0131 sarsan 15 Temmuz gecesi. Bulgar bas\u0131n\u0131ndan al\u0131nm\u0131\u015ft\u0131r. T\u00fcrkiye Cumhuriyeti Sofya B\u00fcy\u00fckel\u00e7isi S\u00fcleyman G\u00f6k\u00e7e \u201cDarik Radyo\u201dda konu\u015ftu. \u201cDarik Radyosu\u201dna konu\u015fan T\u00fcrkiye Cumhuriyeti Bulgaristan B\u00fcy\u00fckel\u00e7isi<\/p>\n","protected":false},"author":13,"featured_media":19780,"comment_status":"closed","ping_status":"closed","sticky":false,"template":"","format":"standard","meta":{"advanced_seo_description":"","jetpack_seo_html_title":"","jetpack_seo_noindex":false,"_jetpack_memberships_contains_paid_content":false,"footnotes":""},"categories":[5],"tags":[],"class_list":["post-19789","post","type-post","status-publish","format-standard","has-post-thumbnail","hentry","category-yasam"],"jetpack_featured_media_url":"https:\/\/i0.wp.com\/www.bghaber.org\/bghaber\/wp-content\/uploads\/2016\/07\/gokce-sofya.jpg?fit=600%2C336&ssl=1","jetpack_sharing_enabled":true,"jetpack_likes_enabled":true,"jetpack-related-posts":[],"jetpack_shortlink":"https:\/\/wp.me\/pc2PfJ-59b","_links":{"self":[{"href":"https:\/\/www.bghaber.org\/bghaber\/wp-json\/wp\/v2\/posts\/19789","targetHints":{"allow":["GET"]}}],"collection":[{"href":"https:\/\/www.bghaber.org\/bghaber\/wp-json\/wp\/v2\/posts"}],"about":[{"href":"https:\/\/www.bghaber.org\/bghaber\/wp-json\/wp\/v2\/types\/post"}],"author":[{"embeddable":true,"href":"https:\/\/www.bghaber.org\/bghaber\/wp-json\/wp\/v2\/users\/13"}],"replies":[{"embeddable":true,"href":"https:\/\/www.bghaber.org\/bghaber\/wp-json\/wp\/v2\/comments?post=19789"}],"version-history":[{"count":0,"href":"https:\/\/www.bghaber.org\/bghaber\/wp-json\/wp\/v2\/posts\/19789\/revisions"}],"wp:featuredmedia":[{"embeddable":true,"href":"https:\/\/www.bghaber.org\/bghaber\/wp-json\/wp\/v2\/media\/19780"}],"wp:attachment":[{"href":"https:\/\/www.bghaber.org\/bghaber\/wp-json\/wp\/v2\/media?parent=19789"}],"wp:term":[{"taxonomy":"category","embeddable":true,"href":"https:\/\/www.bghaber.org\/bghaber\/wp-json\/wp\/v2\/categories?post=19789"},{"taxonomy":"post_tag","embeddable":true,"href":"https:\/\/www.bghaber.org\/bghaber\/wp-json\/wp\/v2\/tags?post=19789"}],"curies":[{"name":"wp","href":"https:\/\/api.w.org\/{rel}","templated":true}]}}