{"id":19777,"date":"2016-07-24T18:19:01","date_gmt":"2016-07-24T15:19:01","guid":{"rendered":"http:\/\/www.bghaber.org\/bghaber\/?p=19777"},"modified":"2016-07-24T18:19:01","modified_gmt":"2016-07-24T15:19:01","slug":"amerikada-50-bulgar-okulu","status":"publish","type":"post","link":"https:\/\/www.bghaber.org\/bghaber\/amerikada-50-bulgar-okulu\/","title":{"rendered":"Amerika\u2019da 50 Bulgar Okulu"},"content":{"rendered":"<p>&nbsp;<\/p>\n<p><img data-recalc-dims=\"1\" loading=\"lazy\" decoding=\"async\" class=\"\" src=\"https:\/\/i0.wp.com\/www.bghaber.org\/bghaber\/wp-content\/uploads\/2016\/07\/OSMAN-BULBUL.jpg?resize=105%2C117\" alt=\"OSMAN BULBUL\" width=\"105\" height=\"117\" \/>\u00a0Osman B\u00dcLB\u00dcL<\/p>\n<p>Konu:\u00a0 \u00a0<strong>Ge\u00e7mi\u015fi iyi bilmek laz\u0131m!<\/strong><\/p>\n<p><strong>\u00a0\u00a0\u00a0\u00a0\u00a0\u00a0\u00a0\u00a0\u00a0\u00a0\u00a0\u00a0 Biz, olaca\u011f\u0131 d\u00fc\u015f\u00fcnerek ona g\u00f6re karar verip hareket etmek zorunday\u0131z.<\/strong><\/p>\n<p>\u0130nsan ya\u015flan\u0131nca, hele \u015fehirde kalm\u0131\u015fsa, \u00a0zaman\u0131n\u0131n daha b\u00fcy\u00fck k\u0131sm\u0131n\u0131 TV ba\u015f\u0131nda ya da parkta ge\u00e7irmeye ba\u015fl\u0131yor. Ben hala Viyana\u2019day\u0131m. Yaz, bizim oralara k\u0131yasla, Yukar\u0131 Tuna boyuna bir ay gecikmeli gelir. Ihlamurlar\u0131n a\u00e7\u0131p solmas\u0131yla son bahar kokular\u0131 da r\u00fczg\u00e2rlara teslim oldu. Art\u0131k burada da yaz. G\u00f6lgelerin koyusunu ar\u0131yoruz.<\/p><div id=\"bghab-2072219502\" class=\"bghab-icerik-icine bghab-entity-placement\"><script async src=\"\/\/pagead2.googlesyndication.com\/pagead\/js\/adsbygoogle.js?client=ca-pub-6203283170189293\" crossorigin=\"anonymous\"><\/script><ins class=\"adsbygoogle\" style=\"display:block; text-align:center;\" data-ad-client=\"ca-pub-6203283170189293\" \ndata-ad-slot=\"7303146466\" \ndata-ad-layout=\"in-article\"\ndata-ad-format=\"fluid\" data-full-width-responsive=\"true\"><\/ins>\n<script> \n(adsbygoogle = window.adsbygoogle || []).push({}); \n<\/script>\n<\/div>\n<p>\u0130kinci D\u00fcnya Sava\u015f\u0131\u2019nda \u00f6l\u00fcmc\u00fcl darbeler alan Orta Avrupa\u2019n\u0131n \u00e7ehre de\u011fi\u015ftirmesi yar\u0131m y\u00fczy\u0131l ald\u0131. Burada de\u011fi\u015fiklikler i\u00e7seldir. Memleketimde, kap\u0131 pencere boyas\u0131ndan, d\u0131\u015f duvar s\u0131vas\u0131ndan ba\u015flar. Sosyal de\u011fi\u015fiklikler, binalar\u0131n boyundan ya da lokantalar\u0131n l\u00fcks y\u0131ld\u0131zlar\u0131na yenisini eklemesinden \u00f6nce, insanlar\u0131n ya\u015fay\u0131\u015f\u0131na i\u015fler. S\u00f6zlerim tren yollar\u0131n\u0131n her k\u00f6ye uzanmas\u0131nda, trenlerin ara ve son duraklara daha dakik eri\u015fmesinde, insana sunulan hizmetlerin zaman\u0131nda, kusursuz ve ayn\u0131 olmas\u0131nda vs. ifade buldu. Sosyal g\u00fcvence, sa\u011fl\u0131k ve e\u011fitim kamunun sundu\u011fu hizmetlerde ola\u011fan\u00fcst\u00fc yer al\u0131yor. Bug\u00fcn Orta Avrupa\u2019ya ak\u0131n edenler \u00f6ncelikle \u015fu sosyal sistem hizmetlerinden yararlanmak i\u00e7in buraya gelir. S\u0131\u011f\u0131nmac\u0131 sellerinin kuzeye akmas\u0131n\u0131 da kendime b\u00f6yle izah ediyorum.<\/p>\n<p><strong>Dolar sevgisi Vatan sevgisine yenik d\u00fc\u015f\u00fcyor.<\/strong><\/p>\n<p>Viyana TV Birinci Kanal\u0131nda 1990\u2019dan sonra Amerika\u2019ya g\u00f6\u00e7en Bulgarlarla ilgili bir yay\u0131n vard\u0131. Chicago (\u015eikago) Bulgar motosikletliler grubunu anlatt\u0131lar. 150 Bulgar aile, de\u011fi\u015fik \u015fehirlerden, garsondan in\u015faat m\u00fchendisine kadar farkl\u0131 mesleklerden ki\u015filerdi. \u015eikago\u2019da hayata adapte olmu\u015flar ve aralar\u0131nda bir \u201cRockery Group\u201d olarak \u00fcnl\u00fc bir motosiklet\u00e7iler grubunda birle\u015fmi\u015fler. \u00c7ocuklar\u0131na Bulgar Okulu a\u00e7m\u0131\u015flar, aile i\u00e7inde yaln\u0131z anadillerinde konu\u015fuyorlar. \u00c7ocuklar\u0131yla yaln\u0131z Bulgarca temas ediyorlar, Bulgar kahvehandee ve ma\u011fazalar\u0131nda al\u0131\u015f veri\u015f edip toplan\u0131yorlar ve aralar\u0131nda s\u0131k\u0131 bir yard\u0131mla\u015fma ortam\u0131 yarat\u0131p yeni imkan kayna\u011f\u0131 nimetlerinden birlikte yararlan\u0131yorlar. 15\u201320 senedir oradalar. US vatanda\u015f\u0131 olmu\u015f olsalar da, bir g\u00fcn Bulgaristan\u2019a kendi k\u00f6y ya da kasabalar\u0131na d\u00f6nme heyecan\u0131yla yan\u0131p tutu\u015fuyorlar. Besbelli US Dolarlar\u0131na sevgi, Vatan sevgisi kar\u015f\u0131s\u0131nda yenik d\u00fc\u015fm\u00fc\u015f. \u00a0\u201c<strong>Biz burada \u00e7al\u0131\u015ft\u0131\u011f\u0131m\u0131z gibi Bulgaristan\u2019da \u00e7al\u0131\u015fsak, Bulgaristan Avrupa birincisi olur<\/strong> diyorlar. 50 Bulgar <strong>Okulu kurmu\u015flar. Birimiz hepimiz i\u00e7in, hepimiz de birimiz i\u00e7in var\u0131z!<\/strong> \u00a0diye yemin etmi\u015fler.<\/p>\n<p>Bir g\u00fcn bir AVM kahvesinde, 3\u20135 Bulgar gen\u00e7le kar\u015f\u0131la\u015ft\u0131m ve tan\u0131\u015ft\u0131k. Nikolay Min\u00e7ev, bizim Kazanl\u0131\u011f\u0131n G\u00fcl Vadisi k\u00f6ylerinden. Viyana \u00dcniversitesi\u2019nde Siyaset Bilimi okumu\u015f. \u0130kinci g\u00f6r\u00fc\u015fmemizde, Bulgaristan Ba\u015fbakan\u0131 Boyko Borisov\u2019un Politik Ki\u015fili\u011fi \u00fcst\u00fcne y\u00fcksek yetki belgesi i\u00e7in tezi yazd\u0131\u011f\u0131n\u0131 payla\u015ft\u0131. Bir Bulgaristanl\u0131 T\u00fcrk olarak olaylar\u0131 benim nas\u0131l yorumlad\u0131\u011f\u0131ma \u00f6nem verdi\u011fini, her s\u00f6z\u00fcm\u00fcn alt\u0131n de\u011ferinde falan oldu\u011funu s\u00f6yleyince ben de ilgilendim. Tabii onun g\u00f6z\u00fcnde bu denli de\u011ferli g\u00f6r\u00fcnmem g\u00f6l\u00fcm\u00fc biraz g\u0131d\u0131klad\u0131 ve teklifini kabul ettim.<\/p>\n<p><strong>Bulgar halk\u0131n\u0131n son d\u00f6nem siyasi lider arama a\u015famalar\u0131:<\/strong><\/p><div id=\"bghab-2852300922\" class=\"bghab-icerik-icine-10-paragraf bghab-entity-placement\"><script async src=\"\/\/pagead2.googlesyndication.com\/pagead\/js\/adsbygoogle.js?client=ca-pub-6203283170189293\" crossorigin=\"anonymous\"><\/script><ins class=\"adsbygoogle\" style=\"display:block; text-align:center;\" data-ad-client=\"ca-pub-6203283170189293\" \ndata-ad-slot=\"7303146466\" \ndata-ad-layout=\"in-article\"\ndata-ad-format=\"fluid\" data-full-width-responsive=\"true\"><\/ins>\n<script> \n(adsbygoogle = window.adsbygoogle || []).push({}); \n<\/script>\n<\/div>\n<p>Nikolay, Bulgaristan 1990 sonras\u0131 tarihini ikiye b\u00f6l\u00fcyor. 2000 senesi \u00f6ncesi \u201cdemokrasiye\u201d ge\u00e7i\u015f \u00a0Birinci B\u00f6l\u00fcm. 21. y\u00fczy\u0131ll\u0131n 16 y\u0131ll\u0131k ilk a\u015famas\u0131na da \u0130kinci B\u00f6l\u00fcm, diyor. Birinci b\u00f6l\u00fcmde yaln\u0131z kom\u00fcnistlerle antikom\u00fcnistler aras\u0131 m\u00fccadele \u00fczerinde duruyor. Bu sava\u015f\u0131mda yenen ve yenilen olmad\u0131, totaliter d\u00fczen s\u00f6k\u00fclemedi demekle yetiniyor ve \u201c<strong>o<\/strong> <strong>ilk b\u00f6l\u00fcm benim \u00a0konum d\u0131\u015f\u0131d\u0131r<\/strong>\u201d ekini geciktirmeden s\u00f6yl\u00fcyor.<\/p>\n<p>\u0130kinci a\u015famaya, 2000 y\u0131l\u0131ndan giriyor ve d\u00fcnyada bu b\u00f6l\u00fcm\u00fcn ad\u0131 \u201c<strong>elektronik a\u015famad\u0131r<\/strong>\u201d derken, bizde biraz gecikmeli yerle\u015fse de, b\u00f6yle kabul etmeliyiz. Onun kesin g\u00f6r\u00fc\u015f\u00fcne g\u00f6re, birinci a\u015famada Cumhurba\u015fkan\u0131 i\u00e7in <strong>partili lid<\/strong>er aran\u0131rken, ikinci a\u015famada ki\u015finin partili olma \u00f6zelli\u011fi buharla\u015fm\u0131\u015f ve ona g\u00f6re aranan ki\u015fi ba\u011f\u0131ms\u0131z ama sosyal kitle taraf\u0131ndan tan\u0131nan ve sevilen biri olabilir. \u00d6rnek olarak, Macaristan lideri Orban\u2019a i\u015faret ediyor.<\/p>\n<p><strong>\u201cBu fikirler Viyana \u00dcniversitesi\u2019nde yerle\u015fmi\u015f \u00f6yle mi<\/strong>?\u201d diye soruyorum ve o \u015f\u00f6yle devam ediyor.<\/p>\n<p>Yeni y\u00fczy\u0131la girerken Bulgar halk\u0131 da birden de\u011fi\u015fti. 1990 ile 2000 y\u0131llar\u0131 aras\u0131nda her g\u00fcn biraz daha derinle\u015fen bunal\u0131mlardan sanki kendi ba\u015f\u0131na \u00e7\u0131kamayaca\u011f\u0131n\u0131, kurtar\u0131c\u0131 rol\u00fc ne Bulgaristan Sosyalist Partisi (BSP) ne de Demokratik G\u00fc\u00e7ler Birli\u011fi (CDC) gibi iki ana partinin \u00fcslenip mutlu sona ta\u015f\u0131yamad\u0131\u011f\u0131n\u0131 g\u00f6r\u00fcnce, hemen de\u011fi\u015fti. Bir hayal k\u0131r\u0131kl\u0131\u011f\u0131 ya\u015fan\u0131rken, elektronik \u00e7a\u011f ba\u015flad\u0131. Bilgisayarlar hayat\u0131m\u0131za girerken. \u0130nternet belirdi. D\u00fcnya de\u011fi\u015fti.\u00a0 Tanr\u0131 sanki herkese bedava nimet bah\u015fediyordu. Birini veren \u00f6tekini de verir inanc\u0131 yay\u0131ld\u0131. B\u00f6yle bir beklenti ortam\u0131nda Bulgaristan halk\u0131 Simiyon Saks Koburgotski ki\u015fili\u011fiyle kayna\u015ft\u0131. O beklenen adamd\u0131. Millet yalanlarla b\u00fcy\u00fclendik\u00e7e co\u015ftu. Yeni simay\u0131 kucaklad\u0131. Hi\u00e7 d\u00fc\u015f\u00fcnmeden ba\u011f\u0131\u015flayan\u0131 se\u00e7ti. Beklenen mutlu g\u00fcn 854 g\u00fcn sonra do\u011facakt\u0131. O d\u00f6nemde II. Simiyon ata miras\u0131na kondu, ormanlar\u0131 kesti ve d\u0131\u015far\u0131 satt\u0131. Ba\u011f\u0131\u015flay\u0131c\u0131 adam, talanc\u0131 \u00e7\u0131kt\u0131.<\/p>\n<p>\u201c<strong>Siz, \u015fu okudu\u011fun \u00fcniversitede, 21. y\u00fczy\u0131l\u0131 mucizeler ba\u011f\u0131\u015flayan y\u00fczy\u0131l olarak m\u0131 ele al\u0131yorsunuz?<\/strong>\u201d Diye sormadan edemedim.<\/p><div id=\"bghab-1003100251\" class=\"bghab-icerik-icine-15-paragraf bghab-entity-placement\"><script async src=\"\/\/pagead2.googlesyndication.com\/pagead\/js\/adsbygoogle.js?client=ca-pub-6203283170189293\" crossorigin=\"anonymous\"><\/script><ins class=\"adsbygoogle\" style=\"display:block; text-align:center;\" data-ad-client=\"ca-pub-6203283170189293\" \ndata-ad-slot=\"7303146466\" \ndata-ad-layout=\"in-article\"\ndata-ad-format=\"fluid\" data-full-width-responsive=\"true\"><\/ins>\n<script> \n(adsbygoogle = window.adsbygoogle || []).push({}); \n<\/script>\n<\/div>\n<p>\u201cEvet \u00f6yle de, o d\u00f6nem \u015fimdi Bulgaristan\u2019da da a\u015f\u0131ld\u0131. Biliyorsun II. Simyon\u2019un partisi bile da\u011f\u0131ld\u0131. \u015eimdi o da bir \u015feyler ge\u00e7iriyor akl\u0131ndan ama mevsim ge\u00e7ince bizim G\u00fcller Vadisi\u2019nde de ne s\u00fcr\u00fcl\u00fcr ne kaz\u0131l\u0131r ne de ekilir\u2026<\/p>\n<p>\u201c<strong>Boyko ondan farkl\u0131 m\u0131<\/strong>?\u201d diye soruyorum ve ikimiz birbirimizi hem tan\u0131yor, hem burada \u00e7ok sevilen, bizim de her defas\u0131nda \u201c<strong>Guut!<\/strong>\u201d dedi\u011fimiz, o me\u015fhur s\u00fctl\u00fc \u201c<strong>Moca Caffe<\/strong>\u201d den ufak ufak yumulmuyor ve \u00f6n\u00fcm\u00fczdeki kekse uzan\u0131yoruz. \u00c7ok dolu. \u00c7ok heyecanl\u0131. Birikimi hemen masa \u00fczerine ak\u0131veriyor.<\/p>\n<p>\u201c<strong>Boyko, halk\u0131n tan\u0131makta zorluk \u00e7ekmedi\u011fi bir fig\u00fcr. Onu \u00fc\u00e7 a\u015famada g\u00f6r\u00fcyorum. Tezimin bu b\u00f6l\u00fcm\u00fcn\u00fc hemen hemen yazd\u0131m<\/strong>. Diyor.<\/p>\n<p><strong>Birinci B\u00f6l\u00fcmde<\/strong> o bir \u201c<strong>kurtar\u0131c\u0131<\/strong>\u201d rol\u00fc \u00fcslendi. Polis \u015fefli\u011finde kimin ne yapt\u0131\u011f\u0131n\u0131 biliyor ama m\u00fcdahale etmiyordu. Sonra birden bire gerek\u00e7e ve delil de uydurarak hareketlendi. Bir\u00e7ok vurucu-k\u0131r\u0131c\u0131 \u00e7eteyi \u00e7\u00f6kertti. Kendilerini devletten g\u00fc\u00e7l\u00fc tan\u0131tanlar\u0131 toplad\u0131. \u0130nsan ka\u00e7\u0131r\u0131p kulak memesini kesen, kar\u0131s\u0131na g\u00f6nderip milyon isteyenleri ya memleketten kovalad\u0131 ya da yakalad\u0131. Kendini halka b\u00f6yle sevdirdi. Bu i\u015fin i\u00e7inde karizmatik yani b\u00fcy\u00fckleyici bir yan vard\u0131. Bu heybetli adam, ba\u015fkalar\u0131n\u0131n yapamad\u0131\u011f\u0131n\u0131 yap\u0131yor ve halka huzur sunuyordu.<\/p>\n<p><strong>Bu birinci a\u015famas\u0131 Borisov\u2019un \u00f6yle mi? \u0130kincisinde ne oldu? <\/strong><\/p><div id=\"bghab-473185765\" class=\"bghab-icerik-icine-20-paragraf bghab-entity-placement\"><script async src=\"\/\/pagead2.googlesyndication.com\/pagead\/js\/adsbygoogle.js?client=ca-pub-6203283170189293\" crossorigin=\"anonymous\"><\/script><ins class=\"adsbygoogle\" style=\"display:block; text-align:center;\" data-ad-client=\"ca-pub-6203283170189293\" \ndata-ad-slot=\"7303146466\" \ndata-ad-layout=\"in-article\"\ndata-ad-format=\"fluid\" data-full-width-responsive=\"true\"><\/ins>\n<script> \n(adsbygoogle = window.adsbygoogle || []).push({}); \n<\/script>\n<\/div>\n<p>Cevab\u0131 haz\u0131rd\u0131: \u0130kinci a\u015famada Borisov, Ba\u015fbakan olarak yaln\u0131z a\u00e7\u0131l\u0131\u015f \u015feridi kesti. Bir yerde bir tuvalet a\u00e7\u0131lsa gidip \u015feridini kesen, Papaz\u0131n hay\u0131r duas\u0131 alan hep o oldu. Bu d\u00f6nemde, kutsal bir parti olarak tan\u0131t\u0131lan GERP partinin de ba\u015f\u0131na G\u00dc\u00c7L\u00dc ADAM olarak oturdu. Bu d\u00f6nemin en b\u00fcy\u00fck \u00f6zelli\u011fi karizmatik adamdan <strong>Bulgaristan kuracak \u015fah\u0131s<\/strong> yaratmakt\u0131. A\u00e7\u0131lan yollar\u0131n s\u00fcrekli \u00e7\u00f6kmesi, viraj a\u00e7\u0131lar\u0131 yanl\u0131\u015f hesaplanm\u0131\u015f da\u011f yollar\u0131ndaki seri trafik kazalar\u0131, tuvalet kuyular\u0131n\u0131 ar\u0131tacak sistem ve ara\u00e7lar eksikli\u011fi vb. karizmas\u0131n\u0131 g\u00f6lgeledi ve\u00a0 etraf\u0131 k\u0131sa s\u00fcrede kokuttu.<\/p>\n<p><strong>\u201cDemek \u00f6yle ha! \u0130lgin\u00e7. Nikolay bunlar\u0131 anlatt\u0131\u011f\u0131n gibi yazmam\u0131\u015fs\u0131nd\u0131r umar\u0131m! Bilirsin Almanlar hassast\u0131r<\/strong>.\u201d Dememe kalmadan gen\u00e7 bilim adam\u0131 \u00fc\u00e7\u00fcnc\u00fc a\u015famaya dald\u0131.<\/p>\n<p><strong>\u00dc\u00e7\u00fcnc\u00fc a\u015fama<\/strong> 2 sene \u00f6nce ba\u015flad\u0131. Borisov, <strong>Bulgar ulusunun birle\u015ftiricisi<\/strong> olarak \u00f6n plana \u00e7\u0131kt\u0131. H\u00d6H-DPS partisini \u00f6telemesi bu y\u00fczdendir. Her \u015feyden ve herkesten ben sorumluyum, demeye kalkt\u0131. M\u00fcsl\u00fcman T\u00fcrkleri devlet b\u00fcnyesinden s\u00f6k\u00fcp, soka\u011fa atma tehdidi de buna dayan\u0131r. Ya benimle olursunuz, ya ba\u015f\u0131n\u0131z\u0131n \u00e7aresine bakars\u0131n\u0131z havas\u0131 estirdi. Hat\u0131rlars\u0131n, 2014 sonunda se\u00e7im \u00f6ncesi Cebelde bir Pomak k\u00f6y\u00fcne u\u011frad\u0131, bir spor tesisi falan a\u00e7t\u0131 ve sanki etraftaki T\u00fcrk k\u00f6ylerinde ya\u015fayanlara ya benden yana ge\u00e7ersiniz size de ayn\u0131s\u0131n\u0131 yapar\u0131m, ya \u015fu \u00e7al\u0131klar\u0131n aras\u0131nda gir gide \u00e7\u00fcr\u00fcrs\u00fcn\u00fcz, demek istedi. Bu \u00fc\u00e7\u00fcnc\u00fc form\u00fcl tutmad\u0131. Art\u0131k B. Borisov simas\u0131n\u0131n \u00e7\u00f6z\u00fclerek k\u00fc\u00e7\u00fcld\u00fc\u011f\u00fcn\u00fc ve kamuoyunun kendisinden uzakla\u015fmak istedi\u011fini izliyoruz.<\/p>\n<p>Biz, \u00a0Nikolay ile etkile\u015fme kap\u0131s\u0131n\u0131 aralad\u0131\u011f\u0131m\u0131z g\u00fcn, ona \u201c<strong>O\u011flum, benden ald\u0131\u011f\u0131n bilgileri sen kendine g\u00f6re yada biraz farkl\u0131 yorumlasan, sorun \u00e7\u0131kar! Biz T\u00fcrkler olaylara farkl\u0131 a\u00e7\u0131dan bakar\u0131z. Kendisinden bize iyilik gelenin boyuna postuna, yalad\u0131\u011f\u0131 m\u00fcrekkebe bakmay\u0131z. Bir de \u015fu var, T\u00fcrklerle Bulgarlar aras\u0131nda tart\u0131\u015fma k\u00fclt\u00fcr\u00fc yoktur. Ne olur sen bana her \u015feyi anlat\u0131p soru sorma i\u015fine bo\u015f ver. Ben bildiklerimle kalay\u0131m, sen de \u00f6\u011frendiklerini yava\u015f yava\u015f bildi\u011fin gibi yaz, ben buralar\u0131n biraz da \u00a0yabanc\u0131s\u0131y\u0131m<\/strong>!, dedim.<\/p>\n<p>Hemen \u0131srar etti. \u201c<strong>Bizim k\u00f6yde \u00e7ok T\u00fcrk aile varm\u0131\u015f. Dedem bana \u00e7ok iyi kom\u015fumuz olduklar\u0131n\u0131 anlatt\u0131. G\u00f6\u00e7 etmi\u015fler. T\u00fcrklerle sohbet etmek zevklidir, s\u00f6z\u00fcn\u00fc de dedemden duymu\u015ftum. L\u00fctfen beni itme, senin farkl\u0131 g\u00f6r\u00fc\u015f\u00fcn bana yararl\u0131, seni hissediyorum<\/strong>.\u201d Dedi.<\/p><div id=\"bghab-310080670\" class=\"bghab-icerik-icine-25-paragraf bghab-entity-placement\"><script async src=\"\/\/pagead2.googlesyndication.com\/pagead\/js\/adsbygoogle.js?client=ca-pub-6203283170189293\" crossorigin=\"anonymous\"><\/script><ins class=\"adsbygoogle\" style=\"display:block; text-align:center;\" data-ad-client=\"ca-pub-6203283170189293\" \ndata-ad-slot=\"7303146466\" \ndata-ad-layout=\"in-article\"\ndata-ad-format=\"fluid\" data-full-width-responsive=\"true\"><\/ins>\n<script> \n(adsbygoogle = window.adsbygoogle || []).push({}); \n<\/script>\n<\/div>\n<p>Konuyu birlikte ya\u015fama sanat\u0131 sayfas\u0131n\u0131 a\u00e7arak yeniden derinle\u015ftirdik. Ona, birlikte ya\u015famak ve tart\u0131\u015fabilmek i\u00e7in k\u00fclt\u00fcr d\u00fczeyleri ayn\u0131 olan,\u00a0 birbirini anlayabilecek tart\u0131\u015fma k\u00fclt\u00fcr\u00fcne sahip bireylerin bir araya gelmeleri gerekir, bizim aram\u0131zda yar\u0131m as\u0131r ya\u015f fark\u0131 var, dedim.<\/p>\n<p><strong>Bulgarlarla T\u00fcrkler s\u0131k\u0131 dost olmal\u0131d\u0131r.<\/strong><\/p>\n<p>\u201c<strong>Ben, k\u00fcfl\u00fc kal\u0131p dogmalardan ar\u0131nm\u0131\u015f, daha do\u011frusu beynini dogmalarla doldurmam\u0131\u015f bir gencim, sizi anlayabilece\u011fimden eminim. Benim i\u00e7in Bulgaristanl\u0131 T\u00fcrkler Bulgarlar\u0131n en yak\u0131n dostlar\u0131 olmal\u0131d\u0131r, \u00e7\u00fcnk\u00fc 500 sene aralar\u0131nda kavga etmeden ya\u015fam\u0131\u015flar, asl\u0131nda \u015fimdi de d\u0131\u015ftan k\u00f6r\u00fcklenen ya da politik hesaplarla k\u0131\u015fk\u0131rt\u0131lan d\u00fc\u015fmanl\u0131k olmasa, aram\u0131zda sorun olmamal\u0131, yoksa yan\u0131l\u0131yor muyum?<\/strong>\u201d diye sordu.<\/p>\n<p>Bu s\u00f6zlerinden sonra, gence daha da \u0131s\u0131nmaya ba\u015flad\u0131m. \u201c<strong>\u015eu d\u00fcnyada se\u00e7imsiz demokrasi, s\u0131n\u0131rs\u0131z \u00fclke vb. icat edilebilseydi, belki de dedi\u011fin gibi olurdu, ne yaz\u0131k ki, ger\u00e7ekler farkl\u0131<\/strong>,\u201d dedim.<\/p>\n<p>\u201c<strong>Harika! Evet, harika! \u015eu se\u00e7imsiz demokrasiyi kimden duydunuz, nerede okudunuz<\/strong>? Diye yap\u0131\u015ft\u0131rd\u0131.<\/p><div id=\"bghab-3276067387\" class=\"bghab-icerik-icine-30-paragraf bghab-entity-placement\"><script async src=\"\/\/pagead2.googlesyndication.com\/pagead\/js\/adsbygoogle.js?client=ca-pub-6203283170189293\" crossorigin=\"anonymous\"><\/script><ins class=\"adsbygoogle\" style=\"display:block; text-align:center;\" data-ad-client=\"ca-pub-6203283170189293\" \ndata-ad-slot=\"7303146466\" \ndata-ad-layout=\"in-article\"\ndata-ad-format=\"fluid\" data-full-width-responsive=\"true\"><\/ins>\n<script> \n(adsbygoogle = window.adsbygoogle || []).push({}); \n<\/script>\n<\/div>\n<p>\u201c<strong>\u015eu an akl\u0131ma geldi<\/strong>!\u201d dedim.<\/p>\n<p>\u201c<strong>Size kasla toplumsal olumsuzluklar\u0131n, \u00e7eli\u015fki ve kavgalar\u0131n, hatta sava\u015flar\u0131n temelinde se\u00e7im yalanlar\u0131 ve kavgalar\u0131 m\u0131 var<\/strong>?\u201d diye sorarken g\u00f6zleri iyice \u0131\u015f\u0131ldad\u0131.<\/p>\n<p>\u201c<strong>Se\u00e7ime kimseye propaganda yap\u0131lmadan, kimse k\u00f6t\u00fclenmeden, kimse lanetlenmeden, oylar sat\u0131n al\u0131nmadan, oy kullanmazdan \u00f6nce i\u00e7meden ve kimse kimseden hesap sormadan gidilse, insanlar bir g\u00fcnde de\u011fil, y\u0131l boyunca sonu\u00e7 belirlese, oyu istedikleri zaman kullansalar<\/strong>!\u201d diye anlatmaya ba\u015flad\u0131m. \u00c7ok etkilendi ve ans\u0131z\u0131n:<\/p>\n<p>\u201c<strong>Asl\u0131nda olabilir, 21. y\u00fczy\u0131l\u0131 eski d\u00fcnyadan ay\u0131ran elektronik etkile\u015fim de\u011fil mi, onu istedi\u011fimiz gibi kullanabiliriz. Bilgisayar\u0131 a\u00e7\u0131p oyumuzu internet \u00fczerinden istedi\u011fiz an verebiliriz. Bu d\u00fcnyay\u0131 se\u00e7im y\u00fck\u00fcnden kurtarabilir. Tabii bunun bizim memlekette de yap\u0131labilmesi i\u00e7in, her vatanda\u015f\u0131n bilgisayar kullanmas\u0131, her ki\u015finin gizli kodu olmas\u0131 ve tam ba\u011f\u0131ms\u0131z ki\u015filikler yaratmam\u0131z gerekir<\/strong>\u201d derken sanki kendi kendine daha bir s\u00fcr\u00fc \u015feyler s\u00f6yl\u00fcyordu.<\/p>\n<p>\u201c<strong>Bunun i\u00e7in bilimselli\u011fin kendini ideolojiye b\u0131rakmamas\u0131, partilili\u011fin de ba\u011f\u0131ms\u0131zl\u0131k \u00f6n\u00fcnde boyun e\u011fmesi gerekir de\u011fil m<\/strong>i?\u201d dedim, kendime bir az daha \u00f6nem kazand\u0131rarak ve onun se\u00e7ti\u011fi y\u00fcksek yetki belgesi konusunun \u00f6nemli oldu\u011funa i\u015faret etmek i\u00e7in, \u201c<strong>seni yazaca\u011f\u0131n konundan uzakla\u015ft\u0131rmak gibi bir niyetim yok, istersen konuya d\u00f6nelim<\/strong>\u201d \u00f6nerisinde bulundum.<\/p><div id=\"bghab-32832247\" class=\"bghab-icerik-icine-35-paragraf bghab-entity-placement\"><script async src=\"\/\/pagead2.googlesyndication.com\/pagead\/js\/adsbygoogle.js?client=ca-pub-6203283170189293\" crossorigin=\"anonymous\"><\/script><ins class=\"adsbygoogle\" style=\"display:block; text-align:center;\" data-ad-client=\"ca-pub-6203283170189293\" \ndata-ad-slot=\"7303146466\" \ndata-ad-layout=\"in-article\"\ndata-ad-format=\"fluid\" data-full-width-responsive=\"true\"><\/ins>\n<script> \n(adsbygoogle = window.adsbygoogle || []).push({}); \n<\/script>\n<\/div>\n<p><strong>\u00c7ok farkl\u0131 g\u00f6r\u00fc\u015fler savundu<\/strong>:<\/p>\n<p>1990\u2019dan sonraki Bulgaristan\u2019\u0131 kom\u00fcnistlerle \u2013antikom\u00fcnistler aras\u0131nda bir amans\u0131z m\u00fccadele arenas\u0131 olarak a\u00e7maya \u00e7al\u0131\u015f\u0131rken, totalitarizm s\u00f6k\u00fclmedi, dedim ya, bunlar\u0131n nedenini bir de bizim k\u00fc\u00e7\u00fck toplumumuzda Bulgarlar\u0131n birbiriyle \u201c<strong>bacanak- \u00e7otanak ili\u015fkisinde aramal\u0131y\u0131z\u201d <\/strong>dedi. 1990\u2019da a\u00e7\u0131lan Bulgar s\u0131n\u0131rlar\u0131ndan ka\u00e7anlar \u201c<strong>soya d\u00f6n\u00fc\u015f<\/strong>\u201d d\u00f6nemi su\u00e7lular\u0131d\u0131r, Amerika\u2019da ve Kanada\u2019da saklan\u0131yorlar, diye ekledi.<\/p>\n<p>\u201c<strong>Sen \u015fimdi bana biz 20. y\u00fczy\u0131l\u0131n \u00e7\u00f6z\u00fclm\u00fc\u015f ve \u00e7\u00f6z\u00fclememi\u015f t\u00fcm sorunlar\u0131n\u0131 21. asra<\/strong><\/p>\n<p><strong>Ta\u015f\u0131d\u0131k, ambar\u0131m\u0131z k\u00fcfl\u00fc tohumla dolu, ekmeye yeni tohum gerek mi demek istiyorsun, <\/strong>dedim<strong>. ve Ba\u015fbakan Borisov da bu bulan\u0131k durumun bir \u00fcr\u00fcn\u00fcd\u00fcr m\u00fc demek istiyorsun,\u201d <\/strong>diye sordum.<\/p>\n<p>\u201c<strong>Ever! Tam \u00f6yle<\/strong>!\u201d dedi ve \u015f\u00f6yle devam etti: \u201c<strong>Ben bir siyaset bilimi adam\u0131 olmak istiyorum. Ba\u015fbakan ve Cumhurba\u015fkanlar\u0131n\u0131n konu\u015fmalar\u0131n\u0131, yaz\u0131lar\u0131n\u0131 yazmak istiyorum. Yani siyaset uzman\u0131! Ger\u00e7ekleri korkmadan ifade edebilmeliyim. Siz T\u00fcrklerin totalitarizm y\u0131llar\u0131nda aya\u011f\u0131n\u0131za ne dikenler batt\u0131\u011f\u0131n\u0131 biliyorum, onlar\u0131n u\u00e7lar\u0131n\u0131n bug\u00fcn de kanad\u0131\u011f\u0131n\u0131 da biliyorum. Zul\u00fcm yaras\u0131 kolay kapanmaz. Bu nedenle de\u011ferlendirmeleriniz benim i\u00e7in \u00e7ok \u00f6nemli.\u201d <\/strong><\/p><div id=\"bghab-2576910755\" class=\"bghab-icerik-icine-40-paragraf bghab-entity-placement\"><script async src=\"\/\/pagead2.googlesyndication.com\/pagead\/js\/adsbygoogle.js?client=ca-pub-6203283170189293\" crossorigin=\"anonymous\"><\/script><ins class=\"adsbygoogle\" style=\"display:block; text-align:center;\" data-ad-client=\"ca-pub-6203283170189293\" \ndata-ad-slot=\"7303146466\" \ndata-ad-layout=\"in-article\"\ndata-ad-format=\"fluid\" data-full-width-responsive=\"true\"><\/ins>\n<script> \n(adsbygoogle = window.adsbygoogle || []).push({}); \n<\/script>\n<\/div>\n<p>Samimiydi. Olaylar\u0131 derinden kavram\u0131\u015ft\u0131. K\u00f6kte nem yoksa a\u011f\u0131c\u0131n yapra\u011f\u0131n\u0131n sarar\u0131p kuruyaca\u011f\u0131na inanm\u0131\u015ft\u0131. Yazaca\u011f\u0131 tezdeki ger\u00e7ekleri, Bulgarlardan \u00f6nce Avrupa bilim \u00e7evrelerine sunmak istiyordu. Avrupal\u0131lar inanmazlarsa, Bulgar\u2019\u0131n inan\u0131p inanmamas\u0131n\u0131n \u00f6nemsiz oldu\u011funun fark\u0131ndayd\u0131. \u0130\u015fledi\u011fi konuda yaln\u0131zd\u0131. Bulgar kamuoyunun deste\u011fini almadan arenaya \u00e7\u0131kma h\u0131rs\u0131yla dolup ta\u015f\u0131yordu. Kan\u0131s\u0131na g\u00f6re, 1989\u2019da T\u00fcrkler Bulgaristan\u2019dan kovulmu\u015ftu. T\u00fcrklerin kendilerinin kalk\u0131p gitti\u011fi konusunda Bulgar Bulgar\u2019a gizli i\u00e7 propaganda yap\u0131lm\u0131\u015f ve kamuoyunda sapk\u0131n bir g\u00f6r\u00fc\u015f yerle\u015ftirilebilmi\u015fti.<\/p>\n<p>\u201c<strong>Senden ba\u015fka bir \u015fey \u00f6\u011frenmek istesem, cevap verir misin Nikolay<\/strong>,\u201d dedim.<\/p>\n<p>\u201c<strong>Evet, sor!<\/strong>\u201d dedi.<\/p>\n<p>\u201c<strong>Bu, anlatt\u0131\u011f\u0131n Bulgar Bulgar\u2019a propaganda yapt\u0131 meselesinde, T\u00fcrklerin ba\u015f\u0131na gelen her k\u00f6t\u00fcl\u00fck iyidir! Sonucuna vard\u0131n\u0131z, \u00f6yle mi<\/strong>? diye sordum.<\/p>\n<p>\u201c<strong>Var \u00f6yle bir \u015fey ama tamamen tutars\u0131z. T\u00fcrklerin hepsinin Bulgaristan\u2019dan tamamen gidece\u011fine biz de inanm\u0131yoruz. \u00c7\u00fcnk\u00fc siz Bulgaristan\u2019\u0131 vatan biliyorsunuz. 600 y\u0131l\u0131n ad\u0131 var. 10 ku\u015fak atalar\u0131n\u0131z bu toprakta yat\u0131yor. Bu i\u015fler \u00f6yle k\u0131\u015fk\u0131rt\u0131ya gelen \u00a0milliyet\u00e7ilerin istedi\u011fi gibi olmaz. T\u00fcrklerin ata kabirlerinin vatan simgesi oldu\u011funa inand\u0131\u011f\u0131n\u0131 biliyoruz<\/strong>\u201d diye ekledi. Bir s\u00fcre durdu, Moca kadehine uzand\u0131. Sanki derin bir ah \u00e7ektikten sonra, \u201c<strong>G\u00f6r\u00fcyor musun konumuzdan hep yan kay\u0131yoruz. Borisov\u2019u daha etrafl\u0131 konu\u015facakt\u0131k! S\u0131rt\u0131m\u0131zda tarihin a\u011f\u0131r y\u00fck\u00fc var. \u00d6nce onu indirmemiz gerek. Bilmem inan\u0131r m\u0131s\u0131n\u0131z. TAR\u0130H GELECEKT\u0130R. Ge\u00e7mi\u015fin \u00e7\u00f6p\u00fcn\u00fc \u00e7ak\u0131l\u0131n\u0131 s\u00fcp\u00fcrmeden gelece\u011fin yolu a\u00e7\u0131lamaz.<\/strong>\u201d Yerinden kalkt\u0131. \u201c<strong>Zaman\u0131m s\u0131n\u0131rl\u0131, yar\u0131n devam edelim! K\u0131rma beni ben saat 15\u2019te \u201cKahve vakti gelirim!\u201d Buralarda ol<\/strong>!\u201d Deyip uzakla\u015fmaya ba\u015flad\u0131.<\/p><div id=\"bghab-530498216\" class=\"bghab-icerik-icine-45-paragraf bghab-entity-placement\"><script async src=\"\/\/pagead2.googlesyndication.com\/pagead\/js\/adsbygoogle.js?client=ca-pub-6203283170189293\" crossorigin=\"anonymous\"><\/script><ins class=\"adsbygoogle\" style=\"display:block; text-align:center;\" data-ad-client=\"ca-pub-6203283170189293\" \ndata-ad-slot=\"7303146466\" \ndata-ad-layout=\"in-article\"\ndata-ad-format=\"fluid\" data-full-width-responsive=\"true\"><\/ins>\n<script> \n(adsbygoogle = window.adsbygoogle || []).push({}); \n<\/script>\n<\/div>\n<p>Yaz g\u00f6lgelerine basarak ilerleyen hem\u015ferimin ard\u0131ndan bakarken, \u201c<strong>Bulgaristanl\u0131 T\u00fcrklerin do\u011fru ve d\u00fcr\u00fcstl\u00fc\u011f\u00fcn\u00fc, ahlakl\u0131 ve onurlu oldu\u011funu ara\u015ft\u0131rmak ve d\u00fcnyaya duyurmak i\u00e7in gen\u00e7lik y\u0131llar\u0131n\u0131 Viyana\u2019da ge\u00e7iren Nikolay\u2019la i\u00e7ten i\u00e7e gururland\u0131m<\/strong>.<\/p>\n<div id=\"bghab-4064923330\" class=\"bghab-yazi-altinda bghab-entity-placement\"><div class=\"bghab-adlabel\">Reklamlar<\/div><script async src=\"https:\/\/pagead2.googlesyndication.com\/pagead\/js\/adsbygoogle.js\"><\/script>\r\n<!-- bghaber-yaz\u0131-sonu -->\r\n<ins class=\"adsbygoogle\"\r\n     style=\"display:block\"\r\n     data-ad-client=\"ca-pub-6203283170189293\"\r\n     data-ad-slot=\"4222328180\"\r\n     data-ad-format=\"auto\"\r\n     data-full-width-responsive=\"true\"><\/ins>\r\n<script>\r\n     (adsbygoogle = window.adsbygoogle || []).push({});\r\n<\/script><\/div><br style=\"clear: both; display: block; float: none;\"\/>","protected":false},"excerpt":{"rendered":"<p>&nbsp; \u00a0Osman B\u00dcLB\u00dcL Konu:\u00a0 \u00a0Ge\u00e7mi\u015fi iyi bilmek laz\u0131m! \u00a0\u00a0\u00a0\u00a0\u00a0\u00a0\u00a0\u00a0\u00a0\u00a0\u00a0\u00a0 Biz, olaca\u011f\u0131 d\u00fc\u015f\u00fcnerek ona g\u00f6re karar verip hareket etmek zorunday\u0131z. \u0130nsan ya\u015flan\u0131nca, hele \u015fehirde kalm\u0131\u015fsa, \u00a0zaman\u0131n\u0131n<\/p>\n","protected":false},"author":13,"featured_media":19647,"comment_status":"closed","ping_status":"closed","sticky":false,"template":"","format":"standard","meta":{"advanced_seo_description":"","jetpack_seo_html_title":"","jetpack_seo_noindex":false,"_jetpack_memberships_contains_paid_content":false,"footnotes":""},"categories":[6],"tags":[],"class_list":["post-19777","post","type-post","status-publish","format-standard","has-post-thumbnail","hentry","category-yorum"],"jetpack_featured_media_url":"https:\/\/i0.wp.com\/www.bghaber.org\/bghaber\/wp-content\/uploads\/2016\/07\/OSMAN-BULBUL.jpg?fit=97%2C108&ssl=1","jetpack_sharing_enabled":true,"jetpack_likes_enabled":true,"jetpack-related-posts":[],"jetpack_shortlink":"https:\/\/wp.me\/pc2PfJ-58Z","_links":{"self":[{"href":"https:\/\/www.bghaber.org\/bghaber\/wp-json\/wp\/v2\/posts\/19777","targetHints":{"allow":["GET"]}}],"collection":[{"href":"https:\/\/www.bghaber.org\/bghaber\/wp-json\/wp\/v2\/posts"}],"about":[{"href":"https:\/\/www.bghaber.org\/bghaber\/wp-json\/wp\/v2\/types\/post"}],"author":[{"embeddable":true,"href":"https:\/\/www.bghaber.org\/bghaber\/wp-json\/wp\/v2\/users\/13"}],"replies":[{"embeddable":true,"href":"https:\/\/www.bghaber.org\/bghaber\/wp-json\/wp\/v2\/comments?post=19777"}],"version-history":[{"count":0,"href":"https:\/\/www.bghaber.org\/bghaber\/wp-json\/wp\/v2\/posts\/19777\/revisions"}],"wp:featuredmedia":[{"embeddable":true,"href":"https:\/\/www.bghaber.org\/bghaber\/wp-json\/wp\/v2\/media\/19647"}],"wp:attachment":[{"href":"https:\/\/www.bghaber.org\/bghaber\/wp-json\/wp\/v2\/media?parent=19777"}],"wp:term":[{"taxonomy":"category","embeddable":true,"href":"https:\/\/www.bghaber.org\/bghaber\/wp-json\/wp\/v2\/categories?post=19777"},{"taxonomy":"post_tag","embeddable":true,"href":"https:\/\/www.bghaber.org\/bghaber\/wp-json\/wp\/v2\/tags?post=19777"}],"curies":[{"name":"wp","href":"https:\/\/api.w.org\/{rel}","templated":true}]}}