{"id":19774,"date":"2016-07-24T18:01:30","date_gmt":"2016-07-24T15:01:30","guid":{"rendered":"http:\/\/www.bghaber.org\/bghaber\/?p=19774"},"modified":"2019-01-28T01:17:30","modified_gmt":"2019-01-27T22:17:30","slug":"dicle-universitesi-rektorlugune-bulgaristanli-celik-atandi","status":"publish","type":"post","link":"https:\/\/www.bghaber.org\/bghaber\/dicle-universitesi-rektorlugune-bulgaristanli-celik-atandi\/","title":{"rendered":"Dicle \u00dcniversitesi Rekt\u00f6rl\u00fc\u011f\u00fc&#8217;ne Bulgaristanl\u0131 \u00c7EL\u0130K atand\u0131"},"content":{"rendered":"<div class=\"t pgm0 pgx0 pgh4 pgy5 pgff1 pgfs1 pgfc0 pgsc0 pgls0 pgws0\">Dicle \u00dcniversitesi\u2019nde (D\u00dc), d\u00fcn g\u00f6revden al\u0131nan Rekt\u00f6r Prof. Dr.\u00a0Ay\u015feg\u00fcl Jale Sara\u00e7\u2019\u0131n yerine, vekaleten Prof. Dr. G\u00fclfettin \u00c7elik\u00a0atand\u0131.<\/div>\n<div><\/div>\n<div class=\"t pgm0 pgx0 pgh5 pgy8 pgff2 pgfs2 pgfc1 pgsc0 pgls0 pgws0\">Dicle \u00dcniversitesi Rekt\u00f6r\u00fc Prof. Dr. Ay\u015feg\u00fcl Jale Sara\u00e7, d\u00fcn Y\u00fcksek \u00d6\u011fretim Kurumu\u00a0(Y\u00d6K) taraf\u0131ndan g\u00f6revden al\u0131nd\u0131ktan sonra, Diyarbak\u0131r Cumhuriyet Ba\u015fsavc\u0131l\u0131\u011f\u0131&#8217;n\u0131n,\u00a0Fetullah\u00e7\u0131 Ter\u00f6r \u00d6rg\u00fct\u00fc\/Paralel Devlet Yap\u0131lanmas\u0131 (FET\u00d6\/PDY) soru\u015fturmas\u0131\u00a0\u00e7er\u00e7evesinde, ter\u00f6rle m\u00fccadele ekipleri taraf\u0131ndan g\u00f6zalt\u0131na al\u0131nm\u0131\u015ft\u0131. G\u00f6revden\u00a0al\u0131nan Sara\u00e7&#8217;tan bo\u015falan rekt\u00f6rl\u00fck koltu\u011funa, vekaleten Prof. Dr. G\u00fclfettin \u00c7elik\u00a0atand\u0131.<\/div>\n<div><\/div>\n<div class=\"t pgm0 pgx0 pgh5 pgya pgff2 pgfs2 pgfc1 pgsc0 pgls0 pgws0\">\u00c7elik, bug\u00fcn \u00fcniversiteye gelerek, yeni g\u00f6revine ba\u015flad\u0131.<\/div>\n<div><\/div>\n<div><\/div>\n<div>\n<p><strong>Yrd. Do\u00e7. Dr. Abidin KARASU<\/strong><\/p>\n<p><strong>\u0130stanbul Medeniyet \u00dcniversitesi Edebiyat Fak\u00fcltesi\u00a0<\/strong><\/p>\n<p><strong>T\u00fcrk Dili ve Edebiyat\u0131 B\u00f6l\u00fcm\u00fc<\/strong><\/p>\n<\/div>\n<div id=\"bghab-129080745\" class=\"bghab-yazi-altinda bghab-entity-placement\"><div class=\"bghab-adlabel\">Reklamlar<\/div><script async src=\"https:\/\/pagead2.googlesyndication.com\/pagead\/js\/adsbygoogle.js\"><\/script>\r\n<!-- bghaber-yaz\u0131-sonu -->\r\n<ins class=\"adsbygoogle\"\r\n     style=\"display:block\"\r\n     data-ad-client=\"ca-pub-6203283170189293\"\r\n     data-ad-slot=\"4222328180\"\r\n     data-ad-format=\"auto\"\r\n     data-full-width-responsive=\"true\"><\/ins>\r\n<script>\r\n     (adsbygoogle = window.adsbygoogle || []).push({});\r\n<\/script><\/div><br style=\"clear: both; display: block; float: none;\"\/>","protected":false},"excerpt":{"rendered":"<p>Dicle \u00dcniversitesi\u2019nde (D\u00dc), d\u00fcn g\u00f6revden al\u0131nan Rekt\u00f6r Prof. Dr.\u00a0Ay\u015feg\u00fcl Jale Sara\u00e7\u2019\u0131n yerine, vekaleten Prof. Dr. G\u00fclfettin \u00c7elik\u00a0atand\u0131. Dicle \u00dcniversitesi Rekt\u00f6r\u00fc Prof. Dr. Ay\u015feg\u00fcl Jale Sara\u00e7,<\/p>\n","protected":false},"author":13,"featured_media":19775,"comment_status":"closed","ping_status":"closed","sticky":false,"template":"","format":"standard","meta":{"advanced_seo_description":"","jetpack_seo_html_title":"","jetpack_seo_noindex":false,"_jetpack_memberships_contains_paid_content":false,"footnotes":""},"categories":[1132],"tags":[],"class_list":["post-19774","post","type-post","status-publish","format-standard","has-post-thumbnail","hentry","category-biyografiler"],"jetpack_featured_media_url":"https:\/\/i0.wp.com\/www.bghaber.org\/bghaber\/wp-content\/uploads\/2016\/07\/gelecegin-liderlerinin-tercihi-siyasal-bilgiler-4830956_206_o.jpg?fit=500%2C547&ssl=1","jetpack_sharing_enabled":true,"jetpack_likes_enabled":true,"jetpack-related-posts":[],"jetpack_shortlink":"https:\/\/wp.me\/pc2PfJ-58W","_links":{"self":[{"href":"https:\/\/www.bghaber.org\/bghaber\/wp-json\/wp\/v2\/posts\/19774","targetHints":{"allow":["GET"]}}],"collection":[{"href":"https:\/\/www.bghaber.org\/bghaber\/wp-json\/wp\/v2\/posts"}],"about":[{"href":"https:\/\/www.bghaber.org\/bghaber\/wp-json\/wp\/v2\/types\/post"}],"author":[{"embeddable":true,"href":"https:\/\/www.bghaber.org\/bghaber\/wp-json\/wp\/v2\/users\/13"}],"replies":[{"embeddable":true,"href":"https:\/\/www.bghaber.org\/bghaber\/wp-json\/wp\/v2\/comments?post=19774"}],"version-history":[{"count":0,"href":"https:\/\/www.bghaber.org\/bghaber\/wp-json\/wp\/v2\/posts\/19774\/revisions"}],"wp:featuredmedia":[{"embeddable":true,"href":"https:\/\/www.bghaber.org\/bghaber\/wp-json\/wp\/v2\/media\/19775"}],"wp:attachment":[{"href":"https:\/\/www.bghaber.org\/bghaber\/wp-json\/wp\/v2\/media?parent=19774"}],"wp:term":[{"taxonomy":"category","embeddable":true,"href":"https:\/\/www.bghaber.org\/bghaber\/wp-json\/wp\/v2\/categories?post=19774"},{"taxonomy":"post_tag","embeddable":true,"href":"https:\/\/www.bghaber.org\/bghaber\/wp-json\/wp\/v2\/tags?post=19774"}],"curies":[{"name":"wp","href":"https:\/\/api.w.org\/{rel}","templated":true}]}}