{"id":19768,"date":"2016-07-23T20:06:32","date_gmt":"2016-07-23T17:06:32","guid":{"rendered":"http:\/\/www.bghaber.org\/bghaber\/?p=19768"},"modified":"2016-07-23T20:06:45","modified_gmt":"2016-07-23T17:06:45","slug":"farkli-bir-bakis-acisi","status":"publish","type":"post","link":"https:\/\/www.bghaber.org\/bghaber\/farkli-bir-bakis-acisi\/","title":{"rendered":"Farkl\u0131 Bir Bak\u0131\u015f A\u00e7\u0131s\u0131"},"content":{"rendered":"<p>Konu<strong>:\u00a0\u00a0 Fakirler devletlerin denge unsuru olma hakk\u0131 yoktur, \u00e7\u00fcnk\u00fc ezilirler.<\/strong><\/p>\n<p>Biz g\u00f6\u00e7meniz. Beraber geldi\u011fim ku\u015fak e\u011fitim ve \u00f6\u011frenimini Bulgaristan okullar\u0131nda ald\u0131. \u00a0Orada kendi okullar\u0131m\u0131z olmad\u0131\u011f\u0131ndan Bulgar ilk ve ortaokullar\u0131nda, lise ve \u00fcniversitelerinde okuduk. Y\u00fcksek e\u011fitim enstit\u00fclerine gidebilenlerimiz fazla de\u011fildir.\u00a0 Y\u00fcksek \u00f6\u011frenimli bir m\u00fchendisim. Bunun i\u00e7in sizi olaylara ba\u015fka bir a\u00e7\u0131dan bakmaya davet ediyorum.<\/p>\n<p>Bulgaristan\u2019daki yeni durumu okuyup \u00e7\u00f6zmekte g\u00fc\u00e7l\u00fck \u00e7ekildi\u011fini g\u00f6rebiliyorum. Oradan bakanlar\u0131n buradaki geli\u015fmeleri farkl\u0131 alg\u0131lad\u0131\u011f\u0131na ve ters yorumlayanlar oldu\u011funa da inan\u0131yorum. \u00c7\u00fcnk\u00fc hi\u00e7bir Avrupa \u00fclkesinde son 6 y\u0131lda 15 ba\u015far\u0131s\u0131z darbe kalk\u0131\u015fmas\u0131 olmam\u0131\u015ft\u0131r. Cumhuriyet rejiminde, emperyalizme ve irtica g\u00fc\u00e7lerine kar\u015f\u0131 ana kalkan olan Silahl\u0131 Kuvvetlerin, fonksiyon de\u011fi\u015fikli\u011fini bu denli a\u011f\u0131r ya\u015fad\u0131\u011f\u0131 izlenmemi\u015ftir. \u00dcstelik T.C.\u2019ye Halifelik esintisi ta\u015f\u0131yan karanl\u0131k g\u00fc\u00e7lerin silahl\u0131 kuvvetlerde, adliyede ve di\u011fer devlet kurumlar\u0131nda bu denli sinsi ve derin \u00f6rg\u00fctlenmi\u015f oldu\u011funu beklemezdik, \u015fa\u015ft\u0131k,\u00a0 desem azd\u0131r. B\u00fcy\u00fck T\u00fcrkiye yolunu kesmek isteyenlerin milli irademize yerden ve g\u00f6kten ate\u015f a\u00e7t\u0131klar\u0131n\u0131, demokrasimizin en y\u00fcce erdemi olan TBMM\u2019ni bombalamalar\u0131 g\u00f6z kama\u015ft\u0131rd\u0131. Kudurmu\u015flu\u011fun zirvesinde T\u00fcrkiye Ba\u015fkan\u0131 Say\u0131n R.T. Erdo\u011fan\u2019\u0131 \u00f6ld\u00fcrmek ve devleti y\u0131k\u0131p, halk\u0131 50 y\u0131l gerilere atmak oldu\u011funu d\u00fcnya \u015fahit oldu.<\/p>\n<p>Bulgaristan Stratejik Ara\u015ft\u0131rma Merkezi\u2019nin ilk yazarlar\u0131ndan biri olsam da karanl\u0131\u011f\u0131 delip ger\u00e7e\u011fi a\u00e7\u0131\u011fa \u00e7\u0131karacak ayd\u0131nl\u0131\u011fa sahip olmad\u0131\u011f\u0131m\u0131z\u0131 itiraf ediyorum. Son y\u0131llarda, \u00e7ok yaz\u0131p \u00e7izsek de, yeni intibahlar\u0131ma (uyan\u0131\u015f\u0131ma) g\u00f6re, s\u00f6ylenmemi\u015f ama mutlaka s\u00f6ylenmesi gereken \u00e7ok s\u00f6zler, yap\u0131lmam\u0131\u015f ama mutlaka yap\u0131lmas\u0131 gereken yeni analizler ve irdeleme yaz\u0131lar\u0131 var. S\u0131z\u0131nt\u0131lardan sonu\u00e7 \u00e7\u0131karmay\u0131 \u00f6\u011frenme zaman\u0131d\u0131r. BULT\u00dcRK \u2013 Bulgaristan T\u00fcrkleri K\u00fclt\u00fcr ve Hizmet Derne\u011fi\u2019nin son d\u00f6nemde bu ayd\u0131nlat\u0131c\u0131 etkinlikleri toplant\u0131lara ve di\u011fer dernek etkinliklerine ta\u015f\u0131mas\u0131 \u00e7abalar\u0131n\u0131 kutluyorum.<\/p>\n<p><strong>Gelirken k\u00f6r gelmi\u015ftik.<\/strong><\/p><div id=\"bghab-3783844226\" class=\"bghab-icerik-icine bghab-entity-placement\"><script async src=\"\/\/pagead2.googlesyndication.com\/pagead\/js\/adsbygoogle.js?client=ca-pub-6203283170189293\" crossorigin=\"anonymous\"><\/script><ins class=\"adsbygoogle\" style=\"display:block; text-align:center;\" data-ad-client=\"ca-pub-6203283170189293\" \ndata-ad-slot=\"7303146466\" \ndata-ad-layout=\"in-article\"\ndata-ad-format=\"fluid\" data-full-width-responsive=\"true\"><\/ins>\n<script> \n(adsbygoogle = window.adsbygoogle || []).push({}); \n<\/script>\n<\/div>\n<p>A\u00e7mak istedi\u011fim konuda, Bulgaristan\u2019dan k\u00f6r gelmemizin sebebi de var. Biz kom\u00fcnist d\u00f6nemde okuduk. Ders odalar\u0131nda i\u015flenen konularda, k\u00fct\u00fcphanelerdeki kitaplarda derin incelemeler yap\u0131lmad\u0131\u011f\u0131ndan ilgimiz s\u00f6n\u00fck kalm\u0131\u015f ve hatta k\u00f6reltilmi\u015fti. G\u00f6zlerimize ve kulaklar\u0131m\u0131za inansak sanki d\u00fcnya Kom\u00fcnist Partisi dolay\u0131nda d\u00f6n\u00fcyordu ve ba\u015fka bir d\u00fcnya yoktu. Zulm\u00fc bile do\u011fal ve yasal kabul etmek zorundayd\u0131k. \u00c7\u00fcnk\u00fc okudu\u011fumuz eserlerde yarg\u0131s\u0131z infaz yoktu. Kur\u015funlanan \u015fair Nikola Vapsarov bile idam alm\u0131\u015ft\u0131. Tarih ve sosyal olaylar kom\u00fcnistlikle ba\u015fl\u0131yor ve bitiyordu. Kom\u00fcnist \u00fclk\u00fc kutsall\u0131\u011f\u0131na konan sinek \u00f6ld\u00fcr\u00fclmeliydi. Bulgarlar\u0131n d\u00fc\u015f\u00fcnd\u00fc\u011f\u00fc gibi d\u00fc\u015f\u00fcnmeyen \u00f6ld\u00fcr\u00fclmeliydi. Ba\u015fkald\u0131ran\u0131nsa hesab\u0131 \u00e7oktan kesilmi\u015fti. Bu bak\u0131ma biz ister istemez k\u00f6r ve cahil b\u0131rak\u0131labilmi\u015fiz. Yaln\u0131z onlar\u0131n istedi\u011fini duyma hakk\u0131m\u0131z vard\u0131. Bunun tarifi, tek y\u00f6nl\u00fc e\u011fitimdir. T\u00fcrkiye\u2019ye de gelsek, Bulgaristan\u2019da da kalsak, d\u00fc\u015f\u00fcnce derinli\u011fi bak\u0131m\u0131ndan k\u0131s\u0131rla\u015ft\u0131r\u0131lm\u0131\u015ft\u0131k. \u00a0Bunun bir ba\u015fka ad\u0131 da bilginin karart\u0131lmas\u0131, insan beyninde bo\u015fluklar yarat\u0131lmas\u0131d\u0131r.<\/p>\n<p><strong>\u0130stanbul\u2019da Bulgar TV kanallar\u0131n\u0131 izliyorum<\/strong>.<\/p>\n<p>Bir defa birbiriyle \u00e7eli\u015fen \u0131rk\u00e7\u0131 milliyet\u00e7i, demokrat ve Rus\u00e7u yay\u0131nlar var. Milli menfaatin doyurucu tarifi yok. Sanki Bat\u0131n\u0131n g\u00f6lgesine girersek Bat\u0131 iyi, Rus\u2019un etki alan\u0131na d\u00fc\u015fersek Rus votkas\u0131 iyi. <strong>T\u00fcrk g\u00f6lgesi ise, \u00e7\u0131nar g\u00f6lgesi gibi, dallar\u0131n\u0131n meyve y\u00fckl\u00fc olmas\u0131n\u0131 istiyorlar.<\/strong> Bulgar politikac\u0131lar ise \u00fclkemizi balina bal\u0131\u011f\u0131 aras\u0131nda denge sa\u011flay\u0131c\u0131 gibi g\u00f6stermek istiyorlar. 25 metre uzun ve 80 tona kadar \u00e7\u0131kan bu deniz memelileri aras\u0131nda denge unsuru olmak \u00e7ok k\u00fc\u00e7\u00fck bir \u00fclke olan Bulgaristan\u2019\u0131n ne haddine! Fakat T\u00fcrkiye olmasa,\u00a0 Balkanlar\u0131n en b\u00fcy\u00fck \u00fclkesiyiz diyorlar. Burada balina bal\u0131\u011f\u0131 dedi\u011fim \u00fclkeler T\u00fcrkiye, Rusya ve Bat\u0131 devletleridir. De\u011fi\u015fen jeopolitik ortamda onlar\u0131n rolleri de de\u011fi\u015fiyor. Son haftalarda Rusya ile T\u00fcrkiye aras\u0131ndaki buzlar\u0131n birden erimesi ve ili\u015fkilerin normalle\u015fmesi Bulgar bas\u0131n\u0131nda \u00e7ok s\u0131k ve endi\u015feli i\u015flenen konulardan biri oldu. Yorumcular sanki bu iki dev anla\u015f\u0131rsa bize dengeleme tezg\u00e2h\u0131nda ekmek kalmaz demek istediler. 15\u201316 Temmuz gecesinde T\u00fcrk halk\u0131n\u0131n askeri kalk\u0131\u015fman\u0131n belini k\u0131rmas\u0131ndan sonra, Bulgar gazeteci ordusu T\u00fcrkiye\u2019ye ak\u0131n etti. Halk\u0131n \u201c<strong>bu memlekette herkes istedi\u011fini yapamaz<\/strong>\u201d tavr\u0131, sokaklara dolan bayrakl\u0131 kitlelerin Ba\u015fkan Erdo\u011fan ilke AK Parti saflar\u0131nda birle\u015fmesi sansasyon arayanlara dilini yutturdu.<\/p>\n<p><strong>Totalitarizmde Sovyetlere ba\u011flanmak istemi\u015ftik.<\/strong><\/p>\n<p>Gen\u00e7li\u011fimizi, Bulgaristan\u2019\u0131n Sovyet Sosyalist Cumhuriyetler Birli\u011fi\u2019ne\u00a0 (SSCB) \u2013Rusya Federasyonu\u2019nun eski ad\u0131 \u2013 16. cumhuriyet olarak kat\u0131lma arzusunu bayrakla\u015ft\u0131rd\u0131\u011f\u0131 y\u0131llarda<\/p><div id=\"bghab-109637608\" class=\"bghab-icerik-icine-10-paragraf bghab-entity-placement\"><script async src=\"\/\/pagead2.googlesyndication.com\/pagead\/js\/adsbygoogle.js?client=ca-pub-6203283170189293\" crossorigin=\"anonymous\"><\/script><ins class=\"adsbygoogle\" style=\"display:block; text-align:center;\" data-ad-client=\"ca-pub-6203283170189293\" \ndata-ad-slot=\"7303146466\" \ndata-ad-layout=\"in-article\"\ndata-ad-format=\"fluid\" data-full-width-responsive=\"true\"><\/ins>\n<script> \n(adsbygoogle = window.adsbygoogle || []).push({}); \n<\/script>\n<\/div>\n<p>ya\u015fad\u0131k. O d\u00f6nem, bu i\u015fin yanl\u0131\u015f oldu\u011funu, adamlar\u0131n a\u011fz\u0131 a\u00e7l\u0131ktan kokmu\u015f ne var onlar\u0131n aras\u0131nda diyenlere ceza evlerinde haz\u0131r yer vard\u0131. Bir\u00e7ok Bulgar milliyet\u00e7i hapsi boylam\u0131\u015ft\u0131. Bulgaristan, Var\u015fova Pakt\u0131 \u00fcyesi oldu\u011fu i\u00e7in Do\u011fu d\u00fcnyas\u0131na, T\u00fcrkiye de NATO \u00fcyesi oldu\u011fu i\u00e7in, Bat\u0131 d\u00fcnyas\u0131na aitti. Cephele\u015fmi\u015ftik. Bunun anlam\u0131 \u015fuydu. T\u00fcrkiye\u2019de olan her \u015fey k\u00f6t\u00fcyd\u00fc. Arzulansa bile iyi bir \u015fey olmas\u0131 m\u00fcmk\u00fcn de\u011fildi. Biz T\u00fcrkiye d\u00fc\u015fman\u0131 bir \u00fclkeydik. So\u011fuk Sava\u015f d\u00f6nemiydi. \u0130nsan haklar\u0131 rafa kald\u0131r\u0131lm\u0131\u015ft\u0131. Bulgaristan\u2019da az\u0131nl\u0131k haklar\u0131 diye bir \u015fey yoktu. Bask\u0131 alt\u0131ndayd\u0131k. Demokrasi, hak, \u00f6zg\u00fcrl\u00fck ve adalet i\u00e7i bo\u015falt\u0131lm\u0131\u015f kavramlard\u0131. Hukukun \u00fcst\u00fcnl\u00fc\u011f\u00fc yoktu. Kimsenin fikir s\u00f6yleyebilme hakk\u0131 yoktu. Hapishaneler T\u00fcrk M\u00fcsl\u00fcman doluydu. T\u00fcrk gen\u00e7ler yol ve in\u015faatlarda paras\u0131z \u00e7al\u0131\u015ft\u0131r\u0131l\u0131yordu. K\u00f6ylerde ya\u015f\u0131yorduk ve kar\u0131n toklu\u011funa \u00e7al\u0131\u015f\u0131yorduk. 16. cumhuriyet olsayd\u0131k herhangi bir \u015feyin de\u011fi\u015fece\u011fine inanm\u0131yordum.<\/p>\n<p><strong>Bilgisiz oldu\u011fumuz i\u00e7in, Bulgaristan siyaseti okumakta zorlan\u0131yoruz.<\/strong><\/p>\n<p>\u0130\u015fte b\u00f6yle bir ortamda ya\u015fad\u0131\u011f\u0131m\u0131zdan dolay\u0131, Bulgaristanl\u0131 olmam\u0131za ra\u011fmen, g\u00fcn\u00fcm\u00fcz bug\u00fcn de Bulgaristan siyasetini okumakta zorluk \u00e7ekiyoruz. Alg\u0131layamad\u0131\u011f\u0131m\u0131z konular var. Yeni konu a\u00e7\u0131l\u0131nca \u201c<strong>Bo\u015f ver<\/strong>!\u201d diyenlerin kafalar\u0131 alm\u0131yor. Son g\u00fcnlerde yeni bir konu a\u00e7\u0131ld\u0131. <strong>Ba\u015fbakan Royko Borisov Ankara\u2019ya geliyor<\/strong>. 24 A\u011fustos 2016\u2019da T\u00fcrkiye Ba\u015fkan\u0131 R. Tayyib Erdo\u011fan\u2019la resmi g\u00f6r\u00fc\u015fecek. Haberi yay\u0131ld\u0131 ve sorular ba\u015f kald\u0131rd\u0131: \u201c<strong>Ne olacak<\/strong>? <strong>Neden geliyor<\/strong>? <strong>Ne isteyecek<\/strong>?<\/p>\n<p><strong>Ferdinant Bulgaristan\u2019\u0131n ba\u015f\u0131na en fazla bela a\u00e7an adamd\u0131.<\/strong><\/p>\n<p>Soranlar her zaman hakl\u0131d\u0131r. \u00c7\u00fcnk\u00fc T\u00fcrkiye\u2019ye gelen Bulgar devlet adamlar\u0131n\u0131n hepsi T\u00fcrkiye devletinden hep bir \u015feyler istemi\u015ftir. Avu\u00e7 a\u00e7ma gelene\u011fi eskidir. \u0130kili ili\u015fkilerimizde \u00c7ar Saks Koburg Gotski ile ba\u015flar. O, Bulgaristan\u2019da \u00f6yk\u00fclendi\u011fi kitaplarda bir zavall\u0131 tilkiden aslan oland\u0131r. Hayat yolu bir onba\u015f\u0131n\u0131n mare\u015fale y\u00fckseli\u015f yoludur. Tarihimize I. Ferdinant (1861\u20131948) olarak ge\u00e7en bu ki\u015fi, bir Alman kontudur. Osmanl\u0131dan kopan Bulgar siyaseti Rus yanda\u015fl\u0131\u011f\u0131ndan Alman taraftarl\u0131\u011f\u0131na viraj yaparken, 7 Temmuz 1878\u2019de Bulgar Prensli\u011fine Prens atanm\u0131\u015ft\u0131r. 1895\u2019te Bulgar Generali apoletlerini takm\u0131\u015f, 22 Eyl\u00fcl 1908\u2019de Bulgar \u00c7ar\u0131 ta\u00e7 giymezden \u00f6nce, \u0130stanbul\u2019a gidip <strong>Abd\u00fcl Hamid\u2019in aya\u011f\u0131n\u0131 \u00f6pm\u00fc\u015f ve Osmanl\u0131 Ordusu Mare\u015fali r\u00fctbesiyle \u015fereflendirilmi\u015ftir.<\/strong> Rusya \u00c7ar\u0131 II. Nikolay\u2019\u0131n deste\u011fiyle 1912\u2019den sonra Bulgaristan\u2019\u0131 Birinci ve \u0130kinci Balkan Sava\u015flar\u0131na s\u00fcr\u00fcklemi\u015f ve yenilgi \u00fcst\u00fcne yenilgi alarak \u00fclkeyi felakete itmi\u015ftir.<\/p><div id=\"bghab-2108195925\" class=\"bghab-icerik-icine-15-paragraf bghab-entity-placement\"><script async src=\"\/\/pagead2.googlesyndication.com\/pagead\/js\/adsbygoogle.js?client=ca-pub-6203283170189293\" crossorigin=\"anonymous\"><\/script><ins class=\"adsbygoogle\" style=\"display:block; text-align:center;\" data-ad-client=\"ca-pub-6203283170189293\" \ndata-ad-slot=\"7303146466\" \ndata-ad-layout=\"in-article\"\ndata-ad-format=\"fluid\" data-full-width-responsive=\"true\"><\/ins>\n<script> \n(adsbygoogle = window.adsbygoogle || []).push({}); \n<\/script>\n<\/div>\n<p><strong>Borisov\u2019u Orgeneral yapan da biziz.<\/strong><\/p>\n<p>Osmanl\u0131 Sultan\u0131\u2019n\u0131n Ferdinat\u2019\u0131 Mare\u015fal yapt\u0131\u011f\u0131 gibi, 1990\u2019dan sonra ba\u015flayan demokrasi y\u0131llar\u0131nda Bulgar Cumhurba\u015fkanlar\u0131n\u0131n d\u00f6rd\u00fc de T\u00fcrk M\u00fcsl\u00fcmanlar\u0131n oylar\u0131yla se\u00e7ildi. \u00dcstelik yeni d\u00f6nem Bulgar tarihinde 1913\u20131918 ba\u015fbakan\u0131 Vasil Radoslavov; 1919\u20131923 ba\u015fbakan\u0131 Aleksand\u0131r Stanboliyski; 1991-1992\u2019de Filip Dimitrov; 1992-1994\u2019te L\u00fcben Berov; 2001-2005\u2019te II. Simiyon ve 2005 \u2013 2009\u2019da Sergey Stani\u015fev hep M\u00fcsl\u00fcman T\u00fcrklerin oylar\u0131yla h\u00fck\u00fcmet kurdular. II. Simiyon h\u00fck\u00fcmetinde \u0130\u00e7 \u0130\u015fleri Bakanl\u0131\u011f\u0131 Sekreteri olan bug\u00fcnk\u00fc GERB partisi lideri ve Ba\u015fbakan B. Borisov, Hak ve \u00d6zg\u00fcrl\u00fckler Hareketi y\u00f6netiminin \u00f6zel \u0131srar\u0131yla II. Simiyon elinden Orgeneral r\u00fctbesi ald\u0131. Oysa meslekten itfaiyecidir.<\/p>\n<p><strong>Yeni Bulgar tarihini her i\u015finde tuzumuz var desek yalan olmaz.<\/strong><\/p>\n<p>Anlatmak istedi\u011fim, Bulgaristan tarihinde en \u00f6nemli siyasi adamlar hedeflerine her zaman T\u00fcrk M\u00fcsl\u00fcmanlar\u0131n oylar\u0131, yard\u0131m\u0131 ve deste\u011fi sayesinde ula\u015ft\u0131lar. Onlar\u0131n aras\u0131nda bize arka olanlar da oldu. Ba\u015fbakan Vasil Radoslavov 1913\u2019te Pomak M\u00fcsl\u00fcmanlar\u0131n isimlerini ve din \u00f6zg\u00fcrl\u00fcklerini iade etti. Aleksand\u0131r Stanboliyski 1920\u2019lerde M\u00fcsl\u00fcman T\u00fcrklerin okullar\u0131na ve bas\u0131n yay\u0131n hayat\u0131na devlet yard\u0131m\u0131 sa\u011flad\u0131. Ne ki, bunlar kendili\u011finde olmu\u015f i\u015fler de\u011fildir. K\u00f6kleri \u00e7ok derindir.<\/p>\n<p><strong>\u015e\u00f6yle bir sayfa a\u00e7\u0131yorum:<\/strong><\/p><div id=\"bghab-3979768147\" class=\"bghab-icerik-icine-20-paragraf bghab-entity-placement\"><script async src=\"\/\/pagead2.googlesyndication.com\/pagead\/js\/adsbygoogle.js?client=ca-pub-6203283170189293\" crossorigin=\"anonymous\"><\/script><ins class=\"adsbygoogle\" style=\"display:block; text-align:center;\" data-ad-client=\"ca-pub-6203283170189293\" \ndata-ad-slot=\"7303146466\" \ndata-ad-layout=\"in-article\"\ndata-ad-format=\"fluid\" data-full-width-responsive=\"true\"><\/ins>\n<script> \n(adsbygoogle = window.adsbygoogle || []).push({}); \n<\/script>\n<\/div>\n<p>1877-78 Sava\u015f\u0131ndan sonra Bulgaristan zar\u0131na \u00fc\u00e7 d\u00fc\u015ft\u00fc. Bu, yeni Prenslikte ya\u015fayan insanlar\u0131n bir b\u00f6l\u00fcm\u00fcn\u00fcn Osmanl\u0131ya, ikinci k\u0131sm\u0131n\u0131n Rusya\u2019ya ve \u00fc\u00e7\u00fcnc\u00fc grubun da Bat\u0131 Avrupa\u2019ya bakt\u0131\u011f\u0131 anlam\u0131ndayd\u0131. Ku\u015fkusuz \u015fimdiye kadar bu konuyu i\u015fleyenler, Osmanl\u0131ya bakanlar\u0131 anlat\u0131rken onlar\u0131n 1878 say\u0131m\u0131nda n\u00fcfusun % 62\u2019sini olu\u015fturdu\u011funu, fakat g\u00f6\u00e7erek gitgide azald\u0131klar\u0131n\u0131 yazd\u0131klar. Asl\u0131nda bu olay\u0131n i\u00e7inde gizli kalm\u0131\u015f b\u00fcy\u00fck bir ger\u00e7ek de var ki, <strong>bug\u00fcnk\u00fc Bulgaristan siyasetini etkilemeye devam ediyor<\/strong>. Bakal\u0131m:<\/p>\n<ol>\n<li>Bulgarlar\u0131n ulusal kimlik bilinci Osmanl\u0131da olu\u015fup geli\u015fti. Bu \u015fuurun<\/li>\n<\/ol>\n<p>yay\u0131lmas\u0131nda, o zamanlar \u0130stanbul\u2019da ya\u015fayan 29 bin Bulgar esnaf ve \u00fcreten (manifaturac\u0131) yani sanayi burjuvazisi vard\u0131. Aba, kaytan, kemer, \u00e7ar\u0131k, fes \u00fcretseler de, onlar\u0131n olu\u015fan Bulgar milli maneviyat\u0131ndaki rol\u00fc b\u00fcy\u00fck ve \u00f6nemliydi. Onlar, hem \u00fcretiyor hem de mallar\u0131n\u0131 b\u00fct\u00fcn imparatorluk pazarlar\u0131nda engelsiz sat\u0131yordu. Belki de Bulgar sermayesinin o d\u00f6nemki b\u00fcy\u00fckl\u00fckte bir pazar\u0131 bir daha olmad\u0131. Daha kesin bir ifadeyle \u00fcretim ve ticaret erbab\u0131 Bulgar zenginler <strong>Osmanl\u0131\u2019dan ayr\u0131lmak istemiyorlard\u0131.\u00a0 Demek oluyor ki, Bulgarlar Osmanl\u0131dan ayr\u0131ld\u0131ktan ve Prenslik s\u0131n\u0131rlar\u0131 i\u00e7ine kapand\u0131ktan sonra Osmanl\u0131ya bakan Bulgarlar da vard\u0131 ve bu bak\u0131\u015f bug\u00fcn de vard\u0131r. \u00c7\u00fcnk\u00fc aradan bir as\u0131rdan uzun bir zaman ge\u00e7mi\u015f olmas\u0131na ra\u011fmen, ne Alman ne de Rus sermayesi Bulgar egemenli\u011fine o gururlu var olu\u015fu bir daha ya\u015fatmam\u0131\u015ft\u0131r. Bug\u00fcn de \u00fclkede do\u011fru d\u00fcr\u00fcst \u00e7al\u0131\u015fan ne bir Alman ne de bir Rus sanayi tesisi vard\u0131r. <\/strong><\/p>\n<p><strong>2.\u00a0<\/strong>Bulgar din adamlar\u0131, Osmanl\u0131 topraklar\u0131ndaki kilise ve manast\u0131rlar\u0131nda Rum<\/p>\n<p>Papazlardan ar\u0131tmak ve kiliselerinde Bulgar dilinde konu\u015fmak, din kitaplar\u0131n\u0131 Bulgarca basmak ve ayinlerini Bulgar dilinde yapmakta direnirken gizli emellerinde birde ba\u015fkenti Petersburg olan bir \u00dcniversal \u0130slav \u0130mparatorlu\u011funa kat\u0131lma gibi bir d\u00fc\u015f vard\u0131. Onlar\u0131n g\u00f6zlerinin sa\u011f sola bakmas\u0131n\u0131 \u00f6nlemek i\u00e7in Osmanl\u0131 Sultan\u0131 1872\u2019de Do\u011fu Ortodoks Patrikli\u011fi kurulmas\u0131n\u0131 onaylad\u0131. \u0130stanbul Fener\u2019de Bulgar Ba\u015f Episkoplu\u011fu kuruldu. Yunan Papazlar\u0131 Ohri g\u00f6l\u00fcnden Karadeniz\u2019e kadar t\u00fcm kilise ve manast\u0131rlardan kovuldu.\u00a0 1876\u2019da Osmanl\u0131 Anayasa kabul etti. Etniklerin din, dil ve di\u011fer \u00f6zg\u00fcn haklar\u0131 yasalla\u015ft\u0131. Buna ra\u011fmen, Bulgarlar ayn\u0131 y\u0131l\u0131n Nisan\u0131\u2019nda ba\u015far\u0131s\u0131z ayakland\u0131. \u00a0Rusya \u00c7ar\u0131 k\u0131\u015fk\u0131rtmalar\u0131na alet oldu. Rusya\u2019ya gidip gelen Bulgarlar\u0131n beynine Ruslar\u0131n \u0130stanbul\u2019u ele ge\u00e7irece\u011fi gibi zehirler damlat\u0131l\u0131yor ve k\u0131\u015fk\u0131rt\u0131l\u0131yorlard\u0131. Bu bo\u015f emeller asla ger\u00e7ekle\u015fmese de, Bulgar haf\u0131zas\u0131nda Osmanl\u0131ya ve daha sonra T\u00fcrklere, T\u00fcrkl\u00fc\u011fe, Osmanl\u0131 kal\u0131t\u0131na ve \u0130slam\u2019a kar\u015f\u0131 bir hor g\u00f6r\u00fc oca\u011f\u0131 tutu\u015ftu ve zaman zaman k\u00f6zleri hep alevlendi. Demokratikle\u015fme y\u0131llar\u0131nda \u201c<strong>Ataka<\/strong>\u201d partisi ile g\u00fcya \u201c<strong>Yurtsever Cephe<\/strong>\u201d partisinin t\u00fcm etkinlikleri bu d\u00fc\u015fmanl\u0131\u011f\u0131n zehirli halkalar\u0131d\u0131r.<\/p>\n<p>3.Bir de zehirli dikenleri 19. y\u00fczy\u0131l\u0131n 2. yar\u0131s\u0131nda sivrilen Bulgar milliyet\u00e7ili\u011fi\u00a0var. Onun tohumlar\u0131, Rusya ve Bat\u0131 Avrupa \u00fclkelerinden getirildi. Bir ideoloji olarak o, Bulgaristan ve Balkanlar\u0131n Osmanl\u0131\u2019dan kopar\u0131l\u0131p Bat\u0131 Avrupa\u2019ya ba\u011flanmas\u0131n\u0131 k\u0131\u015fk\u0131rtt\u0131. Bulgar ulusal ayd\u0131nlar\u0131, Odesa gibi Rusya merkezlerinde e\u011fitilmi\u015f olsalar bile, hi\u00e7 bir zaman Osmanl\u0131\u2019dan kopup Rus Orta\u00e7a\u011f\u0131 k\u00f6leli\u011fine ba\u011flanma taraftar\u0131 olmad\u0131lar. Bat\u0131 Avrupa\u2019ya egemen bir devlet olarak kat\u0131lmay\u0131 hedeflediler. Komitac\u0131 ba\u015f\u0131 Vasil Levski gibi \u00f6nc\u00fclerin not defterlerinde hatta demokratik ilkelerden, az\u0131nl\u0131klar\u0131n hak e\u015fitli\u011finden ve \u00f6zg\u00fcrl\u00fcklerden s\u00f6z edilmi\u015ftir. Yerli T\u00fcrklerin Bulgar kom\u015fular\u0131yla anla\u015fmas\u0131 ise, sorunsuz y\u00fczy\u0131llar ya\u015fand\u0131\u011f\u0131n\u0131 \u00f6yk\u00fcler. <strong>Biz Bulgarlar\u0131n Bat\u0131yla kayna\u015fma \u00f6zleminin, 100 y\u0131l gecikmeyle de olsa,\u00a0 Bulgaristan Cumhuriyeti\u2019nin 2004\u2019te Kuzey Atlantik Pakti &#8211; NATO\u2019ya \u00fcye olmas\u0131nda ve 2007\u2019de Avrupa Birli\u011fi\u2019ne al\u0131nmas\u0131nda hayat buldu\u011funu g\u00f6rd\u00fck. Bu s\u00fcreci iyi okumak gerekir. Bulgaristan\u2019\u0131n NATO ve AB \u00fclkeleri aras\u0131na al\u0131nmas\u0131, dev balina bal\u0131klar\u0131 aras\u0131nda denge sa\u011flay\u0131c\u0131 unsur olsun diye olmam\u0131\u015ft\u0131r. Tarihin bu sayfas\u0131 okunurken sat\u0131r aralar\u0131nda T.C.\u2019nin rol ve katk\u0131s\u0131 g\u00f6r\u00fclmeden asla anla\u015f\u0131lamaz. Hel hele Bulgaristan M\u00fcsl\u00fcmanlar\u0131n\u0131n rol\u00fc mutlaka g\u00f6r\u00fclmeli ve asla unutulmamal\u0131d\u0131r.<\/strong><\/p><div id=\"bghab-1435659857\" class=\"bghab-icerik-icine-25-paragraf bghab-entity-placement\"><script async src=\"\/\/pagead2.googlesyndication.com\/pagead\/js\/adsbygoogle.js?client=ca-pub-6203283170189293\" crossorigin=\"anonymous\"><\/script><ins class=\"adsbygoogle\" style=\"display:block; text-align:center;\" data-ad-client=\"ca-pub-6203283170189293\" \ndata-ad-slot=\"7303146466\" \ndata-ad-layout=\"in-article\"\ndata-ad-format=\"fluid\" data-full-width-responsive=\"true\"><\/ins>\n<script> \n(adsbygoogle = window.adsbygoogle || []).push({}); \n<\/script>\n<\/div>\n<p>Bir parantez a\u00e7arsak, 1952\u2019de NATO\u2019ya giren ve bir de art\u0131k 35 y\u0131ldan beri Bat\u0131 Avrupa \u00fclkeleriyle a\u00e7\u0131k kap\u0131l\u0131, g\u00fcmr\u00fckten serbest al\u0131\u015f veri\u015f yapan, \u00e7\u00f6k y\u00f6nl\u00fc i\u015fbirli\u011fi ger\u00e7ekle\u015ftiren, Yak\u0131n Do\u011fu\u2019nun g\u00f6zdesi, Bat\u0131 ile Do\u011fu aras\u0131nda en g\u00fc\u00e7l\u00fc k\u00f6pr\u00fc olan T\u00fcrkiye\u2019nin yard\u0131mlar\u0131, meclis karar\u0131yla Bulgaristan ve Romanya\u2019n\u0131n NATO \u00fcyeli\u011fine omuz vermesi ve bu i\u015flerdeki \u00f6zel giri\u015fimlerini unutmamal\u0131y\u0131z. D\u00fcnya de\u011fi\u015fmi\u015ftir ama \u0131rmaklar\u0131n, g\u00f6llerin ve denizlerin etki alanlar\u0131 hep ayn\u0131d\u0131r. Bu tespiti imparatorluklar\u0131n etki alanlar\u0131 i\u00e7in de s\u00f6yleyebiliriz. Bug\u00fcnk\u00fc AB\u2019nin \u00fc\u00e7 dayana\u011f\u0131n\u0131n eski Yunan K\u00fclt\u00fcr\u00fc, H\u0131ristiyan Dini ve Bizans Hukuku derken, bu \u00fc\u00e7 nimetin \u00fc\u00e7\u00fcn\u00fcn de, bug\u00fcnk\u00fc T\u00fcrkiye topraklar\u0131nda do\u011fdu\u011funu, geli\u015fti\u011fini ve uygarl\u0131k belirledi\u011fini haf\u0131zam\u0131zdan atmayal\u0131m. \u00a0Anadolu 33 medeniyetin e\u015fi\u011fidir. Ve i\u015fte bu nedenle T\u00fcrk k\u00fclt\u00fcr\u00fcnde, T\u00fcrklerle i\u00e7 i\u00e7e ya\u015fam\u0131\u015f Bulgarlar\u0131n \u0130stanbul\u2019a, Anadolu\u2019ya, Osmanl\u0131ya bakmas\u0131n\u0131 anlamak hi\u00e7 de zor olmamal\u0131.<\/p>\n<p><strong>NATO Bat\u0131 anlam\u0131na gelir.<\/strong><\/p>\n<p>\u015eimdi, yaz\u0131m\u0131z\u0131n ba\u015f\u0131na d\u00f6n\u00fcp, balina bal\u0131klar\u0131 aras\u0131ndaki minik bal\u0131\u011f\u0131n denge sa\u011flama rol\u00fcne bakarsak, bug\u00fcn\u00fcn fakir Bulgaristan\u2019\u0131n kendine bi\u00e7ti\u011fi \u00f6zel role \u015fa\u015fmamak elde de\u011fil. \u00c7\u00fcnk\u00fc e\u011fer biz bug\u00fcn <strong>NATO, Bat\u0131 anlam\u0131na gelir diyorsak<\/strong>, 60 y\u0131l NATO\u2019lu olmak Bat\u0131 ile kayna\u015fm\u0131\u015f anlam\u0131ndad\u0131r, bilinci ta\u015f\u0131yorsak, T\u00fcrkiye\u2019nin Bulgaristan\u2019dan \u00e7ok daha erken bat\u0131la\u015ft\u0131\u011f\u0131n\u0131 vurgulayabiliriz. D\u00fcnya de\u011fi\u015fmi\u015f ve T\u00fcrkiye NATO\u2019nun en g\u00fc\u00e7l\u00fc Avrupa ordusunu kurdu\u011funda kendili\u011finden bat\u0131la\u015fm\u0131\u015ft\u0131r. Bulgaristan\u2019\u0131n Bat\u0131 Avrupa kap\u0131s\u0131 da Bo\u011fazlar \u00fczerinden a\u00e7\u0131lm\u0131\u015ft\u0131r. Ger\u00e7ekler bu iken, balinalar aras\u0131nda denge sa\u011fl\u0131yorum hevesiyle dola\u015fan k\u00fc\u00e7\u00fck bal\u0131\u011f\u0131n, ileti\u015fim ara\u00e7lar\u0131nda bile, ara s\u0131ra da olsa, hi\u00e7bir sorumluluk ta\u015f\u0131madan kendine istedi\u011fini konu\u015fma hakk\u0131 tan\u0131mas\u0131, biraz tuhaft\u0131r.<\/p>\n<p><strong>Ger\u00e7ekler \u00e7ok ac\u0131d\u0131r.<\/strong><\/p>\n<p>Bulgar milli kimli\u011finin olu\u015furken, Bulgar esnaf, i\u015fveren ve t\u00fcccarlar\u0131n\u0131n Osmanl\u0131\u2019dan ayr\u0131lmak istemeyi\u015flerini Bulgaristan\u2019da hi\u00e7bir kitapta okumad\u0131m. \u015eimdi art\u0131k sermayenin bir ulusun k\u00f6kleri oldu\u011funa inan\u0131yorum. 1989 \u2018da biz sel gibi ak\u0131p gelirken neden geri bakmad\u0131k, onu da yeni yeni kavramaya ba\u015flad\u0131m. \u00c7\u00fcnk\u00fc bir orada \u201c<strong>k\u00f6le<\/strong>\u201d durumundaym\u0131\u015f\u0131z ve zincirlerini koparan k\u00f6leler ancak ka\u00e7arlar. Osmanl\u0131n\u0131n Bulgarlara tan\u0131d\u0131\u011f\u0131 haklar\u0131 Bulgar bize tan\u0131mad\u0131. Osmanl\u0131 Bulgar kiliselerinden ar\u0131tt\u0131 ve Bulgarlara kilisede Bulgarca konu\u015fabilirsiniz, dedi. Fakat Bulgar siyasi zihniyeti bug\u00fcn camilerimizde ana dilimizde ibadet edip konu\u015fmam\u0131z\u0131 bize \u00e7ok g\u00f6r\u00fcyor. Bu utan\u00e7 verici bir ger\u00e7ektir.<\/p><div id=\"bghab-1012300834\" class=\"bghab-icerik-icine-30-paragraf bghab-entity-placement\"><script async src=\"\/\/pagead2.googlesyndication.com\/pagead\/js\/adsbygoogle.js?client=ca-pub-6203283170189293\" crossorigin=\"anonymous\"><\/script><ins class=\"adsbygoogle\" style=\"display:block; text-align:center;\" data-ad-client=\"ca-pub-6203283170189293\" \ndata-ad-slot=\"7303146466\" \ndata-ad-layout=\"in-article\"\ndata-ad-format=\"fluid\" data-full-width-responsive=\"true\"><\/ins>\n<script> \n(adsbygoogle = window.adsbygoogle || []).push({}); \n<\/script>\n<\/div>\n<p><strong>Tarihin silemedi\u011fi \u00e7izgiler.<\/strong><\/p>\n<p>Ge\u00e7en y\u00fczy\u0131l Bulgar ulusal kimli\u011finin \u00f6z\u00fcndeki anlatmaya \u00e7al\u0131\u015ft\u0131\u011f\u0131m bu b\u00fcy\u00fck ger\u00e7ek, hem Alman fa\u015fizmi, hem de Rus totalitarizmi d\u00f6nemlerinde bo\u011fulup \u00e7\u00f6pe at\u0131lmak istendi. Bulgaristan adeta s\u00f6m\u00fcrgele\u015ftirildi. B\u00fcy\u00fck kom\u015fumuz T\u00fcrkiye ile beraber olal\u0131m \u00e7izgisi silinmeye \u00e7al\u0131\u015f\u0131ld\u0131. Bug\u00fcn de dengeleme rol\u00fcn\u00fcn sanki Rusya, T\u00fcrkiye ve Bat\u0131 aras\u0131nda de\u011fil de yaln\u0131zca Moskova ile NATO aras\u0131nda ve T\u00fcrkiye\u2019nin s\u00f6z\u00fc edilmeden y\u00fcr\u00fct\u00fclmek istenmesi tuhaft\u0131r. <strong>Bulgaristan i\u015f ve d\u0131\u015f siyasetinin belirlenmesinde T\u00fcrkiye\u2019nin rol\u00fc belirleyicidir. T\u00fcrkiye olmasa Bulgaristan NATO\u2019ya giremezdi yani 21. y\u00fczy\u0131lda bat\u0131n\u0131n bir par\u00e7as\u0131 olamazd\u0131<\/strong>. T\u00fcrkiye olmadan ne Bulgaristan ne de herhangi bir Balkan devleti yeni bir uygarl\u0131\u011fa el atabilir.<\/p>\n<p>\u015euna da i\u015faret etmek istiyorum. Kas\u0131mda yap\u0131lmas\u0131 beklenen Bulgar Cumhurba\u015fkanl\u0131\u011f\u0131 se\u00e7imlerinde Ba\u015fbakan Borisov, GERB aday\u0131 i\u00e7in bizden oy isteyecektir. Biz dostluk, iyi kom\u015fuluk, bat\u0131l\u0131l\u0131k ve iyi ge\u00e7inme ad\u0131na bu iste\u011fe olumlu bakar\u0131z.<\/p>\n<p>Bizde, birisi kap\u0131y\u0131 \u00e7ald\u0131\u011f\u0131nda \u201c<strong>bir zoru olmasa gelmez<\/strong>\u201d\u00a0 derler. Borisov\u2019un zoru bir de\u011fildir. T\u00fcrkiye t\u00fcm kom\u015fular\u0131yla iyi kom\u015fuluk ve yak\u0131n dostluk ve i\u015fbirli\u011fi sayfas\u0131n\u0131 a\u00e7\u0131nca, yeniden akaryak\u0131t borular\u0131n\u0131n kesi\u015fme merkezi oldu. \u0130rsal, \u0130ran, Azarbeycan, T\u00fcrkmenistan ve Arap \u015firketleri do\u011fal gaz\u0131n\u0131 T\u00fcrkiye \u00fczerinden ak\u0131tacak. Bulgaristan likit yak\u0131t ihtiya\u00e7lar\u0131n\u0131 kar\u015f\u0131larken sorunlar ya\u015f\u0131yor. <strong>Rusya\u2019dan koparak egemenli\u011fini aramas\u0131, \u00a0ancak T.C. \u00fczerinden olabilir.<\/strong> Bu bak\u0131ma \u00f6nemli ziyaretin ikinci konusu enerji kaynaklar\u0131 olabilir. Bu arada Bulgaristanl\u0131 T\u00fcrklerin \u00fcretici kapasitesi de yeniden de\u011ferlendirilmelidir. T\u00fcrkiye ile Bulgaristan yerli M\u00fcsl\u00fcman T\u00fcrklerin \u00fcretimleri \u00f6zendirilerek kayna\u015fabilir. Bu i\u015fte ba\u015fat rol\u00fc sivil toplum \u00f6rg\u00fctleri \u00fcslenmeli ve i\u015fleri y\u00f6netmelidir.<\/p>\n<p>Bu bak\u0131ma Bulgaristan T\u00fcrklerinin ve soyda\u015flar\u0131n Bulgar T\u00fcrk ikili ili\u015fkilerinde yeniden bir k\u00f6pr\u00fc olma konumu g\u00fcndeme gelebilir. Bu rol bize d\u00fc\u015fer ve ba\u015fka hi\u00e7 kimsenin bu ili\u015fkilerde denge unsuru olma hakk\u0131 yoktur ve olamaz. Baz\u0131 i\u015flerin ancak bizim \u00f6nc\u00fcl\u00fc\u011f\u00fcm\u00fczde olmas\u0131 gerekti\u011fi ger\u00e7e\u011fi de art\u0131k hayat hakk\u0131 istiyor.<\/p><div id=\"bghab-1827669268\" class=\"bghab-icerik-icine-35-paragraf bghab-entity-placement\"><script async src=\"\/\/pagead2.googlesyndication.com\/pagead\/js\/adsbygoogle.js?client=ca-pub-6203283170189293\" crossorigin=\"anonymous\"><\/script><ins class=\"adsbygoogle\" style=\"display:block; text-align:center;\" data-ad-client=\"ca-pub-6203283170189293\" \ndata-ad-slot=\"7303146466\" \ndata-ad-layout=\"in-article\"\ndata-ad-format=\"fluid\" data-full-width-responsive=\"true\"><\/ins>\n<script> \n(adsbygoogle = window.adsbygoogle || []).push({}); \n<\/script>\n<\/div>\n<p>&nbsp;<\/p>\n<div id=\"bghab-3825761005\" class=\"bghab-yazi-altinda bghab-entity-placement\"><div class=\"bghab-adlabel\">Reklamlar<\/div><script async src=\"https:\/\/pagead2.googlesyndication.com\/pagead\/js\/adsbygoogle.js\"><\/script>\r\n<!-- bghaber-yaz\u0131-sonu -->\r\n<ins class=\"adsbygoogle\"\r\n     style=\"display:block\"\r\n     data-ad-client=\"ca-pub-6203283170189293\"\r\n     data-ad-slot=\"4222328180\"\r\n     data-ad-format=\"auto\"\r\n     data-full-width-responsive=\"true\"><\/ins>\r\n<script>\r\n     (adsbygoogle = window.adsbygoogle || []).push({});\r\n<\/script><\/div><br style=\"clear: both; display: block; float: none;\"\/>","protected":false},"excerpt":{"rendered":"<p>Konu:\u00a0\u00a0 Fakirler devletlerin denge unsuru olma hakk\u0131 yoktur, \u00e7\u00fcnk\u00fc ezilirler. Biz g\u00f6\u00e7meniz. Beraber geldi\u011fim ku\u015fak e\u011fitim ve \u00f6\u011frenimini Bulgaristan okullar\u0131nda ald\u0131. \u00a0Orada kendi okullar\u0131m\u0131z olmad\u0131\u011f\u0131ndan<\/p>\n","protected":false},"author":13,"featured_media":12415,"comment_status":"closed","ping_status":"closed","sticky":false,"template":"","format":"standard","meta":{"advanced_seo_description":"","jetpack_seo_html_title":"","jetpack_seo_noindex":false,"_jetpack_memberships_contains_paid_content":false,"footnotes":""},"categories":[6],"tags":[],"class_list":["post-19768","post","type-post","status-publish","format-standard","has-post-thumbnail","hentry","category-yorum"],"jetpack_featured_media_url":"https:\/\/i0.wp.com\/www.bghaber.org\/bghaber\/wp-content\/uploads\/2014\/12\/sakir-arslantas.jpg?fit=130%2C168&ssl=1","jetpack_sharing_enabled":true,"jetpack_likes_enabled":true,"jetpack-related-posts":[],"jetpack_shortlink":"https:\/\/wp.me\/pc2PfJ-58Q","_links":{"self":[{"href":"https:\/\/www.bghaber.org\/bghaber\/wp-json\/wp\/v2\/posts\/19768","targetHints":{"allow":["GET"]}}],"collection":[{"href":"https:\/\/www.bghaber.org\/bghaber\/wp-json\/wp\/v2\/posts"}],"about":[{"href":"https:\/\/www.bghaber.org\/bghaber\/wp-json\/wp\/v2\/types\/post"}],"author":[{"embeddable":true,"href":"https:\/\/www.bghaber.org\/bghaber\/wp-json\/wp\/v2\/users\/13"}],"replies":[{"embeddable":true,"href":"https:\/\/www.bghaber.org\/bghaber\/wp-json\/wp\/v2\/comments?post=19768"}],"version-history":[{"count":0,"href":"https:\/\/www.bghaber.org\/bghaber\/wp-json\/wp\/v2\/posts\/19768\/revisions"}],"wp:featuredmedia":[{"embeddable":true,"href":"https:\/\/www.bghaber.org\/bghaber\/wp-json\/wp\/v2\/media\/12415"}],"wp:attachment":[{"href":"https:\/\/www.bghaber.org\/bghaber\/wp-json\/wp\/v2\/media?parent=19768"}],"wp:term":[{"taxonomy":"category","embeddable":true,"href":"https:\/\/www.bghaber.org\/bghaber\/wp-json\/wp\/v2\/categories?post=19768"},{"taxonomy":"post_tag","embeddable":true,"href":"https:\/\/www.bghaber.org\/bghaber\/wp-json\/wp\/v2\/tags?post=19768"}],"curies":[{"name":"wp","href":"https:\/\/api.w.org\/{rel}","templated":true}]}}