{"id":19038,"date":"2016-05-19T23:28:54","date_gmt":"2016-05-19T20:28:54","guid":{"rendered":"http:\/\/www.bghaber.org\/bghaber\/?p=19038"},"modified":"2016-05-19T23:28:54","modified_gmt":"2016-05-19T20:28:54","slug":"cumhurbaskani-secim-kanunu-konusunda-anayasa-mahkemesine-basvuracak","status":"publish","type":"post","link":"https:\/\/www.bghaber.org\/bghaber\/cumhurbaskani-secim-kanunu-konusunda-anayasa-mahkemesine-basvuracak\/","title":{"rendered":"Cumhurba\u015fkan\u0131 Se\u00e7im Kanunu konusunda Anayasa Mahkemesi\u2019ne ba\u015fvuracak"},"content":{"rendered":"<p>Cumhurba\u015fkan\u0131 Rosen Plevneliev, Se\u00e7im Kanunu\u2019nda yap\u0131lan metin de\u011fi\u015fikliklerine uygulad\u0131\u011f\u0131 vetonun Halk Meclisi\u2019nden reddedilmesini milletvekillerin siyasi \u00e7\u0131karlar\u0131n\u0131 vatanda\u015flar\u0131n anayasal haklar\u0131ndan \u00fcst\u00fcn tutuklar\u0131 \u201cbir sonraki vaka\u201d olarak nitelendirdi.<\/p>\n<p>Devlet Ba\u015fkan\u0131 Bulgaristan demokrasisinin, d\u00fcnyan\u0131n her yerindeki Bulgaristan vatanda\u015flar\u0131n\u0131n haklar\u0131n\u0131 garanti edecek kurumsal mekanizmalara sahip oldu\u011fu \u00fcmidi ile Anayasa Mahkemesi\u2019ne ba\u015fvuracak.<\/p>\n<div id=\"bghab-311307648\" class=\"bghab-yazi-altinda bghab-entity-placement\"><div class=\"bghab-adlabel\">Reklamlar<\/div><script async src=\"https:\/\/pagead2.googlesyndication.com\/pagead\/js\/adsbygoogle.js\"><\/script>\r\n<!-- bghaber-yaz\u0131-sonu -->\r\n<ins class=\"adsbygoogle\"\r\n     style=\"display:block\"\r\n     data-ad-client=\"ca-pub-6203283170189293\"\r\n     data-ad-slot=\"4222328180\"\r\n     data-ad-format=\"auto\"\r\n     data-full-width-responsive=\"true\"><\/ins>\r\n<script>\r\n     (adsbygoogle = window.adsbygoogle || []).push({});\r\n<\/script><\/div><br style=\"clear: both; display: block; float: none;\"\/>","protected":false},"excerpt":{"rendered":"<p>Cumhurba\u015fkan\u0131 Rosen Plevneliev, Se\u00e7im Kanunu\u2019nda yap\u0131lan metin de\u011fi\u015fikliklerine uygulad\u0131\u011f\u0131 vetonun Halk Meclisi\u2019nden reddedilmesini milletvekillerin siyasi \u00e7\u0131karlar\u0131n\u0131 vatanda\u015flar\u0131n anayasal haklar\u0131ndan \u00fcst\u00fcn tutuklar\u0131 \u201cbir sonraki vaka\u201d olarak<\/p>\n","protected":false},"author":13,"featured_media":5823,"comment_status":"closed","ping_status":"closed","sticky":false,"template":"","format":"standard","meta":{"advanced_seo_description":"","jetpack_seo_html_title":"","jetpack_seo_noindex":false,"_jetpack_memberships_contains_paid_content":false,"footnotes":""},"categories":[4],"tags":[],"class_list":["post-19038","post","type-post","status-publish","format-standard","has-post-thumbnail","hentry","category-siyaset"],"jetpack_featured_media_url":"https:\/\/i0.wp.com\/www.bghaber.org\/bghaber\/wp-content\/uploads\/2013\/09\/bulgaristan-cumhurbaskani-plevneliev.jpg?fit=610%2C343&ssl=1","jetpack_sharing_enabled":true,"jetpack_likes_enabled":true,"jetpack-related-posts":[],"jetpack_shortlink":"https:\/\/wp.me\/pc2PfJ-4X4","_links":{"self":[{"href":"https:\/\/www.bghaber.org\/bghaber\/wp-json\/wp\/v2\/posts\/19038","targetHints":{"allow":["GET"]}}],"collection":[{"href":"https:\/\/www.bghaber.org\/bghaber\/wp-json\/wp\/v2\/posts"}],"about":[{"href":"https:\/\/www.bghaber.org\/bghaber\/wp-json\/wp\/v2\/types\/post"}],"author":[{"embeddable":true,"href":"https:\/\/www.bghaber.org\/bghaber\/wp-json\/wp\/v2\/users\/13"}],"replies":[{"embeddable":true,"href":"https:\/\/www.bghaber.org\/bghaber\/wp-json\/wp\/v2\/comments?post=19038"}],"version-history":[{"count":0,"href":"https:\/\/www.bghaber.org\/bghaber\/wp-json\/wp\/v2\/posts\/19038\/revisions"}],"wp:featuredmedia":[{"embeddable":true,"href":"https:\/\/www.bghaber.org\/bghaber\/wp-json\/wp\/v2\/media\/5823"}],"wp:attachment":[{"href":"https:\/\/www.bghaber.org\/bghaber\/wp-json\/wp\/v2\/media?parent=19038"}],"wp:term":[{"taxonomy":"category","embeddable":true,"href":"https:\/\/www.bghaber.org\/bghaber\/wp-json\/wp\/v2\/categories?post=19038"},{"taxonomy":"post_tag","embeddable":true,"href":"https:\/\/www.bghaber.org\/bghaber\/wp-json\/wp\/v2\/tags?post=19038"}],"curies":[{"name":"wp","href":"https:\/\/api.w.org\/{rel}","templated":true}]}}