{"id":19035,"date":"2016-05-19T23:22:57","date_gmt":"2016-05-19T20:22:57","guid":{"rendered":"http:\/\/www.bghaber.org\/bghaber\/?p=19035"},"modified":"2016-05-20T00:17:59","modified_gmt":"2016-05-19T21:17:59","slug":"bulgarlar-tel-orguyu-160-kilometre-daha-uzatiyor","status":"publish","type":"post","link":"https:\/\/www.bghaber.org\/bghaber\/bulgarlar-tel-orguyu-160-kilometre-daha-uzatiyor\/","title":{"rendered":"Bulgarlar tel \u00f6rg\u00fcy\u00fc 160 kilometre daha uzat\u0131yor"},"content":{"rendered":"<div class=\"news-detail-spot\">\n<h2 class=\"selectionShareable\"><img data-recalc-dims=\"1\" decoding=\"async\" src=\"https:\/\/i0.wp.com\/www.bghaber.org\/bghaber\/wp-content\/uploads\/2016\/05\/tel-orgu-bg.jpg?w=640\" alt=\"tel orgu bg\" \/><\/h2>\n<h2 class=\"selectionShareable\">Bulgaristan <a class=\"keywords\" href=\"http:\/\/www.hurriyet.com.tr\/index\/turkiye\" target=\"_blank\">T\u00fcrkiye<\/a> ile aralar\u0131ndaki s\u0131n\u0131ra tel \u00f6rg\u00fcler \u00e7ekecek. Alman h\u00fck\u00fcmetine sunulan raporda yer alan bilgilere g\u00f6re Bulgaristan s\u0131n\u0131rdaki tel \u00f6rg\u00fcleri 160 kilometre daha uzatacak.<\/h2>\n<\/div>\n<div class=\"news-box\">\n<p class=\"selectionShareable\"><a class=\"keywords\" href=\"http:\/\/www.hurriyet.com.tr\/index\/almanya\" target=\"_blank\">Almanya<\/a>\u2019n\u0131n en \u00e7ok satan gazetesi <a class=\"keywords\" href=\"http:\/\/www.hurriyet.com.tr\/index\/bild\" target=\"_blank\">Bild<\/a>, Federal H\u00fck\u00fcmete sunulan rapora dayanarak yapt\u0131\u011f\u0131 haberinde, <a class=\"keywords\" href=\"http:\/\/www.hurriyet.com.tr\/index\/bulgaristan\" target=\"_blank\">Bulgaristan<\/a>\u2019\u0131n, <a class=\"keywords\" href=\"http:\/\/www.hurriyet.com.tr\/index\/turkiye\" target=\"_blank\">T\u00fcrkiye<\/a> ile s\u0131n\u0131r\u0131na 160 kilometre daha tel \u00f6rg\u00fc \u00e7ekmeye haz\u0131rland\u0131\u011f\u0131n\u0131 yazd\u0131.<\/p>\n<p><a class=\"keywords\" href=\"http:\/\/www.hurriyet.com.tr\/index\/gazete\" target=\"_blank\">Gazete<\/a>, Bulgaristan\u2019\u0131n, T\u00fcrkiye ile <a class=\"keywords\" href=\"http:\/\/www.hurriyet.com.tr\/index\/avrupa\" target=\"_blank\">Avrupa<\/a> Birli\u011fi (AB) aras\u0131nda yap\u0131lan m\u00fclteci anla\u015fmas\u0131n\u0131n ard\u0131ndan m\u00fcltecilerin <a class=\"keywords\" href=\"http:\/\/www.hurriyet.com.tr\/index\/ege\" target=\"_blank\">Ege<\/a> Denizi yerine \u015fimdi de Bulgaristan\u2019a y\u00f6nelip buradan Avrupa \u00fclkelerine gidece\u011finden endi\u015fe etti\u011fi ve i\u00e7eride olu\u015fan kamuoyu bask\u0131s\u0131n\u0131 \u00f6nlemek amac\u0131yla tel \u00f6rg\u00fc \u00e7ekme karar\u0131 ald\u0131\u011f\u0131n\u0131 da yazd\u0131.<\/p>\n<p class=\"selectionShareable\"><strong>ALMANYA&#8217;DAN DESTEK\u00a0<\/strong><\/p>\n<p class=\"selectionShareable\">H\u00fck\u00fcmetin orta\u011f\u0131 ve Ba\u015fbakan <a class=\"keywords\" href=\"http:\/\/www.hurriyet.com.tr\/index\/angela-merkel\" target=\"_blank\">Angela Merkel<\/a>&#8216;in lideri oldu\u011fu CDU&#8217;nun karde\u015f partisi CSU&#8217;lu i\u00e7 g\u00fcvenlik uzman\u0131 <a class=\"keywords\" href=\"http:\/\/www.hurriyet.com.tr\/index\/milletvekili\" target=\"_blank\">milletvekili<\/a> Stephan Mayer tel \u00f6rg\u00fc karar\u0131 alan Bulgar h\u00fck\u00fcmetine arka \u00e7\u0131karak \u201cSofya AB&#8217;nin d\u0131\u015f s\u0131n\u0131rlar\u0131n\u0131 korumak zorunda. Ve bu konuda i\u015f birli\u011fi yapma zorunlulu\u011funa sahip\u201d dedi.<\/p>\n<\/div>\n<div id=\"bghab-1333965391\" class=\"bghab-yazi-altinda bghab-entity-placement\"><div class=\"bghab-adlabel\">Reklamlar<\/div><script async src=\"https:\/\/pagead2.googlesyndication.com\/pagead\/js\/adsbygoogle.js\"><\/script>\r\n<!-- bghaber-yaz\u0131-sonu -->\r\n<ins class=\"adsbygoogle\"\r\n     style=\"display:block\"\r\n     data-ad-client=\"ca-pub-6203283170189293\"\r\n     data-ad-slot=\"4222328180\"\r\n     data-ad-format=\"auto\"\r\n     data-full-width-responsive=\"true\"><\/ins>\r\n<script>\r\n     (adsbygoogle = window.adsbygoogle || []).push({});\r\n<\/script><\/div><br style=\"clear: both; display: block; float: none;\"\/>","protected":false},"excerpt":{"rendered":"<p>Bulgaristan T\u00fcrkiye ile aralar\u0131ndaki s\u0131n\u0131ra tel \u00f6rg\u00fcler \u00e7ekecek. Alman h\u00fck\u00fcmetine sunulan raporda yer alan bilgilere g\u00f6re Bulgaristan s\u0131n\u0131rdaki tel \u00f6rg\u00fcleri 160 kilometre daha uzatacak. Almanya\u2019n\u0131n<\/p>\n","protected":false},"author":13,"featured_media":19036,"comment_status":"closed","ping_status":"closed","sticky":false,"template":"","format":"standard","meta":{"advanced_seo_description":"","jetpack_seo_html_title":"","jetpack_seo_noindex":false,"_jetpack_memberships_contains_paid_content":false,"footnotes":""},"categories":[9],"tags":[],"class_list":["post-19035","post","type-post","status-publish","format-standard","has-post-thumbnail","hentry","category-ekonomi"],"jetpack_featured_media_url":"https:\/\/i0.wp.com\/www.bghaber.org\/bghaber\/wp-content\/uploads\/2016\/05\/tel-orgu-bg.jpg?fit=620%2C350&ssl=1","jetpack_sharing_enabled":true,"jetpack_likes_enabled":true,"jetpack-related-posts":[],"jetpack_shortlink":"https:\/\/wp.me\/pc2PfJ-4X1","_links":{"self":[{"href":"https:\/\/www.bghaber.org\/bghaber\/wp-json\/wp\/v2\/posts\/19035","targetHints":{"allow":["GET"]}}],"collection":[{"href":"https:\/\/www.bghaber.org\/bghaber\/wp-json\/wp\/v2\/posts"}],"about":[{"href":"https:\/\/www.bghaber.org\/bghaber\/wp-json\/wp\/v2\/types\/post"}],"author":[{"embeddable":true,"href":"https:\/\/www.bghaber.org\/bghaber\/wp-json\/wp\/v2\/users\/13"}],"replies":[{"embeddable":true,"href":"https:\/\/www.bghaber.org\/bghaber\/wp-json\/wp\/v2\/comments?post=19035"}],"version-history":[{"count":0,"href":"https:\/\/www.bghaber.org\/bghaber\/wp-json\/wp\/v2\/posts\/19035\/revisions"}],"wp:featuredmedia":[{"embeddable":true,"href":"https:\/\/www.bghaber.org\/bghaber\/wp-json\/wp\/v2\/media\/19036"}],"wp:attachment":[{"href":"https:\/\/www.bghaber.org\/bghaber\/wp-json\/wp\/v2\/media?parent=19035"}],"wp:term":[{"taxonomy":"category","embeddable":true,"href":"https:\/\/www.bghaber.org\/bghaber\/wp-json\/wp\/v2\/categories?post=19035"},{"taxonomy":"post_tag","embeddable":true,"href":"https:\/\/www.bghaber.org\/bghaber\/wp-json\/wp\/v2\/tags?post=19035"}],"curies":[{"name":"wp","href":"https:\/\/api.w.org\/{rel}","templated":true}]}}